{"id":97986344,"date":"2018-03-13T15:21:13","date_gmt":"2018-03-13T18:21:13","guid":{"rendered":"http:\/\/acrimat.org.br\/portal\/?p=97986344"},"modified":"2018-03-13T15:21:13","modified_gmt":"2018-03-13T18:21:13","slug":"taques-convida-meirelles-para-fincar-o-pe-no-barro-da-br-163","status":"publish","type":"post","link":"https:\/\/acrimat.org.br\/portal\/taques-convida-meirelles-para-fincar-o-pe-no-barro-da-br-163\/","title":{"rendered":"Taques convida Meirelles para \u201cfincar o p\u00e9 no barro\u201d da BR-163"},"content":{"rendered":"<p>O governador Pedro Taques (PSDB) convidou o ministro da Fazenda, Henrique Meirelles, para conhecer os 100 quil\u00f4metros da BR-163 que ainda carecem de asfaltamento no estado do Par\u00e1 e dificulta o escoamento do que \u00e9 produzido no estado. O convite surgiu mediante questionamento feito pelo presidente da Associa\u00e7\u00e3o Brasileira dos Produtores de Algod\u00e3o (Abrapa), Arlindo de Azevedo Moura, sobre quando a rodovia estaria completamente pavimentada.<\/p>\n<p>\u201cTemos 100 quil\u00f4metros do lado do Par\u00e1, ligando Miritituba e Santar\u00e9m. Por acaso a Avenida se chama Mato Grosso. Quero convidar o senhor para que fa\u00e7a uma viagem de carro de Sinop a Santar\u00e9m. A Acrimat est\u00e1 do nosso lado, paga o churrasco, para que veja a import\u00e2ncia dessa pavimenta\u00e7\u00e3o do lado do Par\u00e1. Fincar o p\u00e9 no barro ali vai ser importante\u201d, disse Taques a Meirelles.<\/p>\n<p>O ministro, que \u00e9 pr\u00e9-candidato a presidente da Rep\u00fablica, aceitou o convite. \u201cConvite est\u00e1 aceito, vamos enfrentar\u201d. No entanto, para concorrer ao Pal\u00e1cio do Planalto, Meirelles precisa se desincompatibilizar do cargo at\u00e9 6 de abril.<\/p>\n<p>Conforme Moura, a log\u00edstica \u00e9 um grande problema do setor produtivo. 50% do saco de milho o custo \u00e9 com log\u00edstica, 30% da saca de soja s\u00e3o gastos com log\u00edstica e mais de 10% do algod\u00e3o \u00e9 gasto com log\u00edstica.<\/p>\n<p>O ministro da Agricultura, Blairo Maggi, afirmou que desde o segundo mandato do ex-presidente Lula n\u00e3o faltam recursos para a pavimenta\u00e7\u00e3o da BR-163. O impasse foi jur\u00eddico, uma vez que algumas empresas ganhadoras da licita\u00e7\u00e3o dos v\u00e1rios lotes para pavimenta\u00e7\u00e3o da rodovia se recusavam a deixar a obra, mas n\u00e3o tinham condi\u00e7\u00e3o estrutural para tocar o projeto.<\/p>\n<p>\u201cAgora colocaram o ex\u00e9rcito para tomar conta e conclu\u00ed-la. O ex\u00e9rcito \u00e9 mais lento, mas est\u00e1 trabalhando e ele n\u00e3o vai sem dinheiro e isso demonstra que n\u00e3o tem problema de recursos\u201d.<\/p>\n<p>Outro questionamento feito foi com rela\u00e7\u00e3o a constru\u00e7\u00e3o de uma ferrovia para escoamento da produ\u00e7\u00e3o. Maggi ressaltou que o estudo de viabilidade t\u00e9cnica e financeira j\u00e1 foi realizado e o governo precisa licitar a obra. \u201cEssa ferrovia saindo para o norte reduz em mil quil\u00f4metros o caminho para chegar em qualquer lugar de porto. Espero que o governo consiga evoluir o mais rapidamente poss\u00edvel\u201d.<\/p>\n","protected":false},"excerpt":{"rendered":"<p>O convite surgiu mediante questionamento feito pelo presidente da Abrapa, Arlindo de Azevedo Moura, sobre quando a rodovia estaria completamente pavimentada.<\/p>\n","protected":false},"author":7,"featured_media":97986345,"comment_status":"closed","ping_status":"closed","sticky":false,"template":"","format":"standard","meta":{"footnotes":""},"categories":[6,1],"tags":[],"class_list":["post-97986344","post","type-post","status-publish","format-standard","has-post-thumbnail","hentry","category-destaque","category-noticia"],"yoast_head":"<!-- This site is optimized with the Yoast SEO plugin v24.8.1 - https:\/\/yoast.com\/wordpress\/plugins\/seo\/ -->\n<title>Taques convida Meirelles para \u201cfincar o p\u00e9 no barro\u201d da BR-163 - Acrimat<\/title>\n<meta name=\"robots\" content=\"index, follow, max-snippet:-1, max-image-preview:large, max-video-preview:-1\" \/>\n<link rel=\"canonical\" href=\"https:\/\/acrimat.org.br\/portal\/taques-convida-meirelles-para-fincar-o-pe-no-barro-da-br-163\/\" \/>\n<meta property=\"og:locale\" content=\"pt_BR\" \/>\n<meta property=\"og:type\" content=\"article\" \/>\n<meta property=\"og:title\" content=\"Taques convida Meirelles para \u201cfincar o p\u00e9 no barro\u201d da BR-163 - Acrimat\" \/>\n<meta property=\"og:description\" content=\"O convite surgiu mediante questionamento feito pelo presidente da Abrapa, Arlindo de Azevedo Moura, sobre quando a rodovia estaria completamente pavimentada.\" \/>\n<meta property=\"og:url\" content=\"https:\/\/acrimat.org.br\/portal\/taques-convida-meirelles-para-fincar-o-pe-no-barro-da-br-163\/\" \/>\n<meta property=\"og:site_name\" content=\"Acrimat\" \/>\n<meta property=\"article:published_time\" content=\"2018-03-13T18:21:13+00:00\" \/>\n<meta property=\"og:image\" content=\"https:\/\/acrimat.org.br\/portal\/wp-content\/uploads\/2018\/03\/mg_190011.jpg\" \/>\n\t<meta property=\"og:image:width\" content=\"1404\" \/>\n\t<meta property=\"og:image:height\" content=\"936\" \/>\n\t<meta property=\"og:image:type\" content=\"image\/jpeg\" \/>\n<meta name=\"author\" content=\"Assessoria de comunica\u00e7\u00e3o ACRIMAT\" \/>\n<meta name=\"twitter:card\" content=\"summary_large_image\" \/>\n<meta name=\"twitter:label1\" content=\"Escrito por\" \/>\n\t<meta name=\"twitter:data1\" content=\"Assessoria de comunica\u00e7\u00e3o ACRIMAT\" \/>\n\t<meta name=\"twitter:label2\" content=\"Est. tempo de leitura\" \/>\n\t<meta name=\"twitter:data2\" content=\"2 minutos\" \/>\n<script type=\"application\/ld+json\" class=\"yoast-schema-graph\">{\"@context\":\"https:\/\/schema.org\",\"@graph\":[{\"@type\":\"Article\",\"@id\":\"https:\/\/acrimat.org.br\/portal\/taques-convida-meirelles-para-fincar-o-pe-no-barro-da-br-163\/#article\",\"isPartOf\":{\"@id\":\"https:\/\/acrimat.org.br\/portal\/taques-convida-meirelles-para-fincar-o-pe-no-barro-da-br-163\/\"},\"author\":{\"name\":\"Assessoria de comunica\u00e7\u00e3o ACRIMAT\",\"@id\":\"https:\/\/acrimat.org.br\/portal\/#\/schema\/person\/a309b9496344ff991e8e1b1d751fdd7b\"},\"headline\":\"Taques convida Meirelles para \u201cfincar o p\u00e9 no barro\u201d da BR-163\",\"datePublished\":\"2018-03-13T18:21:13+00:00\",\"mainEntityOfPage\":{\"@id\":\"https:\/\/acrimat.org.br\/portal\/taques-convida-meirelles-para-fincar-o-pe-no-barro-da-br-163\/\"},\"wordCount\":396,\"publisher\":{\"@id\":\"https:\/\/acrimat.org.br\/portal\/#organization\"},\"image\":{\"@id\":\"https:\/\/acrimat.org.br\/portal\/taques-convida-meirelles-para-fincar-o-pe-no-barro-da-br-163\/#primaryimage\"},\"thumbnailUrl\":\"https:\/\/acrimat.org.br\/portal\/wp-content\/uploads\/2018\/03\/mg_190011.jpg\",\"articleSection\":[\"Destaques\",\"Not\u00edcias\"],\"inLanguage\":\"pt-BR\"},{\"@type\":\"WebPage\",\"@id\":\"https:\/\/acrimat.org.br\/portal\/taques-convida-meirelles-para-fincar-o-pe-no-barro-da-br-163\/\",\"url\":\"https:\/\/acrimat.org.br\/portal\/taques-convida-meirelles-para-fincar-o-pe-no-barro-da-br-163\/\",\"name\":\"Taques convida Meirelles para \u201cfincar o p\u00e9 no barro\u201d da BR-163 - Acrimat\",\"isPartOf\":{\"@id\":\"https:\/\/acrimat.org.br\/portal\/#website\"},\"primaryImageOfPage\":{\"@id\":\"https:\/\/acrimat.org.br\/portal\/taques-convida-meirelles-para-fincar-o-pe-no-barro-da-br-163\/#primaryimage\"},\"image\":{\"@id\":\"https:\/\/acrimat.org.br\/portal\/taques-convida-meirelles-para-fincar-o-pe-no-barro-da-br-163\/#primaryimage\"},\"thumbnailUrl\":\"https:\/\/acrimat.org.br\/portal\/wp-content\/uploads\/2018\/03\/mg_190011.jpg\",\"datePublished\":\"2018-03-13T18:21:13+00:00\",\"breadcrumb\":{\"@id\":\"https:\/\/acrimat.org.br\/portal\/taques-convida-meirelles-para-fincar-o-pe-no-barro-da-br-163\/#breadcrumb\"},\"inLanguage\":\"pt-BR\",\"potentialAction\":[{\"@type\":\"ReadAction\",\"target\":[\"https:\/\/acrimat.org.br\/portal\/taques-convida-meirelles-para-fincar-o-pe-no-barro-da-br-163\/\"]}]},{\"@type\":\"ImageObject\",\"inLanguage\":\"pt-BR\",\"@id\":\"https:\/\/acrimat.org.br\/portal\/taques-convida-meirelles-para-fincar-o-pe-no-barro-da-br-163\/#primaryimage\",\"url\":\"https:\/\/acrimat.org.br\/portal\/wp-content\/uploads\/2018\/03\/mg_190011.jpg\",\"contentUrl\":\"https:\/\/acrimat.org.br\/portal\/wp-content\/uploads\/2018\/03\/mg_190011.jpg\",\"width\":1404,\"height\":936},{\"@type\":\"BreadcrumbList\",\"@id\":\"https:\/\/acrimat.org.br\/portal\/taques-convida-meirelles-para-fincar-o-pe-no-barro-da-br-163\/#breadcrumb\",\"itemListElement\":[{\"@type\":\"ListItem\",\"position\":1,\"name\":\"In\u00edcio\",\"item\":\"https:\/\/acrimat.org.br\/portal\/\"},{\"@type\":\"ListItem\",\"position\":2,\"name\":\"Taques convida Meirelles para \u201cfincar o p\u00e9 no barro\u201d da BR-163\"}]},{\"@type\":\"WebSite\",\"@id\":\"https:\/\/acrimat.org.br\/portal\/#website\",\"url\":\"https:\/\/acrimat.org.br\/portal\/\",\"name\":\"Acrimat\",\"description\":\"Associa\u00e7\u00e3o dos Criadores de Mato Grosso\",\"publisher\":{\"@id\":\"https:\/\/acrimat.org.br\/portal\/#organization\"},\"potentialAction\":[{\"@type\":\"SearchAction\",\"target\":{\"@type\":\"EntryPoint\",\"urlTemplate\":\"https:\/\/acrimat.org.br\/portal\/?s={search_term_string}\"},\"query-input\":{\"@type\":\"PropertyValueSpecification\",\"valueRequired\":true,\"valueName\":\"search_term_string\"}}],\"inLanguage\":\"pt-BR\"},{\"@type\":\"Organization\",\"@id\":\"https:\/\/acrimat.org.br\/portal\/#organization\",\"name\":\"Associa\u00e7\u00e3o dos Criadores de Mato Grosso\",\"url\":\"https:\/\/acrimat.org.br\/portal\/\",\"logo\":{\"@type\":\"ImageObject\",\"inLanguage\":\"pt-BR\",\"@id\":\"https:\/\/acrimat.org.br\/portal\/#\/schema\/logo\/image\/\",\"url\":\"https:\/\/acrimat.org.br\/portal\/wp-content\/uploads\/2018\/03\/logo-peq-original.png\",\"contentUrl\":\"https:\/\/acrimat.org.br\/portal\/wp-content\/uploads\/2018\/03\/logo-peq-original.png\",\"width\":174,\"height\":171,\"caption\":\"Associa\u00e7\u00e3o dos Criadores de Mato Grosso\"},\"image\":{\"@id\":\"https:\/\/acrimat.org.br\/portal\/#\/schema\/logo\/image\/\"}},{\"@type\":\"Person\",\"@id\":\"https:\/\/acrimat.org.br\/portal\/#\/schema\/person\/a309b9496344ff991e8e1b1d751fdd7b\",\"name\":\"Assessoria de comunica\u00e7\u00e3o ACRIMAT\",\"image\":{\"@type\":\"ImageObject\",\"inLanguage\":\"pt-BR\",\"@id\":\"https:\/\/acrimat.org.br\/portal\/#\/schema\/person\/image\/\",\"url\":\"https:\/\/secure.gravatar.com\/avatar\/2f9c28e64c317bcd762b25cb1575f1b4?s=96&d=mm&r=g\",\"contentUrl\":\"https:\/\/secure.gravatar.com\/avatar\/2f9c28e64c317bcd762b25cb1575f1b4?s=96&d=mm&r=g\",\"caption\":\"Assessoria de comunica\u00e7\u00e3o ACRIMAT\"},\"sameAs\":[\"http:\/\/acrimat.org.br\/\"],\"url\":\"https:\/\/acrimat.org.br\/portal\/author\/ascom\/\"}]}<\/script>\n<!-- \/ Yoast SEO plugin. -->","yoast_head_json":{"title":"Taques convida Meirelles para \u201cfincar o p\u00e9 no barro\u201d da BR-163 - Acrimat","robots":{"index":"index","follow":"follow","max-snippet":"max-snippet:-1","max-image-preview":"max-image-preview:large","max-video-preview":"max-video-preview:-1"},"canonical":"https:\/\/acrimat.org.br\/portal\/taques-convida-meirelles-para-fincar-o-pe-no-barro-da-br-163\/","og_locale":"pt_BR","og_type":"article","og_title":"Taques convida Meirelles para \u201cfincar o p\u00e9 no barro\u201d da BR-163 - Acrimat","og_description":"O convite surgiu mediante questionamento feito pelo presidente da Abrapa, Arlindo de Azevedo Moura, sobre quando a rodovia estaria completamente pavimentada.","og_url":"https:\/\/acrimat.org.br\/portal\/taques-convida-meirelles-para-fincar-o-pe-no-barro-da-br-163\/","og_site_name":"Acrimat","article_published_time":"2018-03-13T18:21:13+00:00","og_image":[{"width":1404,"height":936,"url":"https:\/\/acrimat.org.br\/portal\/wp-content\/uploads\/2018\/03\/mg_190011.jpg","type":"image\/jpeg"}],"author":"Assessoria de comunica\u00e7\u00e3o ACRIMAT","twitter_card":"summary_large_image","twitter_misc":{"Escrito por":"Assessoria de comunica\u00e7\u00e3o ACRIMAT","Est. tempo de leitura":"2 minutos"},"schema":{"@context":"https:\/\/schema.org","@graph":[{"@type":"Article","@id":"https:\/\/acrimat.org.br\/portal\/taques-convida-meirelles-para-fincar-o-pe-no-barro-da-br-163\/#article","isPartOf":{"@id":"https:\/\/acrimat.org.br\/portal\/taques-convida-meirelles-para-fincar-o-pe-no-barro-da-br-163\/"},"author":{"name":"Assessoria de comunica\u00e7\u00e3o ACRIMAT","@id":"https:\/\/acrimat.org.br\/portal\/#\/schema\/person\/a309b9496344ff991e8e1b1d751fdd7b"},"headline":"Taques convida Meirelles para \u201cfincar o p\u00e9 no barro\u201d da BR-163","datePublished":"2018-03-13T18:21:13+00:00","mainEntityOfPage":{"@id":"https:\/\/acrimat.org.br\/portal\/taques-convida-meirelles-para-fincar-o-pe-no-barro-da-br-163\/"},"wordCount":396,"publisher":{"@id":"https:\/\/acrimat.org.br\/portal\/#organization"},"image":{"@id":"https:\/\/acrimat.org.br\/portal\/taques-convida-meirelles-para-fincar-o-pe-no-barro-da-br-163\/#primaryimage"},"thumbnailUrl":"https:\/\/acrimat.org.br\/portal\/wp-content\/uploads\/2018\/03\/mg_190011.jpg","articleSection":["Destaques","Not\u00edcias"],"inLanguage":"pt-BR"},{"@type":"WebPage","@id":"https:\/\/acrimat.org.br\/portal\/taques-convida-meirelles-para-fincar-o-pe-no-barro-da-br-163\/","url":"https:\/\/acrimat.org.br\/portal\/taques-convida-meirelles-para-fincar-o-pe-no-barro-da-br-163\/","name":"Taques convida Meirelles para \u201cfincar o p\u00e9 no barro\u201d da BR-163 - Acrimat","isPartOf":{"@id":"https:\/\/acrimat.org.br\/portal\/#website"},"primaryImageOfPage":{"@id":"https:\/\/acrimat.org.br\/portal\/taques-convida-meirelles-para-fincar-o-pe-no-barro-da-br-163\/#primaryimage"},"image":{"@id":"https:\/\/acrimat.org.br\/portal\/taques-convida-meirelles-para-fincar-o-pe-no-barro-da-br-163\/#primaryimage"},"thumbnailUrl":"https:\/\/acrimat.org.br\/portal\/wp-content\/uploads\/2018\/03\/mg_190011.jpg","datePublished":"2018-03-13T18:21:13+00:00","breadcrumb":{"@id":"https:\/\/acrimat.org.br\/portal\/taques-convida-meirelles-para-fincar-o-pe-no-barro-da-br-163\/#breadcrumb"},"inLanguage":"pt-BR","potentialAction":[{"@type":"ReadAction","target":["https:\/\/acrimat.org.br\/portal\/taques-convida-meirelles-para-fincar-o-pe-no-barro-da-br-163\/"]}]},{"@type":"ImageObject","inLanguage":"pt-BR","@id":"https:\/\/acrimat.org.br\/portal\/taques-convida-meirelles-para-fincar-o-pe-no-barro-da-br-163\/#primaryimage","url":"https:\/\/acrimat.org.br\/portal\/wp-content\/uploads\/2018\/03\/mg_190011.jpg","contentUrl":"https:\/\/acrimat.org.br\/portal\/wp-content\/uploads\/2018\/03\/mg_190011.jpg","width":1404,"height":936},{"@type":"BreadcrumbList","@id":"https:\/\/acrimat.org.br\/portal\/taques-convida-meirelles-para-fincar-o-pe-no-barro-da-br-163\/#breadcrumb","itemListElement":[{"@type":"ListItem","position":1,"name":"In\u00edcio","item":"https:\/\/acrimat.org.br\/portal\/"},{"@type":"ListItem","position":2,"name":"Taques convida Meirelles para \u201cfincar o p\u00e9 no barro\u201d da BR-163"}]},{"@type":"WebSite","@id":"https:\/\/acrimat.org.br\/portal\/#website","url":"https:\/\/acrimat.org.br\/portal\/","name":"Acrimat","description":"Associa\u00e7\u00e3o dos Criadores de Mato Grosso","publisher":{"@id":"https:\/\/acrimat.org.br\/portal\/#organization"},"potentialAction":[{"@type":"SearchAction","target":{"@type":"EntryPoint","urlTemplate":"https:\/\/acrimat.org.br\/portal\/?s={search_term_string}"},"query-input":{"@type":"PropertyValueSpecification","valueRequired":true,"valueName":"search_term_string"}}],"inLanguage":"pt-BR"},{"@type":"Organization","@id":"https:\/\/acrimat.org.br\/portal\/#organization","name":"Associa\u00e7\u00e3o dos Criadores de Mato Grosso","url":"https:\/\/acrimat.org.br\/portal\/","logo":{"@type":"ImageObject","inLanguage":"pt-BR","@id":"https:\/\/acrimat.org.br\/portal\/#\/schema\/logo\/image\/","url":"https:\/\/acrimat.org.br\/portal\/wp-content\/uploads\/2018\/03\/logo-peq-original.png","contentUrl":"https:\/\/acrimat.org.br\/portal\/wp-content\/uploads\/2018\/03\/logo-peq-original.png","width":174,"height":171,"caption":"Associa\u00e7\u00e3o dos Criadores de Mato Grosso"},"image":{"@id":"https:\/\/acrimat.org.br\/portal\/#\/schema\/logo\/image\/"}},{"@type":"Person","@id":"https:\/\/acrimat.org.br\/portal\/#\/schema\/person\/a309b9496344ff991e8e1b1d751fdd7b","name":"Assessoria de comunica\u00e7\u00e3o ACRIMAT","image":{"@type":"ImageObject","inLanguage":"pt-BR","@id":"https:\/\/acrimat.org.br\/portal\/#\/schema\/person\/image\/","url":"https:\/\/secure.gravatar.com\/avatar\/2f9c28e64c317bcd762b25cb1575f1b4?s=96&d=mm&r=g","contentUrl":"https:\/\/secure.gravatar.com\/avatar\/2f9c28e64c317bcd762b25cb1575f1b4?s=96&d=mm&r=g","caption":"Assessoria de comunica\u00e7\u00e3o ACRIMAT"},"sameAs":["http:\/\/acrimat.org.br\/"],"url":"https:\/\/acrimat.org.br\/portal\/author\/ascom\/"}]}},"_links":{"self":[{"href":"https:\/\/acrimat.org.br\/portal\/wp-json\/wp\/v2\/posts\/97986344","targetHints":{"allow":["GET"]}}],"collection":[{"href":"https:\/\/acrimat.org.br\/portal\/wp-json\/wp\/v2\/posts"}],"about":[{"href":"https:\/\/acrimat.org.br\/portal\/wp-json\/wp\/v2\/types\/post"}],"author":[{"embeddable":true,"href":"https:\/\/acrimat.org.br\/portal\/wp-json\/wp\/v2\/users\/7"}],"replies":[{"embeddable":true,"href":"https:\/\/acrimat.org.br\/portal\/wp-json\/wp\/v2\/comments?post=97986344"}],"version-history":[{"count":1,"href":"https:\/\/acrimat.org.br\/portal\/wp-json\/wp\/v2\/posts\/97986344\/revisions"}],"predecessor-version":[{"id":97986346,"href":"https:\/\/acrimat.org.br\/portal\/wp-json\/wp\/v2\/posts\/97986344\/revisions\/97986346"}],"wp:featuredmedia":[{"embeddable":true,"href":"https:\/\/acrimat.org.br\/portal\/wp-json\/wp\/v2\/media\/97986345"}],"wp:attachment":[{"href":"https:\/\/acrimat.org.br\/portal\/wp-json\/wp\/v2\/media?parent=97986344"}],"wp:term":[{"taxonomy":"category","embeddable":true,"href":"https:\/\/acrimat.org.br\/portal\/wp-json\/wp\/v2\/categories?post=97986344"},{"taxonomy":"post_tag","embeddable":true,"href":"https:\/\/acrimat.org.br\/portal\/wp-json\/wp\/v2\/tags?post=97986344"}],"curies":[{"name":"wp","href":"https:\/\/api.w.org\/{rel}","templated":true}]}}