{"id":97986354,"date":"2018-03-13T15:35:26","date_gmt":"2018-03-13T18:35:26","guid":{"rendered":"http:\/\/acrimat.org.br\/portal\/?p=97986354"},"modified":"2018-03-13T15:35:26","modified_gmt":"2018-03-13T18:35:26","slug":"em-evento-de-agronegocio-produtores-pediram-menos-burocracia-para-liberacao-de-credito-em-mt","status":"publish","type":"post","link":"https:\/\/acrimat.org.br\/portal\/em-evento-de-agronegocio-produtores-pediram-menos-burocracia-para-liberacao-de-credito-em-mt\/","title":{"rendered":"Em evento de agroneg\u00f3cio, produtores pediram menos burocracia para libera\u00e7\u00e3o de cr\u00e9dito em MT"},"content":{"rendered":"<p>Esta segunda-feira (12), a Pol\u00edtica agr\u00edcola e econ\u00f4mica desenvolvida pelo Governo Federal foi um dos temas debatidos, no evento\u00a0realizado pelo Grupo Gazeta de Comunica\u00e7\u00e3o, o Gazeta Agro.<\/p>\n<p>Entidades do agroneg\u00f3cio aproveitaram a oportunidade com a presen\u00e7a de ministros do governo federal para debater de que maneira \u00e9 poss\u00edvel desburocratizar o sistema de acesso ao cr\u00e9dito, bem como viabilizar a pol\u00edtica\u00a0 para que facilite a vida do produtor n\u00e3o s\u00f3 em Mato Grosso, mas em todo pa\u00eds.<\/p>\n<p>O secret\u00e1rio de Pol\u00edtica Agr\u00edcola do Minist\u00e9rio da Agricultura, Pecu\u00e1ria e Abastecimento (Mapa), Neri Geller, aponta a import\u00e2ncia da discuss\u00e3o e destaca que houve investimento 12% maior em rela\u00e7\u00e3o ao ano passado, que contempla a ind\u00fastria e equipamento agr\u00edcola.<\/p>\n<p>Nas discuss\u00f5es, o presidente da Federa\u00e7\u00e3o da Agricultura e Pecu\u00e1ria de Mato Grosso (Famato), Normando Corral, questionou o tanto de exig\u00eancias feitas aos produtores como a necessidade de certid\u00e3o para os produtores sobre a outorga da \u00e1gua mesmo quando o uso \u00e9 insignificante, exig\u00eancia das institui\u00e7\u00f5es financeiras para que se obtenha cr\u00e9dito.<\/p>\n<p>Respondendo a Famato, o representante do Banco do Brasil, Marco Tulio disse que \u00e9 uma exig\u00eancia necess\u00e1ria, mas destaca que a certid\u00e3o pode ser obtida por meio da internet. J\u00e1 o presidente da Associa\u00e7\u00e3o Brasileira dos Produtores de Algod\u00e3o(Abrapa), Arlindo de Azevedo Moura, pediu a altera\u00e7\u00e3o da lei de produ\u00e7\u00e3o de cultivares, bem como a evolu\u00e7\u00e3o das normativas que regula os registros defensivos a fim de reduzir os custos de produ\u00e7\u00e3o no campo. Ele disse que a qualidade do algod\u00e3o produzido no ano passado, e que foram 1725 kg de pluma de algod\u00e3o por hectare enquanto o mercado americano produziu 930 kg por hectare, cerca de 80% a menos que a produ\u00e7\u00e3o brasileira.<\/p>\n<p>O secret\u00e1rio de Pol\u00edtica Agr\u00edcola, Neri Geller, disse que a mudan\u00e7a nas regras de cultivares depende de\u00a0 uma mudan\u00e7a da legisla\u00e7\u00e3o.<\/p>\n<p>No evento, o presidente da Associa\u00e7\u00e3o dos Criadores de Mato Grosso (Acrimat), Marco Tulio Duarte Soares, questionou de que maneira poder\u00e1 ser feita redu\u00e7\u00e3o das taxas de juros dos programas de financiamento. Em resposta, o secret\u00e1rio Geller diz que trabalha para essa redu\u00e7\u00e3o e cita que existe R$ 9 bilh\u00f5es para gastar com equaliza\u00e7\u00e3o, em raz\u00e3o da queda da taxa Selic e da infla\u00e7\u00e3o, que reduziu os custos.<\/p>\n<p>\u201cEstamos fazendo os estudos, levantando os dados j\u00e1 para redu\u00e7\u00e3o da taxa de juros. E vamos ganhar porque temos argumento. O agroneg\u00f3cio contribuiu muito para a economia. N\u00f3s vamos sentar com o setor para discutir pontos espec\u00edficos de alguns programas. (&#8230;) N\u00e3o vamos citar quanto para n\u00e3o criar expectativa, mas vemos que h\u00e1 espa\u00e7o para essa redu\u00e7\u00e3o\u201d, disse o secret\u00e1rio.<\/p>\n<p>E o presidente Associa\u00e7\u00e3o dos Produtores de Soja e Milho de Mato Grosso (Aprosoja), Antonio Galvan, criticou mais uma vez a necessidade de certid\u00e3o de outorga irrelevante de \u00e1gua e pede que o documento seja dispensado pela Secretaria de Estado do Meio Ambiente (Sema). Neri disse que pretende sentar com a Sema para ver essa certid\u00e3o de outorga da \u00e1gua e tamb\u00e9m sinalizou positivamente quanto a taxa de 2,5 % para o PCA. \u201cVamos levar isso. Acho que podemos dar uma taxa de 2,5% diferenciada das demais. Estamos aqui para destravar problemas e gargalos que, principalmente, atrapalham o acesso ao cr\u00e9dito\u201d, afirmou.<\/p>\n<p>O representante da Associa\u00e7\u00e3o Mato-grossense dos Criadores de Ovinos (Ovinomat), Ant\u00f4nio Carlos Carvalho, tamb\u00e9m requereu uma linha de cr\u00e9dito para pequenos produtores e criticou o excesso de documento para a libera\u00e7\u00e3o de cr\u00e9dito. \u201cTodo ano somos sujeitos a arrumar mais um papelzinho que n\u00e3o serve para nada\u201d, ressaltou.<\/p>\n<p>Neri afirmou que, no ano passado, foi contemplado o financiamento de custeio e reten\u00e7\u00e3o de matrizes da ovinocultura nos mesmos moldes da pecu\u00e1ria. J\u00e1 Marco Tulio, do Banco do Brasil, disse que a linha pode ser feita por meio do Fundo Constitucional de Financiamento do Centro-Oeste (FCO).<\/p>\n<p><strong>Encerramento \u2013<\/strong>\u00a0Ao final do evento, o representante do Banco do Brasil, Marco T\u00falio, ressaltou que a institui\u00e7\u00e3o \u00e9 a \u201ccasa do produtor rural\u201d e que est\u00e1 \u00e0 disposi\u00e7\u00e3o do produtor para esclarecer as d\u00favidas postas. \u201cA solu\u00e7\u00e3o da crise vem do campo e nos apoiamos o agroneg\u00f3cio. Somos o banco que mais investe no produtor. Estamos em todos os momentos e, muito do que foi posto aqui, ser\u00e1 analisado\u201d, ressaltou. (Com informa\u00e7\u00f5es Gazeta Digital)<\/p>\n","protected":false},"excerpt":{"rendered":"<p>Esta segunda-feira (12), a Pol\u00edtica agr\u00edcola e econ\u00f4mica desenvolvida pelo Governo Federal foi um dos temas debatidos<\/p>\n","protected":false},"author":7,"featured_media":97986355,"comment_status":"closed","ping_status":"closed","sticky":false,"template":"","format":"standard","meta":{"footnotes":""},"categories":[6,1],"tags":[],"class_list":["post-97986354","post","type-post","status-publish","format-standard","has-post-thumbnail","hentry","category-destaque","category-noticia"],"yoast_head":"<!-- This site is optimized with the Yoast SEO plugin v24.8.1 - https:\/\/yoast.com\/wordpress\/plugins\/seo\/ -->\n<title>Em evento de agroneg\u00f3cio, produtores pediram menos burocracia para libera\u00e7\u00e3o de cr\u00e9dito em MT - Acrimat<\/title>\n<meta name=\"robots\" content=\"index, follow, max-snippet:-1, max-image-preview:large, max-video-preview:-1\" \/>\n<link rel=\"canonical\" href=\"https:\/\/acrimat.org.br\/portal\/em-evento-de-agronegocio-produtores-pediram-menos-burocracia-para-liberacao-de-credito-em-mt\/\" \/>\n<meta property=\"og:locale\" content=\"pt_BR\" \/>\n<meta property=\"og:type\" content=\"article\" \/>\n<meta property=\"og:title\" content=\"Em evento de agroneg\u00f3cio, produtores pediram menos burocracia para libera\u00e7\u00e3o de cr\u00e9dito em MT - Acrimat\" \/>\n<meta property=\"og:description\" content=\"Esta segunda-feira (12), a Pol\u00edtica agr\u00edcola e econ\u00f4mica desenvolvida pelo Governo Federal foi um dos temas debatidos\" \/>\n<meta property=\"og:url\" content=\"https:\/\/acrimat.org.br\/portal\/em-evento-de-agronegocio-produtores-pediram-menos-burocracia-para-liberacao-de-credito-em-mt\/\" \/>\n<meta property=\"og:site_name\" content=\"Acrimat\" \/>\n<meta property=\"article:published_time\" content=\"2018-03-13T18:35:26+00:00\" \/>\n<meta property=\"og:image\" content=\"https:\/\/acrimat.org.br\/portal\/wp-content\/uploads\/2018\/03\/img_20180312_152147851.jpg\" \/>\n\t<meta property=\"og:image:width\" content=\"1600\" \/>\n\t<meta property=\"og:image:height\" content=\"1200\" \/>\n\t<meta property=\"og:image:type\" content=\"image\/jpeg\" \/>\n<meta name=\"author\" content=\"Assessoria de comunica\u00e7\u00e3o ACRIMAT\" \/>\n<meta name=\"twitter:card\" content=\"summary_large_image\" \/>\n<meta name=\"twitter:label1\" content=\"Escrito por\" \/>\n\t<meta name=\"twitter:data1\" content=\"Assessoria de comunica\u00e7\u00e3o ACRIMAT\" \/>\n\t<meta name=\"twitter:label2\" content=\"Est. tempo de leitura\" \/>\n\t<meta name=\"twitter:data2\" content=\"4 minutos\" \/>\n<script type=\"application\/ld+json\" class=\"yoast-schema-graph\">{\"@context\":\"https:\/\/schema.org\",\"@graph\":[{\"@type\":\"Article\",\"@id\":\"https:\/\/acrimat.org.br\/portal\/em-evento-de-agronegocio-produtores-pediram-menos-burocracia-para-liberacao-de-credito-em-mt\/#article\",\"isPartOf\":{\"@id\":\"https:\/\/acrimat.org.br\/portal\/em-evento-de-agronegocio-produtores-pediram-menos-burocracia-para-liberacao-de-credito-em-mt\/\"},\"author\":{\"name\":\"Assessoria de comunica\u00e7\u00e3o ACRIMAT\",\"@id\":\"https:\/\/acrimat.org.br\/portal\/#\/schema\/person\/a309b9496344ff991e8e1b1d751fdd7b\"},\"headline\":\"Em evento de agroneg\u00f3cio, produtores pediram menos burocracia para libera\u00e7\u00e3o de cr\u00e9dito em MT\",\"datePublished\":\"2018-03-13T18:35:26+00:00\",\"mainEntityOfPage\":{\"@id\":\"https:\/\/acrimat.org.br\/portal\/em-evento-de-agronegocio-produtores-pediram-menos-burocracia-para-liberacao-de-credito-em-mt\/\"},\"wordCount\":789,\"publisher\":{\"@id\":\"https:\/\/acrimat.org.br\/portal\/#organization\"},\"image\":{\"@id\":\"https:\/\/acrimat.org.br\/portal\/em-evento-de-agronegocio-produtores-pediram-menos-burocracia-para-liberacao-de-credito-em-mt\/#primaryimage\"},\"thumbnailUrl\":\"https:\/\/acrimat.org.br\/portal\/wp-content\/uploads\/2018\/03\/img_20180312_152147851.jpg\",\"articleSection\":[\"Destaques\",\"Not\u00edcias\"],\"inLanguage\":\"pt-BR\"},{\"@type\":\"WebPage\",\"@id\":\"https:\/\/acrimat.org.br\/portal\/em-evento-de-agronegocio-produtores-pediram-menos-burocracia-para-liberacao-de-credito-em-mt\/\",\"url\":\"https:\/\/acrimat.org.br\/portal\/em-evento-de-agronegocio-produtores-pediram-menos-burocracia-para-liberacao-de-credito-em-mt\/\",\"name\":\"Em evento de agroneg\u00f3cio, produtores pediram menos burocracia para libera\u00e7\u00e3o de cr\u00e9dito em MT - Acrimat\",\"isPartOf\":{\"@id\":\"https:\/\/acrimat.org.br\/portal\/#website\"},\"primaryImageOfPage\":{\"@id\":\"https:\/\/acrimat.org.br\/portal\/em-evento-de-agronegocio-produtores-pediram-menos-burocracia-para-liberacao-de-credito-em-mt\/#primaryimage\"},\"image\":{\"@id\":\"https:\/\/acrimat.org.br\/portal\/em-evento-de-agronegocio-produtores-pediram-menos-burocracia-para-liberacao-de-credito-em-mt\/#primaryimage\"},\"thumbnailUrl\":\"https:\/\/acrimat.org.br\/portal\/wp-content\/uploads\/2018\/03\/img_20180312_152147851.jpg\",\"datePublished\":\"2018-03-13T18:35:26+00:00\",\"breadcrumb\":{\"@id\":\"https:\/\/acrimat.org.br\/portal\/em-evento-de-agronegocio-produtores-pediram-menos-burocracia-para-liberacao-de-credito-em-mt\/#breadcrumb\"},\"inLanguage\":\"pt-BR\",\"potentialAction\":[{\"@type\":\"ReadAction\",\"target\":[\"https:\/\/acrimat.org.br\/portal\/em-evento-de-agronegocio-produtores-pediram-menos-burocracia-para-liberacao-de-credito-em-mt\/\"]}]},{\"@type\":\"ImageObject\",\"inLanguage\":\"pt-BR\",\"@id\":\"https:\/\/acrimat.org.br\/portal\/em-evento-de-agronegocio-produtores-pediram-menos-burocracia-para-liberacao-de-credito-em-mt\/#primaryimage\",\"url\":\"https:\/\/acrimat.org.br\/portal\/wp-content\/uploads\/2018\/03\/img_20180312_152147851.jpg\",\"contentUrl\":\"https:\/\/acrimat.org.br\/portal\/wp-content\/uploads\/2018\/03\/img_20180312_152147851.jpg\",\"width\":1600,\"height\":1200},{\"@type\":\"BreadcrumbList\",\"@id\":\"https:\/\/acrimat.org.br\/portal\/em-evento-de-agronegocio-produtores-pediram-menos-burocracia-para-liberacao-de-credito-em-mt\/#breadcrumb\",\"itemListElement\":[{\"@type\":\"ListItem\",\"position\":1,\"name\":\"In\u00edcio\",\"item\":\"https:\/\/acrimat.org.br\/portal\/\"},{\"@type\":\"ListItem\",\"position\":2,\"name\":\"Em evento de agroneg\u00f3cio, produtores pediram menos burocracia para libera\u00e7\u00e3o de cr\u00e9dito em MT\"}]},{\"@type\":\"WebSite\",\"@id\":\"https:\/\/acrimat.org.br\/portal\/#website\",\"url\":\"https:\/\/acrimat.org.br\/portal\/\",\"name\":\"Acrimat\",\"description\":\"Associa\u00e7\u00e3o dos Criadores de Mato Grosso\",\"publisher\":{\"@id\":\"https:\/\/acrimat.org.br\/portal\/#organization\"},\"potentialAction\":[{\"@type\":\"SearchAction\",\"target\":{\"@type\":\"EntryPoint\",\"urlTemplate\":\"https:\/\/acrimat.org.br\/portal\/?s={search_term_string}\"},\"query-input\":{\"@type\":\"PropertyValueSpecification\",\"valueRequired\":true,\"valueName\":\"search_term_string\"}}],\"inLanguage\":\"pt-BR\"},{\"@type\":\"Organization\",\"@id\":\"https:\/\/acrimat.org.br\/portal\/#organization\",\"name\":\"Associa\u00e7\u00e3o dos Criadores de Mato Grosso\",\"url\":\"https:\/\/acrimat.org.br\/portal\/\",\"logo\":{\"@type\":\"ImageObject\",\"inLanguage\":\"pt-BR\",\"@id\":\"https:\/\/acrimat.org.br\/portal\/#\/schema\/logo\/image\/\",\"url\":\"https:\/\/acrimat.org.br\/portal\/wp-content\/uploads\/2018\/03\/logo-peq-original.png\",\"contentUrl\":\"https:\/\/acrimat.org.br\/portal\/wp-content\/uploads\/2018\/03\/logo-peq-original.png\",\"width\":174,\"height\":171,\"caption\":\"Associa\u00e7\u00e3o dos Criadores de Mato Grosso\"},\"image\":{\"@id\":\"https:\/\/acrimat.org.br\/portal\/#\/schema\/logo\/image\/\"}},{\"@type\":\"Person\",\"@id\":\"https:\/\/acrimat.org.br\/portal\/#\/schema\/person\/a309b9496344ff991e8e1b1d751fdd7b\",\"name\":\"Assessoria de comunica\u00e7\u00e3o ACRIMAT\",\"image\":{\"@type\":\"ImageObject\",\"inLanguage\":\"pt-BR\",\"@id\":\"https:\/\/acrimat.org.br\/portal\/#\/schema\/person\/image\/\",\"url\":\"https:\/\/secure.gravatar.com\/avatar\/2f9c28e64c317bcd762b25cb1575f1b4?s=96&d=mm&r=g\",\"contentUrl\":\"https:\/\/secure.gravatar.com\/avatar\/2f9c28e64c317bcd762b25cb1575f1b4?s=96&d=mm&r=g\",\"caption\":\"Assessoria de comunica\u00e7\u00e3o ACRIMAT\"},\"sameAs\":[\"http:\/\/acrimat.org.br\/\"],\"url\":\"https:\/\/acrimat.org.br\/portal\/author\/ascom\/\"}]}<\/script>\n<!-- \/ Yoast SEO plugin. -->","yoast_head_json":{"title":"Em evento de agroneg\u00f3cio, produtores pediram menos burocracia para libera\u00e7\u00e3o de cr\u00e9dito em MT - Acrimat","robots":{"index":"index","follow":"follow","max-snippet":"max-snippet:-1","max-image-preview":"max-image-preview:large","max-video-preview":"max-video-preview:-1"},"canonical":"https:\/\/acrimat.org.br\/portal\/em-evento-de-agronegocio-produtores-pediram-menos-burocracia-para-liberacao-de-credito-em-mt\/","og_locale":"pt_BR","og_type":"article","og_title":"Em evento de agroneg\u00f3cio, produtores pediram menos burocracia para libera\u00e7\u00e3o de cr\u00e9dito em MT - Acrimat","og_description":"Esta segunda-feira (12), a Pol\u00edtica agr\u00edcola e econ\u00f4mica desenvolvida pelo Governo Federal foi um dos temas debatidos","og_url":"https:\/\/acrimat.org.br\/portal\/em-evento-de-agronegocio-produtores-pediram-menos-burocracia-para-liberacao-de-credito-em-mt\/","og_site_name":"Acrimat","article_published_time":"2018-03-13T18:35:26+00:00","og_image":[{"width":1600,"height":1200,"url":"https:\/\/acrimat.org.br\/portal\/wp-content\/uploads\/2018\/03\/img_20180312_152147851.jpg","type":"image\/jpeg"}],"author":"Assessoria de comunica\u00e7\u00e3o ACRIMAT","twitter_card":"summary_large_image","twitter_misc":{"Escrito por":"Assessoria de comunica\u00e7\u00e3o ACRIMAT","Est. tempo de leitura":"4 minutos"},"schema":{"@context":"https:\/\/schema.org","@graph":[{"@type":"Article","@id":"https:\/\/acrimat.org.br\/portal\/em-evento-de-agronegocio-produtores-pediram-menos-burocracia-para-liberacao-de-credito-em-mt\/#article","isPartOf":{"@id":"https:\/\/acrimat.org.br\/portal\/em-evento-de-agronegocio-produtores-pediram-menos-burocracia-para-liberacao-de-credito-em-mt\/"},"author":{"name":"Assessoria de comunica\u00e7\u00e3o ACRIMAT","@id":"https:\/\/acrimat.org.br\/portal\/#\/schema\/person\/a309b9496344ff991e8e1b1d751fdd7b"},"headline":"Em evento de agroneg\u00f3cio, produtores pediram menos burocracia para libera\u00e7\u00e3o de cr\u00e9dito em MT","datePublished":"2018-03-13T18:35:26+00:00","mainEntityOfPage":{"@id":"https:\/\/acrimat.org.br\/portal\/em-evento-de-agronegocio-produtores-pediram-menos-burocracia-para-liberacao-de-credito-em-mt\/"},"wordCount":789,"publisher":{"@id":"https:\/\/acrimat.org.br\/portal\/#organization"},"image":{"@id":"https:\/\/acrimat.org.br\/portal\/em-evento-de-agronegocio-produtores-pediram-menos-burocracia-para-liberacao-de-credito-em-mt\/#primaryimage"},"thumbnailUrl":"https:\/\/acrimat.org.br\/portal\/wp-content\/uploads\/2018\/03\/img_20180312_152147851.jpg","articleSection":["Destaques","Not\u00edcias"],"inLanguage":"pt-BR"},{"@type":"WebPage","@id":"https:\/\/acrimat.org.br\/portal\/em-evento-de-agronegocio-produtores-pediram-menos-burocracia-para-liberacao-de-credito-em-mt\/","url":"https:\/\/acrimat.org.br\/portal\/em-evento-de-agronegocio-produtores-pediram-menos-burocracia-para-liberacao-de-credito-em-mt\/","name":"Em evento de agroneg\u00f3cio, produtores pediram menos burocracia para libera\u00e7\u00e3o de cr\u00e9dito em MT - Acrimat","isPartOf":{"@id":"https:\/\/acrimat.org.br\/portal\/#website"},"primaryImageOfPage":{"@id":"https:\/\/acrimat.org.br\/portal\/em-evento-de-agronegocio-produtores-pediram-menos-burocracia-para-liberacao-de-credito-em-mt\/#primaryimage"},"image":{"@id":"https:\/\/acrimat.org.br\/portal\/em-evento-de-agronegocio-produtores-pediram-menos-burocracia-para-liberacao-de-credito-em-mt\/#primaryimage"},"thumbnailUrl":"https:\/\/acrimat.org.br\/portal\/wp-content\/uploads\/2018\/03\/img_20180312_152147851.jpg","datePublished":"2018-03-13T18:35:26+00:00","breadcrumb":{"@id":"https:\/\/acrimat.org.br\/portal\/em-evento-de-agronegocio-produtores-pediram-menos-burocracia-para-liberacao-de-credito-em-mt\/#breadcrumb"},"inLanguage":"pt-BR","potentialAction":[{"@type":"ReadAction","target":["https:\/\/acrimat.org.br\/portal\/em-evento-de-agronegocio-produtores-pediram-menos-burocracia-para-liberacao-de-credito-em-mt\/"]}]},{"@type":"ImageObject","inLanguage":"pt-BR","@id":"https:\/\/acrimat.org.br\/portal\/em-evento-de-agronegocio-produtores-pediram-menos-burocracia-para-liberacao-de-credito-em-mt\/#primaryimage","url":"https:\/\/acrimat.org.br\/portal\/wp-content\/uploads\/2018\/03\/img_20180312_152147851.jpg","contentUrl":"https:\/\/acrimat.org.br\/portal\/wp-content\/uploads\/2018\/03\/img_20180312_152147851.jpg","width":1600,"height":1200},{"@type":"BreadcrumbList","@id":"https:\/\/acrimat.org.br\/portal\/em-evento-de-agronegocio-produtores-pediram-menos-burocracia-para-liberacao-de-credito-em-mt\/#breadcrumb","itemListElement":[{"@type":"ListItem","position":1,"name":"In\u00edcio","item":"https:\/\/acrimat.org.br\/portal\/"},{"@type":"ListItem","position":2,"name":"Em evento de agroneg\u00f3cio, produtores pediram menos burocracia para libera\u00e7\u00e3o de cr\u00e9dito em MT"}]},{"@type":"WebSite","@id":"https:\/\/acrimat.org.br\/portal\/#website","url":"https:\/\/acrimat.org.br\/portal\/","name":"Acrimat","description":"Associa\u00e7\u00e3o dos Criadores de Mato Grosso","publisher":{"@id":"https:\/\/acrimat.org.br\/portal\/#organization"},"potentialAction":[{"@type":"SearchAction","target":{"@type":"EntryPoint","urlTemplate":"https:\/\/acrimat.org.br\/portal\/?s={search_term_string}"},"query-input":{"@type":"PropertyValueSpecification","valueRequired":true,"valueName":"search_term_string"}}],"inLanguage":"pt-BR"},{"@type":"Organization","@id":"https:\/\/acrimat.org.br\/portal\/#organization","name":"Associa\u00e7\u00e3o dos Criadores de Mato Grosso","url":"https:\/\/acrimat.org.br\/portal\/","logo":{"@type":"ImageObject","inLanguage":"pt-BR","@id":"https:\/\/acrimat.org.br\/portal\/#\/schema\/logo\/image\/","url":"https:\/\/acrimat.org.br\/portal\/wp-content\/uploads\/2018\/03\/logo-peq-original.png","contentUrl":"https:\/\/acrimat.org.br\/portal\/wp-content\/uploads\/2018\/03\/logo-peq-original.png","width":174,"height":171,"caption":"Associa\u00e7\u00e3o dos Criadores de Mato Grosso"},"image":{"@id":"https:\/\/acrimat.org.br\/portal\/#\/schema\/logo\/image\/"}},{"@type":"Person","@id":"https:\/\/acrimat.org.br\/portal\/#\/schema\/person\/a309b9496344ff991e8e1b1d751fdd7b","name":"Assessoria de comunica\u00e7\u00e3o ACRIMAT","image":{"@type":"ImageObject","inLanguage":"pt-BR","@id":"https:\/\/acrimat.org.br\/portal\/#\/schema\/person\/image\/","url":"https:\/\/secure.gravatar.com\/avatar\/2f9c28e64c317bcd762b25cb1575f1b4?s=96&d=mm&r=g","contentUrl":"https:\/\/secure.gravatar.com\/avatar\/2f9c28e64c317bcd762b25cb1575f1b4?s=96&d=mm&r=g","caption":"Assessoria de comunica\u00e7\u00e3o ACRIMAT"},"sameAs":["http:\/\/acrimat.org.br\/"],"url":"https:\/\/acrimat.org.br\/portal\/author\/ascom\/"}]}},"_links":{"self":[{"href":"https:\/\/acrimat.org.br\/portal\/wp-json\/wp\/v2\/posts\/97986354","targetHints":{"allow":["GET"]}}],"collection":[{"href":"https:\/\/acrimat.org.br\/portal\/wp-json\/wp\/v2\/posts"}],"about":[{"href":"https:\/\/acrimat.org.br\/portal\/wp-json\/wp\/v2\/types\/post"}],"author":[{"embeddable":true,"href":"https:\/\/acrimat.org.br\/portal\/wp-json\/wp\/v2\/users\/7"}],"replies":[{"embeddable":true,"href":"https:\/\/acrimat.org.br\/portal\/wp-json\/wp\/v2\/comments?post=97986354"}],"version-history":[{"count":1,"href":"https:\/\/acrimat.org.br\/portal\/wp-json\/wp\/v2\/posts\/97986354\/revisions"}],"predecessor-version":[{"id":97986356,"href":"https:\/\/acrimat.org.br\/portal\/wp-json\/wp\/v2\/posts\/97986354\/revisions\/97986356"}],"wp:featuredmedia":[{"embeddable":true,"href":"https:\/\/acrimat.org.br\/portal\/wp-json\/wp\/v2\/media\/97986355"}],"wp:attachment":[{"href":"https:\/\/acrimat.org.br\/portal\/wp-json\/wp\/v2\/media?parent=97986354"}],"wp:term":[{"taxonomy":"category","embeddable":true,"href":"https:\/\/acrimat.org.br\/portal\/wp-json\/wp\/v2\/categories?post=97986354"},{"taxonomy":"post_tag","embeddable":true,"href":"https:\/\/acrimat.org.br\/portal\/wp-json\/wp\/v2\/tags?post=97986354"}],"curies":[{"name":"wp","href":"https:\/\/api.w.org\/{rel}","templated":true}]}}