{"id":97986371,"date":"2018-03-14T10:23:49","date_gmt":"2018-03-14T13:23:49","guid":{"rendered":"http:\/\/acrimat.org.br\/portal\/?p=97986371"},"modified":"2018-03-14T10:23:49","modified_gmt":"2018-03-14T13:23:49","slug":"sistema-famato-e-embrapa-pantanal-planejam-2a-rodada-de-palestras-bioma-pantanal","status":"publish","type":"post","link":"https:\/\/acrimat.org.br\/portal\/sistema-famato-e-embrapa-pantanal-planejam-2a-rodada-de-palestras-bioma-pantanal\/","title":{"rendered":"Sistema Famato e Embrapa Pantanal planejam 2\u00aa rodada de palestras Bioma Pantanal"},"content":{"rendered":"<p>A fim de aliar o desenvolvimento sustent\u00e1vel da produ\u00e7\u00e3o agropecu\u00e1ria e econ\u00f4mica do Pantanal, a Federa\u00e7\u00e3o da Agricultura e Pecu\u00e1ria de Mato Grosso (Famato), o Servi\u00e7o Nacional de Aprendizagem Rural (Senar-MT) e a Embrapa Pantanal entram no segundo ano de parceria. Diante dos resultados positivos das a\u00e7\u00f5es feitas no ano anterior e do interesse dos produtores pantaneiros no projeto Fazenda Pantaneira Sustent\u00e1vel (FPS), o Sistema Famato far\u00e1 o 2\u00ba Ciclo de Palestras Bioma Pantanal, come\u00e7ando por C\u00e1ceres, Pocon\u00e9, Cuiab\u00e1 e Rondon\u00f3polis. A ideia \u00e9, com essa parceria, implantar em Mato Grosso a FPS. Produtores com \u00e1reas no bioma que j\u00e1 manifestaram interesse pelo programa.<\/p>\n<p>A gestora do N\u00facleo T\u00e9cnico da Famato Luc\u00e9lia Avi destacou que esse trabalho come\u00e7ou por conta da necessidade em atender a demanda dos produtores rurais com propriedades em \u00e1reas no bioma. Em 2017, pesquisadores da Embrapa e t\u00e9cnicos do Sistema Famato percorreram seis munic\u00edpios mato-grossense levando conhecimentos aos produtores rurais sobre a cadeia produtiva da pecu\u00e1ria no Pantanal mato-grossense. A Famato e o Senar-MT tamb\u00e9m promoveram uma Miss\u00e3o T\u00e9cnica em Mato Grosso do Sul.<\/p>\n<p>\u201cH\u00e1 algum tempo a Famato vem recebendo demandas dos produtores pantaneiros. No ano passado tivemos a iniciativa de come\u00e7ar esse trabalho junto com a Embrapa e a inten\u00e7\u00e3o \u00e9 que essa parceria continue, pois acreditamos que somente assim vamos conseguir focar no desenvolvimento do Pantanal, colocando em pr\u00e1tica as pesquisas realizadas pela Embrapa, n\u00e3o s\u00f3 da unidade Pantanal como de outras\u201d, observou Luc\u00e9lia Avi.<\/p>\n<p>Para dar in\u00edcio ao cronograma de atividades para 2018, t\u00e9cnicos e gestores do Sistema Famato se reuniram ontem (12\/03), na Famato, com o chefe-geral da Embrapa Jorge Lara, o chefe adjunto de Neg\u00f3cios e Transfer\u00eancia de Tecnologias, Thiago Coppola, e a pesquisadora Sandra Santos para tra\u00e7ar as metas de trabalho para este ano.<\/p>\n<p>\u201cAp\u00f3s o levantamento de dados, as conversas com os mais de 600 produtores, durante a primeira rodada de palestras, a Embrapa tentou associar as tecnologias demandadas, como, por exemplo, desmama, IATF (Insemina\u00e7\u00e3o Artificial em Tempo Fixo) e substitui\u00e7\u00e3o de pastagem em um pacote ainda maior, que envolve um produto liderado pela pesquisadora Sandra, chamado Fazenda Pantaneira Sustent\u00e1vel (FPS)\u201d, destacou Jorge Lara.<\/p>\n<p>Para complementar a declara\u00e7\u00e3o do chefe-geral Lara, Sandra Santos fez uma apresenta\u00e7\u00e3o do software FPS. \u00a0Ela explicou que por meio de indicadores, o software \u00e9 capaz de avaliar o grau de sustentabilidade das fazendas, como na conserva\u00e7\u00e3o de recursos h\u00eddricos, pastagens, manejo, bem-estar animal, biodiversidade, conserva\u00e7\u00e3o ambiental, aspectos sociais e econ\u00f4micos. \u201cO FPS vai avaliar os processos produtivos da pecu\u00e1ria de corte para conhecer o n\u00edvel de sustentabilidade das fazendas, desde o sistema de produ\u00e7\u00e3o quanto na fazenda como um todo\u201d, explicou Sandra.<\/p>\n<p>Sandra, que tamb\u00e9m \u00e9 coordenadora da FPS, destaca que o programa visa contribuir com a quantifica\u00e7\u00e3o da produ\u00e7\u00e3o sustent\u00e1vel no bioma pantanal. Ela disse ainda que, para isso, \u00e9 importante ouvir os produtores pantaneiros, j\u00e1 que o sistema ainda pode receber adequa\u00e7\u00f5es.<\/p>\n<p>A coordenadora explicou que as propriedades que estiverem abaixo do n\u00edvel desejado para que se tornem sustent\u00e1veis, o software vai identificar quais aspectos precisam ser melhorados. Outro ponto importante levantado foi a diversifica\u00e7\u00e3o de atividades nas propriedades, j\u00e1 que nem todas trabalham apenas com pecu\u00e1ria.<\/p>\n<p>Na apresenta\u00e7\u00e3o Sandra fez v\u00e1rias provoca\u00e7\u00f5es para fomentar a discuss\u00e3o como, por exemplo, como saber se uma fazenda produz de forma sustent\u00e1vel, quantas matrizes a propriedade deve ter para ser considerada sustent\u00e1vel e outros. A FPS vai ajudar o produtor pantaneiro a responder esses questionamentos. \u201cA sustentabilidade est\u00e1 no equil\u00edbrio entre o sistema de produ\u00e7\u00e3o, quest\u00f5es econ\u00f4micas, sociais e ambientais da propriedade\u201d, apontou Sandra.<\/p>\n<p>Na sequ\u00eancia foram discutidas as estrat\u00e9gias de trabalho, log\u00edsticas, planos de a\u00e7\u00e3o e parcerias. O grupo ainda se re\u00fane nesta ter\u00e7a-feira (13\/03) para apresentar \u00e0 diretoria do Sistema Famato, da Acrimat e dos Sindicatos Rurais da regi\u00e3o pantaneira o projeto Fazenda Pantaneira Sustent\u00e1vel e a valida\u00e7\u00e3o do mesmo.<\/p>\n<p>No dia 14\/03 (quarta-feira), \u00e0s 8h, o grupo se reunir\u00e1 com os produtores rurais de C\u00e1ceres e no per\u00edodo da tarde, a partir das 15h, com os produtores de Pocon\u00e9. No dia 15\/03 (quinta-feira), o grupo segue para Rondon\u00f3polis, onde vai se reunir com os produtores no per\u00edodo da tarde, a partir das 13h30. As reuni\u00f5es ser\u00e3o nos respectivos Sindicatos Rurais, onde ser\u00e1 apresentada a FPS e seus benef\u00edcios.<\/p>\n<p>Tamb\u00e9m participaram das estrat\u00e9gias o analista de Pecu\u00e1ria da Famato, Marcos de Carvalho, o analista de Custo de Produ\u00e7\u00e3o do Instituto Mato-grossense de Economia Agropecu\u00e1ria (Imea), Marcel Durigon, o coordenador de Assist\u00eancia T\u00e9cnica do Senar-MT, Armando Urenha, e os produtores rurais e representantes da Associa\u00e7\u00e3o de Criadores Crist\u00f3v\u00e3o Afonso da Silva e Donizeth Filho.<\/p>\n<p><strong>Servi\u00e7o<\/strong><\/p>\n<p><strong>O que: Apresenta\u00e7\u00e3o do projeto Fazenda Pantaneira Sustent\u00e1vel e seus benef\u00edcios<\/strong><br \/>\nQuando: 14\/03 (quarta-feira)<br \/>\nHor\u00e1rio: 8h<br \/>\nOnde: Sindicato Rural de C\u00e1ceres<\/p>\n<p><strong>O que: Apresenta\u00e7\u00e3o do projeto Fazenda Pantaneira Sustent\u00e1vel e seus benef\u00edcios<\/strong><br \/>\nQuando: 14\/03 (quarta-feira)<br \/>\nHor\u00e1rio: 15h<br \/>\nOnde: Sindicato Rural de Pocon\u00e9<\/p>\n<p><strong>O que: Apresenta\u00e7\u00e3o do projeto Fazenda Pantaneira Sustent\u00e1vel e seus benef\u00edcios<\/strong><br \/>\nQuando: 15\/03 (quinta-feira)<br \/>\nHor\u00e1rio: 13h30<br \/>\nOnde: Sindicato Rural de Rondon\u00f3polis<\/p>\n","protected":false},"excerpt":{"rendered":"<p>Sistema Famato far\u00e1 o 2\u00ba Ciclo de Palestras Bioma Pantanal, come\u00e7ando por C\u00e1ceres, Pocon\u00e9, Cuiab\u00e1 e Rondon\u00f3polis<\/p>\n","protected":false},"author":7,"featured_media":97986372,"comment_status":"closed","ping_status":"closed","sticky":false,"template":"","format":"standard","meta":{"footnotes":""},"categories":[6,1],"tags":[],"class_list":["post-97986371","post","type-post","status-publish","format-standard","has-post-thumbnail","hentry","category-destaque","category-noticia"],"yoast_head":"<!-- This site is optimized with the Yoast SEO plugin v24.8.1 - https:\/\/yoast.com\/wordpress\/plugins\/seo\/ -->\n<title>Sistema Famato e Embrapa Pantanal planejam 2\u00aa rodada de palestras Bioma Pantanal - Acrimat<\/title>\n<meta name=\"robots\" content=\"index, follow, max-snippet:-1, max-image-preview:large, max-video-preview:-1\" \/>\n<link rel=\"canonical\" href=\"https:\/\/acrimat.org.br\/portal\/sistema-famato-e-embrapa-pantanal-planejam-2a-rodada-de-palestras-bioma-pantanal\/\" \/>\n<meta property=\"og:locale\" content=\"pt_BR\" \/>\n<meta property=\"og:type\" content=\"article\" \/>\n<meta property=\"og:title\" content=\"Sistema Famato e Embrapa Pantanal planejam 2\u00aa rodada de palestras Bioma Pantanal - Acrimat\" \/>\n<meta property=\"og:description\" content=\"Sistema Famato far\u00e1 o 2\u00ba Ciclo de Palestras Bioma Pantanal, come\u00e7ando por C\u00e1ceres, Pocon\u00e9, Cuiab\u00e1 e Rondon\u00f3polis\" \/>\n<meta property=\"og:url\" content=\"https:\/\/acrimat.org.br\/portal\/sistema-famato-e-embrapa-pantanal-planejam-2a-rodada-de-palestras-bioma-pantanal\/\" \/>\n<meta property=\"og:site_name\" content=\"Acrimat\" \/>\n<meta property=\"article:published_time\" content=\"2018-03-14T13:23:49+00:00\" \/>\n<meta property=\"og:image\" content=\"https:\/\/acrimat.org.br\/portal\/wp-content\/uploads\/2018\/03\/dscn0587.jpg\" \/>\n\t<meta property=\"og:image:width\" content=\"4608\" \/>\n\t<meta property=\"og:image:height\" content=\"3456\" \/>\n\t<meta property=\"og:image:type\" content=\"image\/jpeg\" \/>\n<meta name=\"author\" content=\"Assessoria de comunica\u00e7\u00e3o ACRIMAT\" \/>\n<meta name=\"twitter:card\" content=\"summary_large_image\" \/>\n<meta name=\"twitter:label1\" content=\"Escrito por\" \/>\n\t<meta name=\"twitter:data1\" content=\"Assessoria de comunica\u00e7\u00e3o ACRIMAT\" \/>\n\t<meta name=\"twitter:label2\" content=\"Est. tempo de leitura\" \/>\n\t<meta name=\"twitter:data2\" content=\"5 minutos\" \/>\n<script type=\"application\/ld+json\" class=\"yoast-schema-graph\">{\"@context\":\"https:\/\/schema.org\",\"@graph\":[{\"@type\":\"Article\",\"@id\":\"https:\/\/acrimat.org.br\/portal\/sistema-famato-e-embrapa-pantanal-planejam-2a-rodada-de-palestras-bioma-pantanal\/#article\",\"isPartOf\":{\"@id\":\"https:\/\/acrimat.org.br\/portal\/sistema-famato-e-embrapa-pantanal-planejam-2a-rodada-de-palestras-bioma-pantanal\/\"},\"author\":{\"name\":\"Assessoria de comunica\u00e7\u00e3o ACRIMAT\",\"@id\":\"https:\/\/acrimat.org.br\/portal\/#\/schema\/person\/a309b9496344ff991e8e1b1d751fdd7b\"},\"headline\":\"Sistema Famato e Embrapa Pantanal planejam 2\u00aa rodada de palestras Bioma Pantanal\",\"datePublished\":\"2018-03-14T13:23:49+00:00\",\"mainEntityOfPage\":{\"@id\":\"https:\/\/acrimat.org.br\/portal\/sistema-famato-e-embrapa-pantanal-planejam-2a-rodada-de-palestras-bioma-pantanal\/\"},\"wordCount\":924,\"publisher\":{\"@id\":\"https:\/\/acrimat.org.br\/portal\/#organization\"},\"image\":{\"@id\":\"https:\/\/acrimat.org.br\/portal\/sistema-famato-e-embrapa-pantanal-planejam-2a-rodada-de-palestras-bioma-pantanal\/#primaryimage\"},\"thumbnailUrl\":\"https:\/\/acrimat.org.br\/portal\/wp-content\/uploads\/2018\/03\/dscn0587.jpg\",\"articleSection\":[\"Destaques\",\"Not\u00edcias\"],\"inLanguage\":\"pt-BR\"},{\"@type\":\"WebPage\",\"@id\":\"https:\/\/acrimat.org.br\/portal\/sistema-famato-e-embrapa-pantanal-planejam-2a-rodada-de-palestras-bioma-pantanal\/\",\"url\":\"https:\/\/acrimat.org.br\/portal\/sistema-famato-e-embrapa-pantanal-planejam-2a-rodada-de-palestras-bioma-pantanal\/\",\"name\":\"Sistema Famato e Embrapa Pantanal planejam 2\u00aa rodada de palestras Bioma Pantanal - Acrimat\",\"isPartOf\":{\"@id\":\"https:\/\/acrimat.org.br\/portal\/#website\"},\"primaryImageOfPage\":{\"@id\":\"https:\/\/acrimat.org.br\/portal\/sistema-famato-e-embrapa-pantanal-planejam-2a-rodada-de-palestras-bioma-pantanal\/#primaryimage\"},\"image\":{\"@id\":\"https:\/\/acrimat.org.br\/portal\/sistema-famato-e-embrapa-pantanal-planejam-2a-rodada-de-palestras-bioma-pantanal\/#primaryimage\"},\"thumbnailUrl\":\"https:\/\/acrimat.org.br\/portal\/wp-content\/uploads\/2018\/03\/dscn0587.jpg\",\"datePublished\":\"2018-03-14T13:23:49+00:00\",\"breadcrumb\":{\"@id\":\"https:\/\/acrimat.org.br\/portal\/sistema-famato-e-embrapa-pantanal-planejam-2a-rodada-de-palestras-bioma-pantanal\/#breadcrumb\"},\"inLanguage\":\"pt-BR\",\"potentialAction\":[{\"@type\":\"ReadAction\",\"target\":[\"https:\/\/acrimat.org.br\/portal\/sistema-famato-e-embrapa-pantanal-planejam-2a-rodada-de-palestras-bioma-pantanal\/\"]}]},{\"@type\":\"ImageObject\",\"inLanguage\":\"pt-BR\",\"@id\":\"https:\/\/acrimat.org.br\/portal\/sistema-famato-e-embrapa-pantanal-planejam-2a-rodada-de-palestras-bioma-pantanal\/#primaryimage\",\"url\":\"https:\/\/acrimat.org.br\/portal\/wp-content\/uploads\/2018\/03\/dscn0587.jpg\",\"contentUrl\":\"https:\/\/acrimat.org.br\/portal\/wp-content\/uploads\/2018\/03\/dscn0587.jpg\",\"width\":4608,\"height\":3456},{\"@type\":\"BreadcrumbList\",\"@id\":\"https:\/\/acrimat.org.br\/portal\/sistema-famato-e-embrapa-pantanal-planejam-2a-rodada-de-palestras-bioma-pantanal\/#breadcrumb\",\"itemListElement\":[{\"@type\":\"ListItem\",\"position\":1,\"name\":\"In\u00edcio\",\"item\":\"https:\/\/acrimat.org.br\/portal\/\"},{\"@type\":\"ListItem\",\"position\":2,\"name\":\"Sistema Famato e Embrapa Pantanal planejam 2\u00aa rodada de palestras Bioma Pantanal\"}]},{\"@type\":\"WebSite\",\"@id\":\"https:\/\/acrimat.org.br\/portal\/#website\",\"url\":\"https:\/\/acrimat.org.br\/portal\/\",\"name\":\"Acrimat\",\"description\":\"Associa\u00e7\u00e3o dos Criadores de Mato Grosso\",\"publisher\":{\"@id\":\"https:\/\/acrimat.org.br\/portal\/#organization\"},\"potentialAction\":[{\"@type\":\"SearchAction\",\"target\":{\"@type\":\"EntryPoint\",\"urlTemplate\":\"https:\/\/acrimat.org.br\/portal\/?s={search_term_string}\"},\"query-input\":{\"@type\":\"PropertyValueSpecification\",\"valueRequired\":true,\"valueName\":\"search_term_string\"}}],\"inLanguage\":\"pt-BR\"},{\"@type\":\"Organization\",\"@id\":\"https:\/\/acrimat.org.br\/portal\/#organization\",\"name\":\"Associa\u00e7\u00e3o dos Criadores de Mato Grosso\",\"url\":\"https:\/\/acrimat.org.br\/portal\/\",\"logo\":{\"@type\":\"ImageObject\",\"inLanguage\":\"pt-BR\",\"@id\":\"https:\/\/acrimat.org.br\/portal\/#\/schema\/logo\/image\/\",\"url\":\"https:\/\/acrimat.org.br\/portal\/wp-content\/uploads\/2018\/03\/logo-peq-original.png\",\"contentUrl\":\"https:\/\/acrimat.org.br\/portal\/wp-content\/uploads\/2018\/03\/logo-peq-original.png\",\"width\":174,\"height\":171,\"caption\":\"Associa\u00e7\u00e3o dos Criadores de Mato Grosso\"},\"image\":{\"@id\":\"https:\/\/acrimat.org.br\/portal\/#\/schema\/logo\/image\/\"}},{\"@type\":\"Person\",\"@id\":\"https:\/\/acrimat.org.br\/portal\/#\/schema\/person\/a309b9496344ff991e8e1b1d751fdd7b\",\"name\":\"Assessoria de comunica\u00e7\u00e3o ACRIMAT\",\"image\":{\"@type\":\"ImageObject\",\"inLanguage\":\"pt-BR\",\"@id\":\"https:\/\/acrimat.org.br\/portal\/#\/schema\/person\/image\/\",\"url\":\"https:\/\/secure.gravatar.com\/avatar\/2f9c28e64c317bcd762b25cb1575f1b4?s=96&d=mm&r=g\",\"contentUrl\":\"https:\/\/secure.gravatar.com\/avatar\/2f9c28e64c317bcd762b25cb1575f1b4?s=96&d=mm&r=g\",\"caption\":\"Assessoria de comunica\u00e7\u00e3o ACRIMAT\"},\"sameAs\":[\"http:\/\/acrimat.org.br\/\"],\"url\":\"https:\/\/acrimat.org.br\/portal\/author\/ascom\/\"}]}<\/script>\n<!-- \/ Yoast SEO plugin. -->","yoast_head_json":{"title":"Sistema Famato e Embrapa Pantanal planejam 2\u00aa rodada de palestras Bioma Pantanal - Acrimat","robots":{"index":"index","follow":"follow","max-snippet":"max-snippet:-1","max-image-preview":"max-image-preview:large","max-video-preview":"max-video-preview:-1"},"canonical":"https:\/\/acrimat.org.br\/portal\/sistema-famato-e-embrapa-pantanal-planejam-2a-rodada-de-palestras-bioma-pantanal\/","og_locale":"pt_BR","og_type":"article","og_title":"Sistema Famato e Embrapa Pantanal planejam 2\u00aa rodada de palestras Bioma Pantanal - Acrimat","og_description":"Sistema Famato far\u00e1 o 2\u00ba Ciclo de Palestras Bioma Pantanal, come\u00e7ando por C\u00e1ceres, Pocon\u00e9, Cuiab\u00e1 e Rondon\u00f3polis","og_url":"https:\/\/acrimat.org.br\/portal\/sistema-famato-e-embrapa-pantanal-planejam-2a-rodada-de-palestras-bioma-pantanal\/","og_site_name":"Acrimat","article_published_time":"2018-03-14T13:23:49+00:00","og_image":[{"width":4608,"height":3456,"url":"https:\/\/acrimat.org.br\/portal\/wp-content\/uploads\/2018\/03\/dscn0587.jpg","type":"image\/jpeg"}],"author":"Assessoria de comunica\u00e7\u00e3o ACRIMAT","twitter_card":"summary_large_image","twitter_misc":{"Escrito por":"Assessoria de comunica\u00e7\u00e3o ACRIMAT","Est. tempo de leitura":"5 minutos"},"schema":{"@context":"https:\/\/schema.org","@graph":[{"@type":"Article","@id":"https:\/\/acrimat.org.br\/portal\/sistema-famato-e-embrapa-pantanal-planejam-2a-rodada-de-palestras-bioma-pantanal\/#article","isPartOf":{"@id":"https:\/\/acrimat.org.br\/portal\/sistema-famato-e-embrapa-pantanal-planejam-2a-rodada-de-palestras-bioma-pantanal\/"},"author":{"name":"Assessoria de comunica\u00e7\u00e3o ACRIMAT","@id":"https:\/\/acrimat.org.br\/portal\/#\/schema\/person\/a309b9496344ff991e8e1b1d751fdd7b"},"headline":"Sistema Famato e Embrapa Pantanal planejam 2\u00aa rodada de palestras Bioma Pantanal","datePublished":"2018-03-14T13:23:49+00:00","mainEntityOfPage":{"@id":"https:\/\/acrimat.org.br\/portal\/sistema-famato-e-embrapa-pantanal-planejam-2a-rodada-de-palestras-bioma-pantanal\/"},"wordCount":924,"publisher":{"@id":"https:\/\/acrimat.org.br\/portal\/#organization"},"image":{"@id":"https:\/\/acrimat.org.br\/portal\/sistema-famato-e-embrapa-pantanal-planejam-2a-rodada-de-palestras-bioma-pantanal\/#primaryimage"},"thumbnailUrl":"https:\/\/acrimat.org.br\/portal\/wp-content\/uploads\/2018\/03\/dscn0587.jpg","articleSection":["Destaques","Not\u00edcias"],"inLanguage":"pt-BR"},{"@type":"WebPage","@id":"https:\/\/acrimat.org.br\/portal\/sistema-famato-e-embrapa-pantanal-planejam-2a-rodada-de-palestras-bioma-pantanal\/","url":"https:\/\/acrimat.org.br\/portal\/sistema-famato-e-embrapa-pantanal-planejam-2a-rodada-de-palestras-bioma-pantanal\/","name":"Sistema Famato e Embrapa Pantanal planejam 2\u00aa rodada de palestras Bioma Pantanal - Acrimat","isPartOf":{"@id":"https:\/\/acrimat.org.br\/portal\/#website"},"primaryImageOfPage":{"@id":"https:\/\/acrimat.org.br\/portal\/sistema-famato-e-embrapa-pantanal-planejam-2a-rodada-de-palestras-bioma-pantanal\/#primaryimage"},"image":{"@id":"https:\/\/acrimat.org.br\/portal\/sistema-famato-e-embrapa-pantanal-planejam-2a-rodada-de-palestras-bioma-pantanal\/#primaryimage"},"thumbnailUrl":"https:\/\/acrimat.org.br\/portal\/wp-content\/uploads\/2018\/03\/dscn0587.jpg","datePublished":"2018-03-14T13:23:49+00:00","breadcrumb":{"@id":"https:\/\/acrimat.org.br\/portal\/sistema-famato-e-embrapa-pantanal-planejam-2a-rodada-de-palestras-bioma-pantanal\/#breadcrumb"},"inLanguage":"pt-BR","potentialAction":[{"@type":"ReadAction","target":["https:\/\/acrimat.org.br\/portal\/sistema-famato-e-embrapa-pantanal-planejam-2a-rodada-de-palestras-bioma-pantanal\/"]}]},{"@type":"ImageObject","inLanguage":"pt-BR","@id":"https:\/\/acrimat.org.br\/portal\/sistema-famato-e-embrapa-pantanal-planejam-2a-rodada-de-palestras-bioma-pantanal\/#primaryimage","url":"https:\/\/acrimat.org.br\/portal\/wp-content\/uploads\/2018\/03\/dscn0587.jpg","contentUrl":"https:\/\/acrimat.org.br\/portal\/wp-content\/uploads\/2018\/03\/dscn0587.jpg","width":4608,"height":3456},{"@type":"BreadcrumbList","@id":"https:\/\/acrimat.org.br\/portal\/sistema-famato-e-embrapa-pantanal-planejam-2a-rodada-de-palestras-bioma-pantanal\/#breadcrumb","itemListElement":[{"@type":"ListItem","position":1,"name":"In\u00edcio","item":"https:\/\/acrimat.org.br\/portal\/"},{"@type":"ListItem","position":2,"name":"Sistema Famato e Embrapa Pantanal planejam 2\u00aa rodada de palestras Bioma Pantanal"}]},{"@type":"WebSite","@id":"https:\/\/acrimat.org.br\/portal\/#website","url":"https:\/\/acrimat.org.br\/portal\/","name":"Acrimat","description":"Associa\u00e7\u00e3o dos Criadores de Mato Grosso","publisher":{"@id":"https:\/\/acrimat.org.br\/portal\/#organization"},"potentialAction":[{"@type":"SearchAction","target":{"@type":"EntryPoint","urlTemplate":"https:\/\/acrimat.org.br\/portal\/?s={search_term_string}"},"query-input":{"@type":"PropertyValueSpecification","valueRequired":true,"valueName":"search_term_string"}}],"inLanguage":"pt-BR"},{"@type":"Organization","@id":"https:\/\/acrimat.org.br\/portal\/#organization","name":"Associa\u00e7\u00e3o dos Criadores de Mato Grosso","url":"https:\/\/acrimat.org.br\/portal\/","logo":{"@type":"ImageObject","inLanguage":"pt-BR","@id":"https:\/\/acrimat.org.br\/portal\/#\/schema\/logo\/image\/","url":"https:\/\/acrimat.org.br\/portal\/wp-content\/uploads\/2018\/03\/logo-peq-original.png","contentUrl":"https:\/\/acrimat.org.br\/portal\/wp-content\/uploads\/2018\/03\/logo-peq-original.png","width":174,"height":171,"caption":"Associa\u00e7\u00e3o dos Criadores de Mato Grosso"},"image":{"@id":"https:\/\/acrimat.org.br\/portal\/#\/schema\/logo\/image\/"}},{"@type":"Person","@id":"https:\/\/acrimat.org.br\/portal\/#\/schema\/person\/a309b9496344ff991e8e1b1d751fdd7b","name":"Assessoria de comunica\u00e7\u00e3o ACRIMAT","image":{"@type":"ImageObject","inLanguage":"pt-BR","@id":"https:\/\/acrimat.org.br\/portal\/#\/schema\/person\/image\/","url":"https:\/\/secure.gravatar.com\/avatar\/2f9c28e64c317bcd762b25cb1575f1b4?s=96&d=mm&r=g","contentUrl":"https:\/\/secure.gravatar.com\/avatar\/2f9c28e64c317bcd762b25cb1575f1b4?s=96&d=mm&r=g","caption":"Assessoria de comunica\u00e7\u00e3o ACRIMAT"},"sameAs":["http:\/\/acrimat.org.br\/"],"url":"https:\/\/acrimat.org.br\/portal\/author\/ascom\/"}]}},"_links":{"self":[{"href":"https:\/\/acrimat.org.br\/portal\/wp-json\/wp\/v2\/posts\/97986371","targetHints":{"allow":["GET"]}}],"collection":[{"href":"https:\/\/acrimat.org.br\/portal\/wp-json\/wp\/v2\/posts"}],"about":[{"href":"https:\/\/acrimat.org.br\/portal\/wp-json\/wp\/v2\/types\/post"}],"author":[{"embeddable":true,"href":"https:\/\/acrimat.org.br\/portal\/wp-json\/wp\/v2\/users\/7"}],"replies":[{"embeddable":true,"href":"https:\/\/acrimat.org.br\/portal\/wp-json\/wp\/v2\/comments?post=97986371"}],"version-history":[{"count":1,"href":"https:\/\/acrimat.org.br\/portal\/wp-json\/wp\/v2\/posts\/97986371\/revisions"}],"predecessor-version":[{"id":97986373,"href":"https:\/\/acrimat.org.br\/portal\/wp-json\/wp\/v2\/posts\/97986371\/revisions\/97986373"}],"wp:featuredmedia":[{"embeddable":true,"href":"https:\/\/acrimat.org.br\/portal\/wp-json\/wp\/v2\/media\/97986372"}],"wp:attachment":[{"href":"https:\/\/acrimat.org.br\/portal\/wp-json\/wp\/v2\/media?parent=97986371"}],"wp:term":[{"taxonomy":"category","embeddable":true,"href":"https:\/\/acrimat.org.br\/portal\/wp-json\/wp\/v2\/categories?post=97986371"},{"taxonomy":"post_tag","embeddable":true,"href":"https:\/\/acrimat.org.br\/portal\/wp-json\/wp\/v2\/tags?post=97986371"}],"curies":[{"name":"wp","href":"https:\/\/api.w.org\/{rel}","templated":true}]}}