{"id":97986479,"date":"2018-03-15T15:34:38","date_gmt":"2018-03-15T18:34:38","guid":{"rendered":"http:\/\/acrimat.org.br\/portal\/?p=97986479"},"modified":"2018-03-15T15:35:01","modified_gmt":"2018-03-15T18:35:01","slug":"parecis-superagro-investe-em-inovacao-e-tecnologia-para-levar-conhecimento-aos-produtores","status":"publish","type":"post","link":"https:\/\/acrimat.org.br\/portal\/parecis-superagro-investe-em-inovacao-e-tecnologia-para-levar-conhecimento-aos-produtores\/","title":{"rendered":"Parecis SuperAgro investe em inova\u00e7\u00e3o e tecnologia"},"content":{"rendered":"<p>Paines, dia de campo, exposi\u00e7\u00e3o de m\u00e1quinas, vitrine tecnol\u00f3gica, rodada de neg\u00f3cios, apresenta\u00e7\u00e3o de startups est\u00e3o entre as principais atra\u00e7\u00f5es da 11\u00aa Parecis SuperAgro \u2013 Feira de Tecnologia e Neg\u00f3cios, que j\u00e1 movimenta Mato Grosso e ser\u00e1 realizada no pr\u00f3ximo m\u00eas. Durante o lan\u00e7amento da feira, uma programa\u00e7\u00e3o pr\u00e9via foi apresentada e revela o interesse do produtor rural no ambiente tecnol\u00f3gico que tem contribu\u00eddo cada vez mais com o dia a dia no campo.<\/p>\n<p>\u201cEssa feira nasceu para levar para o produtor rural conhecimento, informa\u00e7\u00e3o atualizada e ferramentas novas que facilitem o trabalho di\u00e1rio, proporcionando desenvolvimento e crescimento. Sempre trazemos as melhores m\u00e1quinas e produtos para atender o p\u00fablico visitante. Este ano temos a novidade que \u00e9 a parceria com o Sistema Famato, que veio para dentro da feira nos ajudar a realizar um grande evento. Vamos caminhar juntos porque nossos objetivos s\u00e3o os mesmos: qualificar o produtor e ajudar no seu crescimento, pois agroneg\u00f3cio forte significa que o Brasil est\u00e1 forte, e \u00e9 isso que temos que acreditar: que o Brasil \u00e9 um pa\u00eds forte\u201d, afirmou a presidente do Sindicato Rural de Campo Novo do Parecis, Giovana Velke.<\/p>\n<p>Para o presidente do Sistema Famato, Normando Corral, a Parecis SuperAgro \u00e9 uma das maiores difusoras de tecnologia e informa\u00e7\u00e3o a servi\u00e7o do campo. Segundo ele, com conhecimento e inova\u00e7\u00e3o \u00e9 poss\u00edvel expandir a produtividade. \u201cO Estado de Mato Grosso sempre nos traz surpresas e vejo que deixamos j\u00e1 tem muito tempo de ser apenas uma fronteira agr\u00edcola de expans\u00e3o na atividade, pois estamos ultrapassando tamb\u00e9m a fronteira do conhecimento e numa oportunidade como essa que a Parecis SuperAgro proporciona\u201d, afirmou o presidente do Sistema Famato, que participou do lan\u00e7amento da feira.<\/p>\n<p>Ainda de acordo com Normando Corral, o Sistema Famato \u00e9 composto por 92 sindicatos, nos 141 munic\u00edpios de Mato Grosso e tamb\u00e9m pelo Senar-MT, que nesta edi\u00e7\u00e3o \u00e9 co-realizador da Parecis SuperAgro. \u201cTamb\u00e9m temos o Imea que possui todos os n\u00fameros de progress\u00f5es e previs\u00f5es. At\u00e9 me surpreendi, pois vimos dias atr\u00e1s que quem mais acessa os dados Imea s\u00e3o os americanos. Nossos n\u00fameros n\u00e3o assustam o mundo, mas interessa ao mundo. A sociedade precisa cada vez mais de alimentos e n\u00f3s estamos preparados para responder a isso. Esse foi um dos primeiros eventos que mudou a forma de fazer eventos, ao inv\u00e9s de festa do pe\u00e3o que \u00e9 muito praticado no estado, fizeram a Parecis SuperAgro que \u00e9 muito melhor e hoje est\u00e1 entre as cinco melhores do estado. Parab\u00e9ns a todos\u201d, refor\u00e7ou Corral.<\/p>\n<p>A feira ter\u00e1 in\u00edcio no dia 9 de abril e ter\u00e1, a partir das 8h, um Dia de Campo com o tema \u201cTecnologias de Produ\u00e7\u00e3o Agropecu\u00e1ria Sustent\u00e1veis\u201d, na Fazenda S\u00e3o Paulo, em Brasnorte. J\u00e1 a partir das 16h at\u00e9 \u00e0s 19h o parque estar\u00e1 aberto para visita\u00e7\u00e3o e tamb\u00e9m ser\u00e1 ministrada a palestra \u201cDo pasto ao prato \u2013 agrega\u00e7\u00e3o de valor na pecu\u00e1ria de corte\u201d, com Luciano Vacari, diretor executivo da Acrimat. A palestra ser\u00e1 ministrada entre 16h30 e 17h30. Em seguida, \u00e0s 18h, haver\u00e1 o Leil\u00e3o Parecis SuperAgro, que tem parceria com a Est\u00e2ncia Bahia e ser\u00e1 transmitido pelo Canal Terra Viva.<\/p>\n<p>No dia 10 de abril, os paineis ser\u00e3o voltados para o tema central da SuperAgro: \u201cRevolu\u00e7\u00e3o Digital no Campo: como acompanhar essa transforma\u00e7\u00e3o\u201d. O parque estar\u00e1 aberto para visita\u00e7\u00e3o a partir das 8h, sendo que \u00e0s 9h haver\u00e1 a solenidade de abertura. Em seguida, \u00e0s 10h30, o painel \u201cProblemas de conectividade rural em Campo Novo do Parecis\u201d d\u00e1 in\u00edcio \u00e0 discuss\u00e3o, que ter\u00e1 continuidade no per\u00edodo vespertino com o painel \u201cSolu\u00e7\u00f5es para a falta de internet na regi\u00e3o de Campo Novo do Parecis\u201d. Tamb\u00e9m no dia 10, os participantes poder\u00e3o acompanhar o f\u00f3rum que vai abordar o desenvolvimento econ\u00f4mico da regi\u00e3o do Parecis.<\/p>\n<p>No dia 11 de abril, ser\u00e1 a vez da Conex\u00e3o AgriHub chegar \u00e0 feira, inclusive com a presen\u00e7a de startups que fazem parte do programa idealizado pelo Sistema Famato\/Senar. Tamb\u00e9m ser\u00e1 ministrada a palestra \u201cA M\u00e1gica dos Resultados\u201d, com Eduardo Peres, e ainda a palestra \u201cSucess\u00e3o e Governan\u00e7a\u201d, com Daniela Sampaio.<\/p>\n<p>O F\u00f3rum Mais Milho desembarca na Parecis SuperAgro no \u00faltimo dia de feira (12 de abril), com uma programa\u00e7\u00e3o que contar\u00e1 com paineis focados em economia. especialmente a discuss\u00e3o entorno do etanol de milho. A palestra de encerramento ser\u00e1 com Gil Giardelli que vai apresentar \u201cA 4\u00aa Revolu\u00e7\u00e3o Industrial e a transforma\u00e7\u00e3o Digital\u201d, um dos grandes momentos da feira.<\/p>\n<p>Representando o prefeito de Campo Novo do Parecis, Rafael Machado, o secret\u00e1rio Municipal de Administra\u00e7\u00e3o, Girlei Augusto Bolsan, reor\u00e7ou a import\u00e2ncia da Parecis SuperAgro para toda a regi\u00e3o. \u201cO prefeito, assim como todos n\u00f3s, est\u00e1 muito otimista com esse evento de grande sucesso na regi\u00e3o e no Estado. Quero parabenizar o sindicato pela iniciativa, os produtores e todos os envolvidos no evento\u201d, disse o secret\u00e1rio.<\/p>\n<p>A vereadora Rosinha que representou o presidente C\u00e2mara, vereador Wanderley, falou da import\u00e2ncia do agroneg\u00f3cio. \u201cN\u00f3s do poder p\u00fablico sabemos da import\u00e2ncia do agro e do fomento que ele traz para nossa cidade levando o nome de nosso munic\u00edpio para Mato Grosso e todo o Brasil. \u00c9 motivo de muito orgulho h\u00e1 11 anos ter SuperAgro na nossa cidade\u201d.<\/p>\n","protected":false},"excerpt":{"rendered":"<p>Paines, dia de campo, exposi\u00e7\u00e3o de m\u00e1quinas, vitrine tecnol\u00f3gica, rodada de neg\u00f3cios, apresenta\u00e7\u00e3o de startups est\u00e3o entre as principais atra\u00e7\u00f5es da 11\u00aa Parecis SuperAgro<\/p>\n","protected":false},"author":7,"featured_media":97986480,"comment_status":"closed","ping_status":"closed","sticky":false,"template":"","format":"standard","meta":{"footnotes":""},"categories":[6,1],"tags":[],"class_list":["post-97986479","post","type-post","status-publish","format-standard","has-post-thumbnail","hentry","category-destaque","category-noticia"],"yoast_head":"<!-- This site is optimized with the Yoast SEO plugin v24.8.1 - https:\/\/yoast.com\/wordpress\/plugins\/seo\/ -->\n<title>Parecis SuperAgro investe em inova\u00e7\u00e3o e tecnologia - Acrimat<\/title>\n<meta name=\"robots\" content=\"index, follow, max-snippet:-1, max-image-preview:large, max-video-preview:-1\" \/>\n<link rel=\"canonical\" href=\"https:\/\/acrimat.org.br\/portal\/parecis-superagro-investe-em-inovacao-e-tecnologia-para-levar-conhecimento-aos-produtores\/\" \/>\n<meta property=\"og:locale\" content=\"pt_BR\" \/>\n<meta property=\"og:type\" content=\"article\" \/>\n<meta property=\"og:title\" content=\"Parecis SuperAgro investe em inova\u00e7\u00e3o e tecnologia - Acrimat\" \/>\n<meta property=\"og:description\" content=\"Paines, dia de campo, exposi\u00e7\u00e3o de m\u00e1quinas, vitrine tecnol\u00f3gica, rodada de neg\u00f3cios, apresenta\u00e7\u00e3o de startups est\u00e3o entre as principais atra\u00e7\u00f5es da 11\u00aa Parecis SuperAgro\" \/>\n<meta property=\"og:url\" content=\"https:\/\/acrimat.org.br\/portal\/parecis-superagro-investe-em-inovacao-e-tecnologia-para-levar-conhecimento-aos-produtores\/\" \/>\n<meta property=\"og:site_name\" content=\"Acrimat\" \/>\n<meta property=\"article:published_time\" content=\"2018-03-15T18:34:38+00:00\" \/>\n<meta property=\"article:modified_time\" content=\"2018-03-15T18:35:01+00:00\" \/>\n<meta property=\"og:image\" content=\"https:\/\/acrimat.org.br\/portal\/wp-content\/uploads\/2018\/03\/painel-da-carne-alcides-torres-p.jpg\" \/>\n\t<meta property=\"og:image:width\" content=\"768\" \/>\n\t<meta property=\"og:image:height\" content=\"532\" \/>\n\t<meta property=\"og:image:type\" content=\"image\/jpeg\" \/>\n<meta name=\"author\" content=\"Assessoria de comunica\u00e7\u00e3o ACRIMAT\" \/>\n<meta name=\"twitter:card\" content=\"summary_large_image\" \/>\n<meta name=\"twitter:label1\" content=\"Escrito por\" \/>\n\t<meta name=\"twitter:data1\" content=\"Assessoria de comunica\u00e7\u00e3o ACRIMAT\" \/>\n\t<meta name=\"twitter:label2\" content=\"Est. tempo de leitura\" \/>\n\t<meta name=\"twitter:data2\" content=\"5 minutos\" \/>\n<script type=\"application\/ld+json\" class=\"yoast-schema-graph\">{\"@context\":\"https:\/\/schema.org\",\"@graph\":[{\"@type\":\"Article\",\"@id\":\"https:\/\/acrimat.org.br\/portal\/parecis-superagro-investe-em-inovacao-e-tecnologia-para-levar-conhecimento-aos-produtores\/#article\",\"isPartOf\":{\"@id\":\"https:\/\/acrimat.org.br\/portal\/parecis-superagro-investe-em-inovacao-e-tecnologia-para-levar-conhecimento-aos-produtores\/\"},\"author\":{\"name\":\"Assessoria de comunica\u00e7\u00e3o ACRIMAT\",\"@id\":\"https:\/\/acrimat.org.br\/portal\/#\/schema\/person\/a309b9496344ff991e8e1b1d751fdd7b\"},\"headline\":\"Parecis SuperAgro investe em inova\u00e7\u00e3o e tecnologia\",\"datePublished\":\"2018-03-15T18:34:38+00:00\",\"dateModified\":\"2018-03-15T18:35:01+00:00\",\"mainEntityOfPage\":{\"@id\":\"https:\/\/acrimat.org.br\/portal\/parecis-superagro-investe-em-inovacao-e-tecnologia-para-levar-conhecimento-aos-produtores\/\"},\"wordCount\":938,\"publisher\":{\"@id\":\"https:\/\/acrimat.org.br\/portal\/#organization\"},\"image\":{\"@id\":\"https:\/\/acrimat.org.br\/portal\/parecis-superagro-investe-em-inovacao-e-tecnologia-para-levar-conhecimento-aos-produtores\/#primaryimage\"},\"thumbnailUrl\":\"https:\/\/acrimat.org.br\/portal\/wp-content\/uploads\/2018\/03\/painel-da-carne-alcides-torres-p.jpg\",\"articleSection\":[\"Destaques\",\"Not\u00edcias\"],\"inLanguage\":\"pt-BR\"},{\"@type\":\"WebPage\",\"@id\":\"https:\/\/acrimat.org.br\/portal\/parecis-superagro-investe-em-inovacao-e-tecnologia-para-levar-conhecimento-aos-produtores\/\",\"url\":\"https:\/\/acrimat.org.br\/portal\/parecis-superagro-investe-em-inovacao-e-tecnologia-para-levar-conhecimento-aos-produtores\/\",\"name\":\"Parecis SuperAgro investe em inova\u00e7\u00e3o e tecnologia - Acrimat\",\"isPartOf\":{\"@id\":\"https:\/\/acrimat.org.br\/portal\/#website\"},\"primaryImageOfPage\":{\"@id\":\"https:\/\/acrimat.org.br\/portal\/parecis-superagro-investe-em-inovacao-e-tecnologia-para-levar-conhecimento-aos-produtores\/#primaryimage\"},\"image\":{\"@id\":\"https:\/\/acrimat.org.br\/portal\/parecis-superagro-investe-em-inovacao-e-tecnologia-para-levar-conhecimento-aos-produtores\/#primaryimage\"},\"thumbnailUrl\":\"https:\/\/acrimat.org.br\/portal\/wp-content\/uploads\/2018\/03\/painel-da-carne-alcides-torres-p.jpg\",\"datePublished\":\"2018-03-15T18:34:38+00:00\",\"dateModified\":\"2018-03-15T18:35:01+00:00\",\"breadcrumb\":{\"@id\":\"https:\/\/acrimat.org.br\/portal\/parecis-superagro-investe-em-inovacao-e-tecnologia-para-levar-conhecimento-aos-produtores\/#breadcrumb\"},\"inLanguage\":\"pt-BR\",\"potentialAction\":[{\"@type\":\"ReadAction\",\"target\":[\"https:\/\/acrimat.org.br\/portal\/parecis-superagro-investe-em-inovacao-e-tecnologia-para-levar-conhecimento-aos-produtores\/\"]}]},{\"@type\":\"ImageObject\",\"inLanguage\":\"pt-BR\",\"@id\":\"https:\/\/acrimat.org.br\/portal\/parecis-superagro-investe-em-inovacao-e-tecnologia-para-levar-conhecimento-aos-produtores\/#primaryimage\",\"url\":\"https:\/\/acrimat.org.br\/portal\/wp-content\/uploads\/2018\/03\/painel-da-carne-alcides-torres-p.jpg\",\"contentUrl\":\"https:\/\/acrimat.org.br\/portal\/wp-content\/uploads\/2018\/03\/painel-da-carne-alcides-torres-p.jpg\",\"width\":768,\"height\":532,\"caption\":\"????????????????????????????????????\"},{\"@type\":\"BreadcrumbList\",\"@id\":\"https:\/\/acrimat.org.br\/portal\/parecis-superagro-investe-em-inovacao-e-tecnologia-para-levar-conhecimento-aos-produtores\/#breadcrumb\",\"itemListElement\":[{\"@type\":\"ListItem\",\"position\":1,\"name\":\"In\u00edcio\",\"item\":\"https:\/\/acrimat.org.br\/portal\/\"},{\"@type\":\"ListItem\",\"position\":2,\"name\":\"Parecis SuperAgro investe em inova\u00e7\u00e3o e tecnologia\"}]},{\"@type\":\"WebSite\",\"@id\":\"https:\/\/acrimat.org.br\/portal\/#website\",\"url\":\"https:\/\/acrimat.org.br\/portal\/\",\"name\":\"Acrimat\",\"description\":\"Associa\u00e7\u00e3o dos Criadores de Mato Grosso\",\"publisher\":{\"@id\":\"https:\/\/acrimat.org.br\/portal\/#organization\"},\"potentialAction\":[{\"@type\":\"SearchAction\",\"target\":{\"@type\":\"EntryPoint\",\"urlTemplate\":\"https:\/\/acrimat.org.br\/portal\/?s={search_term_string}\"},\"query-input\":{\"@type\":\"PropertyValueSpecification\",\"valueRequired\":true,\"valueName\":\"search_term_string\"}}],\"inLanguage\":\"pt-BR\"},{\"@type\":\"Organization\",\"@id\":\"https:\/\/acrimat.org.br\/portal\/#organization\",\"name\":\"Associa\u00e7\u00e3o dos Criadores de Mato Grosso\",\"url\":\"https:\/\/acrimat.org.br\/portal\/\",\"logo\":{\"@type\":\"ImageObject\",\"inLanguage\":\"pt-BR\",\"@id\":\"https:\/\/acrimat.org.br\/portal\/#\/schema\/logo\/image\/\",\"url\":\"https:\/\/acrimat.org.br\/portal\/wp-content\/uploads\/2018\/03\/logo-peq-original.png\",\"contentUrl\":\"https:\/\/acrimat.org.br\/portal\/wp-content\/uploads\/2018\/03\/logo-peq-original.png\",\"width\":174,\"height\":171,\"caption\":\"Associa\u00e7\u00e3o dos Criadores de Mato Grosso\"},\"image\":{\"@id\":\"https:\/\/acrimat.org.br\/portal\/#\/schema\/logo\/image\/\"}},{\"@type\":\"Person\",\"@id\":\"https:\/\/acrimat.org.br\/portal\/#\/schema\/person\/a309b9496344ff991e8e1b1d751fdd7b\",\"name\":\"Assessoria de comunica\u00e7\u00e3o ACRIMAT\",\"image\":{\"@type\":\"ImageObject\",\"inLanguage\":\"pt-BR\",\"@id\":\"https:\/\/acrimat.org.br\/portal\/#\/schema\/person\/image\/\",\"url\":\"https:\/\/secure.gravatar.com\/avatar\/2f9c28e64c317bcd762b25cb1575f1b4?s=96&d=mm&r=g\",\"contentUrl\":\"https:\/\/secure.gravatar.com\/avatar\/2f9c28e64c317bcd762b25cb1575f1b4?s=96&d=mm&r=g\",\"caption\":\"Assessoria de comunica\u00e7\u00e3o ACRIMAT\"},\"sameAs\":[\"http:\/\/acrimat.org.br\/\"],\"url\":\"https:\/\/acrimat.org.br\/portal\/author\/ascom\/\"}]}<\/script>\n<!-- \/ Yoast SEO plugin. -->","yoast_head_json":{"title":"Parecis SuperAgro investe em inova\u00e7\u00e3o e tecnologia - Acrimat","robots":{"index":"index","follow":"follow","max-snippet":"max-snippet:-1","max-image-preview":"max-image-preview:large","max-video-preview":"max-video-preview:-1"},"canonical":"https:\/\/acrimat.org.br\/portal\/parecis-superagro-investe-em-inovacao-e-tecnologia-para-levar-conhecimento-aos-produtores\/","og_locale":"pt_BR","og_type":"article","og_title":"Parecis SuperAgro investe em inova\u00e7\u00e3o e tecnologia - Acrimat","og_description":"Paines, dia de campo, exposi\u00e7\u00e3o de m\u00e1quinas, vitrine tecnol\u00f3gica, rodada de neg\u00f3cios, apresenta\u00e7\u00e3o de startups est\u00e3o entre as principais atra\u00e7\u00f5es da 11\u00aa Parecis SuperAgro","og_url":"https:\/\/acrimat.org.br\/portal\/parecis-superagro-investe-em-inovacao-e-tecnologia-para-levar-conhecimento-aos-produtores\/","og_site_name":"Acrimat","article_published_time":"2018-03-15T18:34:38+00:00","article_modified_time":"2018-03-15T18:35:01+00:00","og_image":[{"width":768,"height":532,"url":"https:\/\/acrimat.org.br\/portal\/wp-content\/uploads\/2018\/03\/painel-da-carne-alcides-torres-p.jpg","type":"image\/jpeg"}],"author":"Assessoria de comunica\u00e7\u00e3o ACRIMAT","twitter_card":"summary_large_image","twitter_misc":{"Escrito por":"Assessoria de comunica\u00e7\u00e3o ACRIMAT","Est. tempo de leitura":"5 minutos"},"schema":{"@context":"https:\/\/schema.org","@graph":[{"@type":"Article","@id":"https:\/\/acrimat.org.br\/portal\/parecis-superagro-investe-em-inovacao-e-tecnologia-para-levar-conhecimento-aos-produtores\/#article","isPartOf":{"@id":"https:\/\/acrimat.org.br\/portal\/parecis-superagro-investe-em-inovacao-e-tecnologia-para-levar-conhecimento-aos-produtores\/"},"author":{"name":"Assessoria de comunica\u00e7\u00e3o ACRIMAT","@id":"https:\/\/acrimat.org.br\/portal\/#\/schema\/person\/a309b9496344ff991e8e1b1d751fdd7b"},"headline":"Parecis SuperAgro investe em inova\u00e7\u00e3o e tecnologia","datePublished":"2018-03-15T18:34:38+00:00","dateModified":"2018-03-15T18:35:01+00:00","mainEntityOfPage":{"@id":"https:\/\/acrimat.org.br\/portal\/parecis-superagro-investe-em-inovacao-e-tecnologia-para-levar-conhecimento-aos-produtores\/"},"wordCount":938,"publisher":{"@id":"https:\/\/acrimat.org.br\/portal\/#organization"},"image":{"@id":"https:\/\/acrimat.org.br\/portal\/parecis-superagro-investe-em-inovacao-e-tecnologia-para-levar-conhecimento-aos-produtores\/#primaryimage"},"thumbnailUrl":"https:\/\/acrimat.org.br\/portal\/wp-content\/uploads\/2018\/03\/painel-da-carne-alcides-torres-p.jpg","articleSection":["Destaques","Not\u00edcias"],"inLanguage":"pt-BR"},{"@type":"WebPage","@id":"https:\/\/acrimat.org.br\/portal\/parecis-superagro-investe-em-inovacao-e-tecnologia-para-levar-conhecimento-aos-produtores\/","url":"https:\/\/acrimat.org.br\/portal\/parecis-superagro-investe-em-inovacao-e-tecnologia-para-levar-conhecimento-aos-produtores\/","name":"Parecis SuperAgro investe em inova\u00e7\u00e3o e tecnologia - Acrimat","isPartOf":{"@id":"https:\/\/acrimat.org.br\/portal\/#website"},"primaryImageOfPage":{"@id":"https:\/\/acrimat.org.br\/portal\/parecis-superagro-investe-em-inovacao-e-tecnologia-para-levar-conhecimento-aos-produtores\/#primaryimage"},"image":{"@id":"https:\/\/acrimat.org.br\/portal\/parecis-superagro-investe-em-inovacao-e-tecnologia-para-levar-conhecimento-aos-produtores\/#primaryimage"},"thumbnailUrl":"https:\/\/acrimat.org.br\/portal\/wp-content\/uploads\/2018\/03\/painel-da-carne-alcides-torres-p.jpg","datePublished":"2018-03-15T18:34:38+00:00","dateModified":"2018-03-15T18:35:01+00:00","breadcrumb":{"@id":"https:\/\/acrimat.org.br\/portal\/parecis-superagro-investe-em-inovacao-e-tecnologia-para-levar-conhecimento-aos-produtores\/#breadcrumb"},"inLanguage":"pt-BR","potentialAction":[{"@type":"ReadAction","target":["https:\/\/acrimat.org.br\/portal\/parecis-superagro-investe-em-inovacao-e-tecnologia-para-levar-conhecimento-aos-produtores\/"]}]},{"@type":"ImageObject","inLanguage":"pt-BR","@id":"https:\/\/acrimat.org.br\/portal\/parecis-superagro-investe-em-inovacao-e-tecnologia-para-levar-conhecimento-aos-produtores\/#primaryimage","url":"https:\/\/acrimat.org.br\/portal\/wp-content\/uploads\/2018\/03\/painel-da-carne-alcides-torres-p.jpg","contentUrl":"https:\/\/acrimat.org.br\/portal\/wp-content\/uploads\/2018\/03\/painel-da-carne-alcides-torres-p.jpg","width":768,"height":532,"caption":"????????????????????????????????????"},{"@type":"BreadcrumbList","@id":"https:\/\/acrimat.org.br\/portal\/parecis-superagro-investe-em-inovacao-e-tecnologia-para-levar-conhecimento-aos-produtores\/#breadcrumb","itemListElement":[{"@type":"ListItem","position":1,"name":"In\u00edcio","item":"https:\/\/acrimat.org.br\/portal\/"},{"@type":"ListItem","position":2,"name":"Parecis SuperAgro investe em inova\u00e7\u00e3o e tecnologia"}]},{"@type":"WebSite","@id":"https:\/\/acrimat.org.br\/portal\/#website","url":"https:\/\/acrimat.org.br\/portal\/","name":"Acrimat","description":"Associa\u00e7\u00e3o dos Criadores de Mato Grosso","publisher":{"@id":"https:\/\/acrimat.org.br\/portal\/#organization"},"potentialAction":[{"@type":"SearchAction","target":{"@type":"EntryPoint","urlTemplate":"https:\/\/acrimat.org.br\/portal\/?s={search_term_string}"},"query-input":{"@type":"PropertyValueSpecification","valueRequired":true,"valueName":"search_term_string"}}],"inLanguage":"pt-BR"},{"@type":"Organization","@id":"https:\/\/acrimat.org.br\/portal\/#organization","name":"Associa\u00e7\u00e3o dos Criadores de Mato Grosso","url":"https:\/\/acrimat.org.br\/portal\/","logo":{"@type":"ImageObject","inLanguage":"pt-BR","@id":"https:\/\/acrimat.org.br\/portal\/#\/schema\/logo\/image\/","url":"https:\/\/acrimat.org.br\/portal\/wp-content\/uploads\/2018\/03\/logo-peq-original.png","contentUrl":"https:\/\/acrimat.org.br\/portal\/wp-content\/uploads\/2018\/03\/logo-peq-original.png","width":174,"height":171,"caption":"Associa\u00e7\u00e3o dos Criadores de Mato Grosso"},"image":{"@id":"https:\/\/acrimat.org.br\/portal\/#\/schema\/logo\/image\/"}},{"@type":"Person","@id":"https:\/\/acrimat.org.br\/portal\/#\/schema\/person\/a309b9496344ff991e8e1b1d751fdd7b","name":"Assessoria de comunica\u00e7\u00e3o ACRIMAT","image":{"@type":"ImageObject","inLanguage":"pt-BR","@id":"https:\/\/acrimat.org.br\/portal\/#\/schema\/person\/image\/","url":"https:\/\/secure.gravatar.com\/avatar\/2f9c28e64c317bcd762b25cb1575f1b4?s=96&d=mm&r=g","contentUrl":"https:\/\/secure.gravatar.com\/avatar\/2f9c28e64c317bcd762b25cb1575f1b4?s=96&d=mm&r=g","caption":"Assessoria de comunica\u00e7\u00e3o ACRIMAT"},"sameAs":["http:\/\/acrimat.org.br\/"],"url":"https:\/\/acrimat.org.br\/portal\/author\/ascom\/"}]}},"_links":{"self":[{"href":"https:\/\/acrimat.org.br\/portal\/wp-json\/wp\/v2\/posts\/97986479","targetHints":{"allow":["GET"]}}],"collection":[{"href":"https:\/\/acrimat.org.br\/portal\/wp-json\/wp\/v2\/posts"}],"about":[{"href":"https:\/\/acrimat.org.br\/portal\/wp-json\/wp\/v2\/types\/post"}],"author":[{"embeddable":true,"href":"https:\/\/acrimat.org.br\/portal\/wp-json\/wp\/v2\/users\/7"}],"replies":[{"embeddable":true,"href":"https:\/\/acrimat.org.br\/portal\/wp-json\/wp\/v2\/comments?post=97986479"}],"version-history":[{"count":2,"href":"https:\/\/acrimat.org.br\/portal\/wp-json\/wp\/v2\/posts\/97986479\/revisions"}],"predecessor-version":[{"id":97986482,"href":"https:\/\/acrimat.org.br\/portal\/wp-json\/wp\/v2\/posts\/97986479\/revisions\/97986482"}],"wp:featuredmedia":[{"embeddable":true,"href":"https:\/\/acrimat.org.br\/portal\/wp-json\/wp\/v2\/media\/97986480"}],"wp:attachment":[{"href":"https:\/\/acrimat.org.br\/portal\/wp-json\/wp\/v2\/media?parent=97986479"}],"wp:term":[{"taxonomy":"category","embeddable":true,"href":"https:\/\/acrimat.org.br\/portal\/wp-json\/wp\/v2\/categories?post=97986479"},{"taxonomy":"post_tag","embeddable":true,"href":"https:\/\/acrimat.org.br\/portal\/wp-json\/wp\/v2\/tags?post=97986479"}],"curies":[{"name":"wp","href":"https:\/\/api.w.org\/{rel}","templated":true}]}}