{"id":97986483,"date":"2018-03-15T15:38:24","date_gmt":"2018-03-15T18:38:24","guid":{"rendered":"http:\/\/acrimat.org.br\/portal\/?p=97986483"},"modified":"2018-03-15T15:39:59","modified_gmt":"2018-03-15T18:39:59","slug":"sistema-famato-apresenta-dados-para-aprimorar-o-pap-2018-2019","status":"publish","type":"post","link":"https:\/\/acrimat.org.br\/portal\/sistema-famato-apresenta-dados-para-aprimorar-o-pap-2018-2019\/","title":{"rendered":"Sistema Famato apresenta dados para aprimorar o PAP 2018\/2019"},"content":{"rendered":"<div id=\"attachment_97986484\" style=\"width: 610px\" class=\"wp-caption aligncenter\"><a href=\"http:\/\/acrimat.org.br\/portal\/wp-content\/uploads\/2018\/03\/14032018052649.jpg\"><img fetchpriority=\"high\" decoding=\"async\" aria-describedby=\"caption-attachment-97986484\" class=\"wp-image-97986484 size-full\" src=\"http:\/\/acrimat.org.br\/portal\/wp-content\/uploads\/2018\/03\/14032018052649.jpg\" alt=\"\" width=\"600\" height=\"400\" srcset=\"https:\/\/acrimat.org.br\/portal\/wp-content\/uploads\/2018\/03\/14032018052649.jpg 600w, https:\/\/acrimat.org.br\/portal\/wp-content\/uploads\/2018\/03\/14032018052649-300x200.jpg 300w, https:\/\/acrimat.org.br\/portal\/wp-content\/uploads\/2018\/03\/14032018052649-250x167.jpg 250w, https:\/\/acrimat.org.br\/portal\/wp-content\/uploads\/2018\/03\/14032018052649-550x367.jpg 550w, https:\/\/acrimat.org.br\/portal\/wp-content\/uploads\/2018\/03\/14032018052649-270x180.jpg 270w, https:\/\/acrimat.org.br\/portal\/wp-content\/uploads\/2018\/03\/14032018052649-450x300.jpg 450w, https:\/\/acrimat.org.br\/portal\/wp-content\/uploads\/2018\/03\/14032018052649-272x182.jpg 272w\" sizes=\"(max-width: 600px) 100vw, 600px\" \/><\/a><p id=\"caption-attachment-97986484\" class=\"wp-caption-text\">imagem: Ascom Famato<\/p><\/div>\n<p style=\"text-align: left;\" align=\"center\">A Federa\u00e7\u00e3o da Agricultura e Pecu\u00e1ria de Mato Grosso (Famato) recebeu nesta quarta-feira (14) o vice-presidente da Confedera\u00e7\u00e3o da Agricultura e Pecu\u00e1ria do Brasil (CNA) e presidente da Comiss\u00e3o Nacional de Pol\u00edtica Agr\u00edcola da CNA, Jos\u00e9 M\u00e1rio Schreiner, para uma reuni\u00e3o de levantamento de propostas para o Plano Agr\u00edcola e Pecu\u00e1rio (PAP) 2018\/2019 na regi\u00e3o Centro-Oeste. O encontro faz parte de uma s\u00e9rie de reuni\u00f5es pelo pa\u00eds para ouvir as demandas regionais para o PAP 2018\/2019. Mato Grosso \u00e9 o segundo estado a sediar o evento que tamb\u00e9m teve a presen\u00e7a do secret\u00e1rio de Pol\u00edtica Agr\u00edcola do Minist\u00e9rio da Agricultura (Mapa), Neri Geller.<\/p>\n<p>\u201c\u00c9 extremamente importante ouvir os produtores rurais da regi\u00e3o Centro-Oeste por ser uma regi\u00e3o refer\u00eancia na produ\u00e7\u00e3o agr\u00edcola do Brasil. \u00c9 no campo, na lavoura, no meio rural que o agro acontece, por isso queremos levar daqui as principais demandas do setor produtivo rural. Vamos elaborar um plano e apresentar ao Governo Federal, Minist\u00e9rio da Agricultura e aos outros minist\u00e9rios que est\u00e3o envolvidos para que a gente possa estar minimamente atendendo essas demandas\u201d, disse Schreiner.<\/p>\n<p>O vice-presidente da CNA disse que existem peculiaridades que preocupam e precisam ser debatidas, n\u00e3o somente no Centro-Oeste, como tamb\u00e9m em todo Brasil. Exemplo disso \u00e9 o Programa de Constru\u00e7\u00e3o de Armaz\u00e9m (PCA). \u201cEm fun\u00e7\u00e3o da falta de armazenagem em todo o pa\u00eds e notadamente na regi\u00e3o Centro-Oeste, esse \u00e9 um debate importante, inclusive para resolver um problema no qual o pa\u00eds patina h\u00e1 anos e n\u00e3o consegue sair do lugar\u201d, apontou.<\/p>\n<p>Durante o encontro foram ouvidos produtores rurais, t\u00e9cnicos, lideran\u00e7as de Federa\u00e7\u00f5es da Agricultura e Pecu\u00e1ria e entidades do agro sobre o aprimoramento do PAP, defini\u00e7\u00e3o de a\u00e7\u00f5es priorit\u00e1rias e estrat\u00e9gicas para o seguro rural, cr\u00e9dito rural, comercializa\u00e7\u00e3o, Programa de Garantia de Atividade Agropecu\u00e1ria (Prodeagro), Zoneamento Agr\u00edcola de Risco Climatizado (ZARC) e outros.<\/p>\n<p>O presidente da Famato, Normando Corral, disse que Mato Grosso \u00e9 um estado pujante na produ\u00e7\u00e3o agropecu\u00e1ria, sendo assim, vai contribuir com diretrizes relevantes para a pr\u00f3xima safra. \u201cTrouxemos aqui os dados que temos, principalmente os que foram levantados pelo Instituto Mato-grossense de Economia Agropecu\u00e1ria (Imea) para o aprimoramento da pol\u00edtica agr\u00edcola da regi\u00e3o Centro-Oeste\u201d, destacou Corral.<\/p>\n<p>A apresenta\u00e7\u00e3o das propostas do setor agropecu\u00e1rio de Mato Grosso para o PAP foi feita pelo superintendente do Imea Daniel Latorraca. Segundo ele, existe uma expectativa grande para a pr\u00f3xima safra quando o assunto \u00e9 taxa de juros. \u201cA taxa de juros Selic teve uma redu\u00e7\u00e3o muito grande. Em julho do ano passado estava em 9,25% e agora est\u00e1 indo para 6,75%, com perspectiva de ir at\u00e9 6,5%. Hoje, por exemplo, quem est\u00e1 pegando financiamento para custeio aqui em Mato Grosso a taxa ainda \u00e9 de 8,5%. Ent\u00e3o, existe uma grande expectativa que essa taxa de juros caia e os produtores consigam fazer ainda mais os seus custeios e financiar as pr\u00f3ximas safras\u201d, explicou.<\/p>\n<p>O cr\u00e9dito rural oficial para o setor do agroneg\u00f3cio \u00e9 muito importante. \u00c9 considerado um dos grandes motores do crescimento ou n\u00e3o da \u00e1rea de produ\u00e7\u00e3o. \u201cNotamos que no ano passado, quando o Imea apurou o funding, ou seja, como os produtores est\u00e3o financiando, observamos que apenas 19% do capital total a ser financiado foi dinheiro do produtor, sendo que j\u00e1 chegou a 40% h\u00e1 tr\u00eas anos. Ent\u00e3o, o produtor perdeu muito no caixa e no poder de se auto financiar. E hoje depende cada vez mais do cr\u00e9dito, n\u00e3o s\u00f3 o oficial, como do mercado como um todo\u201d, apontou Latorraca.<\/p>\n<p>A apresenta\u00e7\u00e3o das propostas dos produtores rurais de Mato Grosso do Sul foi feita pelo superintendente do Servi\u00e7o Nacional de Aprendizagem Rural (Senar-MS) Lucas Galvan.<\/p>\n<p>O encontro de levantamento de propostas j\u00e1 aconteceu na Federa\u00e7\u00e3o da Agricultura e Pecu\u00e1ria de Santa Catarina (Faesp), na Famato, em Cuiab\u00e1, e no dia 16\/03 ser\u00e1 em Uru\u00e7u\u00ed no Piau\u00ed.<\/p>\n<p>Tamb\u00e9m participaram da reuni\u00e3o a assessora t\u00e9cnica da Comiss\u00e3o Nacional de Pol\u00edtica Agr\u00edcola da CNA Fernanda Schwantes, o superintendente do Senar-MT, Ot\u00e1vio Celidonio, o coordenador t\u00e9cnico de Pol\u00edtica Agr\u00edcola da IPA\/FPA, C\u00e9lio Porto, o coordenador de Cr\u00e9dito Rural do departamento de Cr\u00e9dito e Estudos Econ\u00f4micos da Secretaria de Pol\u00edtica Agr\u00edcola do Mapa, Jo\u00e3o Cl\u00e1udio da Silva Souza, analistas e gestores do Imea, representantes da Associa\u00e7\u00e3o de Produtores de Soja e Milho de Mato Grosso (Aprosoja-MT), Associa\u00e7\u00e3o de Criadores de Gado de Mato Grosso (Acrimat), Associa\u00e7\u00e3o Mato-grossense de Produtores de Algod\u00e3o (Ampa), Federa\u00e7\u00e3o da Agricultura e Pecu\u00e1ria de Mato Grosso do Sul (Famasul), Federa\u00e7\u00e3o da Agricultura e Pecu\u00e1ria de Goi\u00e1s (Faeg), Associa\u00e7\u00e3o de Produtores de Sementes de Mato Grosso (Aprosmat), Associa\u00e7\u00e3o de Produtores de Criadores de Su\u00ednos (Acrismat) e representantes da empresa G. Guimar\u00e3es. (Da assessoria)<\/p>\n","protected":false},"excerpt":{"rendered":"<p> Cuiab\u00e1 foi a segunda cidade a discutir medidas para o PAP<\/p>\n","protected":false},"author":7,"featured_media":97986484,"comment_status":"closed","ping_status":"closed","sticky":false,"template":"","format":"standard","meta":{"footnotes":""},"categories":[6,1],"tags":[],"class_list":["post-97986483","post","type-post","status-publish","format-standard","has-post-thumbnail","hentry","category-destaque","category-noticia"],"yoast_head":"<!-- This site is optimized with the Yoast SEO plugin v24.8.1 - https:\/\/yoast.com\/wordpress\/plugins\/seo\/ -->\n<title>Sistema Famato apresenta dados para aprimorar o PAP 2018\/2019 - Acrimat<\/title>\n<meta name=\"robots\" content=\"index, follow, max-snippet:-1, max-image-preview:large, max-video-preview:-1\" \/>\n<link rel=\"canonical\" href=\"https:\/\/acrimat.org.br\/portal\/sistema-famato-apresenta-dados-para-aprimorar-o-pap-2018-2019\/\" \/>\n<meta property=\"og:locale\" content=\"pt_BR\" \/>\n<meta property=\"og:type\" content=\"article\" \/>\n<meta property=\"og:title\" content=\"Sistema Famato apresenta dados para aprimorar o PAP 2018\/2019 - Acrimat\" \/>\n<meta property=\"og:description\" content=\"Cuiab\u00e1 foi a segunda cidade a discutir medidas para o PAP\" \/>\n<meta property=\"og:url\" content=\"https:\/\/acrimat.org.br\/portal\/sistema-famato-apresenta-dados-para-aprimorar-o-pap-2018-2019\/\" \/>\n<meta property=\"og:site_name\" content=\"Acrimat\" \/>\n<meta property=\"article:published_time\" content=\"2018-03-15T18:38:24+00:00\" \/>\n<meta property=\"article:modified_time\" content=\"2018-03-15T18:39:59+00:00\" \/>\n<meta property=\"og:image\" content=\"https:\/\/acrimat.org.br\/portal\/wp-content\/uploads\/2018\/03\/14032018052649.jpg\" \/>\n\t<meta property=\"og:image:width\" content=\"600\" \/>\n\t<meta property=\"og:image:height\" content=\"400\" \/>\n\t<meta property=\"og:image:type\" content=\"image\/jpeg\" \/>\n<meta name=\"author\" content=\"Assessoria de comunica\u00e7\u00e3o ACRIMAT\" \/>\n<meta name=\"twitter:card\" content=\"summary_large_image\" \/>\n<meta name=\"twitter:label1\" content=\"Escrito por\" \/>\n\t<meta name=\"twitter:data1\" content=\"Assessoria de comunica\u00e7\u00e3o ACRIMAT\" \/>\n\t<meta name=\"twitter:label2\" content=\"Est. tempo de leitura\" \/>\n\t<meta name=\"twitter:data2\" content=\"4 minutos\" \/>\n<script type=\"application\/ld+json\" class=\"yoast-schema-graph\">{\"@context\":\"https:\/\/schema.org\",\"@graph\":[{\"@type\":\"Article\",\"@id\":\"https:\/\/acrimat.org.br\/portal\/sistema-famato-apresenta-dados-para-aprimorar-o-pap-2018-2019\/#article\",\"isPartOf\":{\"@id\":\"https:\/\/acrimat.org.br\/portal\/sistema-famato-apresenta-dados-para-aprimorar-o-pap-2018-2019\/\"},\"author\":{\"name\":\"Assessoria de comunica\u00e7\u00e3o ACRIMAT\",\"@id\":\"https:\/\/acrimat.org.br\/portal\/#\/schema\/person\/a309b9496344ff991e8e1b1d751fdd7b\"},\"headline\":\"Sistema Famato apresenta dados para aprimorar o PAP 2018\/2019\",\"datePublished\":\"2018-03-15T18:38:24+00:00\",\"dateModified\":\"2018-03-15T18:39:59+00:00\",\"mainEntityOfPage\":{\"@id\":\"https:\/\/acrimat.org.br\/portal\/sistema-famato-apresenta-dados-para-aprimorar-o-pap-2018-2019\/\"},\"wordCount\":872,\"publisher\":{\"@id\":\"https:\/\/acrimat.org.br\/portal\/#organization\"},\"image\":{\"@id\":\"https:\/\/acrimat.org.br\/portal\/sistema-famato-apresenta-dados-para-aprimorar-o-pap-2018-2019\/#primaryimage\"},\"thumbnailUrl\":\"https:\/\/acrimat.org.br\/portal\/wp-content\/uploads\/2018\/03\/14032018052649.jpg\",\"articleSection\":[\"Destaques\",\"Not\u00edcias\"],\"inLanguage\":\"pt-BR\"},{\"@type\":\"WebPage\",\"@id\":\"https:\/\/acrimat.org.br\/portal\/sistema-famato-apresenta-dados-para-aprimorar-o-pap-2018-2019\/\",\"url\":\"https:\/\/acrimat.org.br\/portal\/sistema-famato-apresenta-dados-para-aprimorar-o-pap-2018-2019\/\",\"name\":\"Sistema Famato apresenta dados para aprimorar o PAP 2018\/2019 - Acrimat\",\"isPartOf\":{\"@id\":\"https:\/\/acrimat.org.br\/portal\/#website\"},\"primaryImageOfPage\":{\"@id\":\"https:\/\/acrimat.org.br\/portal\/sistema-famato-apresenta-dados-para-aprimorar-o-pap-2018-2019\/#primaryimage\"},\"image\":{\"@id\":\"https:\/\/acrimat.org.br\/portal\/sistema-famato-apresenta-dados-para-aprimorar-o-pap-2018-2019\/#primaryimage\"},\"thumbnailUrl\":\"https:\/\/acrimat.org.br\/portal\/wp-content\/uploads\/2018\/03\/14032018052649.jpg\",\"datePublished\":\"2018-03-15T18:38:24+00:00\",\"dateModified\":\"2018-03-15T18:39:59+00:00\",\"breadcrumb\":{\"@id\":\"https:\/\/acrimat.org.br\/portal\/sistema-famato-apresenta-dados-para-aprimorar-o-pap-2018-2019\/#breadcrumb\"},\"inLanguage\":\"pt-BR\",\"potentialAction\":[{\"@type\":\"ReadAction\",\"target\":[\"https:\/\/acrimat.org.br\/portal\/sistema-famato-apresenta-dados-para-aprimorar-o-pap-2018-2019\/\"]}]},{\"@type\":\"ImageObject\",\"inLanguage\":\"pt-BR\",\"@id\":\"https:\/\/acrimat.org.br\/portal\/sistema-famato-apresenta-dados-para-aprimorar-o-pap-2018-2019\/#primaryimage\",\"url\":\"https:\/\/acrimat.org.br\/portal\/wp-content\/uploads\/2018\/03\/14032018052649.jpg\",\"contentUrl\":\"https:\/\/acrimat.org.br\/portal\/wp-content\/uploads\/2018\/03\/14032018052649.jpg\",\"width\":600,\"height\":400},{\"@type\":\"BreadcrumbList\",\"@id\":\"https:\/\/acrimat.org.br\/portal\/sistema-famato-apresenta-dados-para-aprimorar-o-pap-2018-2019\/#breadcrumb\",\"itemListElement\":[{\"@type\":\"ListItem\",\"position\":1,\"name\":\"In\u00edcio\",\"item\":\"https:\/\/acrimat.org.br\/portal\/\"},{\"@type\":\"ListItem\",\"position\":2,\"name\":\"Sistema Famato apresenta dados para aprimorar o PAP 2018\/2019\"}]},{\"@type\":\"WebSite\",\"@id\":\"https:\/\/acrimat.org.br\/portal\/#website\",\"url\":\"https:\/\/acrimat.org.br\/portal\/\",\"name\":\"Acrimat\",\"description\":\"Associa\u00e7\u00e3o dos Criadores de Mato Grosso\",\"publisher\":{\"@id\":\"https:\/\/acrimat.org.br\/portal\/#organization\"},\"potentialAction\":[{\"@type\":\"SearchAction\",\"target\":{\"@type\":\"EntryPoint\",\"urlTemplate\":\"https:\/\/acrimat.org.br\/portal\/?s={search_term_string}\"},\"query-input\":{\"@type\":\"PropertyValueSpecification\",\"valueRequired\":true,\"valueName\":\"search_term_string\"}}],\"inLanguage\":\"pt-BR\"},{\"@type\":\"Organization\",\"@id\":\"https:\/\/acrimat.org.br\/portal\/#organization\",\"name\":\"Associa\u00e7\u00e3o dos Criadores de Mato Grosso\",\"url\":\"https:\/\/acrimat.org.br\/portal\/\",\"logo\":{\"@type\":\"ImageObject\",\"inLanguage\":\"pt-BR\",\"@id\":\"https:\/\/acrimat.org.br\/portal\/#\/schema\/logo\/image\/\",\"url\":\"https:\/\/acrimat.org.br\/portal\/wp-content\/uploads\/2018\/03\/logo-peq-original.png\",\"contentUrl\":\"https:\/\/acrimat.org.br\/portal\/wp-content\/uploads\/2018\/03\/logo-peq-original.png\",\"width\":174,\"height\":171,\"caption\":\"Associa\u00e7\u00e3o dos Criadores de Mato Grosso\"},\"image\":{\"@id\":\"https:\/\/acrimat.org.br\/portal\/#\/schema\/logo\/image\/\"}},{\"@type\":\"Person\",\"@id\":\"https:\/\/acrimat.org.br\/portal\/#\/schema\/person\/a309b9496344ff991e8e1b1d751fdd7b\",\"name\":\"Assessoria de comunica\u00e7\u00e3o ACRIMAT\",\"image\":{\"@type\":\"ImageObject\",\"inLanguage\":\"pt-BR\",\"@id\":\"https:\/\/acrimat.org.br\/portal\/#\/schema\/person\/image\/\",\"url\":\"https:\/\/secure.gravatar.com\/avatar\/2f9c28e64c317bcd762b25cb1575f1b4?s=96&d=mm&r=g\",\"contentUrl\":\"https:\/\/secure.gravatar.com\/avatar\/2f9c28e64c317bcd762b25cb1575f1b4?s=96&d=mm&r=g\",\"caption\":\"Assessoria de comunica\u00e7\u00e3o ACRIMAT\"},\"sameAs\":[\"http:\/\/acrimat.org.br\/\"],\"url\":\"https:\/\/acrimat.org.br\/portal\/author\/ascom\/\"}]}<\/script>\n<!-- \/ Yoast SEO plugin. -->","yoast_head_json":{"title":"Sistema Famato apresenta dados para aprimorar o PAP 2018\/2019 - Acrimat","robots":{"index":"index","follow":"follow","max-snippet":"max-snippet:-1","max-image-preview":"max-image-preview:large","max-video-preview":"max-video-preview:-1"},"canonical":"https:\/\/acrimat.org.br\/portal\/sistema-famato-apresenta-dados-para-aprimorar-o-pap-2018-2019\/","og_locale":"pt_BR","og_type":"article","og_title":"Sistema Famato apresenta dados para aprimorar o PAP 2018\/2019 - Acrimat","og_description":"Cuiab\u00e1 foi a segunda cidade a discutir medidas para o PAP","og_url":"https:\/\/acrimat.org.br\/portal\/sistema-famato-apresenta-dados-para-aprimorar-o-pap-2018-2019\/","og_site_name":"Acrimat","article_published_time":"2018-03-15T18:38:24+00:00","article_modified_time":"2018-03-15T18:39:59+00:00","og_image":[{"width":600,"height":400,"url":"https:\/\/acrimat.org.br\/portal\/wp-content\/uploads\/2018\/03\/14032018052649.jpg","type":"image\/jpeg"}],"author":"Assessoria de comunica\u00e7\u00e3o ACRIMAT","twitter_card":"summary_large_image","twitter_misc":{"Escrito por":"Assessoria de comunica\u00e7\u00e3o ACRIMAT","Est. tempo de leitura":"4 minutos"},"schema":{"@context":"https:\/\/schema.org","@graph":[{"@type":"Article","@id":"https:\/\/acrimat.org.br\/portal\/sistema-famato-apresenta-dados-para-aprimorar-o-pap-2018-2019\/#article","isPartOf":{"@id":"https:\/\/acrimat.org.br\/portal\/sistema-famato-apresenta-dados-para-aprimorar-o-pap-2018-2019\/"},"author":{"name":"Assessoria de comunica\u00e7\u00e3o ACRIMAT","@id":"https:\/\/acrimat.org.br\/portal\/#\/schema\/person\/a309b9496344ff991e8e1b1d751fdd7b"},"headline":"Sistema Famato apresenta dados para aprimorar o PAP 2018\/2019","datePublished":"2018-03-15T18:38:24+00:00","dateModified":"2018-03-15T18:39:59+00:00","mainEntityOfPage":{"@id":"https:\/\/acrimat.org.br\/portal\/sistema-famato-apresenta-dados-para-aprimorar-o-pap-2018-2019\/"},"wordCount":872,"publisher":{"@id":"https:\/\/acrimat.org.br\/portal\/#organization"},"image":{"@id":"https:\/\/acrimat.org.br\/portal\/sistema-famato-apresenta-dados-para-aprimorar-o-pap-2018-2019\/#primaryimage"},"thumbnailUrl":"https:\/\/acrimat.org.br\/portal\/wp-content\/uploads\/2018\/03\/14032018052649.jpg","articleSection":["Destaques","Not\u00edcias"],"inLanguage":"pt-BR"},{"@type":"WebPage","@id":"https:\/\/acrimat.org.br\/portal\/sistema-famato-apresenta-dados-para-aprimorar-o-pap-2018-2019\/","url":"https:\/\/acrimat.org.br\/portal\/sistema-famato-apresenta-dados-para-aprimorar-o-pap-2018-2019\/","name":"Sistema Famato apresenta dados para aprimorar o PAP 2018\/2019 - Acrimat","isPartOf":{"@id":"https:\/\/acrimat.org.br\/portal\/#website"},"primaryImageOfPage":{"@id":"https:\/\/acrimat.org.br\/portal\/sistema-famato-apresenta-dados-para-aprimorar-o-pap-2018-2019\/#primaryimage"},"image":{"@id":"https:\/\/acrimat.org.br\/portal\/sistema-famato-apresenta-dados-para-aprimorar-o-pap-2018-2019\/#primaryimage"},"thumbnailUrl":"https:\/\/acrimat.org.br\/portal\/wp-content\/uploads\/2018\/03\/14032018052649.jpg","datePublished":"2018-03-15T18:38:24+00:00","dateModified":"2018-03-15T18:39:59+00:00","breadcrumb":{"@id":"https:\/\/acrimat.org.br\/portal\/sistema-famato-apresenta-dados-para-aprimorar-o-pap-2018-2019\/#breadcrumb"},"inLanguage":"pt-BR","potentialAction":[{"@type":"ReadAction","target":["https:\/\/acrimat.org.br\/portal\/sistema-famato-apresenta-dados-para-aprimorar-o-pap-2018-2019\/"]}]},{"@type":"ImageObject","inLanguage":"pt-BR","@id":"https:\/\/acrimat.org.br\/portal\/sistema-famato-apresenta-dados-para-aprimorar-o-pap-2018-2019\/#primaryimage","url":"https:\/\/acrimat.org.br\/portal\/wp-content\/uploads\/2018\/03\/14032018052649.jpg","contentUrl":"https:\/\/acrimat.org.br\/portal\/wp-content\/uploads\/2018\/03\/14032018052649.jpg","width":600,"height":400},{"@type":"BreadcrumbList","@id":"https:\/\/acrimat.org.br\/portal\/sistema-famato-apresenta-dados-para-aprimorar-o-pap-2018-2019\/#breadcrumb","itemListElement":[{"@type":"ListItem","position":1,"name":"In\u00edcio","item":"https:\/\/acrimat.org.br\/portal\/"},{"@type":"ListItem","position":2,"name":"Sistema Famato apresenta dados para aprimorar o PAP 2018\/2019"}]},{"@type":"WebSite","@id":"https:\/\/acrimat.org.br\/portal\/#website","url":"https:\/\/acrimat.org.br\/portal\/","name":"Acrimat","description":"Associa\u00e7\u00e3o dos Criadores de Mato Grosso","publisher":{"@id":"https:\/\/acrimat.org.br\/portal\/#organization"},"potentialAction":[{"@type":"SearchAction","target":{"@type":"EntryPoint","urlTemplate":"https:\/\/acrimat.org.br\/portal\/?s={search_term_string}"},"query-input":{"@type":"PropertyValueSpecification","valueRequired":true,"valueName":"search_term_string"}}],"inLanguage":"pt-BR"},{"@type":"Organization","@id":"https:\/\/acrimat.org.br\/portal\/#organization","name":"Associa\u00e7\u00e3o dos Criadores de Mato Grosso","url":"https:\/\/acrimat.org.br\/portal\/","logo":{"@type":"ImageObject","inLanguage":"pt-BR","@id":"https:\/\/acrimat.org.br\/portal\/#\/schema\/logo\/image\/","url":"https:\/\/acrimat.org.br\/portal\/wp-content\/uploads\/2018\/03\/logo-peq-original.png","contentUrl":"https:\/\/acrimat.org.br\/portal\/wp-content\/uploads\/2018\/03\/logo-peq-original.png","width":174,"height":171,"caption":"Associa\u00e7\u00e3o dos Criadores de Mato Grosso"},"image":{"@id":"https:\/\/acrimat.org.br\/portal\/#\/schema\/logo\/image\/"}},{"@type":"Person","@id":"https:\/\/acrimat.org.br\/portal\/#\/schema\/person\/a309b9496344ff991e8e1b1d751fdd7b","name":"Assessoria de comunica\u00e7\u00e3o ACRIMAT","image":{"@type":"ImageObject","inLanguage":"pt-BR","@id":"https:\/\/acrimat.org.br\/portal\/#\/schema\/person\/image\/","url":"https:\/\/secure.gravatar.com\/avatar\/2f9c28e64c317bcd762b25cb1575f1b4?s=96&d=mm&r=g","contentUrl":"https:\/\/secure.gravatar.com\/avatar\/2f9c28e64c317bcd762b25cb1575f1b4?s=96&d=mm&r=g","caption":"Assessoria de comunica\u00e7\u00e3o ACRIMAT"},"sameAs":["http:\/\/acrimat.org.br\/"],"url":"https:\/\/acrimat.org.br\/portal\/author\/ascom\/"}]}},"_links":{"self":[{"href":"https:\/\/acrimat.org.br\/portal\/wp-json\/wp\/v2\/posts\/97986483","targetHints":{"allow":["GET"]}}],"collection":[{"href":"https:\/\/acrimat.org.br\/portal\/wp-json\/wp\/v2\/posts"}],"about":[{"href":"https:\/\/acrimat.org.br\/portal\/wp-json\/wp\/v2\/types\/post"}],"author":[{"embeddable":true,"href":"https:\/\/acrimat.org.br\/portal\/wp-json\/wp\/v2\/users\/7"}],"replies":[{"embeddable":true,"href":"https:\/\/acrimat.org.br\/portal\/wp-json\/wp\/v2\/comments?post=97986483"}],"version-history":[{"count":3,"href":"https:\/\/acrimat.org.br\/portal\/wp-json\/wp\/v2\/posts\/97986483\/revisions"}],"predecessor-version":[{"id":97986487,"href":"https:\/\/acrimat.org.br\/portal\/wp-json\/wp\/v2\/posts\/97986483\/revisions\/97986487"}],"wp:featuredmedia":[{"embeddable":true,"href":"https:\/\/acrimat.org.br\/portal\/wp-json\/wp\/v2\/media\/97986484"}],"wp:attachment":[{"href":"https:\/\/acrimat.org.br\/portal\/wp-json\/wp\/v2\/media?parent=97986483"}],"wp:term":[{"taxonomy":"category","embeddable":true,"href":"https:\/\/acrimat.org.br\/portal\/wp-json\/wp\/v2\/categories?post=97986483"},{"taxonomy":"post_tag","embeddable":true,"href":"https:\/\/acrimat.org.br\/portal\/wp-json\/wp\/v2\/tags?post=97986483"}],"curies":[{"name":"wp","href":"https:\/\/api.w.org\/{rel}","templated":true}]}}