{"id":97986501,"date":"2018-03-16T10:46:39","date_gmt":"2018-03-16T13:46:39","guid":{"rendered":"http:\/\/acrimat.org.br\/portal\/?p=97986501"},"modified":"2018-03-16T10:46:39","modified_gmt":"2018-03-16T13:46:39","slug":"expectativa-de-queda-para-o-preco-da-carne-bovina-no-atacado","status":"publish","type":"post","link":"https:\/\/acrimat.org.br\/portal\/expectativa-de-queda-para-o-preco-da-carne-bovina-no-atacado\/","title":{"rendered":"Expectativa de queda para o pre\u00e7o da carne bovina no atacado"},"content":{"rendered":"<p>O mercado f\u00edsico do boi gordo segue em ritmo lento no decorrer desta semana. A consultoria Radar Investimentos indica que uma press\u00e3o de baixa pode crescer nos pr\u00f3ximos dias em S\u00e3o Paulo. Isso porque parte dos frigor\u00edficos de pequeno porte conseguiram alongar as programa\u00e7\u00f5es at\u00e9 o final da pr\u00f3xima semana.<\/p>\n<p>No entanto, de maneira geral, os\u00a0frigor\u00edficos t\u00eam optado por n\u00e3o alongar as escalas em demasia, analisando o\u00a0quadro atual da carne bovina no atacado. O perfil de negocia\u00e7\u00f5es foi mantido, com volumes pouco expressivos\u00a0para preencher uma ou outra necessidade mais urgente.<\/p>\n<p>J\u00e1 os pecuaristas, por sua vez, seguem optando pela reten\u00e7\u00e3o dos animais no decorrer do primeiro trimestre. As pastagens\u00a0em boas condi\u00e7\u00f5es ainda oferecem respaldo a esse tipo de estrat\u00e9gia.<\/p>\n<p><strong>Mercado atacadista<\/strong><\/p>\n<p>No atacado, os pre\u00e7os tiveram poucas altera\u00e7\u00f5es, segundo a Safras &amp; Mercado. A reposi\u00e7\u00e3o entre atacado e\u00a0varejo ainda flui de maneira lenta e a fr\u00e1gil situa\u00e7\u00e3o das prote\u00ednas\u00a0concorrentes segue como principal limitador de altas mais consistentes para a\u00a0carne bovina.<\/p>\n<p>Enquanto isso, as exporta\u00e7\u00f5es em \u00f3timo n\u00edvel mant\u00eam o ajuste no mercado\u00a0dom\u00e9stico. Os embarques de carne bovina s\u00e3o sem d\u00favida o destaque setorial\u00a0neste primeiro trimestre.<\/p>\n<p>De acordo com a Scot Consultoria, a entrada da segunda quinzena do m\u00eas, per\u00edodo que sazonalmente o consumo se retrai em fun\u00e7\u00e3o da descapitaliza\u00e7\u00e3o da popula\u00e7\u00e3o, pode gerar desvaloriza\u00e7\u00f5es para o mercado atacadista de carne bovina.<\/p>\n","protected":false},"excerpt":{"rendered":"<p>O mercado f\u00edsico do boi gordo segue em ritmo lento no decorrer desta semana<\/p>\n","protected":false},"author":7,"featured_media":97983968,"comment_status":"closed","ping_status":"closed","sticky":false,"template":"","format":"standard","meta":{"footnotes":""},"categories":[6,1],"tags":[],"class_list":["post-97986501","post","type-post","status-publish","format-standard","has-post-thumbnail","hentry","category-destaque","category-noticia"],"yoast_head":"<!-- This site is optimized with the Yoast SEO plugin v24.8.1 - https:\/\/yoast.com\/wordpress\/plugins\/seo\/ -->\n<title>Expectativa de queda para o pre\u00e7o da carne bovina no atacado - Acrimat<\/title>\n<meta name=\"robots\" content=\"index, follow, max-snippet:-1, max-image-preview:large, max-video-preview:-1\" \/>\n<link rel=\"canonical\" href=\"https:\/\/acrimat.org.br\/portal\/expectativa-de-queda-para-o-preco-da-carne-bovina-no-atacado\/\" \/>\n<meta property=\"og:locale\" content=\"pt_BR\" \/>\n<meta property=\"og:type\" content=\"article\" \/>\n<meta property=\"og:title\" content=\"Expectativa de queda para o pre\u00e7o da carne bovina no atacado - Acrimat\" \/>\n<meta property=\"og:description\" content=\"O mercado f\u00edsico do boi gordo segue em ritmo lento no decorrer desta semana\" \/>\n<meta property=\"og:url\" content=\"https:\/\/acrimat.org.br\/portal\/expectativa-de-queda-para-o-preco-da-carne-bovina-no-atacado\/\" \/>\n<meta property=\"og:site_name\" content=\"Acrimat\" \/>\n<meta property=\"article:published_time\" content=\"2018-03-16T13:46:39+00:00\" \/>\n<meta property=\"og:image\" content=\"https:\/\/acrimat.org.br\/portal\/wp-content\/uploads\/2017\/10\/carne-mercado3.jpg\" \/>\n\t<meta property=\"og:image:width\" content=\"730\" \/>\n\t<meta property=\"og:image:height\" content=\"502\" \/>\n\t<meta property=\"og:image:type\" content=\"image\/jpeg\" \/>\n<meta name=\"author\" content=\"Assessoria de comunica\u00e7\u00e3o ACRIMAT\" \/>\n<meta name=\"twitter:card\" content=\"summary_large_image\" \/>\n<meta name=\"twitter:label1\" content=\"Escrito por\" \/>\n\t<meta name=\"twitter:data1\" content=\"Assessoria de comunica\u00e7\u00e3o ACRIMAT\" \/>\n\t<meta name=\"twitter:label2\" content=\"Est. tempo de leitura\" \/>\n\t<meta name=\"twitter:data2\" content=\"1 minuto\" \/>\n<script type=\"application\/ld+json\" class=\"yoast-schema-graph\">{\"@context\":\"https:\/\/schema.org\",\"@graph\":[{\"@type\":\"Article\",\"@id\":\"https:\/\/acrimat.org.br\/portal\/expectativa-de-queda-para-o-preco-da-carne-bovina-no-atacado\/#article\",\"isPartOf\":{\"@id\":\"https:\/\/acrimat.org.br\/portal\/expectativa-de-queda-para-o-preco-da-carne-bovina-no-atacado\/\"},\"author\":{\"name\":\"Assessoria de comunica\u00e7\u00e3o ACRIMAT\",\"@id\":\"https:\/\/acrimat.org.br\/portal\/#\/schema\/person\/a309b9496344ff991e8e1b1d751fdd7b\"},\"headline\":\"Expectativa de queda para o pre\u00e7o da carne bovina no atacado\",\"datePublished\":\"2018-03-16T13:46:39+00:00\",\"mainEntityOfPage\":{\"@id\":\"https:\/\/acrimat.org.br\/portal\/expectativa-de-queda-para-o-preco-da-carne-bovina-no-atacado\/\"},\"wordCount\":274,\"publisher\":{\"@id\":\"https:\/\/acrimat.org.br\/portal\/#organization\"},\"image\":{\"@id\":\"https:\/\/acrimat.org.br\/portal\/expectativa-de-queda-para-o-preco-da-carne-bovina-no-atacado\/#primaryimage\"},\"thumbnailUrl\":\"https:\/\/acrimat.org.br\/portal\/wp-content\/uploads\/2017\/10\/carne-mercado3.jpg\",\"articleSection\":[\"Destaques\",\"Not\u00edcias\"],\"inLanguage\":\"pt-BR\"},{\"@type\":\"WebPage\",\"@id\":\"https:\/\/acrimat.org.br\/portal\/expectativa-de-queda-para-o-preco-da-carne-bovina-no-atacado\/\",\"url\":\"https:\/\/acrimat.org.br\/portal\/expectativa-de-queda-para-o-preco-da-carne-bovina-no-atacado\/\",\"name\":\"Expectativa de queda para o pre\u00e7o da carne bovina no atacado - Acrimat\",\"isPartOf\":{\"@id\":\"https:\/\/acrimat.org.br\/portal\/#website\"},\"primaryImageOfPage\":{\"@id\":\"https:\/\/acrimat.org.br\/portal\/expectativa-de-queda-para-o-preco-da-carne-bovina-no-atacado\/#primaryimage\"},\"image\":{\"@id\":\"https:\/\/acrimat.org.br\/portal\/expectativa-de-queda-para-o-preco-da-carne-bovina-no-atacado\/#primaryimage\"},\"thumbnailUrl\":\"https:\/\/acrimat.org.br\/portal\/wp-content\/uploads\/2017\/10\/carne-mercado3.jpg\",\"datePublished\":\"2018-03-16T13:46:39+00:00\",\"breadcrumb\":{\"@id\":\"https:\/\/acrimat.org.br\/portal\/expectativa-de-queda-para-o-preco-da-carne-bovina-no-atacado\/#breadcrumb\"},\"inLanguage\":\"pt-BR\",\"potentialAction\":[{\"@type\":\"ReadAction\",\"target\":[\"https:\/\/acrimat.org.br\/portal\/expectativa-de-queda-para-o-preco-da-carne-bovina-no-atacado\/\"]}]},{\"@type\":\"ImageObject\",\"inLanguage\":\"pt-BR\",\"@id\":\"https:\/\/acrimat.org.br\/portal\/expectativa-de-queda-para-o-preco-da-carne-bovina-no-atacado\/#primaryimage\",\"url\":\"https:\/\/acrimat.org.br\/portal\/wp-content\/uploads\/2017\/10\/carne-mercado3.jpg\",\"contentUrl\":\"https:\/\/acrimat.org.br\/portal\/wp-content\/uploads\/2017\/10\/carne-mercado3.jpg\",\"width\":730,\"height\":502},{\"@type\":\"BreadcrumbList\",\"@id\":\"https:\/\/acrimat.org.br\/portal\/expectativa-de-queda-para-o-preco-da-carne-bovina-no-atacado\/#breadcrumb\",\"itemListElement\":[{\"@type\":\"ListItem\",\"position\":1,\"name\":\"In\u00edcio\",\"item\":\"https:\/\/acrimat.org.br\/portal\/\"},{\"@type\":\"ListItem\",\"position\":2,\"name\":\"Expectativa de queda para o pre\u00e7o da carne bovina no atacado\"}]},{\"@type\":\"WebSite\",\"@id\":\"https:\/\/acrimat.org.br\/portal\/#website\",\"url\":\"https:\/\/acrimat.org.br\/portal\/\",\"name\":\"Acrimat\",\"description\":\"Associa\u00e7\u00e3o dos Criadores de Mato Grosso\",\"publisher\":{\"@id\":\"https:\/\/acrimat.org.br\/portal\/#organization\"},\"potentialAction\":[{\"@type\":\"SearchAction\",\"target\":{\"@type\":\"EntryPoint\",\"urlTemplate\":\"https:\/\/acrimat.org.br\/portal\/?s={search_term_string}\"},\"query-input\":{\"@type\":\"PropertyValueSpecification\",\"valueRequired\":true,\"valueName\":\"search_term_string\"}}],\"inLanguage\":\"pt-BR\"},{\"@type\":\"Organization\",\"@id\":\"https:\/\/acrimat.org.br\/portal\/#organization\",\"name\":\"Associa\u00e7\u00e3o dos Criadores de Mato Grosso\",\"url\":\"https:\/\/acrimat.org.br\/portal\/\",\"logo\":{\"@type\":\"ImageObject\",\"inLanguage\":\"pt-BR\",\"@id\":\"https:\/\/acrimat.org.br\/portal\/#\/schema\/logo\/image\/\",\"url\":\"https:\/\/acrimat.org.br\/portal\/wp-content\/uploads\/2018\/03\/logo-peq-original.png\",\"contentUrl\":\"https:\/\/acrimat.org.br\/portal\/wp-content\/uploads\/2018\/03\/logo-peq-original.png\",\"width\":174,\"height\":171,\"caption\":\"Associa\u00e7\u00e3o dos Criadores de Mato Grosso\"},\"image\":{\"@id\":\"https:\/\/acrimat.org.br\/portal\/#\/schema\/logo\/image\/\"}},{\"@type\":\"Person\",\"@id\":\"https:\/\/acrimat.org.br\/portal\/#\/schema\/person\/a309b9496344ff991e8e1b1d751fdd7b\",\"name\":\"Assessoria de comunica\u00e7\u00e3o ACRIMAT\",\"image\":{\"@type\":\"ImageObject\",\"inLanguage\":\"pt-BR\",\"@id\":\"https:\/\/acrimat.org.br\/portal\/#\/schema\/person\/image\/\",\"url\":\"https:\/\/secure.gravatar.com\/avatar\/2f9c28e64c317bcd762b25cb1575f1b4?s=96&d=mm&r=g\",\"contentUrl\":\"https:\/\/secure.gravatar.com\/avatar\/2f9c28e64c317bcd762b25cb1575f1b4?s=96&d=mm&r=g\",\"caption\":\"Assessoria de comunica\u00e7\u00e3o ACRIMAT\"},\"sameAs\":[\"http:\/\/acrimat.org.br\/\"],\"url\":\"https:\/\/acrimat.org.br\/portal\/author\/ascom\/\"}]}<\/script>\n<!-- \/ Yoast SEO plugin. -->","yoast_head_json":{"title":"Expectativa de queda para o pre\u00e7o da carne bovina no atacado - Acrimat","robots":{"index":"index","follow":"follow","max-snippet":"max-snippet:-1","max-image-preview":"max-image-preview:large","max-video-preview":"max-video-preview:-1"},"canonical":"https:\/\/acrimat.org.br\/portal\/expectativa-de-queda-para-o-preco-da-carne-bovina-no-atacado\/","og_locale":"pt_BR","og_type":"article","og_title":"Expectativa de queda para o pre\u00e7o da carne bovina no atacado - Acrimat","og_description":"O mercado f\u00edsico do boi gordo segue em ritmo lento no decorrer desta semana","og_url":"https:\/\/acrimat.org.br\/portal\/expectativa-de-queda-para-o-preco-da-carne-bovina-no-atacado\/","og_site_name":"Acrimat","article_published_time":"2018-03-16T13:46:39+00:00","og_image":[{"width":730,"height":502,"url":"https:\/\/acrimat.org.br\/portal\/wp-content\/uploads\/2017\/10\/carne-mercado3.jpg","type":"image\/jpeg"}],"author":"Assessoria de comunica\u00e7\u00e3o ACRIMAT","twitter_card":"summary_large_image","twitter_misc":{"Escrito por":"Assessoria de comunica\u00e7\u00e3o ACRIMAT","Est. tempo de leitura":"1 minuto"},"schema":{"@context":"https:\/\/schema.org","@graph":[{"@type":"Article","@id":"https:\/\/acrimat.org.br\/portal\/expectativa-de-queda-para-o-preco-da-carne-bovina-no-atacado\/#article","isPartOf":{"@id":"https:\/\/acrimat.org.br\/portal\/expectativa-de-queda-para-o-preco-da-carne-bovina-no-atacado\/"},"author":{"name":"Assessoria de comunica\u00e7\u00e3o ACRIMAT","@id":"https:\/\/acrimat.org.br\/portal\/#\/schema\/person\/a309b9496344ff991e8e1b1d751fdd7b"},"headline":"Expectativa de queda para o pre\u00e7o da carne bovina no atacado","datePublished":"2018-03-16T13:46:39+00:00","mainEntityOfPage":{"@id":"https:\/\/acrimat.org.br\/portal\/expectativa-de-queda-para-o-preco-da-carne-bovina-no-atacado\/"},"wordCount":274,"publisher":{"@id":"https:\/\/acrimat.org.br\/portal\/#organization"},"image":{"@id":"https:\/\/acrimat.org.br\/portal\/expectativa-de-queda-para-o-preco-da-carne-bovina-no-atacado\/#primaryimage"},"thumbnailUrl":"https:\/\/acrimat.org.br\/portal\/wp-content\/uploads\/2017\/10\/carne-mercado3.jpg","articleSection":["Destaques","Not\u00edcias"],"inLanguage":"pt-BR"},{"@type":"WebPage","@id":"https:\/\/acrimat.org.br\/portal\/expectativa-de-queda-para-o-preco-da-carne-bovina-no-atacado\/","url":"https:\/\/acrimat.org.br\/portal\/expectativa-de-queda-para-o-preco-da-carne-bovina-no-atacado\/","name":"Expectativa de queda para o pre\u00e7o da carne bovina no atacado - Acrimat","isPartOf":{"@id":"https:\/\/acrimat.org.br\/portal\/#website"},"primaryImageOfPage":{"@id":"https:\/\/acrimat.org.br\/portal\/expectativa-de-queda-para-o-preco-da-carne-bovina-no-atacado\/#primaryimage"},"image":{"@id":"https:\/\/acrimat.org.br\/portal\/expectativa-de-queda-para-o-preco-da-carne-bovina-no-atacado\/#primaryimage"},"thumbnailUrl":"https:\/\/acrimat.org.br\/portal\/wp-content\/uploads\/2017\/10\/carne-mercado3.jpg","datePublished":"2018-03-16T13:46:39+00:00","breadcrumb":{"@id":"https:\/\/acrimat.org.br\/portal\/expectativa-de-queda-para-o-preco-da-carne-bovina-no-atacado\/#breadcrumb"},"inLanguage":"pt-BR","potentialAction":[{"@type":"ReadAction","target":["https:\/\/acrimat.org.br\/portal\/expectativa-de-queda-para-o-preco-da-carne-bovina-no-atacado\/"]}]},{"@type":"ImageObject","inLanguage":"pt-BR","@id":"https:\/\/acrimat.org.br\/portal\/expectativa-de-queda-para-o-preco-da-carne-bovina-no-atacado\/#primaryimage","url":"https:\/\/acrimat.org.br\/portal\/wp-content\/uploads\/2017\/10\/carne-mercado3.jpg","contentUrl":"https:\/\/acrimat.org.br\/portal\/wp-content\/uploads\/2017\/10\/carne-mercado3.jpg","width":730,"height":502},{"@type":"BreadcrumbList","@id":"https:\/\/acrimat.org.br\/portal\/expectativa-de-queda-para-o-preco-da-carne-bovina-no-atacado\/#breadcrumb","itemListElement":[{"@type":"ListItem","position":1,"name":"In\u00edcio","item":"https:\/\/acrimat.org.br\/portal\/"},{"@type":"ListItem","position":2,"name":"Expectativa de queda para o pre\u00e7o da carne bovina no atacado"}]},{"@type":"WebSite","@id":"https:\/\/acrimat.org.br\/portal\/#website","url":"https:\/\/acrimat.org.br\/portal\/","name":"Acrimat","description":"Associa\u00e7\u00e3o dos Criadores de Mato Grosso","publisher":{"@id":"https:\/\/acrimat.org.br\/portal\/#organization"},"potentialAction":[{"@type":"SearchAction","target":{"@type":"EntryPoint","urlTemplate":"https:\/\/acrimat.org.br\/portal\/?s={search_term_string}"},"query-input":{"@type":"PropertyValueSpecification","valueRequired":true,"valueName":"search_term_string"}}],"inLanguage":"pt-BR"},{"@type":"Organization","@id":"https:\/\/acrimat.org.br\/portal\/#organization","name":"Associa\u00e7\u00e3o dos Criadores de Mato Grosso","url":"https:\/\/acrimat.org.br\/portal\/","logo":{"@type":"ImageObject","inLanguage":"pt-BR","@id":"https:\/\/acrimat.org.br\/portal\/#\/schema\/logo\/image\/","url":"https:\/\/acrimat.org.br\/portal\/wp-content\/uploads\/2018\/03\/logo-peq-original.png","contentUrl":"https:\/\/acrimat.org.br\/portal\/wp-content\/uploads\/2018\/03\/logo-peq-original.png","width":174,"height":171,"caption":"Associa\u00e7\u00e3o dos Criadores de Mato Grosso"},"image":{"@id":"https:\/\/acrimat.org.br\/portal\/#\/schema\/logo\/image\/"}},{"@type":"Person","@id":"https:\/\/acrimat.org.br\/portal\/#\/schema\/person\/a309b9496344ff991e8e1b1d751fdd7b","name":"Assessoria de comunica\u00e7\u00e3o ACRIMAT","image":{"@type":"ImageObject","inLanguage":"pt-BR","@id":"https:\/\/acrimat.org.br\/portal\/#\/schema\/person\/image\/","url":"https:\/\/secure.gravatar.com\/avatar\/2f9c28e64c317bcd762b25cb1575f1b4?s=96&d=mm&r=g","contentUrl":"https:\/\/secure.gravatar.com\/avatar\/2f9c28e64c317bcd762b25cb1575f1b4?s=96&d=mm&r=g","caption":"Assessoria de comunica\u00e7\u00e3o ACRIMAT"},"sameAs":["http:\/\/acrimat.org.br\/"],"url":"https:\/\/acrimat.org.br\/portal\/author\/ascom\/"}]}},"_links":{"self":[{"href":"https:\/\/acrimat.org.br\/portal\/wp-json\/wp\/v2\/posts\/97986501","targetHints":{"allow":["GET"]}}],"collection":[{"href":"https:\/\/acrimat.org.br\/portal\/wp-json\/wp\/v2\/posts"}],"about":[{"href":"https:\/\/acrimat.org.br\/portal\/wp-json\/wp\/v2\/types\/post"}],"author":[{"embeddable":true,"href":"https:\/\/acrimat.org.br\/portal\/wp-json\/wp\/v2\/users\/7"}],"replies":[{"embeddable":true,"href":"https:\/\/acrimat.org.br\/portal\/wp-json\/wp\/v2\/comments?post=97986501"}],"version-history":[{"count":1,"href":"https:\/\/acrimat.org.br\/portal\/wp-json\/wp\/v2\/posts\/97986501\/revisions"}],"predecessor-version":[{"id":97986502,"href":"https:\/\/acrimat.org.br\/portal\/wp-json\/wp\/v2\/posts\/97986501\/revisions\/97986502"}],"wp:featuredmedia":[{"embeddable":true,"href":"https:\/\/acrimat.org.br\/portal\/wp-json\/wp\/v2\/media\/97983968"}],"wp:attachment":[{"href":"https:\/\/acrimat.org.br\/portal\/wp-json\/wp\/v2\/media?parent=97986501"}],"wp:term":[{"taxonomy":"category","embeddable":true,"href":"https:\/\/acrimat.org.br\/portal\/wp-json\/wp\/v2\/categories?post=97986501"},{"taxonomy":"post_tag","embeddable":true,"href":"https:\/\/acrimat.org.br\/portal\/wp-json\/wp\/v2\/tags?post=97986501"}],"curies":[{"name":"wp","href":"https:\/\/api.w.org\/{rel}","templated":true}]}}