{"id":97986503,"date":"2018-03-16T10:48:16","date_gmt":"2018-03-16T13:48:16","guid":{"rendered":"http:\/\/acrimat.org.br\/portal\/?p=97986503"},"modified":"2018-03-16T10:48:16","modified_gmt":"2018-03-16T13:48:16","slug":"colider-sedia-o-acrimat-em-acao-no-proximo-dia-3","status":"publish","type":"post","link":"https:\/\/acrimat.org.br\/portal\/colider-sedia-o-acrimat-em-acao-no-proximo-dia-3\/","title":{"rendered":"Col\u00edder sedia o Acrimat em A\u00e7\u00e3o no pr\u00f3ximo dia 3"},"content":{"rendered":"<p>A Associa\u00e7\u00e3o dos Criadores de Mato Grosso (Acrimat) est\u00e1 promovendo o projeto \u201cAcrimat em A\u00e7\u00e3o 2018\u201d. Na primeira etapa, a equipe percorreu sete munic\u00edpios e mobilizou 921 produtores das regi\u00f5es M\u00e9dio Norte e Arinos.<\/p>\n<p>Col\u00edder faz parte da Rota 3 do projeto e receber\u00e1 a caravana da Acrimat no dia 03 de abril. Est\u00e1 \u00e9 a oitava edi\u00e7\u00e3o do maior projeto itinerante da pecu\u00e1ria mato-grossense, que este ano apresenta \u201cDo prato ao pasto: agrega\u00e7\u00e3o de valor \u00e0 pecu\u00e1ria de corte\u201d.<\/p>\n<p>O tema foi escolhido a partir da crescente demanda pelo melhoramento da qualidade do produto que chega na mesa dos produtores. A palestra deste ano \u00e9 apresentada pelo engenheiro agr\u00f4nomo, Marco Tulio Habib Silva, da Scot Consultoria.<\/p>\n<p>O presidente da Acrimat, Marco Tulio Duarte Soares, explica que o pa\u00eds conquistou mercados importantes nos \u00faltimos anos, sendo um dos principais fornecedores mundiais de carne. Por\u00e9m, \u00e9 preciso melhorar o pre\u00e7o do produto comercializado e para isso \u00e9 preciso investir em tecnologia. \u201cExportamos muito, mas ainda recebemos pouco por isso. Para manter o volume e aumentar a receita, precisamos melhorar a qualidade do produto e atingir ou superar par\u00e2metros j\u00e1 alcan\u00e7ados por outros pa\u00edses. Isso exige tecnologia, padroniza\u00e7\u00e3o e const\u00e2ncia\u201d.<\/p>\n<p>Para o\u00a0 pecuarista de Sinop e presidente da Associa\u00e7\u00e3o dos Criadores do Norte de Mato Grosso (Acrinorte), Olvide Galina, a palestra t\u00e9cnica trouxe uma vis\u00e3o da pecu\u00e1ria dentro e fora da fazenda. \u201cTemos muito o que agregar para aumentar a produtividade com as tecnologias existentes. S\u00e3o informa\u00e7\u00f5es sobre a atividade dentro e fora da porteira\u201d.<\/p>\n<p>Pr\u00f3xima Rota<\/p>\n<p>A Rota 3 do \u201cAcrimat em A\u00e7\u00e3o 2018\u201d come\u00e7a no dia 02 de abril e percorre todo o norte do estado. Ser\u00e3o realizadas palestras em Guarant\u00e3 do Norte (02.04), Col\u00edder (03.04), Apiac\u00e1s (04.04), Nova Bandeirantes (05.04), Nova Monte Verde (06.04) e Alta Floresta (07.04).<\/p>\n<p>Para o diretor-executivo da Acrimat, Luciano Vacari, o \u201cAcrimat em A\u00e7\u00e3o\u201d \u00e9 um dos principais projetos da pecu\u00e1ria porque consegue chegar a todas as regi\u00f5es produtoras com informa\u00e7\u00f5es t\u00e9cnicas e promovendo o debate sobre a atividade. \u201cSabemos que n\u00e3o atingimos s\u00f3 o pecuarista que participa da palestra, mas todos os profissionais e produtores que se relacionam com ele. A informa\u00e7\u00e3o se multiplica\u201d, afirma Vacari.<\/p>\n<p>Parcerias<\/p>\n<p>Para chegar nos 33 munic\u00edpios participantes do projeto, o \u201cAcrimat em A\u00e7\u00e3o 2018\u201d conta com o apoio de entidades e empresas que investem no desenvolvimento e fortalecimento da pecu\u00e1ria de corte. Este ano participam do projeto o Sistema Federa\u00e7\u00e3o da Agricultura e Pecu\u00e1ria de Mato Grosso (Famato) e o Servi\u00e7o Nacional de Aprendizagem Rural (Senar-MT), o Sicredi, as concession\u00e1rias Trescinco e Ariel e a Scot Consultoria.<\/p>\n","protected":false},"excerpt":{"rendered":"<p>A Acrimat est\u00e1 promovendo o projeto \u201cAcrimat em A\u00e7\u00e3o 2018\u201d<\/p>\n","protected":false},"author":7,"featured_media":97986456,"comment_status":"closed","ping_status":"closed","sticky":false,"template":"","format":"standard","meta":{"footnotes":""},"categories":[6,1],"tags":[],"class_list":["post-97986503","post","type-post","status-publish","format-standard","has-post-thumbnail","hentry","category-destaque","category-noticia"],"yoast_head":"<!-- This site is optimized with the Yoast SEO plugin v24.8.1 - https:\/\/yoast.com\/wordpress\/plugins\/seo\/ -->\n<title>Col\u00edder sedia o Acrimat em A\u00e7\u00e3o no pr\u00f3ximo dia 3 - Acrimat<\/title>\n<meta name=\"robots\" content=\"index, follow, max-snippet:-1, max-image-preview:large, max-video-preview:-1\" \/>\n<link rel=\"canonical\" href=\"https:\/\/acrimat.org.br\/portal\/colider-sedia-o-acrimat-em-acao-no-proximo-dia-3\/\" \/>\n<meta property=\"og:locale\" content=\"pt_BR\" \/>\n<meta property=\"og:type\" content=\"article\" \/>\n<meta property=\"og:title\" content=\"Col\u00edder sedia o Acrimat em A\u00e7\u00e3o no pr\u00f3ximo dia 3 - Acrimat\" \/>\n<meta property=\"og:description\" content=\"A Acrimat est\u00e1 promovendo o projeto \u201cAcrimat em A\u00e7\u00e3o 2018\u201d\" \/>\n<meta property=\"og:url\" content=\"https:\/\/acrimat.org.br\/portal\/colider-sedia-o-acrimat-em-acao-no-proximo-dia-3\/\" \/>\n<meta property=\"og:site_name\" content=\"Acrimat\" \/>\n<meta property=\"article:published_time\" content=\"2018-03-16T13:48:16+00:00\" \/>\n<meta property=\"og:image\" content=\"https:\/\/acrimat.org.br\/portal\/wp-content\/uploads\/2018\/03\/acrimatemacao2018_tabapora066.jpg\" \/>\n\t<meta property=\"og:image:width\" content=\"1728\" \/>\n\t<meta property=\"og:image:height\" content=\"1152\" \/>\n\t<meta property=\"og:image:type\" content=\"image\/jpeg\" \/>\n<meta name=\"author\" content=\"Assessoria de comunica\u00e7\u00e3o ACRIMAT\" \/>\n<meta name=\"twitter:card\" content=\"summary_large_image\" \/>\n<meta name=\"twitter:label1\" content=\"Escrito por\" \/>\n\t<meta name=\"twitter:data1\" content=\"Assessoria de comunica\u00e7\u00e3o ACRIMAT\" \/>\n\t<meta name=\"twitter:label2\" content=\"Est. tempo de leitura\" \/>\n\t<meta name=\"twitter:data2\" content=\"2 minutos\" \/>\n<script type=\"application\/ld+json\" class=\"yoast-schema-graph\">{\"@context\":\"https:\/\/schema.org\",\"@graph\":[{\"@type\":\"Article\",\"@id\":\"https:\/\/acrimat.org.br\/portal\/colider-sedia-o-acrimat-em-acao-no-proximo-dia-3\/#article\",\"isPartOf\":{\"@id\":\"https:\/\/acrimat.org.br\/portal\/colider-sedia-o-acrimat-em-acao-no-proximo-dia-3\/\"},\"author\":{\"name\":\"Assessoria de comunica\u00e7\u00e3o ACRIMAT\",\"@id\":\"https:\/\/acrimat.org.br\/portal\/#\/schema\/person\/a309b9496344ff991e8e1b1d751fdd7b\"},\"headline\":\"Col\u00edder sedia o Acrimat em A\u00e7\u00e3o no pr\u00f3ximo dia 3\",\"datePublished\":\"2018-03-16T13:48:16+00:00\",\"mainEntityOfPage\":{\"@id\":\"https:\/\/acrimat.org.br\/portal\/colider-sedia-o-acrimat-em-acao-no-proximo-dia-3\/\"},\"wordCount\":466,\"publisher\":{\"@id\":\"https:\/\/acrimat.org.br\/portal\/#organization\"},\"image\":{\"@id\":\"https:\/\/acrimat.org.br\/portal\/colider-sedia-o-acrimat-em-acao-no-proximo-dia-3\/#primaryimage\"},\"thumbnailUrl\":\"https:\/\/acrimat.org.br\/portal\/wp-content\/uploads\/2018\/03\/acrimatemacao2018_tabapora066.jpg\",\"articleSection\":[\"Destaques\",\"Not\u00edcias\"],\"inLanguage\":\"pt-BR\"},{\"@type\":\"WebPage\",\"@id\":\"https:\/\/acrimat.org.br\/portal\/colider-sedia-o-acrimat-em-acao-no-proximo-dia-3\/\",\"url\":\"https:\/\/acrimat.org.br\/portal\/colider-sedia-o-acrimat-em-acao-no-proximo-dia-3\/\",\"name\":\"Col\u00edder sedia o Acrimat em A\u00e7\u00e3o no pr\u00f3ximo dia 3 - Acrimat\",\"isPartOf\":{\"@id\":\"https:\/\/acrimat.org.br\/portal\/#website\"},\"primaryImageOfPage\":{\"@id\":\"https:\/\/acrimat.org.br\/portal\/colider-sedia-o-acrimat-em-acao-no-proximo-dia-3\/#primaryimage\"},\"image\":{\"@id\":\"https:\/\/acrimat.org.br\/portal\/colider-sedia-o-acrimat-em-acao-no-proximo-dia-3\/#primaryimage\"},\"thumbnailUrl\":\"https:\/\/acrimat.org.br\/portal\/wp-content\/uploads\/2018\/03\/acrimatemacao2018_tabapora066.jpg\",\"datePublished\":\"2018-03-16T13:48:16+00:00\",\"breadcrumb\":{\"@id\":\"https:\/\/acrimat.org.br\/portal\/colider-sedia-o-acrimat-em-acao-no-proximo-dia-3\/#breadcrumb\"},\"inLanguage\":\"pt-BR\",\"potentialAction\":[{\"@type\":\"ReadAction\",\"target\":[\"https:\/\/acrimat.org.br\/portal\/colider-sedia-o-acrimat-em-acao-no-proximo-dia-3\/\"]}]},{\"@type\":\"ImageObject\",\"inLanguage\":\"pt-BR\",\"@id\":\"https:\/\/acrimat.org.br\/portal\/colider-sedia-o-acrimat-em-acao-no-proximo-dia-3\/#primaryimage\",\"url\":\"https:\/\/acrimat.org.br\/portal\/wp-content\/uploads\/2018\/03\/acrimatemacao2018_tabapora066.jpg\",\"contentUrl\":\"https:\/\/acrimat.org.br\/portal\/wp-content\/uploads\/2018\/03\/acrimatemacao2018_tabapora066.jpg\",\"width\":1728,\"height\":1152,\"caption\":\"Tabapor\u00e3\"},{\"@type\":\"BreadcrumbList\",\"@id\":\"https:\/\/acrimat.org.br\/portal\/colider-sedia-o-acrimat-em-acao-no-proximo-dia-3\/#breadcrumb\",\"itemListElement\":[{\"@type\":\"ListItem\",\"position\":1,\"name\":\"In\u00edcio\",\"item\":\"https:\/\/acrimat.org.br\/portal\/\"},{\"@type\":\"ListItem\",\"position\":2,\"name\":\"Col\u00edder sedia o Acrimat em A\u00e7\u00e3o no pr\u00f3ximo dia 3\"}]},{\"@type\":\"WebSite\",\"@id\":\"https:\/\/acrimat.org.br\/portal\/#website\",\"url\":\"https:\/\/acrimat.org.br\/portal\/\",\"name\":\"Acrimat\",\"description\":\"Associa\u00e7\u00e3o dos Criadores de Mato Grosso\",\"publisher\":{\"@id\":\"https:\/\/acrimat.org.br\/portal\/#organization\"},\"potentialAction\":[{\"@type\":\"SearchAction\",\"target\":{\"@type\":\"EntryPoint\",\"urlTemplate\":\"https:\/\/acrimat.org.br\/portal\/?s={search_term_string}\"},\"query-input\":{\"@type\":\"PropertyValueSpecification\",\"valueRequired\":true,\"valueName\":\"search_term_string\"}}],\"inLanguage\":\"pt-BR\"},{\"@type\":\"Organization\",\"@id\":\"https:\/\/acrimat.org.br\/portal\/#organization\",\"name\":\"Associa\u00e7\u00e3o dos Criadores de Mato Grosso\",\"url\":\"https:\/\/acrimat.org.br\/portal\/\",\"logo\":{\"@type\":\"ImageObject\",\"inLanguage\":\"pt-BR\",\"@id\":\"https:\/\/acrimat.org.br\/portal\/#\/schema\/logo\/image\/\",\"url\":\"https:\/\/acrimat.org.br\/portal\/wp-content\/uploads\/2018\/03\/logo-peq-original.png\",\"contentUrl\":\"https:\/\/acrimat.org.br\/portal\/wp-content\/uploads\/2018\/03\/logo-peq-original.png\",\"width\":174,\"height\":171,\"caption\":\"Associa\u00e7\u00e3o dos Criadores de Mato Grosso\"},\"image\":{\"@id\":\"https:\/\/acrimat.org.br\/portal\/#\/schema\/logo\/image\/\"}},{\"@type\":\"Person\",\"@id\":\"https:\/\/acrimat.org.br\/portal\/#\/schema\/person\/a309b9496344ff991e8e1b1d751fdd7b\",\"name\":\"Assessoria de comunica\u00e7\u00e3o ACRIMAT\",\"image\":{\"@type\":\"ImageObject\",\"inLanguage\":\"pt-BR\",\"@id\":\"https:\/\/acrimat.org.br\/portal\/#\/schema\/person\/image\/\",\"url\":\"https:\/\/secure.gravatar.com\/avatar\/2f9c28e64c317bcd762b25cb1575f1b4?s=96&d=mm&r=g\",\"contentUrl\":\"https:\/\/secure.gravatar.com\/avatar\/2f9c28e64c317bcd762b25cb1575f1b4?s=96&d=mm&r=g\",\"caption\":\"Assessoria de comunica\u00e7\u00e3o ACRIMAT\"},\"sameAs\":[\"http:\/\/acrimat.org.br\/\"],\"url\":\"https:\/\/acrimat.org.br\/portal\/author\/ascom\/\"}]}<\/script>\n<!-- \/ Yoast SEO plugin. -->","yoast_head_json":{"title":"Col\u00edder sedia o Acrimat em A\u00e7\u00e3o no pr\u00f3ximo dia 3 - Acrimat","robots":{"index":"index","follow":"follow","max-snippet":"max-snippet:-1","max-image-preview":"max-image-preview:large","max-video-preview":"max-video-preview:-1"},"canonical":"https:\/\/acrimat.org.br\/portal\/colider-sedia-o-acrimat-em-acao-no-proximo-dia-3\/","og_locale":"pt_BR","og_type":"article","og_title":"Col\u00edder sedia o Acrimat em A\u00e7\u00e3o no pr\u00f3ximo dia 3 - Acrimat","og_description":"A Acrimat est\u00e1 promovendo o projeto \u201cAcrimat em A\u00e7\u00e3o 2018\u201d","og_url":"https:\/\/acrimat.org.br\/portal\/colider-sedia-o-acrimat-em-acao-no-proximo-dia-3\/","og_site_name":"Acrimat","article_published_time":"2018-03-16T13:48:16+00:00","og_image":[{"width":1728,"height":1152,"url":"https:\/\/acrimat.org.br\/portal\/wp-content\/uploads\/2018\/03\/acrimatemacao2018_tabapora066.jpg","type":"image\/jpeg"}],"author":"Assessoria de comunica\u00e7\u00e3o ACRIMAT","twitter_card":"summary_large_image","twitter_misc":{"Escrito por":"Assessoria de comunica\u00e7\u00e3o ACRIMAT","Est. tempo de leitura":"2 minutos"},"schema":{"@context":"https:\/\/schema.org","@graph":[{"@type":"Article","@id":"https:\/\/acrimat.org.br\/portal\/colider-sedia-o-acrimat-em-acao-no-proximo-dia-3\/#article","isPartOf":{"@id":"https:\/\/acrimat.org.br\/portal\/colider-sedia-o-acrimat-em-acao-no-proximo-dia-3\/"},"author":{"name":"Assessoria de comunica\u00e7\u00e3o ACRIMAT","@id":"https:\/\/acrimat.org.br\/portal\/#\/schema\/person\/a309b9496344ff991e8e1b1d751fdd7b"},"headline":"Col\u00edder sedia o Acrimat em A\u00e7\u00e3o no pr\u00f3ximo dia 3","datePublished":"2018-03-16T13:48:16+00:00","mainEntityOfPage":{"@id":"https:\/\/acrimat.org.br\/portal\/colider-sedia-o-acrimat-em-acao-no-proximo-dia-3\/"},"wordCount":466,"publisher":{"@id":"https:\/\/acrimat.org.br\/portal\/#organization"},"image":{"@id":"https:\/\/acrimat.org.br\/portal\/colider-sedia-o-acrimat-em-acao-no-proximo-dia-3\/#primaryimage"},"thumbnailUrl":"https:\/\/acrimat.org.br\/portal\/wp-content\/uploads\/2018\/03\/acrimatemacao2018_tabapora066.jpg","articleSection":["Destaques","Not\u00edcias"],"inLanguage":"pt-BR"},{"@type":"WebPage","@id":"https:\/\/acrimat.org.br\/portal\/colider-sedia-o-acrimat-em-acao-no-proximo-dia-3\/","url":"https:\/\/acrimat.org.br\/portal\/colider-sedia-o-acrimat-em-acao-no-proximo-dia-3\/","name":"Col\u00edder sedia o Acrimat em A\u00e7\u00e3o no pr\u00f3ximo dia 3 - Acrimat","isPartOf":{"@id":"https:\/\/acrimat.org.br\/portal\/#website"},"primaryImageOfPage":{"@id":"https:\/\/acrimat.org.br\/portal\/colider-sedia-o-acrimat-em-acao-no-proximo-dia-3\/#primaryimage"},"image":{"@id":"https:\/\/acrimat.org.br\/portal\/colider-sedia-o-acrimat-em-acao-no-proximo-dia-3\/#primaryimage"},"thumbnailUrl":"https:\/\/acrimat.org.br\/portal\/wp-content\/uploads\/2018\/03\/acrimatemacao2018_tabapora066.jpg","datePublished":"2018-03-16T13:48:16+00:00","breadcrumb":{"@id":"https:\/\/acrimat.org.br\/portal\/colider-sedia-o-acrimat-em-acao-no-proximo-dia-3\/#breadcrumb"},"inLanguage":"pt-BR","potentialAction":[{"@type":"ReadAction","target":["https:\/\/acrimat.org.br\/portal\/colider-sedia-o-acrimat-em-acao-no-proximo-dia-3\/"]}]},{"@type":"ImageObject","inLanguage":"pt-BR","@id":"https:\/\/acrimat.org.br\/portal\/colider-sedia-o-acrimat-em-acao-no-proximo-dia-3\/#primaryimage","url":"https:\/\/acrimat.org.br\/portal\/wp-content\/uploads\/2018\/03\/acrimatemacao2018_tabapora066.jpg","contentUrl":"https:\/\/acrimat.org.br\/portal\/wp-content\/uploads\/2018\/03\/acrimatemacao2018_tabapora066.jpg","width":1728,"height":1152,"caption":"Tabapor\u00e3"},{"@type":"BreadcrumbList","@id":"https:\/\/acrimat.org.br\/portal\/colider-sedia-o-acrimat-em-acao-no-proximo-dia-3\/#breadcrumb","itemListElement":[{"@type":"ListItem","position":1,"name":"In\u00edcio","item":"https:\/\/acrimat.org.br\/portal\/"},{"@type":"ListItem","position":2,"name":"Col\u00edder sedia o Acrimat em A\u00e7\u00e3o no pr\u00f3ximo dia 3"}]},{"@type":"WebSite","@id":"https:\/\/acrimat.org.br\/portal\/#website","url":"https:\/\/acrimat.org.br\/portal\/","name":"Acrimat","description":"Associa\u00e7\u00e3o dos Criadores de Mato Grosso","publisher":{"@id":"https:\/\/acrimat.org.br\/portal\/#organization"},"potentialAction":[{"@type":"SearchAction","target":{"@type":"EntryPoint","urlTemplate":"https:\/\/acrimat.org.br\/portal\/?s={search_term_string}"},"query-input":{"@type":"PropertyValueSpecification","valueRequired":true,"valueName":"search_term_string"}}],"inLanguage":"pt-BR"},{"@type":"Organization","@id":"https:\/\/acrimat.org.br\/portal\/#organization","name":"Associa\u00e7\u00e3o dos Criadores de Mato Grosso","url":"https:\/\/acrimat.org.br\/portal\/","logo":{"@type":"ImageObject","inLanguage":"pt-BR","@id":"https:\/\/acrimat.org.br\/portal\/#\/schema\/logo\/image\/","url":"https:\/\/acrimat.org.br\/portal\/wp-content\/uploads\/2018\/03\/logo-peq-original.png","contentUrl":"https:\/\/acrimat.org.br\/portal\/wp-content\/uploads\/2018\/03\/logo-peq-original.png","width":174,"height":171,"caption":"Associa\u00e7\u00e3o dos Criadores de Mato Grosso"},"image":{"@id":"https:\/\/acrimat.org.br\/portal\/#\/schema\/logo\/image\/"}},{"@type":"Person","@id":"https:\/\/acrimat.org.br\/portal\/#\/schema\/person\/a309b9496344ff991e8e1b1d751fdd7b","name":"Assessoria de comunica\u00e7\u00e3o ACRIMAT","image":{"@type":"ImageObject","inLanguage":"pt-BR","@id":"https:\/\/acrimat.org.br\/portal\/#\/schema\/person\/image\/","url":"https:\/\/secure.gravatar.com\/avatar\/2f9c28e64c317bcd762b25cb1575f1b4?s=96&d=mm&r=g","contentUrl":"https:\/\/secure.gravatar.com\/avatar\/2f9c28e64c317bcd762b25cb1575f1b4?s=96&d=mm&r=g","caption":"Assessoria de comunica\u00e7\u00e3o ACRIMAT"},"sameAs":["http:\/\/acrimat.org.br\/"],"url":"https:\/\/acrimat.org.br\/portal\/author\/ascom\/"}]}},"_links":{"self":[{"href":"https:\/\/acrimat.org.br\/portal\/wp-json\/wp\/v2\/posts\/97986503","targetHints":{"allow":["GET"]}}],"collection":[{"href":"https:\/\/acrimat.org.br\/portal\/wp-json\/wp\/v2\/posts"}],"about":[{"href":"https:\/\/acrimat.org.br\/portal\/wp-json\/wp\/v2\/types\/post"}],"author":[{"embeddable":true,"href":"https:\/\/acrimat.org.br\/portal\/wp-json\/wp\/v2\/users\/7"}],"replies":[{"embeddable":true,"href":"https:\/\/acrimat.org.br\/portal\/wp-json\/wp\/v2\/comments?post=97986503"}],"version-history":[{"count":1,"href":"https:\/\/acrimat.org.br\/portal\/wp-json\/wp\/v2\/posts\/97986503\/revisions"}],"predecessor-version":[{"id":97986504,"href":"https:\/\/acrimat.org.br\/portal\/wp-json\/wp\/v2\/posts\/97986503\/revisions\/97986504"}],"wp:featuredmedia":[{"embeddable":true,"href":"https:\/\/acrimat.org.br\/portal\/wp-json\/wp\/v2\/media\/97986456"}],"wp:attachment":[{"href":"https:\/\/acrimat.org.br\/portal\/wp-json\/wp\/v2\/media?parent=97986503"}],"wp:term":[{"taxonomy":"category","embeddable":true,"href":"https:\/\/acrimat.org.br\/portal\/wp-json\/wp\/v2\/categories?post=97986503"},{"taxonomy":"post_tag","embeddable":true,"href":"https:\/\/acrimat.org.br\/portal\/wp-json\/wp\/v2\/tags?post=97986503"}],"curies":[{"name":"wp","href":"https:\/\/api.w.org\/{rel}","templated":true}]}}