{"id":97986520,"date":"2018-03-19T11:34:52","date_gmt":"2018-03-19T14:34:52","guid":{"rendered":"http:\/\/acrimat.org.br\/portal\/?p=97986520"},"modified":"2018-03-19T11:34:52","modified_gmt":"2018-03-19T14:34:52","slug":"ii-congresso-brasileiro-de-sistemas-integrados-apresenta-crescimento-do-sipa","status":"publish","type":"post","link":"https:\/\/acrimat.org.br\/portal\/ii-congresso-brasileiro-de-sistemas-integrados-apresenta-crescimento-do-sipa\/","title":{"rendered":"II Congresso Brasileiro de Sistemas Integrados apresenta crescimento do SIPA"},"content":{"rendered":"<p>Todos os detalhes, com dados atualizados, do aumento da produtividade dos Sistemas Integrados de Produ\u00e7\u00e3o Agropecu\u00e1ria (SIPA) nas diferentes regi\u00f5es do Brasil ser\u00e3o apresentados pelos melhores especialista e pesquisadores do pa\u00eds, durante o II Congresso Brasileiro de Sistemas Integrados de Produ\u00e7\u00e3o Agropecu\u00e1ria e II Encontro de Integra\u00e7\u00e3o Lavoura-Pecu\u00e1ria do Sul de Mato Grosso. O evento acontecer\u00e1 de 4 a 8 de junho, no Cai\u00e7ara T\u00eanis Clube, em Rondon\u00f3polis (MT).<\/p>\n<p>De acordo com o professor e pesquisador da Universidade Federal de Mato Grosso (UFMT), Edicarlos Damacena de Souza, em 2005 o sistema no pa\u00eds era feito em 1,5 mi de hectares, passando para 11,5 milh\u00f5es de hectares em 2015, uma evolu\u00e7\u00e3o consider\u00e1vel em 10 anos. \u201cDiante dessa evolu\u00e7\u00e3o, tamb\u00e9m cresceu o n\u00famero de pesquisas no sistema, principalmente em \u00e1reas de cerrado\u201d, disse.<\/p>\n<p>L\u00edder nacional na produ\u00e7\u00e3o de gr\u00e3os, Mato Grosso \u00e9 um dos estados brasileiros que tamb\u00e9m se destacou no crescimento do sistema e, atualmente, \u00e9 o segundo maior produtor no pa\u00eds, com aproximadamente 1,7 mi de hectares cultivadas. Ficando atr\u00e1s apenas do Mato Grosso do Sul, que possui dois milh\u00f5es de hectares. Vale ressaltar, que Mato Grosso \u00e9 l\u00edder nacional com foco no sistema que integram a lavoura e a pecu\u00e1ria anualmente.<\/p>\n<p>O congresso tem o objetivo de difundir e multiplicar os conhecimentos dos SIPA, em n\u00edvel local, regional e nacional, por meio da diminui\u00e7\u00e3o de processos erosivos, a recupera\u00e7\u00e3o de \u00e1reas degradadas e o aumento da rentabilidade e da sustentabilidade dos sistemas produtivos. Na ocasi\u00e3o, tamb\u00e9m ser\u00e1 criada a Sociedade Brasileira de Sistemas Integrados de Produ\u00e7\u00e3o Agropecu\u00e1ria. A sociedade busca unir institutos de pesquisas, produtores, institui\u00e7\u00f5es de ensino e t\u00e9cnicos.<\/p>\n<p>Segundo o diretor de marketing da Scot Consultoria, Marco T\u00falio Habib Silva, as \u2018Embrapas\u00b4, universidades e centros de pesquisas tem trabalhado muito forte essa quest\u00e3o, validando essas tecnologias e os resultados que elas podem trazer para o produtor e agroneg\u00f3cio em geral. \u201cSem d\u00favida nenhuma \u00e9 a tecnologia que tem revolucionado o resultado de muitas propriedades. A diversifica\u00e7\u00e3o de culturas \u00e9 a oportunidade de ter n\u00e3o somente uma safra e nem somente pecu\u00e1ria, mas sim de se conseguir ter as duas coisas concomitantemente. Isso favorece muito a lucratividade do pecuarista. Essa \u00e9 uma tecnologia antiga, pois na verdade ela j\u00e1 foi explorada h\u00e1 alguns anos e que voltou com muita for\u00e7a, assim como h\u00e1 oito anos ela tem sido muito debatida nos principais f\u00f3runs do Brasil e do mundo\u201d.<\/p>\n<p>A iniciativa est\u00e1 sendo organizada pelo Grupo de Pesquisa e Inova\u00e7\u00e3o em Sistemas Puros e Integrados de Produ\u00e7\u00e3o Agropecu\u00e1ria (GPISI), vinculado ao Instituto de Ci\u00eancias Agr\u00e1rias e Tecnol\u00f3gicas (ICAT) da Universidade Federal de Mato Grosso (UFMT), Campus de Rondon\u00f3polis. As inscri\u00e7\u00f5es est\u00e3o abertas e podem ser feitas at\u00e9 o dia 15 de maio pelo site www.ilpbrasil.com.br. Ap\u00f3s esta data as inscri\u00e7\u00f5es estar\u00e3o suspensas por meio do sistema online e s\u00f3 poder\u00e3o ser efetuadas no local do evento, mediante a disponibilidade de vagas.<\/p>\n<p>O evento conta com o apoio da Empresa Brasileira de Pesquisa Agropecu\u00e1ria (Embrapa), do Instituto Mato-grossense do Algod\u00e3o (IMAmt), Associa\u00e7\u00e3o dos Engenheiros Agr\u00f4nomos da Grande Rondon\u00f3polis (Aeagro), Federa\u00e7\u00e3o da Agricultura do Mato Grosso (FAMATO), Programa de P\u00f3s-Gradua\u00e7\u00e3o em Gest\u00e3o e Tecnologia Ambiental (PPG-GTA), Funda\u00e7\u00e3o de Apoio \u00e0 Pesquisa Agropecu\u00e1ria de Mato Grosso (Funda\u00e7\u00e3o MT), Associa\u00e7\u00e3o dos Criadores de Mato Grosso (Acrimat),\u00a0 Coordena\u00e7\u00e3o de Aperfei\u00e7oamento de Pessoal de N\u00edvel Superior (Capes), Associa\u00e7\u00e3o dos Produtores de Sementes de Mato Grosso (Aprosmat), Agro Amaz\u00f4nia, Santa Rita Sementes, Barenbrug e cooperativa de cr\u00e9dito Sicredi. (Da assessoria)<\/p>\n","protected":false},"excerpt":{"rendered":"<p>O evento acontecer\u00e1 de 4 a 8 de junho, no Cai\u00e7ara T\u00eanis Clube, em Rondon\u00f3polis (MT).<\/p>\n","protected":false},"author":7,"featured_media":97985293,"comment_status":"closed","ping_status":"closed","sticky":false,"template":"","format":"standard","meta":{"footnotes":""},"categories":[6,1],"tags":[],"class_list":["post-97986520","post","type-post","status-publish","format-standard","has-post-thumbnail","hentry","category-destaque","category-noticia"],"yoast_head":"<!-- This site is optimized with the Yoast SEO plugin v24.8.1 - https:\/\/yoast.com\/wordpress\/plugins\/seo\/ -->\n<title>II Congresso Brasileiro de Sistemas Integrados apresenta crescimento do SIPA - Acrimat<\/title>\n<meta name=\"robots\" content=\"index, follow, max-snippet:-1, max-image-preview:large, max-video-preview:-1\" \/>\n<link rel=\"canonical\" href=\"https:\/\/acrimat.org.br\/portal\/ii-congresso-brasileiro-de-sistemas-integrados-apresenta-crescimento-do-sipa\/\" \/>\n<meta property=\"og:locale\" content=\"pt_BR\" \/>\n<meta property=\"og:type\" content=\"article\" \/>\n<meta property=\"og:title\" content=\"II Congresso Brasileiro de Sistemas Integrados apresenta crescimento do SIPA - Acrimat\" \/>\n<meta property=\"og:description\" content=\"O evento acontecer\u00e1 de 4 a 8 de junho, no Cai\u00e7ara T\u00eanis Clube, em Rondon\u00f3polis (MT).\" \/>\n<meta property=\"og:url\" content=\"https:\/\/acrimat.org.br\/portal\/ii-congresso-brasileiro-de-sistemas-integrados-apresenta-crescimento-do-sipa\/\" \/>\n<meta property=\"og:site_name\" content=\"Acrimat\" \/>\n<meta property=\"article:published_time\" content=\"2018-03-19T14:34:52+00:00\" \/>\n<meta property=\"og:image\" content=\"https:\/\/acrimat.org.br\/portal\/wp-content\/uploads\/2017\/12\/897-pastagem.jpg\" \/>\n\t<meta property=\"og:image:width\" content=\"640\" \/>\n\t<meta property=\"og:image:height\" content=\"480\" \/>\n\t<meta property=\"og:image:type\" content=\"image\/jpeg\" \/>\n<meta name=\"author\" content=\"Assessoria de comunica\u00e7\u00e3o ACRIMAT\" \/>\n<meta name=\"twitter:card\" content=\"summary_large_image\" \/>\n<meta name=\"twitter:label1\" content=\"Escrito por\" \/>\n\t<meta name=\"twitter:data1\" content=\"Assessoria de comunica\u00e7\u00e3o ACRIMAT\" \/>\n\t<meta name=\"twitter:label2\" content=\"Est. tempo de leitura\" \/>\n\t<meta name=\"twitter:data2\" content=\"3 minutos\" \/>\n<script type=\"application\/ld+json\" class=\"yoast-schema-graph\">{\"@context\":\"https:\/\/schema.org\",\"@graph\":[{\"@type\":\"Article\",\"@id\":\"https:\/\/acrimat.org.br\/portal\/ii-congresso-brasileiro-de-sistemas-integrados-apresenta-crescimento-do-sipa\/#article\",\"isPartOf\":{\"@id\":\"https:\/\/acrimat.org.br\/portal\/ii-congresso-brasileiro-de-sistemas-integrados-apresenta-crescimento-do-sipa\/\"},\"author\":{\"name\":\"Assessoria de comunica\u00e7\u00e3o ACRIMAT\",\"@id\":\"https:\/\/acrimat.org.br\/portal\/#\/schema\/person\/a309b9496344ff991e8e1b1d751fdd7b\"},\"headline\":\"II Congresso Brasileiro de Sistemas Integrados apresenta crescimento do SIPA\",\"datePublished\":\"2018-03-19T14:34:52+00:00\",\"mainEntityOfPage\":{\"@id\":\"https:\/\/acrimat.org.br\/portal\/ii-congresso-brasileiro-de-sistemas-integrados-apresenta-crescimento-do-sipa\/\"},\"wordCount\":649,\"publisher\":{\"@id\":\"https:\/\/acrimat.org.br\/portal\/#organization\"},\"image\":{\"@id\":\"https:\/\/acrimat.org.br\/portal\/ii-congresso-brasileiro-de-sistemas-integrados-apresenta-crescimento-do-sipa\/#primaryimage\"},\"thumbnailUrl\":\"https:\/\/acrimat.org.br\/portal\/wp-content\/uploads\/2017\/12\/897-pastagem.jpg\",\"articleSection\":[\"Destaques\",\"Not\u00edcias\"],\"inLanguage\":\"pt-BR\"},{\"@type\":\"WebPage\",\"@id\":\"https:\/\/acrimat.org.br\/portal\/ii-congresso-brasileiro-de-sistemas-integrados-apresenta-crescimento-do-sipa\/\",\"url\":\"https:\/\/acrimat.org.br\/portal\/ii-congresso-brasileiro-de-sistemas-integrados-apresenta-crescimento-do-sipa\/\",\"name\":\"II Congresso Brasileiro de Sistemas Integrados apresenta crescimento do SIPA - Acrimat\",\"isPartOf\":{\"@id\":\"https:\/\/acrimat.org.br\/portal\/#website\"},\"primaryImageOfPage\":{\"@id\":\"https:\/\/acrimat.org.br\/portal\/ii-congresso-brasileiro-de-sistemas-integrados-apresenta-crescimento-do-sipa\/#primaryimage\"},\"image\":{\"@id\":\"https:\/\/acrimat.org.br\/portal\/ii-congresso-brasileiro-de-sistemas-integrados-apresenta-crescimento-do-sipa\/#primaryimage\"},\"thumbnailUrl\":\"https:\/\/acrimat.org.br\/portal\/wp-content\/uploads\/2017\/12\/897-pastagem.jpg\",\"datePublished\":\"2018-03-19T14:34:52+00:00\",\"breadcrumb\":{\"@id\":\"https:\/\/acrimat.org.br\/portal\/ii-congresso-brasileiro-de-sistemas-integrados-apresenta-crescimento-do-sipa\/#breadcrumb\"},\"inLanguage\":\"pt-BR\",\"potentialAction\":[{\"@type\":\"ReadAction\",\"target\":[\"https:\/\/acrimat.org.br\/portal\/ii-congresso-brasileiro-de-sistemas-integrados-apresenta-crescimento-do-sipa\/\"]}]},{\"@type\":\"ImageObject\",\"inLanguage\":\"pt-BR\",\"@id\":\"https:\/\/acrimat.org.br\/portal\/ii-congresso-brasileiro-de-sistemas-integrados-apresenta-crescimento-do-sipa\/#primaryimage\",\"url\":\"https:\/\/acrimat.org.br\/portal\/wp-content\/uploads\/2017\/12\/897-pastagem.jpg\",\"contentUrl\":\"https:\/\/acrimat.org.br\/portal\/wp-content\/uploads\/2017\/12\/897-pastagem.jpg\",\"width\":640,\"height\":480},{\"@type\":\"BreadcrumbList\",\"@id\":\"https:\/\/acrimat.org.br\/portal\/ii-congresso-brasileiro-de-sistemas-integrados-apresenta-crescimento-do-sipa\/#breadcrumb\",\"itemListElement\":[{\"@type\":\"ListItem\",\"position\":1,\"name\":\"In\u00edcio\",\"item\":\"https:\/\/acrimat.org.br\/portal\/\"},{\"@type\":\"ListItem\",\"position\":2,\"name\":\"II Congresso Brasileiro de Sistemas Integrados apresenta crescimento do SIPA\"}]},{\"@type\":\"WebSite\",\"@id\":\"https:\/\/acrimat.org.br\/portal\/#website\",\"url\":\"https:\/\/acrimat.org.br\/portal\/\",\"name\":\"Acrimat\",\"description\":\"Associa\u00e7\u00e3o dos Criadores de Mato Grosso\",\"publisher\":{\"@id\":\"https:\/\/acrimat.org.br\/portal\/#organization\"},\"potentialAction\":[{\"@type\":\"SearchAction\",\"target\":{\"@type\":\"EntryPoint\",\"urlTemplate\":\"https:\/\/acrimat.org.br\/portal\/?s={search_term_string}\"},\"query-input\":{\"@type\":\"PropertyValueSpecification\",\"valueRequired\":true,\"valueName\":\"search_term_string\"}}],\"inLanguage\":\"pt-BR\"},{\"@type\":\"Organization\",\"@id\":\"https:\/\/acrimat.org.br\/portal\/#organization\",\"name\":\"Associa\u00e7\u00e3o dos Criadores de Mato Grosso\",\"url\":\"https:\/\/acrimat.org.br\/portal\/\",\"logo\":{\"@type\":\"ImageObject\",\"inLanguage\":\"pt-BR\",\"@id\":\"https:\/\/acrimat.org.br\/portal\/#\/schema\/logo\/image\/\",\"url\":\"https:\/\/acrimat.org.br\/portal\/wp-content\/uploads\/2018\/03\/logo-peq-original.png\",\"contentUrl\":\"https:\/\/acrimat.org.br\/portal\/wp-content\/uploads\/2018\/03\/logo-peq-original.png\",\"width\":174,\"height\":171,\"caption\":\"Associa\u00e7\u00e3o dos Criadores de Mato Grosso\"},\"image\":{\"@id\":\"https:\/\/acrimat.org.br\/portal\/#\/schema\/logo\/image\/\"}},{\"@type\":\"Person\",\"@id\":\"https:\/\/acrimat.org.br\/portal\/#\/schema\/person\/a309b9496344ff991e8e1b1d751fdd7b\",\"name\":\"Assessoria de comunica\u00e7\u00e3o ACRIMAT\",\"image\":{\"@type\":\"ImageObject\",\"inLanguage\":\"pt-BR\",\"@id\":\"https:\/\/acrimat.org.br\/portal\/#\/schema\/person\/image\/\",\"url\":\"https:\/\/secure.gravatar.com\/avatar\/2f9c28e64c317bcd762b25cb1575f1b4?s=96&d=mm&r=g\",\"contentUrl\":\"https:\/\/secure.gravatar.com\/avatar\/2f9c28e64c317bcd762b25cb1575f1b4?s=96&d=mm&r=g\",\"caption\":\"Assessoria de comunica\u00e7\u00e3o ACRIMAT\"},\"sameAs\":[\"http:\/\/acrimat.org.br\/\"],\"url\":\"https:\/\/acrimat.org.br\/portal\/author\/ascom\/\"}]}<\/script>\n<!-- \/ Yoast SEO plugin. -->","yoast_head_json":{"title":"II Congresso Brasileiro de Sistemas Integrados apresenta crescimento do SIPA - Acrimat","robots":{"index":"index","follow":"follow","max-snippet":"max-snippet:-1","max-image-preview":"max-image-preview:large","max-video-preview":"max-video-preview:-1"},"canonical":"https:\/\/acrimat.org.br\/portal\/ii-congresso-brasileiro-de-sistemas-integrados-apresenta-crescimento-do-sipa\/","og_locale":"pt_BR","og_type":"article","og_title":"II Congresso Brasileiro de Sistemas Integrados apresenta crescimento do SIPA - Acrimat","og_description":"O evento acontecer\u00e1 de 4 a 8 de junho, no Cai\u00e7ara T\u00eanis Clube, em Rondon\u00f3polis (MT).","og_url":"https:\/\/acrimat.org.br\/portal\/ii-congresso-brasileiro-de-sistemas-integrados-apresenta-crescimento-do-sipa\/","og_site_name":"Acrimat","article_published_time":"2018-03-19T14:34:52+00:00","og_image":[{"width":640,"height":480,"url":"https:\/\/acrimat.org.br\/portal\/wp-content\/uploads\/2017\/12\/897-pastagem.jpg","type":"image\/jpeg"}],"author":"Assessoria de comunica\u00e7\u00e3o ACRIMAT","twitter_card":"summary_large_image","twitter_misc":{"Escrito por":"Assessoria de comunica\u00e7\u00e3o ACRIMAT","Est. tempo de leitura":"3 minutos"},"schema":{"@context":"https:\/\/schema.org","@graph":[{"@type":"Article","@id":"https:\/\/acrimat.org.br\/portal\/ii-congresso-brasileiro-de-sistemas-integrados-apresenta-crescimento-do-sipa\/#article","isPartOf":{"@id":"https:\/\/acrimat.org.br\/portal\/ii-congresso-brasileiro-de-sistemas-integrados-apresenta-crescimento-do-sipa\/"},"author":{"name":"Assessoria de comunica\u00e7\u00e3o ACRIMAT","@id":"https:\/\/acrimat.org.br\/portal\/#\/schema\/person\/a309b9496344ff991e8e1b1d751fdd7b"},"headline":"II Congresso Brasileiro de Sistemas Integrados apresenta crescimento do SIPA","datePublished":"2018-03-19T14:34:52+00:00","mainEntityOfPage":{"@id":"https:\/\/acrimat.org.br\/portal\/ii-congresso-brasileiro-de-sistemas-integrados-apresenta-crescimento-do-sipa\/"},"wordCount":649,"publisher":{"@id":"https:\/\/acrimat.org.br\/portal\/#organization"},"image":{"@id":"https:\/\/acrimat.org.br\/portal\/ii-congresso-brasileiro-de-sistemas-integrados-apresenta-crescimento-do-sipa\/#primaryimage"},"thumbnailUrl":"https:\/\/acrimat.org.br\/portal\/wp-content\/uploads\/2017\/12\/897-pastagem.jpg","articleSection":["Destaques","Not\u00edcias"],"inLanguage":"pt-BR"},{"@type":"WebPage","@id":"https:\/\/acrimat.org.br\/portal\/ii-congresso-brasileiro-de-sistemas-integrados-apresenta-crescimento-do-sipa\/","url":"https:\/\/acrimat.org.br\/portal\/ii-congresso-brasileiro-de-sistemas-integrados-apresenta-crescimento-do-sipa\/","name":"II Congresso Brasileiro de Sistemas Integrados apresenta crescimento do SIPA - Acrimat","isPartOf":{"@id":"https:\/\/acrimat.org.br\/portal\/#website"},"primaryImageOfPage":{"@id":"https:\/\/acrimat.org.br\/portal\/ii-congresso-brasileiro-de-sistemas-integrados-apresenta-crescimento-do-sipa\/#primaryimage"},"image":{"@id":"https:\/\/acrimat.org.br\/portal\/ii-congresso-brasileiro-de-sistemas-integrados-apresenta-crescimento-do-sipa\/#primaryimage"},"thumbnailUrl":"https:\/\/acrimat.org.br\/portal\/wp-content\/uploads\/2017\/12\/897-pastagem.jpg","datePublished":"2018-03-19T14:34:52+00:00","breadcrumb":{"@id":"https:\/\/acrimat.org.br\/portal\/ii-congresso-brasileiro-de-sistemas-integrados-apresenta-crescimento-do-sipa\/#breadcrumb"},"inLanguage":"pt-BR","potentialAction":[{"@type":"ReadAction","target":["https:\/\/acrimat.org.br\/portal\/ii-congresso-brasileiro-de-sistemas-integrados-apresenta-crescimento-do-sipa\/"]}]},{"@type":"ImageObject","inLanguage":"pt-BR","@id":"https:\/\/acrimat.org.br\/portal\/ii-congresso-brasileiro-de-sistemas-integrados-apresenta-crescimento-do-sipa\/#primaryimage","url":"https:\/\/acrimat.org.br\/portal\/wp-content\/uploads\/2017\/12\/897-pastagem.jpg","contentUrl":"https:\/\/acrimat.org.br\/portal\/wp-content\/uploads\/2017\/12\/897-pastagem.jpg","width":640,"height":480},{"@type":"BreadcrumbList","@id":"https:\/\/acrimat.org.br\/portal\/ii-congresso-brasileiro-de-sistemas-integrados-apresenta-crescimento-do-sipa\/#breadcrumb","itemListElement":[{"@type":"ListItem","position":1,"name":"In\u00edcio","item":"https:\/\/acrimat.org.br\/portal\/"},{"@type":"ListItem","position":2,"name":"II Congresso Brasileiro de Sistemas Integrados apresenta crescimento do SIPA"}]},{"@type":"WebSite","@id":"https:\/\/acrimat.org.br\/portal\/#website","url":"https:\/\/acrimat.org.br\/portal\/","name":"Acrimat","description":"Associa\u00e7\u00e3o dos Criadores de Mato Grosso","publisher":{"@id":"https:\/\/acrimat.org.br\/portal\/#organization"},"potentialAction":[{"@type":"SearchAction","target":{"@type":"EntryPoint","urlTemplate":"https:\/\/acrimat.org.br\/portal\/?s={search_term_string}"},"query-input":{"@type":"PropertyValueSpecification","valueRequired":true,"valueName":"search_term_string"}}],"inLanguage":"pt-BR"},{"@type":"Organization","@id":"https:\/\/acrimat.org.br\/portal\/#organization","name":"Associa\u00e7\u00e3o dos Criadores de Mato Grosso","url":"https:\/\/acrimat.org.br\/portal\/","logo":{"@type":"ImageObject","inLanguage":"pt-BR","@id":"https:\/\/acrimat.org.br\/portal\/#\/schema\/logo\/image\/","url":"https:\/\/acrimat.org.br\/portal\/wp-content\/uploads\/2018\/03\/logo-peq-original.png","contentUrl":"https:\/\/acrimat.org.br\/portal\/wp-content\/uploads\/2018\/03\/logo-peq-original.png","width":174,"height":171,"caption":"Associa\u00e7\u00e3o dos Criadores de Mato Grosso"},"image":{"@id":"https:\/\/acrimat.org.br\/portal\/#\/schema\/logo\/image\/"}},{"@type":"Person","@id":"https:\/\/acrimat.org.br\/portal\/#\/schema\/person\/a309b9496344ff991e8e1b1d751fdd7b","name":"Assessoria de comunica\u00e7\u00e3o ACRIMAT","image":{"@type":"ImageObject","inLanguage":"pt-BR","@id":"https:\/\/acrimat.org.br\/portal\/#\/schema\/person\/image\/","url":"https:\/\/secure.gravatar.com\/avatar\/2f9c28e64c317bcd762b25cb1575f1b4?s=96&d=mm&r=g","contentUrl":"https:\/\/secure.gravatar.com\/avatar\/2f9c28e64c317bcd762b25cb1575f1b4?s=96&d=mm&r=g","caption":"Assessoria de comunica\u00e7\u00e3o ACRIMAT"},"sameAs":["http:\/\/acrimat.org.br\/"],"url":"https:\/\/acrimat.org.br\/portal\/author\/ascom\/"}]}},"_links":{"self":[{"href":"https:\/\/acrimat.org.br\/portal\/wp-json\/wp\/v2\/posts\/97986520","targetHints":{"allow":["GET"]}}],"collection":[{"href":"https:\/\/acrimat.org.br\/portal\/wp-json\/wp\/v2\/posts"}],"about":[{"href":"https:\/\/acrimat.org.br\/portal\/wp-json\/wp\/v2\/types\/post"}],"author":[{"embeddable":true,"href":"https:\/\/acrimat.org.br\/portal\/wp-json\/wp\/v2\/users\/7"}],"replies":[{"embeddable":true,"href":"https:\/\/acrimat.org.br\/portal\/wp-json\/wp\/v2\/comments?post=97986520"}],"version-history":[{"count":1,"href":"https:\/\/acrimat.org.br\/portal\/wp-json\/wp\/v2\/posts\/97986520\/revisions"}],"predecessor-version":[{"id":97986521,"href":"https:\/\/acrimat.org.br\/portal\/wp-json\/wp\/v2\/posts\/97986520\/revisions\/97986521"}],"wp:featuredmedia":[{"embeddable":true,"href":"https:\/\/acrimat.org.br\/portal\/wp-json\/wp\/v2\/media\/97985293"}],"wp:attachment":[{"href":"https:\/\/acrimat.org.br\/portal\/wp-json\/wp\/v2\/media?parent=97986520"}],"wp:term":[{"taxonomy":"category","embeddable":true,"href":"https:\/\/acrimat.org.br\/portal\/wp-json\/wp\/v2\/categories?post=97986520"},{"taxonomy":"post_tag","embeddable":true,"href":"https:\/\/acrimat.org.br\/portal\/wp-json\/wp\/v2\/tags?post=97986520"}],"curies":[{"name":"wp","href":"https:\/\/api.w.org\/{rel}","templated":true}]}}