{"id":97986523,"date":"2018-03-19T11:41:33","date_gmt":"2018-03-19T14:41:33","guid":{"rendered":"http:\/\/acrimat.org.br\/portal\/?p=97986523"},"modified":"2018-03-19T11:42:10","modified_gmt":"2018-03-19T14:42:10","slug":"show-safra-br-163-debate-ferrovias-como-solucao-logistica-para-mt","status":"publish","type":"post","link":"https:\/\/acrimat.org.br\/portal\/show-safra-br-163-debate-ferrovias-como-solucao-logistica-para-mt\/","title":{"rendered":"Show Safra BR 163 debate ferrovias como solu\u00e7\u00e3o log\u00edstica para MT"},"content":{"rendered":"<p style=\"text-align: center;\"><a href=\"http:\/\/acrimat.org.br\/portal\/wp-content\/uploads\/2018\/03\/show-safra-br-163-debate-ferrovi.png\"><img fetchpriority=\"high\" decoding=\"async\" class=\"alignnone size-large wp-image-97986524\" src=\"http:\/\/acrimat.org.br\/portal\/wp-content\/uploads\/2018\/03\/show-safra-br-163-debate-ferrovi-1024x507.png\" alt=\"\" width=\"960\" height=\"475\" srcset=\"https:\/\/acrimat.org.br\/portal\/wp-content\/uploads\/2018\/03\/show-safra-br-163-debate-ferrovi-1024x507.png 1024w, https:\/\/acrimat.org.br\/portal\/wp-content\/uploads\/2018\/03\/show-safra-br-163-debate-ferrovi-300x149.png 300w, https:\/\/acrimat.org.br\/portal\/wp-content\/uploads\/2018\/03\/show-safra-br-163-debate-ferrovi-768x381.png 768w, https:\/\/acrimat.org.br\/portal\/wp-content\/uploads\/2018\/03\/show-safra-br-163-debate-ferrovi-250x124.png 250w, https:\/\/acrimat.org.br\/portal\/wp-content\/uploads\/2018\/03\/show-safra-br-163-debate-ferrovi-550x273.png 550w, https:\/\/acrimat.org.br\/portal\/wp-content\/uploads\/2018\/03\/show-safra-br-163-debate-ferrovi-800x396.png 800w, https:\/\/acrimat.org.br\/portal\/wp-content\/uploads\/2018\/03\/show-safra-br-163-debate-ferrovi-363x180.png 363w, https:\/\/acrimat.org.br\/portal\/wp-content\/uploads\/2018\/03\/show-safra-br-163-debate-ferrovi-605x300.png 605w, https:\/\/acrimat.org.br\/portal\/wp-content\/uploads\/2018\/03\/show-safra-br-163-debate-ferrovi-1009x500.png 1009w, https:\/\/acrimat.org.br\/portal\/wp-content\/uploads\/2018\/03\/show-safra-br-163-debate-ferrovi.png 1110w\" sizes=\"(max-width: 960px) 100vw, 960px\" \/><\/a><\/p>\n<p>O empres\u00e1rio e presidente para a Am\u00e9rica Latina da Uni\u00e3o Internacional de Ferrovias, Guilherme Quintella, traz ao Show Safra BR 163, uma ampla discuss\u00e3o sobre a implanta\u00e7\u00e3o de ferrovias em Mato Grosso.<\/p>\n<p>Durante palestra que ser\u00e1 ministrada na abertura do evento, no dia 20 de mar\u00e7o, \u00e0s 16h30, no audit\u00f3rio da Funda\u00e7\u00e3o Rio Verde, Quintella ir\u00e1 apresentar os estudos que originaram o projeto da Ferrogr\u00e3o, que deve ter investimentos na ordem de R$ 12,6 bilh\u00f5es. Com aproximadamente 1 mil quil\u00f4metros, a ferrovia ir\u00e1 conectar os principais centros produtores do Centro-Oeste ao porto de Miritituba, no Par\u00e1. &#8220;Entendo que essa possa ser uma grande oportunidade de fazermos um debate muito qualificado sobre quais s\u00e3os os caminhos que Mato Grosso deve trilhar para incrementar a sua log\u00edstica de transportes&#8221;, observa o empres\u00e1rio.<\/p>\n<p>Ele qualifica o Estado como at\u00edpico, uma regi\u00e3o desenvolvida, que j\u00e1 possui uma carga induzida, mas que ir\u00e1 se desenvolver ainda mais com a implanta\u00e7\u00e3o de novas ferrovias que cortem o Mato Grosso de Norte a Sul e Leste a Oeste.<\/p>\n<p>&nbsp;<\/p>\n<p><strong>Saiba mais sobre Guilherme Quintella<\/strong><\/p>\n<p>Guilherme Quintella \u00e9 graduado em Economia pela Funda\u00e7\u00e3o Armando \u00c1lvares Penteado (FAAP), com curso de O.P.M. (Owner President Management), em Harvard.<\/p>\n<p>Dirigiu por 19 anos a Comercial Quintella, uma das maiores tradings de soja do Brasil dos anos 90. Foi pioneiro na introdu\u00e7\u00e3o da soja na pauta de exporta\u00e7\u00e3o do Porto de Santos, hoje principal produto do porto paulista, assim como, na implanta\u00e7\u00e3o do primeiro modelo de transporte multimodal com a utiliza\u00e7\u00e3o de hidrovia, ferrovia e o porto. Adquiriu em 1990 da GE as primeiras locomotivas privadas do Brasil de grande porte para a tra\u00e7\u00e3o de carga pr\u00f3pria.<\/p>\n<p>Ainda em 1990 foi eleito Ferrovi\u00e1rio do Ano pela &#8220;Revista Ferrovi\u00e1ria&#8221;, principal revista do setor e recebeu pela Comercial Quintella mais de uma dezena de pr\u00eamios relacionados \u00e0 log\u00edstica de transportes.<\/p>\n<p>Em 2003 fundou a EDLP (Esta\u00e7\u00e3o da Luz Participa\u00e7\u00f5es), na qual permanece at\u00e9 hoje. A EDLP atua no desenvolvimento e estrutura\u00e7\u00e3o de projetos associados \u00e0 log\u00edstica de transportes sustent\u00e1veis, com foco em ferrovias, hidrovias e portos.<\/p>\n<p>Em 2010, a EDLP fundou a Contrail Log\u00edstica S\/A., empresa que desenvolveu um modelo log\u00edstico in\u00e9dito no transporte ferrovi\u00e1rio de cont\u00eaineres no estado de S\u00e3o Paulo, especialmente \u00e0queles originados e destinados ao Porto de Santos<\/p>\n<p>Guilherme \u00e9 tamb\u00e9m Chairman na Am\u00e9rica Latina da UIC \u2013 Uni\u00e3o Internacional de Ferrovias, composta pelos 240 maiores operadores ferrovi\u00e1rios que administram 95% da malha ferrovi\u00e1ria mundial.<\/p>\n<p>O Show Safra BR 163 ser\u00e1 realizado de 20 a 23 de mar\u00e7o, na Funda\u00e7\u00e3o Rio Verde, em Lucas do Rio Verde (MT).<\/p>\n<p><a href=\"https:\/\/www.24horasnews.com.br\/noticia\/show-safra-br-163-debate-ferrovias-como-solucao-logistica-para-mt.html\" target=\"_blank\" rel=\"noopener\">Confira a programa\u00e7\u00e3o completa.<\/a><\/p>\n","protected":false},"excerpt":{"rendered":"<p>Show Safra BR 163 traz uma ampla discuss\u00e3o sobre a implanta\u00e7\u00e3o de ferrovias em Mato Grosso.<\/p>\n","protected":false},"author":7,"featured_media":97986524,"comment_status":"closed","ping_status":"closed","sticky":false,"template":"","format":"standard","meta":{"footnotes":""},"categories":[6,1],"tags":[],"class_list":["post-97986523","post","type-post","status-publish","format-standard","has-post-thumbnail","hentry","category-destaque","category-noticia"],"yoast_head":"<!-- This site is optimized with the Yoast SEO plugin v24.8.1 - https:\/\/yoast.com\/wordpress\/plugins\/seo\/ -->\n<title>Show Safra BR 163 debate ferrovias como solu\u00e7\u00e3o log\u00edstica para MT - Acrimat<\/title>\n<meta name=\"robots\" content=\"index, follow, max-snippet:-1, max-image-preview:large, max-video-preview:-1\" \/>\n<link rel=\"canonical\" href=\"https:\/\/acrimat.org.br\/portal\/show-safra-br-163-debate-ferrovias-como-solucao-logistica-para-mt\/\" \/>\n<meta property=\"og:locale\" content=\"pt_BR\" \/>\n<meta property=\"og:type\" content=\"article\" \/>\n<meta property=\"og:title\" content=\"Show Safra BR 163 debate ferrovias como solu\u00e7\u00e3o log\u00edstica para MT - Acrimat\" \/>\n<meta property=\"og:description\" content=\"Show Safra BR 163 traz uma ampla discuss\u00e3o sobre a implanta\u00e7\u00e3o de ferrovias em Mato Grosso.\" \/>\n<meta property=\"og:url\" content=\"https:\/\/acrimat.org.br\/portal\/show-safra-br-163-debate-ferrovias-como-solucao-logistica-para-mt\/\" \/>\n<meta property=\"og:site_name\" content=\"Acrimat\" \/>\n<meta property=\"article:published_time\" content=\"2018-03-19T14:41:33+00:00\" \/>\n<meta property=\"article:modified_time\" content=\"2018-03-19T14:42:10+00:00\" \/>\n<meta property=\"og:image\" content=\"https:\/\/acrimat.org.br\/portal\/wp-content\/uploads\/2018\/03\/show-safra-br-163-debate-ferrovi.png\" \/>\n\t<meta property=\"og:image:width\" content=\"1110\" \/>\n\t<meta property=\"og:image:height\" content=\"550\" \/>\n\t<meta property=\"og:image:type\" content=\"image\/png\" \/>\n<meta name=\"author\" content=\"Assessoria de comunica\u00e7\u00e3o ACRIMAT\" \/>\n<meta name=\"twitter:card\" content=\"summary_large_image\" \/>\n<meta name=\"twitter:label1\" content=\"Escrito por\" \/>\n\t<meta name=\"twitter:data1\" content=\"Assessoria de comunica\u00e7\u00e3o ACRIMAT\" \/>\n\t<meta name=\"twitter:label2\" content=\"Est. tempo de leitura\" \/>\n\t<meta name=\"twitter:data2\" content=\"2 minutos\" \/>\n<script type=\"application\/ld+json\" class=\"yoast-schema-graph\">{\"@context\":\"https:\/\/schema.org\",\"@graph\":[{\"@type\":\"Article\",\"@id\":\"https:\/\/acrimat.org.br\/portal\/show-safra-br-163-debate-ferrovias-como-solucao-logistica-para-mt\/#article\",\"isPartOf\":{\"@id\":\"https:\/\/acrimat.org.br\/portal\/show-safra-br-163-debate-ferrovias-como-solucao-logistica-para-mt\/\"},\"author\":{\"name\":\"Assessoria de comunica\u00e7\u00e3o ACRIMAT\",\"@id\":\"https:\/\/acrimat.org.br\/portal\/#\/schema\/person\/a309b9496344ff991e8e1b1d751fdd7b\"},\"headline\":\"Show Safra BR 163 debate ferrovias como solu\u00e7\u00e3o log\u00edstica para MT\",\"datePublished\":\"2018-03-19T14:41:33+00:00\",\"dateModified\":\"2018-03-19T14:42:10+00:00\",\"mainEntityOfPage\":{\"@id\":\"https:\/\/acrimat.org.br\/portal\/show-safra-br-163-debate-ferrovias-como-solucao-logistica-para-mt\/\"},\"wordCount\":473,\"publisher\":{\"@id\":\"https:\/\/acrimat.org.br\/portal\/#organization\"},\"image\":{\"@id\":\"https:\/\/acrimat.org.br\/portal\/show-safra-br-163-debate-ferrovias-como-solucao-logistica-para-mt\/#primaryimage\"},\"thumbnailUrl\":\"https:\/\/acrimat.org.br\/portal\/wp-content\/uploads\/2018\/03\/show-safra-br-163-debate-ferrovi.png\",\"articleSection\":[\"Destaques\",\"Not\u00edcias\"],\"inLanguage\":\"pt-BR\"},{\"@type\":\"WebPage\",\"@id\":\"https:\/\/acrimat.org.br\/portal\/show-safra-br-163-debate-ferrovias-como-solucao-logistica-para-mt\/\",\"url\":\"https:\/\/acrimat.org.br\/portal\/show-safra-br-163-debate-ferrovias-como-solucao-logistica-para-mt\/\",\"name\":\"Show Safra BR 163 debate ferrovias como solu\u00e7\u00e3o log\u00edstica para MT - Acrimat\",\"isPartOf\":{\"@id\":\"https:\/\/acrimat.org.br\/portal\/#website\"},\"primaryImageOfPage\":{\"@id\":\"https:\/\/acrimat.org.br\/portal\/show-safra-br-163-debate-ferrovias-como-solucao-logistica-para-mt\/#primaryimage\"},\"image\":{\"@id\":\"https:\/\/acrimat.org.br\/portal\/show-safra-br-163-debate-ferrovias-como-solucao-logistica-para-mt\/#primaryimage\"},\"thumbnailUrl\":\"https:\/\/acrimat.org.br\/portal\/wp-content\/uploads\/2018\/03\/show-safra-br-163-debate-ferrovi.png\",\"datePublished\":\"2018-03-19T14:41:33+00:00\",\"dateModified\":\"2018-03-19T14:42:10+00:00\",\"breadcrumb\":{\"@id\":\"https:\/\/acrimat.org.br\/portal\/show-safra-br-163-debate-ferrovias-como-solucao-logistica-para-mt\/#breadcrumb\"},\"inLanguage\":\"pt-BR\",\"potentialAction\":[{\"@type\":\"ReadAction\",\"target\":[\"https:\/\/acrimat.org.br\/portal\/show-safra-br-163-debate-ferrovias-como-solucao-logistica-para-mt\/\"]}]},{\"@type\":\"ImageObject\",\"inLanguage\":\"pt-BR\",\"@id\":\"https:\/\/acrimat.org.br\/portal\/show-safra-br-163-debate-ferrovias-como-solucao-logistica-para-mt\/#primaryimage\",\"url\":\"https:\/\/acrimat.org.br\/portal\/wp-content\/uploads\/2018\/03\/show-safra-br-163-debate-ferrovi.png\",\"contentUrl\":\"https:\/\/acrimat.org.br\/portal\/wp-content\/uploads\/2018\/03\/show-safra-br-163-debate-ferrovi.png\",\"width\":1110,\"height\":550},{\"@type\":\"BreadcrumbList\",\"@id\":\"https:\/\/acrimat.org.br\/portal\/show-safra-br-163-debate-ferrovias-como-solucao-logistica-para-mt\/#breadcrumb\",\"itemListElement\":[{\"@type\":\"ListItem\",\"position\":1,\"name\":\"In\u00edcio\",\"item\":\"https:\/\/acrimat.org.br\/portal\/\"},{\"@type\":\"ListItem\",\"position\":2,\"name\":\"Show Safra BR 163 debate ferrovias como solu\u00e7\u00e3o log\u00edstica para MT\"}]},{\"@type\":\"WebSite\",\"@id\":\"https:\/\/acrimat.org.br\/portal\/#website\",\"url\":\"https:\/\/acrimat.org.br\/portal\/\",\"name\":\"Acrimat\",\"description\":\"Associa\u00e7\u00e3o dos Criadores de Mato Grosso\",\"publisher\":{\"@id\":\"https:\/\/acrimat.org.br\/portal\/#organization\"},\"potentialAction\":[{\"@type\":\"SearchAction\",\"target\":{\"@type\":\"EntryPoint\",\"urlTemplate\":\"https:\/\/acrimat.org.br\/portal\/?s={search_term_string}\"},\"query-input\":{\"@type\":\"PropertyValueSpecification\",\"valueRequired\":true,\"valueName\":\"search_term_string\"}}],\"inLanguage\":\"pt-BR\"},{\"@type\":\"Organization\",\"@id\":\"https:\/\/acrimat.org.br\/portal\/#organization\",\"name\":\"Associa\u00e7\u00e3o dos Criadores de Mato Grosso\",\"url\":\"https:\/\/acrimat.org.br\/portal\/\",\"logo\":{\"@type\":\"ImageObject\",\"inLanguage\":\"pt-BR\",\"@id\":\"https:\/\/acrimat.org.br\/portal\/#\/schema\/logo\/image\/\",\"url\":\"https:\/\/acrimat.org.br\/portal\/wp-content\/uploads\/2018\/03\/logo-peq-original.png\",\"contentUrl\":\"https:\/\/acrimat.org.br\/portal\/wp-content\/uploads\/2018\/03\/logo-peq-original.png\",\"width\":174,\"height\":171,\"caption\":\"Associa\u00e7\u00e3o dos Criadores de Mato Grosso\"},\"image\":{\"@id\":\"https:\/\/acrimat.org.br\/portal\/#\/schema\/logo\/image\/\"}},{\"@type\":\"Person\",\"@id\":\"https:\/\/acrimat.org.br\/portal\/#\/schema\/person\/a309b9496344ff991e8e1b1d751fdd7b\",\"name\":\"Assessoria de comunica\u00e7\u00e3o ACRIMAT\",\"image\":{\"@type\":\"ImageObject\",\"inLanguage\":\"pt-BR\",\"@id\":\"https:\/\/acrimat.org.br\/portal\/#\/schema\/person\/image\/\",\"url\":\"https:\/\/secure.gravatar.com\/avatar\/2f9c28e64c317bcd762b25cb1575f1b4?s=96&d=mm&r=g\",\"contentUrl\":\"https:\/\/secure.gravatar.com\/avatar\/2f9c28e64c317bcd762b25cb1575f1b4?s=96&d=mm&r=g\",\"caption\":\"Assessoria de comunica\u00e7\u00e3o ACRIMAT\"},\"sameAs\":[\"http:\/\/acrimat.org.br\/\"],\"url\":\"https:\/\/acrimat.org.br\/portal\/author\/ascom\/\"}]}<\/script>\n<!-- \/ Yoast SEO plugin. -->","yoast_head_json":{"title":"Show Safra BR 163 debate ferrovias como solu\u00e7\u00e3o log\u00edstica para MT - Acrimat","robots":{"index":"index","follow":"follow","max-snippet":"max-snippet:-1","max-image-preview":"max-image-preview:large","max-video-preview":"max-video-preview:-1"},"canonical":"https:\/\/acrimat.org.br\/portal\/show-safra-br-163-debate-ferrovias-como-solucao-logistica-para-mt\/","og_locale":"pt_BR","og_type":"article","og_title":"Show Safra BR 163 debate ferrovias como solu\u00e7\u00e3o log\u00edstica para MT - Acrimat","og_description":"Show Safra BR 163 traz uma ampla discuss\u00e3o sobre a implanta\u00e7\u00e3o de ferrovias em Mato Grosso.","og_url":"https:\/\/acrimat.org.br\/portal\/show-safra-br-163-debate-ferrovias-como-solucao-logistica-para-mt\/","og_site_name":"Acrimat","article_published_time":"2018-03-19T14:41:33+00:00","article_modified_time":"2018-03-19T14:42:10+00:00","og_image":[{"width":1110,"height":550,"url":"https:\/\/acrimat.org.br\/portal\/wp-content\/uploads\/2018\/03\/show-safra-br-163-debate-ferrovi.png","type":"image\/png"}],"author":"Assessoria de comunica\u00e7\u00e3o ACRIMAT","twitter_card":"summary_large_image","twitter_misc":{"Escrito por":"Assessoria de comunica\u00e7\u00e3o ACRIMAT","Est. tempo de leitura":"2 minutos"},"schema":{"@context":"https:\/\/schema.org","@graph":[{"@type":"Article","@id":"https:\/\/acrimat.org.br\/portal\/show-safra-br-163-debate-ferrovias-como-solucao-logistica-para-mt\/#article","isPartOf":{"@id":"https:\/\/acrimat.org.br\/portal\/show-safra-br-163-debate-ferrovias-como-solucao-logistica-para-mt\/"},"author":{"name":"Assessoria de comunica\u00e7\u00e3o ACRIMAT","@id":"https:\/\/acrimat.org.br\/portal\/#\/schema\/person\/a309b9496344ff991e8e1b1d751fdd7b"},"headline":"Show Safra BR 163 debate ferrovias como solu\u00e7\u00e3o log\u00edstica para MT","datePublished":"2018-03-19T14:41:33+00:00","dateModified":"2018-03-19T14:42:10+00:00","mainEntityOfPage":{"@id":"https:\/\/acrimat.org.br\/portal\/show-safra-br-163-debate-ferrovias-como-solucao-logistica-para-mt\/"},"wordCount":473,"publisher":{"@id":"https:\/\/acrimat.org.br\/portal\/#organization"},"image":{"@id":"https:\/\/acrimat.org.br\/portal\/show-safra-br-163-debate-ferrovias-como-solucao-logistica-para-mt\/#primaryimage"},"thumbnailUrl":"https:\/\/acrimat.org.br\/portal\/wp-content\/uploads\/2018\/03\/show-safra-br-163-debate-ferrovi.png","articleSection":["Destaques","Not\u00edcias"],"inLanguage":"pt-BR"},{"@type":"WebPage","@id":"https:\/\/acrimat.org.br\/portal\/show-safra-br-163-debate-ferrovias-como-solucao-logistica-para-mt\/","url":"https:\/\/acrimat.org.br\/portal\/show-safra-br-163-debate-ferrovias-como-solucao-logistica-para-mt\/","name":"Show Safra BR 163 debate ferrovias como solu\u00e7\u00e3o log\u00edstica para MT - Acrimat","isPartOf":{"@id":"https:\/\/acrimat.org.br\/portal\/#website"},"primaryImageOfPage":{"@id":"https:\/\/acrimat.org.br\/portal\/show-safra-br-163-debate-ferrovias-como-solucao-logistica-para-mt\/#primaryimage"},"image":{"@id":"https:\/\/acrimat.org.br\/portal\/show-safra-br-163-debate-ferrovias-como-solucao-logistica-para-mt\/#primaryimage"},"thumbnailUrl":"https:\/\/acrimat.org.br\/portal\/wp-content\/uploads\/2018\/03\/show-safra-br-163-debate-ferrovi.png","datePublished":"2018-03-19T14:41:33+00:00","dateModified":"2018-03-19T14:42:10+00:00","breadcrumb":{"@id":"https:\/\/acrimat.org.br\/portal\/show-safra-br-163-debate-ferrovias-como-solucao-logistica-para-mt\/#breadcrumb"},"inLanguage":"pt-BR","potentialAction":[{"@type":"ReadAction","target":["https:\/\/acrimat.org.br\/portal\/show-safra-br-163-debate-ferrovias-como-solucao-logistica-para-mt\/"]}]},{"@type":"ImageObject","inLanguage":"pt-BR","@id":"https:\/\/acrimat.org.br\/portal\/show-safra-br-163-debate-ferrovias-como-solucao-logistica-para-mt\/#primaryimage","url":"https:\/\/acrimat.org.br\/portal\/wp-content\/uploads\/2018\/03\/show-safra-br-163-debate-ferrovi.png","contentUrl":"https:\/\/acrimat.org.br\/portal\/wp-content\/uploads\/2018\/03\/show-safra-br-163-debate-ferrovi.png","width":1110,"height":550},{"@type":"BreadcrumbList","@id":"https:\/\/acrimat.org.br\/portal\/show-safra-br-163-debate-ferrovias-como-solucao-logistica-para-mt\/#breadcrumb","itemListElement":[{"@type":"ListItem","position":1,"name":"In\u00edcio","item":"https:\/\/acrimat.org.br\/portal\/"},{"@type":"ListItem","position":2,"name":"Show Safra BR 163 debate ferrovias como solu\u00e7\u00e3o log\u00edstica para MT"}]},{"@type":"WebSite","@id":"https:\/\/acrimat.org.br\/portal\/#website","url":"https:\/\/acrimat.org.br\/portal\/","name":"Acrimat","description":"Associa\u00e7\u00e3o dos Criadores de Mato Grosso","publisher":{"@id":"https:\/\/acrimat.org.br\/portal\/#organization"},"potentialAction":[{"@type":"SearchAction","target":{"@type":"EntryPoint","urlTemplate":"https:\/\/acrimat.org.br\/portal\/?s={search_term_string}"},"query-input":{"@type":"PropertyValueSpecification","valueRequired":true,"valueName":"search_term_string"}}],"inLanguage":"pt-BR"},{"@type":"Organization","@id":"https:\/\/acrimat.org.br\/portal\/#organization","name":"Associa\u00e7\u00e3o dos Criadores de Mato Grosso","url":"https:\/\/acrimat.org.br\/portal\/","logo":{"@type":"ImageObject","inLanguage":"pt-BR","@id":"https:\/\/acrimat.org.br\/portal\/#\/schema\/logo\/image\/","url":"https:\/\/acrimat.org.br\/portal\/wp-content\/uploads\/2018\/03\/logo-peq-original.png","contentUrl":"https:\/\/acrimat.org.br\/portal\/wp-content\/uploads\/2018\/03\/logo-peq-original.png","width":174,"height":171,"caption":"Associa\u00e7\u00e3o dos Criadores de Mato Grosso"},"image":{"@id":"https:\/\/acrimat.org.br\/portal\/#\/schema\/logo\/image\/"}},{"@type":"Person","@id":"https:\/\/acrimat.org.br\/portal\/#\/schema\/person\/a309b9496344ff991e8e1b1d751fdd7b","name":"Assessoria de comunica\u00e7\u00e3o ACRIMAT","image":{"@type":"ImageObject","inLanguage":"pt-BR","@id":"https:\/\/acrimat.org.br\/portal\/#\/schema\/person\/image\/","url":"https:\/\/secure.gravatar.com\/avatar\/2f9c28e64c317bcd762b25cb1575f1b4?s=96&d=mm&r=g","contentUrl":"https:\/\/secure.gravatar.com\/avatar\/2f9c28e64c317bcd762b25cb1575f1b4?s=96&d=mm&r=g","caption":"Assessoria de comunica\u00e7\u00e3o ACRIMAT"},"sameAs":["http:\/\/acrimat.org.br\/"],"url":"https:\/\/acrimat.org.br\/portal\/author\/ascom\/"}]}},"_links":{"self":[{"href":"https:\/\/acrimat.org.br\/portal\/wp-json\/wp\/v2\/posts\/97986523","targetHints":{"allow":["GET"]}}],"collection":[{"href":"https:\/\/acrimat.org.br\/portal\/wp-json\/wp\/v2\/posts"}],"about":[{"href":"https:\/\/acrimat.org.br\/portal\/wp-json\/wp\/v2\/types\/post"}],"author":[{"embeddable":true,"href":"https:\/\/acrimat.org.br\/portal\/wp-json\/wp\/v2\/users\/7"}],"replies":[{"embeddable":true,"href":"https:\/\/acrimat.org.br\/portal\/wp-json\/wp\/v2\/comments?post=97986523"}],"version-history":[{"count":2,"href":"https:\/\/acrimat.org.br\/portal\/wp-json\/wp\/v2\/posts\/97986523\/revisions"}],"predecessor-version":[{"id":97986526,"href":"https:\/\/acrimat.org.br\/portal\/wp-json\/wp\/v2\/posts\/97986523\/revisions\/97986526"}],"wp:featuredmedia":[{"embeddable":true,"href":"https:\/\/acrimat.org.br\/portal\/wp-json\/wp\/v2\/media\/97986524"}],"wp:attachment":[{"href":"https:\/\/acrimat.org.br\/portal\/wp-json\/wp\/v2\/media?parent=97986523"}],"wp:term":[{"taxonomy":"category","embeddable":true,"href":"https:\/\/acrimat.org.br\/portal\/wp-json\/wp\/v2\/categories?post=97986523"},{"taxonomy":"post_tag","embeddable":true,"href":"https:\/\/acrimat.org.br\/portal\/wp-json\/wp\/v2\/tags?post=97986523"}],"curies":[{"name":"wp","href":"https:\/\/api.w.org\/{rel}","templated":true}]}}