{"id":97986529,"date":"2018-03-19T11:51:46","date_gmt":"2018-03-19T14:51:46","guid":{"rendered":"http:\/\/acrimat.org.br\/portal\/?p=97986529"},"modified":"2018-03-19T11:51:46","modified_gmt":"2018-03-19T14:51:46","slug":"acrimat-participa-da-feira-show-safra-br-163-em-lucas-do-rio-verde","status":"publish","type":"post","link":"https:\/\/acrimat.org.br\/portal\/acrimat-participa-da-feira-show-safra-br-163-em-lucas-do-rio-verde\/","title":{"rendered":"Acrimat participa da feira Show Safra BR-163 em Lucas do Rio Verde"},"content":{"rendered":"<p>As novas pr\u00e1ticas agropecu\u00e1rias, como Integra\u00e7\u00e3o Lavoura-Pecu\u00e1ria e a suplementa\u00e7\u00e3o alimentar de animais, aproximaram ainda mais a agricultura da pecu\u00e1ria de corte e, para muitos produtores, hoje s\u00e3o atividades complementares. A Associa\u00e7\u00e3o dos Criadores de Mato Grosso &#8211; Acrimat participa da feira Show Safra BR-163, em Lucas do Rio Verde, para apresentar como a integra\u00e7\u00e3o vem ocorrendo de fato e quais os resultados para a pecu\u00e1ria de corte.<\/p>\n<p>A complementa\u00e7\u00e3o traz muitos benef\u00edcios para as duas atividades, tanto para agricultura como para a pecu\u00e1ria. De acordo com diretor-executivo da Acrimat, Luciano Vacari, entre as vantagens est\u00e3o a seguran\u00e7a econ\u00f4mica com a diversifica\u00e7\u00e3o do investimento, o aumento de produtividade por meio da integra\u00e7\u00e3o e da suplementa\u00e7\u00e3o alimentar e ainda os benef\u00edcios ambientais, uma vez que \u00e9 poss\u00edvel produzir mais em \u00e1reas menores.<\/p>\n<p>Durante o painel sobre a pecu\u00e1ria, a Acrimat far\u00e1 uma apresenta\u00e7\u00e3o para mostrar a evolu\u00e7\u00e3o da pecu\u00e1ria com rela\u00e7\u00e3o \u00e0 produtividade. Na \u00faltima d\u00e9cada, por exemplo, o rebanho mato-grossense registrou um aumento de 12,4%, passando de 25,7 milh\u00f5es para 29,6 milh\u00f5es de animais, ao mesmo tempo em que a \u00e1rea de pastagem reduziu 4%. Como resultado, temos o aumento na produ\u00e7\u00e3o de carne por hectare, que passou de 42,6 kg por hectare para 50 kg por hectare. Dados como esses comprovam o aumento de produtividade da atividade, resultados poss\u00edveis por meio da implanta\u00e7\u00e3o de tecnologias. Esta apresenta\u00e7\u00e3o ser\u00e1 realizado pelo diretor-executivo da Acrimat, Luciano Vacari.<\/p>\n<p>Outro ponto a ser abordado durante o Show Safra 2018 ser\u00e1 a utiliza\u00e7\u00e3o de subprodutos da agricultura, como \u00e9 o caso do DDG, como fonte proteica na alimenta\u00e7\u00e3o de bovinos de corte. O DDG \u00e9 um derivado da fabrica\u00e7\u00e3o de etanol a partir de milho que possui excelente\u00a0 aproveitamento nutricional pelos bovinos. O professor doutor Ricardo Andrade Reis, da Unesp de Jaboticabal, ser\u00e1 respons\u00e1vel pela apresenta\u00e7\u00e3o sobre o DDG.<\/p>\n<p>O vice-presidente da Acrimat e pecuarista Amarildo Merotti e o professor Welton Cabral\u00a0 v\u00e3o contar suas experi\u00eancias na implanta\u00e7\u00e3o de tecnologias e consequente melhoramento de resultados. Para encerrar ser\u00e1 realizado um debate mediado pelo professor Elias Sanvitto, da UFMT de Sinop. O painel sobre pecu\u00e1ria ocorre nesta ter\u00e7a-feira (20), de 9h \u00e0s 12h, durante a feira Show Safra BR-163.<\/p>\n","protected":false},"excerpt":{"rendered":"<p>As novas pr\u00e1ticas agropecu\u00e1rias, como Integra\u00e7\u00e3o Lavoura-Pecu\u00e1ria e a suplementa\u00e7\u00e3o alimentar de animais, aproximaram ainda mais a agricultura da pecu\u00e1ria de corte e, para muitos produtores, hoje s\u00e3o atividades complementares<\/p>\n","protected":false},"author":7,"featured_media":97985067,"comment_status":"closed","ping_status":"closed","sticky":false,"template":"","format":"standard","meta":{"footnotes":""},"categories":[6,1],"tags":[],"class_list":["post-97986529","post","type-post","status-publish","format-standard","has-post-thumbnail","hentry","category-destaque","category-noticia"],"yoast_head":"<!-- This site is optimized with the Yoast SEO plugin v24.8.1 - https:\/\/yoast.com\/wordpress\/plugins\/seo\/ -->\n<title>Acrimat participa da feira Show Safra BR-163 em Lucas do Rio Verde - Acrimat<\/title>\n<meta name=\"robots\" content=\"index, follow, max-snippet:-1, max-image-preview:large, max-video-preview:-1\" \/>\n<link rel=\"canonical\" href=\"https:\/\/acrimat.org.br\/portal\/acrimat-participa-da-feira-show-safra-br-163-em-lucas-do-rio-verde\/\" \/>\n<meta property=\"og:locale\" content=\"pt_BR\" \/>\n<meta property=\"og:type\" content=\"article\" \/>\n<meta property=\"og:title\" content=\"Acrimat participa da feira Show Safra BR-163 em Lucas do Rio Verde - Acrimat\" \/>\n<meta property=\"og:description\" content=\"As novas pr\u00e1ticas agropecu\u00e1rias, como Integra\u00e7\u00e3o Lavoura-Pecu\u00e1ria e a suplementa\u00e7\u00e3o alimentar de animais, aproximaram ainda mais a agricultura da pecu\u00e1ria de corte e, para muitos produtores, hoje s\u00e3o atividades complementares\" \/>\n<meta property=\"og:url\" content=\"https:\/\/acrimat.org.br\/portal\/acrimat-participa-da-feira-show-safra-br-163-em-lucas-do-rio-verde\/\" \/>\n<meta property=\"og:site_name\" content=\"Acrimat\" \/>\n<meta property=\"article:published_time\" content=\"2018-03-19T14:51:46+00:00\" \/>\n<meta property=\"og:image\" content=\"https:\/\/acrimat.org.br\/portal\/wp-content\/uploads\/2017\/11\/12642.jpg\" \/>\n\t<meta property=\"og:image:width\" content=\"700\" \/>\n\t<meta property=\"og:image:height\" content=\"501\" \/>\n\t<meta property=\"og:image:type\" content=\"image\/jpeg\" \/>\n<meta name=\"author\" content=\"Assessoria de comunica\u00e7\u00e3o ACRIMAT\" \/>\n<meta name=\"twitter:card\" content=\"summary_large_image\" \/>\n<meta name=\"twitter:label1\" content=\"Escrito por\" \/>\n\t<meta name=\"twitter:data1\" content=\"Assessoria de comunica\u00e7\u00e3o ACRIMAT\" \/>\n\t<meta name=\"twitter:label2\" content=\"Est. tempo de leitura\" \/>\n\t<meta name=\"twitter:data2\" content=\"2 minutos\" \/>\n<script type=\"application\/ld+json\" class=\"yoast-schema-graph\">{\"@context\":\"https:\/\/schema.org\",\"@graph\":[{\"@type\":\"Article\",\"@id\":\"https:\/\/acrimat.org.br\/portal\/acrimat-participa-da-feira-show-safra-br-163-em-lucas-do-rio-verde\/#article\",\"isPartOf\":{\"@id\":\"https:\/\/acrimat.org.br\/portal\/acrimat-participa-da-feira-show-safra-br-163-em-lucas-do-rio-verde\/\"},\"author\":{\"name\":\"Assessoria de comunica\u00e7\u00e3o ACRIMAT\",\"@id\":\"https:\/\/acrimat.org.br\/portal\/#\/schema\/person\/a309b9496344ff991e8e1b1d751fdd7b\"},\"headline\":\"Acrimat participa da feira Show Safra BR-163 em Lucas do Rio Verde\",\"datePublished\":\"2018-03-19T14:51:46+00:00\",\"mainEntityOfPage\":{\"@id\":\"https:\/\/acrimat.org.br\/portal\/acrimat-participa-da-feira-show-safra-br-163-em-lucas-do-rio-verde\/\"},\"wordCount\":407,\"publisher\":{\"@id\":\"https:\/\/acrimat.org.br\/portal\/#organization\"},\"image\":{\"@id\":\"https:\/\/acrimat.org.br\/portal\/acrimat-participa-da-feira-show-safra-br-163-em-lucas-do-rio-verde\/#primaryimage\"},\"thumbnailUrl\":\"https:\/\/acrimat.org.br\/portal\/wp-content\/uploads\/2017\/11\/12642.jpg\",\"articleSection\":[\"Destaques\",\"Not\u00edcias\"],\"inLanguage\":\"pt-BR\"},{\"@type\":\"WebPage\",\"@id\":\"https:\/\/acrimat.org.br\/portal\/acrimat-participa-da-feira-show-safra-br-163-em-lucas-do-rio-verde\/\",\"url\":\"https:\/\/acrimat.org.br\/portal\/acrimat-participa-da-feira-show-safra-br-163-em-lucas-do-rio-verde\/\",\"name\":\"Acrimat participa da feira Show Safra BR-163 em Lucas do Rio Verde - Acrimat\",\"isPartOf\":{\"@id\":\"https:\/\/acrimat.org.br\/portal\/#website\"},\"primaryImageOfPage\":{\"@id\":\"https:\/\/acrimat.org.br\/portal\/acrimat-participa-da-feira-show-safra-br-163-em-lucas-do-rio-verde\/#primaryimage\"},\"image\":{\"@id\":\"https:\/\/acrimat.org.br\/portal\/acrimat-participa-da-feira-show-safra-br-163-em-lucas-do-rio-verde\/#primaryimage\"},\"thumbnailUrl\":\"https:\/\/acrimat.org.br\/portal\/wp-content\/uploads\/2017\/11\/12642.jpg\",\"datePublished\":\"2018-03-19T14:51:46+00:00\",\"breadcrumb\":{\"@id\":\"https:\/\/acrimat.org.br\/portal\/acrimat-participa-da-feira-show-safra-br-163-em-lucas-do-rio-verde\/#breadcrumb\"},\"inLanguage\":\"pt-BR\",\"potentialAction\":[{\"@type\":\"ReadAction\",\"target\":[\"https:\/\/acrimat.org.br\/portal\/acrimat-participa-da-feira-show-safra-br-163-em-lucas-do-rio-verde\/\"]}]},{\"@type\":\"ImageObject\",\"inLanguage\":\"pt-BR\",\"@id\":\"https:\/\/acrimat.org.br\/portal\/acrimat-participa-da-feira-show-safra-br-163-em-lucas-do-rio-verde\/#primaryimage\",\"url\":\"https:\/\/acrimat.org.br\/portal\/wp-content\/uploads\/2017\/11\/12642.jpg\",\"contentUrl\":\"https:\/\/acrimat.org.br\/portal\/wp-content\/uploads\/2017\/11\/12642.jpg\",\"width\":700,\"height\":501},{\"@type\":\"BreadcrumbList\",\"@id\":\"https:\/\/acrimat.org.br\/portal\/acrimat-participa-da-feira-show-safra-br-163-em-lucas-do-rio-verde\/#breadcrumb\",\"itemListElement\":[{\"@type\":\"ListItem\",\"position\":1,\"name\":\"In\u00edcio\",\"item\":\"https:\/\/acrimat.org.br\/portal\/\"},{\"@type\":\"ListItem\",\"position\":2,\"name\":\"Acrimat participa da feira Show Safra BR-163 em Lucas do Rio Verde\"}]},{\"@type\":\"WebSite\",\"@id\":\"https:\/\/acrimat.org.br\/portal\/#website\",\"url\":\"https:\/\/acrimat.org.br\/portal\/\",\"name\":\"Acrimat\",\"description\":\"Associa\u00e7\u00e3o dos Criadores de Mato Grosso\",\"publisher\":{\"@id\":\"https:\/\/acrimat.org.br\/portal\/#organization\"},\"potentialAction\":[{\"@type\":\"SearchAction\",\"target\":{\"@type\":\"EntryPoint\",\"urlTemplate\":\"https:\/\/acrimat.org.br\/portal\/?s={search_term_string}\"},\"query-input\":{\"@type\":\"PropertyValueSpecification\",\"valueRequired\":true,\"valueName\":\"search_term_string\"}}],\"inLanguage\":\"pt-BR\"},{\"@type\":\"Organization\",\"@id\":\"https:\/\/acrimat.org.br\/portal\/#organization\",\"name\":\"Associa\u00e7\u00e3o dos Criadores de Mato Grosso\",\"url\":\"https:\/\/acrimat.org.br\/portal\/\",\"logo\":{\"@type\":\"ImageObject\",\"inLanguage\":\"pt-BR\",\"@id\":\"https:\/\/acrimat.org.br\/portal\/#\/schema\/logo\/image\/\",\"url\":\"https:\/\/acrimat.org.br\/portal\/wp-content\/uploads\/2018\/03\/logo-peq-original.png\",\"contentUrl\":\"https:\/\/acrimat.org.br\/portal\/wp-content\/uploads\/2018\/03\/logo-peq-original.png\",\"width\":174,\"height\":171,\"caption\":\"Associa\u00e7\u00e3o dos Criadores de Mato Grosso\"},\"image\":{\"@id\":\"https:\/\/acrimat.org.br\/portal\/#\/schema\/logo\/image\/\"}},{\"@type\":\"Person\",\"@id\":\"https:\/\/acrimat.org.br\/portal\/#\/schema\/person\/a309b9496344ff991e8e1b1d751fdd7b\",\"name\":\"Assessoria de comunica\u00e7\u00e3o ACRIMAT\",\"image\":{\"@type\":\"ImageObject\",\"inLanguage\":\"pt-BR\",\"@id\":\"https:\/\/acrimat.org.br\/portal\/#\/schema\/person\/image\/\",\"url\":\"https:\/\/secure.gravatar.com\/avatar\/2f9c28e64c317bcd762b25cb1575f1b4?s=96&d=mm&r=g\",\"contentUrl\":\"https:\/\/secure.gravatar.com\/avatar\/2f9c28e64c317bcd762b25cb1575f1b4?s=96&d=mm&r=g\",\"caption\":\"Assessoria de comunica\u00e7\u00e3o ACRIMAT\"},\"sameAs\":[\"http:\/\/acrimat.org.br\/\"],\"url\":\"https:\/\/acrimat.org.br\/portal\/author\/ascom\/\"}]}<\/script>\n<!-- \/ Yoast SEO plugin. -->","yoast_head_json":{"title":"Acrimat participa da feira Show Safra BR-163 em Lucas do Rio Verde - Acrimat","robots":{"index":"index","follow":"follow","max-snippet":"max-snippet:-1","max-image-preview":"max-image-preview:large","max-video-preview":"max-video-preview:-1"},"canonical":"https:\/\/acrimat.org.br\/portal\/acrimat-participa-da-feira-show-safra-br-163-em-lucas-do-rio-verde\/","og_locale":"pt_BR","og_type":"article","og_title":"Acrimat participa da feira Show Safra BR-163 em Lucas do Rio Verde - Acrimat","og_description":"As novas pr\u00e1ticas agropecu\u00e1rias, como Integra\u00e7\u00e3o Lavoura-Pecu\u00e1ria e a suplementa\u00e7\u00e3o alimentar de animais, aproximaram ainda mais a agricultura da pecu\u00e1ria de corte e, para muitos produtores, hoje s\u00e3o atividades complementares","og_url":"https:\/\/acrimat.org.br\/portal\/acrimat-participa-da-feira-show-safra-br-163-em-lucas-do-rio-verde\/","og_site_name":"Acrimat","article_published_time":"2018-03-19T14:51:46+00:00","og_image":[{"width":700,"height":501,"url":"https:\/\/acrimat.org.br\/portal\/wp-content\/uploads\/2017\/11\/12642.jpg","type":"image\/jpeg"}],"author":"Assessoria de comunica\u00e7\u00e3o ACRIMAT","twitter_card":"summary_large_image","twitter_misc":{"Escrito por":"Assessoria de comunica\u00e7\u00e3o ACRIMAT","Est. tempo de leitura":"2 minutos"},"schema":{"@context":"https:\/\/schema.org","@graph":[{"@type":"Article","@id":"https:\/\/acrimat.org.br\/portal\/acrimat-participa-da-feira-show-safra-br-163-em-lucas-do-rio-verde\/#article","isPartOf":{"@id":"https:\/\/acrimat.org.br\/portal\/acrimat-participa-da-feira-show-safra-br-163-em-lucas-do-rio-verde\/"},"author":{"name":"Assessoria de comunica\u00e7\u00e3o ACRIMAT","@id":"https:\/\/acrimat.org.br\/portal\/#\/schema\/person\/a309b9496344ff991e8e1b1d751fdd7b"},"headline":"Acrimat participa da feira Show Safra BR-163 em Lucas do Rio Verde","datePublished":"2018-03-19T14:51:46+00:00","mainEntityOfPage":{"@id":"https:\/\/acrimat.org.br\/portal\/acrimat-participa-da-feira-show-safra-br-163-em-lucas-do-rio-verde\/"},"wordCount":407,"publisher":{"@id":"https:\/\/acrimat.org.br\/portal\/#organization"},"image":{"@id":"https:\/\/acrimat.org.br\/portal\/acrimat-participa-da-feira-show-safra-br-163-em-lucas-do-rio-verde\/#primaryimage"},"thumbnailUrl":"https:\/\/acrimat.org.br\/portal\/wp-content\/uploads\/2017\/11\/12642.jpg","articleSection":["Destaques","Not\u00edcias"],"inLanguage":"pt-BR"},{"@type":"WebPage","@id":"https:\/\/acrimat.org.br\/portal\/acrimat-participa-da-feira-show-safra-br-163-em-lucas-do-rio-verde\/","url":"https:\/\/acrimat.org.br\/portal\/acrimat-participa-da-feira-show-safra-br-163-em-lucas-do-rio-verde\/","name":"Acrimat participa da feira Show Safra BR-163 em Lucas do Rio Verde - Acrimat","isPartOf":{"@id":"https:\/\/acrimat.org.br\/portal\/#website"},"primaryImageOfPage":{"@id":"https:\/\/acrimat.org.br\/portal\/acrimat-participa-da-feira-show-safra-br-163-em-lucas-do-rio-verde\/#primaryimage"},"image":{"@id":"https:\/\/acrimat.org.br\/portal\/acrimat-participa-da-feira-show-safra-br-163-em-lucas-do-rio-verde\/#primaryimage"},"thumbnailUrl":"https:\/\/acrimat.org.br\/portal\/wp-content\/uploads\/2017\/11\/12642.jpg","datePublished":"2018-03-19T14:51:46+00:00","breadcrumb":{"@id":"https:\/\/acrimat.org.br\/portal\/acrimat-participa-da-feira-show-safra-br-163-em-lucas-do-rio-verde\/#breadcrumb"},"inLanguage":"pt-BR","potentialAction":[{"@type":"ReadAction","target":["https:\/\/acrimat.org.br\/portal\/acrimat-participa-da-feira-show-safra-br-163-em-lucas-do-rio-verde\/"]}]},{"@type":"ImageObject","inLanguage":"pt-BR","@id":"https:\/\/acrimat.org.br\/portal\/acrimat-participa-da-feira-show-safra-br-163-em-lucas-do-rio-verde\/#primaryimage","url":"https:\/\/acrimat.org.br\/portal\/wp-content\/uploads\/2017\/11\/12642.jpg","contentUrl":"https:\/\/acrimat.org.br\/portal\/wp-content\/uploads\/2017\/11\/12642.jpg","width":700,"height":501},{"@type":"BreadcrumbList","@id":"https:\/\/acrimat.org.br\/portal\/acrimat-participa-da-feira-show-safra-br-163-em-lucas-do-rio-verde\/#breadcrumb","itemListElement":[{"@type":"ListItem","position":1,"name":"In\u00edcio","item":"https:\/\/acrimat.org.br\/portal\/"},{"@type":"ListItem","position":2,"name":"Acrimat participa da feira Show Safra BR-163 em Lucas do Rio Verde"}]},{"@type":"WebSite","@id":"https:\/\/acrimat.org.br\/portal\/#website","url":"https:\/\/acrimat.org.br\/portal\/","name":"Acrimat","description":"Associa\u00e7\u00e3o dos Criadores de Mato Grosso","publisher":{"@id":"https:\/\/acrimat.org.br\/portal\/#organization"},"potentialAction":[{"@type":"SearchAction","target":{"@type":"EntryPoint","urlTemplate":"https:\/\/acrimat.org.br\/portal\/?s={search_term_string}"},"query-input":{"@type":"PropertyValueSpecification","valueRequired":true,"valueName":"search_term_string"}}],"inLanguage":"pt-BR"},{"@type":"Organization","@id":"https:\/\/acrimat.org.br\/portal\/#organization","name":"Associa\u00e7\u00e3o dos Criadores de Mato Grosso","url":"https:\/\/acrimat.org.br\/portal\/","logo":{"@type":"ImageObject","inLanguage":"pt-BR","@id":"https:\/\/acrimat.org.br\/portal\/#\/schema\/logo\/image\/","url":"https:\/\/acrimat.org.br\/portal\/wp-content\/uploads\/2018\/03\/logo-peq-original.png","contentUrl":"https:\/\/acrimat.org.br\/portal\/wp-content\/uploads\/2018\/03\/logo-peq-original.png","width":174,"height":171,"caption":"Associa\u00e7\u00e3o dos Criadores de Mato Grosso"},"image":{"@id":"https:\/\/acrimat.org.br\/portal\/#\/schema\/logo\/image\/"}},{"@type":"Person","@id":"https:\/\/acrimat.org.br\/portal\/#\/schema\/person\/a309b9496344ff991e8e1b1d751fdd7b","name":"Assessoria de comunica\u00e7\u00e3o ACRIMAT","image":{"@type":"ImageObject","inLanguage":"pt-BR","@id":"https:\/\/acrimat.org.br\/portal\/#\/schema\/person\/image\/","url":"https:\/\/secure.gravatar.com\/avatar\/2f9c28e64c317bcd762b25cb1575f1b4?s=96&d=mm&r=g","contentUrl":"https:\/\/secure.gravatar.com\/avatar\/2f9c28e64c317bcd762b25cb1575f1b4?s=96&d=mm&r=g","caption":"Assessoria de comunica\u00e7\u00e3o ACRIMAT"},"sameAs":["http:\/\/acrimat.org.br\/"],"url":"https:\/\/acrimat.org.br\/portal\/author\/ascom\/"}]}},"_links":{"self":[{"href":"https:\/\/acrimat.org.br\/portal\/wp-json\/wp\/v2\/posts\/97986529","targetHints":{"allow":["GET"]}}],"collection":[{"href":"https:\/\/acrimat.org.br\/portal\/wp-json\/wp\/v2\/posts"}],"about":[{"href":"https:\/\/acrimat.org.br\/portal\/wp-json\/wp\/v2\/types\/post"}],"author":[{"embeddable":true,"href":"https:\/\/acrimat.org.br\/portal\/wp-json\/wp\/v2\/users\/7"}],"replies":[{"embeddable":true,"href":"https:\/\/acrimat.org.br\/portal\/wp-json\/wp\/v2\/comments?post=97986529"}],"version-history":[{"count":1,"href":"https:\/\/acrimat.org.br\/portal\/wp-json\/wp\/v2\/posts\/97986529\/revisions"}],"predecessor-version":[{"id":97986530,"href":"https:\/\/acrimat.org.br\/portal\/wp-json\/wp\/v2\/posts\/97986529\/revisions\/97986530"}],"wp:featuredmedia":[{"embeddable":true,"href":"https:\/\/acrimat.org.br\/portal\/wp-json\/wp\/v2\/media\/97985067"}],"wp:attachment":[{"href":"https:\/\/acrimat.org.br\/portal\/wp-json\/wp\/v2\/media?parent=97986529"}],"wp:term":[{"taxonomy":"category","embeddable":true,"href":"https:\/\/acrimat.org.br\/portal\/wp-json\/wp\/v2\/categories?post=97986529"},{"taxonomy":"post_tag","embeddable":true,"href":"https:\/\/acrimat.org.br\/portal\/wp-json\/wp\/v2\/tags?post=97986529"}],"curies":[{"name":"wp","href":"https:\/\/api.w.org\/{rel}","templated":true}]}}