{"id":97986540,"date":"2018-03-20T16:51:00","date_gmt":"2018-03-20T19:51:00","guid":{"rendered":"http:\/\/acrimat.org.br\/portal\/?p=97986540"},"modified":"2018-03-20T16:51:00","modified_gmt":"2018-03-20T19:51:00","slug":"queda-nos-precos-da-carne-bovina-sem-osso-no-atacado","status":"publish","type":"post","link":"https:\/\/acrimat.org.br\/portal\/queda-nos-precos-da-carne-bovina-sem-osso-no-atacado\/","title":{"rendered":"Queda nos pre\u00e7os da carne bovina sem osso no atacado"},"content":{"rendered":"<p>Na \u00faltima semana os pre\u00e7os da carne bovina sem osso ca\u00edram 0,6% no atacado. Desde o in\u00edcio do ano, os pre\u00e7os apresentaram queda em nove semanas e alta em apenas duas. J\u00e1 nos \u00faltimos trinta dias, a queda acumulada \u00e9 de 2,5%, recuo puxado principalmente pelos cortes do traseiro, que ca\u00edram, em m\u00e9dia, 3,2%.<\/p>\n<div>Entre os cortes, destaque para o fil\u00e9 mignon sem cord\u00e3o, com queda de 9,7% no per\u00edodo. Os cortes do dianteiro, por outro lado, est\u00e3o praticamente est\u00e1veis, com pequeno recuo de 0,2%, o que mostra a \u201cprefer\u00eancia\u201d do consumidor por cortes com menor valor agregado devido ao menor poder de compra. Este cen\u00e1rio de recuo nos primeiros meses do ano j\u00e1 era esperado, j\u00e1 que neste per\u00edodo as contas extras colaboram para a prefer\u00eancia pelas prote\u00ednas mais \u201cbaratas\u201d. Para os pr\u00f3ximos meses, a expectativa \u00e9 de que esse cen\u00e1rio mude. Indicadores de diferentes institui\u00e7\u00f5es mostram que a popula\u00e7\u00e3o acredita em cen\u00e1rio macroecon\u00f4mico melhor para este ano. Al\u00e9m disso, a Copa do Mundo e as elei\u00e7\u00f5es presidenciais podem colaborar para melhora na demanda por carne bovina.<\/div>\n","protected":false},"excerpt":{"rendered":"<p>Pre\u00e7os da carne bovina sem osso ca\u00edram 0,6% no atacado<\/p>\n","protected":false},"author":7,"featured_media":97984612,"comment_status":"closed","ping_status":"closed","sticky":false,"template":"","format":"standard","meta":{"footnotes":""},"categories":[6,1],"tags":[],"class_list":["post-97986540","post","type-post","status-publish","format-standard","has-post-thumbnail","hentry","category-destaque","category-noticia"],"yoast_head":"<!-- This site is optimized with the Yoast SEO plugin v24.8.1 - https:\/\/yoast.com\/wordpress\/plugins\/seo\/ -->\n<title>Queda nos pre\u00e7os da carne bovina sem osso no atacado - Acrimat<\/title>\n<meta name=\"robots\" content=\"index, follow, max-snippet:-1, max-image-preview:large, max-video-preview:-1\" \/>\n<link rel=\"canonical\" href=\"https:\/\/acrimat.org.br\/portal\/queda-nos-precos-da-carne-bovina-sem-osso-no-atacado\/\" \/>\n<meta property=\"og:locale\" content=\"pt_BR\" \/>\n<meta property=\"og:type\" content=\"article\" \/>\n<meta property=\"og:title\" content=\"Queda nos pre\u00e7os da carne bovina sem osso no atacado - Acrimat\" \/>\n<meta property=\"og:description\" content=\"Pre\u00e7os da carne bovina sem osso ca\u00edram 0,6% no atacado\" \/>\n<meta property=\"og:url\" content=\"https:\/\/acrimat.org.br\/portal\/queda-nos-precos-da-carne-bovina-sem-osso-no-atacado\/\" \/>\n<meta property=\"og:site_name\" content=\"Acrimat\" \/>\n<meta property=\"article:published_time\" content=\"2018-03-20T19:51:00+00:00\" \/>\n<meta property=\"og:image\" content=\"https:\/\/acrimat.org.br\/portal\/wp-content\/uploads\/2017\/11\/frigorifico5.jpg\" \/>\n\t<meta property=\"og:image:width\" content=\"640\" \/>\n\t<meta property=\"og:image:height\" content=\"428\" \/>\n\t<meta property=\"og:image:type\" content=\"image\/jpeg\" \/>\n<meta name=\"author\" content=\"Assessoria de comunica\u00e7\u00e3o ACRIMAT\" \/>\n<meta name=\"twitter:card\" content=\"summary_large_image\" \/>\n<meta name=\"twitter:label1\" content=\"Escrito por\" \/>\n\t<meta name=\"twitter:data1\" content=\"Assessoria de comunica\u00e7\u00e3o ACRIMAT\" \/>\n\t<meta name=\"twitter:label2\" content=\"Est. tempo de leitura\" \/>\n\t<meta name=\"twitter:data2\" content=\"1 minuto\" \/>\n<script type=\"application\/ld+json\" class=\"yoast-schema-graph\">{\"@context\":\"https:\/\/schema.org\",\"@graph\":[{\"@type\":\"Article\",\"@id\":\"https:\/\/acrimat.org.br\/portal\/queda-nos-precos-da-carne-bovina-sem-osso-no-atacado\/#article\",\"isPartOf\":{\"@id\":\"https:\/\/acrimat.org.br\/portal\/queda-nos-precos-da-carne-bovina-sem-osso-no-atacado\/\"},\"author\":{\"name\":\"Assessoria de comunica\u00e7\u00e3o ACRIMAT\",\"@id\":\"https:\/\/acrimat.org.br\/portal\/#\/schema\/person\/a309b9496344ff991e8e1b1d751fdd7b\"},\"headline\":\"Queda nos pre\u00e7os da carne bovina sem osso no atacado\",\"datePublished\":\"2018-03-20T19:51:00+00:00\",\"mainEntityOfPage\":{\"@id\":\"https:\/\/acrimat.org.br\/portal\/queda-nos-precos-da-carne-bovina-sem-osso-no-atacado\/\"},\"wordCount\":205,\"publisher\":{\"@id\":\"https:\/\/acrimat.org.br\/portal\/#organization\"},\"image\":{\"@id\":\"https:\/\/acrimat.org.br\/portal\/queda-nos-precos-da-carne-bovina-sem-osso-no-atacado\/#primaryimage\"},\"thumbnailUrl\":\"https:\/\/acrimat.org.br\/portal\/wp-content\/uploads\/2017\/11\/frigorifico5.jpg\",\"articleSection\":[\"Destaques\",\"Not\u00edcias\"],\"inLanguage\":\"pt-BR\"},{\"@type\":\"WebPage\",\"@id\":\"https:\/\/acrimat.org.br\/portal\/queda-nos-precos-da-carne-bovina-sem-osso-no-atacado\/\",\"url\":\"https:\/\/acrimat.org.br\/portal\/queda-nos-precos-da-carne-bovina-sem-osso-no-atacado\/\",\"name\":\"Queda nos pre\u00e7os da carne bovina sem osso no atacado - Acrimat\",\"isPartOf\":{\"@id\":\"https:\/\/acrimat.org.br\/portal\/#website\"},\"primaryImageOfPage\":{\"@id\":\"https:\/\/acrimat.org.br\/portal\/queda-nos-precos-da-carne-bovina-sem-osso-no-atacado\/#primaryimage\"},\"image\":{\"@id\":\"https:\/\/acrimat.org.br\/portal\/queda-nos-precos-da-carne-bovina-sem-osso-no-atacado\/#primaryimage\"},\"thumbnailUrl\":\"https:\/\/acrimat.org.br\/portal\/wp-content\/uploads\/2017\/11\/frigorifico5.jpg\",\"datePublished\":\"2018-03-20T19:51:00+00:00\",\"breadcrumb\":{\"@id\":\"https:\/\/acrimat.org.br\/portal\/queda-nos-precos-da-carne-bovina-sem-osso-no-atacado\/#breadcrumb\"},\"inLanguage\":\"pt-BR\",\"potentialAction\":[{\"@type\":\"ReadAction\",\"target\":[\"https:\/\/acrimat.org.br\/portal\/queda-nos-precos-da-carne-bovina-sem-osso-no-atacado\/\"]}]},{\"@type\":\"ImageObject\",\"inLanguage\":\"pt-BR\",\"@id\":\"https:\/\/acrimat.org.br\/portal\/queda-nos-precos-da-carne-bovina-sem-osso-no-atacado\/#primaryimage\",\"url\":\"https:\/\/acrimat.org.br\/portal\/wp-content\/uploads\/2017\/11\/frigorifico5.jpg\",\"contentUrl\":\"https:\/\/acrimat.org.br\/portal\/wp-content\/uploads\/2017\/11\/frigorifico5.jpg\",\"width\":640,\"height\":428},{\"@type\":\"BreadcrumbList\",\"@id\":\"https:\/\/acrimat.org.br\/portal\/queda-nos-precos-da-carne-bovina-sem-osso-no-atacado\/#breadcrumb\",\"itemListElement\":[{\"@type\":\"ListItem\",\"position\":1,\"name\":\"In\u00edcio\",\"item\":\"https:\/\/acrimat.org.br\/portal\/\"},{\"@type\":\"ListItem\",\"position\":2,\"name\":\"Queda nos pre\u00e7os da carne bovina sem osso no atacado\"}]},{\"@type\":\"WebSite\",\"@id\":\"https:\/\/acrimat.org.br\/portal\/#website\",\"url\":\"https:\/\/acrimat.org.br\/portal\/\",\"name\":\"Acrimat\",\"description\":\"Associa\u00e7\u00e3o dos Criadores de Mato Grosso\",\"publisher\":{\"@id\":\"https:\/\/acrimat.org.br\/portal\/#organization\"},\"potentialAction\":[{\"@type\":\"SearchAction\",\"target\":{\"@type\":\"EntryPoint\",\"urlTemplate\":\"https:\/\/acrimat.org.br\/portal\/?s={search_term_string}\"},\"query-input\":{\"@type\":\"PropertyValueSpecification\",\"valueRequired\":true,\"valueName\":\"search_term_string\"}}],\"inLanguage\":\"pt-BR\"},{\"@type\":\"Organization\",\"@id\":\"https:\/\/acrimat.org.br\/portal\/#organization\",\"name\":\"Associa\u00e7\u00e3o dos Criadores de Mato Grosso\",\"url\":\"https:\/\/acrimat.org.br\/portal\/\",\"logo\":{\"@type\":\"ImageObject\",\"inLanguage\":\"pt-BR\",\"@id\":\"https:\/\/acrimat.org.br\/portal\/#\/schema\/logo\/image\/\",\"url\":\"https:\/\/acrimat.org.br\/portal\/wp-content\/uploads\/2018\/03\/logo-peq-original.png\",\"contentUrl\":\"https:\/\/acrimat.org.br\/portal\/wp-content\/uploads\/2018\/03\/logo-peq-original.png\",\"width\":174,\"height\":171,\"caption\":\"Associa\u00e7\u00e3o dos Criadores de Mato Grosso\"},\"image\":{\"@id\":\"https:\/\/acrimat.org.br\/portal\/#\/schema\/logo\/image\/\"}},{\"@type\":\"Person\",\"@id\":\"https:\/\/acrimat.org.br\/portal\/#\/schema\/person\/a309b9496344ff991e8e1b1d751fdd7b\",\"name\":\"Assessoria de comunica\u00e7\u00e3o ACRIMAT\",\"image\":{\"@type\":\"ImageObject\",\"inLanguage\":\"pt-BR\",\"@id\":\"https:\/\/acrimat.org.br\/portal\/#\/schema\/person\/image\/\",\"url\":\"https:\/\/secure.gravatar.com\/avatar\/2f9c28e64c317bcd762b25cb1575f1b4?s=96&d=mm&r=g\",\"contentUrl\":\"https:\/\/secure.gravatar.com\/avatar\/2f9c28e64c317bcd762b25cb1575f1b4?s=96&d=mm&r=g\",\"caption\":\"Assessoria de comunica\u00e7\u00e3o ACRIMAT\"},\"sameAs\":[\"http:\/\/acrimat.org.br\/\"],\"url\":\"https:\/\/acrimat.org.br\/portal\/author\/ascom\/\"}]}<\/script>\n<!-- \/ Yoast SEO plugin. -->","yoast_head_json":{"title":"Queda nos pre\u00e7os da carne bovina sem osso no atacado - Acrimat","robots":{"index":"index","follow":"follow","max-snippet":"max-snippet:-1","max-image-preview":"max-image-preview:large","max-video-preview":"max-video-preview:-1"},"canonical":"https:\/\/acrimat.org.br\/portal\/queda-nos-precos-da-carne-bovina-sem-osso-no-atacado\/","og_locale":"pt_BR","og_type":"article","og_title":"Queda nos pre\u00e7os da carne bovina sem osso no atacado - Acrimat","og_description":"Pre\u00e7os da carne bovina sem osso ca\u00edram 0,6% no atacado","og_url":"https:\/\/acrimat.org.br\/portal\/queda-nos-precos-da-carne-bovina-sem-osso-no-atacado\/","og_site_name":"Acrimat","article_published_time":"2018-03-20T19:51:00+00:00","og_image":[{"width":640,"height":428,"url":"https:\/\/acrimat.org.br\/portal\/wp-content\/uploads\/2017\/11\/frigorifico5.jpg","type":"image\/jpeg"}],"author":"Assessoria de comunica\u00e7\u00e3o ACRIMAT","twitter_card":"summary_large_image","twitter_misc":{"Escrito por":"Assessoria de comunica\u00e7\u00e3o ACRIMAT","Est. tempo de leitura":"1 minuto"},"schema":{"@context":"https:\/\/schema.org","@graph":[{"@type":"Article","@id":"https:\/\/acrimat.org.br\/portal\/queda-nos-precos-da-carne-bovina-sem-osso-no-atacado\/#article","isPartOf":{"@id":"https:\/\/acrimat.org.br\/portal\/queda-nos-precos-da-carne-bovina-sem-osso-no-atacado\/"},"author":{"name":"Assessoria de comunica\u00e7\u00e3o ACRIMAT","@id":"https:\/\/acrimat.org.br\/portal\/#\/schema\/person\/a309b9496344ff991e8e1b1d751fdd7b"},"headline":"Queda nos pre\u00e7os da carne bovina sem osso no atacado","datePublished":"2018-03-20T19:51:00+00:00","mainEntityOfPage":{"@id":"https:\/\/acrimat.org.br\/portal\/queda-nos-precos-da-carne-bovina-sem-osso-no-atacado\/"},"wordCount":205,"publisher":{"@id":"https:\/\/acrimat.org.br\/portal\/#organization"},"image":{"@id":"https:\/\/acrimat.org.br\/portal\/queda-nos-precos-da-carne-bovina-sem-osso-no-atacado\/#primaryimage"},"thumbnailUrl":"https:\/\/acrimat.org.br\/portal\/wp-content\/uploads\/2017\/11\/frigorifico5.jpg","articleSection":["Destaques","Not\u00edcias"],"inLanguage":"pt-BR"},{"@type":"WebPage","@id":"https:\/\/acrimat.org.br\/portal\/queda-nos-precos-da-carne-bovina-sem-osso-no-atacado\/","url":"https:\/\/acrimat.org.br\/portal\/queda-nos-precos-da-carne-bovina-sem-osso-no-atacado\/","name":"Queda nos pre\u00e7os da carne bovina sem osso no atacado - Acrimat","isPartOf":{"@id":"https:\/\/acrimat.org.br\/portal\/#website"},"primaryImageOfPage":{"@id":"https:\/\/acrimat.org.br\/portal\/queda-nos-precos-da-carne-bovina-sem-osso-no-atacado\/#primaryimage"},"image":{"@id":"https:\/\/acrimat.org.br\/portal\/queda-nos-precos-da-carne-bovina-sem-osso-no-atacado\/#primaryimage"},"thumbnailUrl":"https:\/\/acrimat.org.br\/portal\/wp-content\/uploads\/2017\/11\/frigorifico5.jpg","datePublished":"2018-03-20T19:51:00+00:00","breadcrumb":{"@id":"https:\/\/acrimat.org.br\/portal\/queda-nos-precos-da-carne-bovina-sem-osso-no-atacado\/#breadcrumb"},"inLanguage":"pt-BR","potentialAction":[{"@type":"ReadAction","target":["https:\/\/acrimat.org.br\/portal\/queda-nos-precos-da-carne-bovina-sem-osso-no-atacado\/"]}]},{"@type":"ImageObject","inLanguage":"pt-BR","@id":"https:\/\/acrimat.org.br\/portal\/queda-nos-precos-da-carne-bovina-sem-osso-no-atacado\/#primaryimage","url":"https:\/\/acrimat.org.br\/portal\/wp-content\/uploads\/2017\/11\/frigorifico5.jpg","contentUrl":"https:\/\/acrimat.org.br\/portal\/wp-content\/uploads\/2017\/11\/frigorifico5.jpg","width":640,"height":428},{"@type":"BreadcrumbList","@id":"https:\/\/acrimat.org.br\/portal\/queda-nos-precos-da-carne-bovina-sem-osso-no-atacado\/#breadcrumb","itemListElement":[{"@type":"ListItem","position":1,"name":"In\u00edcio","item":"https:\/\/acrimat.org.br\/portal\/"},{"@type":"ListItem","position":2,"name":"Queda nos pre\u00e7os da carne bovina sem osso no atacado"}]},{"@type":"WebSite","@id":"https:\/\/acrimat.org.br\/portal\/#website","url":"https:\/\/acrimat.org.br\/portal\/","name":"Acrimat","description":"Associa\u00e7\u00e3o dos Criadores de Mato Grosso","publisher":{"@id":"https:\/\/acrimat.org.br\/portal\/#organization"},"potentialAction":[{"@type":"SearchAction","target":{"@type":"EntryPoint","urlTemplate":"https:\/\/acrimat.org.br\/portal\/?s={search_term_string}"},"query-input":{"@type":"PropertyValueSpecification","valueRequired":true,"valueName":"search_term_string"}}],"inLanguage":"pt-BR"},{"@type":"Organization","@id":"https:\/\/acrimat.org.br\/portal\/#organization","name":"Associa\u00e7\u00e3o dos Criadores de Mato Grosso","url":"https:\/\/acrimat.org.br\/portal\/","logo":{"@type":"ImageObject","inLanguage":"pt-BR","@id":"https:\/\/acrimat.org.br\/portal\/#\/schema\/logo\/image\/","url":"https:\/\/acrimat.org.br\/portal\/wp-content\/uploads\/2018\/03\/logo-peq-original.png","contentUrl":"https:\/\/acrimat.org.br\/portal\/wp-content\/uploads\/2018\/03\/logo-peq-original.png","width":174,"height":171,"caption":"Associa\u00e7\u00e3o dos Criadores de Mato Grosso"},"image":{"@id":"https:\/\/acrimat.org.br\/portal\/#\/schema\/logo\/image\/"}},{"@type":"Person","@id":"https:\/\/acrimat.org.br\/portal\/#\/schema\/person\/a309b9496344ff991e8e1b1d751fdd7b","name":"Assessoria de comunica\u00e7\u00e3o ACRIMAT","image":{"@type":"ImageObject","inLanguage":"pt-BR","@id":"https:\/\/acrimat.org.br\/portal\/#\/schema\/person\/image\/","url":"https:\/\/secure.gravatar.com\/avatar\/2f9c28e64c317bcd762b25cb1575f1b4?s=96&d=mm&r=g","contentUrl":"https:\/\/secure.gravatar.com\/avatar\/2f9c28e64c317bcd762b25cb1575f1b4?s=96&d=mm&r=g","caption":"Assessoria de comunica\u00e7\u00e3o ACRIMAT"},"sameAs":["http:\/\/acrimat.org.br\/"],"url":"https:\/\/acrimat.org.br\/portal\/author\/ascom\/"}]}},"_links":{"self":[{"href":"https:\/\/acrimat.org.br\/portal\/wp-json\/wp\/v2\/posts\/97986540","targetHints":{"allow":["GET"]}}],"collection":[{"href":"https:\/\/acrimat.org.br\/portal\/wp-json\/wp\/v2\/posts"}],"about":[{"href":"https:\/\/acrimat.org.br\/portal\/wp-json\/wp\/v2\/types\/post"}],"author":[{"embeddable":true,"href":"https:\/\/acrimat.org.br\/portal\/wp-json\/wp\/v2\/users\/7"}],"replies":[{"embeddable":true,"href":"https:\/\/acrimat.org.br\/portal\/wp-json\/wp\/v2\/comments?post=97986540"}],"version-history":[{"count":1,"href":"https:\/\/acrimat.org.br\/portal\/wp-json\/wp\/v2\/posts\/97986540\/revisions"}],"predecessor-version":[{"id":97986541,"href":"https:\/\/acrimat.org.br\/portal\/wp-json\/wp\/v2\/posts\/97986540\/revisions\/97986541"}],"wp:featuredmedia":[{"embeddable":true,"href":"https:\/\/acrimat.org.br\/portal\/wp-json\/wp\/v2\/media\/97984612"}],"wp:attachment":[{"href":"https:\/\/acrimat.org.br\/portal\/wp-json\/wp\/v2\/media?parent=97986540"}],"wp:term":[{"taxonomy":"category","embeddable":true,"href":"https:\/\/acrimat.org.br\/portal\/wp-json\/wp\/v2\/categories?post=97986540"},{"taxonomy":"post_tag","embeddable":true,"href":"https:\/\/acrimat.org.br\/portal\/wp-json\/wp\/v2\/tags?post=97986540"}],"curies":[{"name":"wp","href":"https:\/\/api.w.org\/{rel}","templated":true}]}}