{"id":97986549,"date":"2018-03-21T11:01:47","date_gmt":"2018-03-21T14:01:47","guid":{"rendered":"http:\/\/acrimat.org.br\/portal\/?p=97986549"},"modified":"2018-03-21T11:01:47","modified_gmt":"2018-03-21T14:01:47","slug":"convenio-com-mapa-vai-possibilitar-atendimento-ao-medio-produtor","status":"publish","type":"post","link":"https:\/\/acrimat.org.br\/portal\/convenio-com-mapa-vai-possibilitar-atendimento-ao-medio-produtor\/","title":{"rendered":"Conv\u00eanio com Mapa vai possibilitar atendimento ao m\u00e9dio produtor"},"content":{"rendered":"<p>A Empresa Mato-grossense de Pesquisa, Assist\u00eancia e Extens\u00e3o Rural (Empaer) assinou conv\u00eanio com o Minist\u00e9rio da Agricultura, Pecu\u00e1ria e Abastecimento (Mapa) no valor de R$ 800 mil para atender 412 m\u00e9dios produtores que atuam na \u00e1rea de bovinocultura de corte e leite em 18 munic\u00edpios do estado, por um per\u00edodo de dois anos.<\/p>\n<p>Essa iniciativa apresenta uma novidade para a Empaer, que tem como p\u00fablico alvo pequenos produtores rurais, com uma m\u00e9dia de atendimento de 40 mil agricultores familiares por ano entre mulheres rurais, ind\u00edgenas, quilombolas e jovens rurais.<\/p>\n<p>O chefe da Divis\u00e3o de Assist\u00eancia T\u00e9cnica e Extens\u00e3o Rural (Ater) do Mapa, Jailson Lopes, falou que o Minist\u00e9rio quer estabelecer uma pol\u00edtica para o m\u00e9dio produtor e destacou que j\u00e1 foram assinados 17 conv\u00eanios com empresas de Ater. O programa tem como objetivo apoiar e promover o desenvolvimento sustent\u00e1vel e o fortalecimento das unidades produtivas dos m\u00e9dios produtores rurais, com a presta\u00e7\u00e3o de um servi\u00e7o de assist\u00eancia t\u00e9cnica qualificado e a capacita\u00e7\u00e3o desses produtores.<\/p>\n<p>Lopes explica que nesse primeiro momento os t\u00e9cnicos da Empaer est\u00e3o recebendo capacita\u00e7\u00e3o para utilizar a Ferramenta de Diagn\u00f3stico e Monitoramento do conv\u00eanio. A pesquisadora do Grupo de Pol\u00edticas P\u00fablicas, ligado \u00e0 Escola Superior de Agricultura \u201cLuiz de Queiroz\u201d (Esalq), Marcela Ara\u00fajo, comentou que o atendimento ser\u00e1 realizado ao m\u00e9dio produtor que possui at\u00e9 4 m\u00f3dulos fiscais, al\u00e9m de renda anual de R$ 360 mil e de 4 a acima de 15 m\u00f3dulos fiscais uma renda de R$ 1,760 milh\u00e3o.<\/p>\n<p>O Mapa viabilizou a\u00e7\u00f5es de levantamento de dados em parceria com as entidades estaduais de Ater, com o objetivo de identificar, mapear e qualificar a demanda de assist\u00eancia t\u00e9cnica e extens\u00e3o rural do m\u00e9dio produtor rural. A finalidade \u00e9 viabilizar o acesso \u00e0s novas tecnologias, adequando ambientalmente suas unidades produtivas e buscando o aumento da produ\u00e7\u00e3o e da produtividade e a gera\u00e7\u00e3o de empregos e de renda.<\/p>\n<p>A gerente de Projetos da Empaer, Denise \u00c1vila Gutteres, informou que o recurso do conv\u00eanio j\u00e1 est\u00e1 na conta da empresa e que as atividades ser\u00e3o iniciadas na regi\u00e3o de Barra do Gar\u00e7as com o cadastramento dos m\u00e9dios produtores. Conforme Denise, os t\u00e9cnicos da Empaer v\u00e3o atender um p\u00fablico que n\u00e3o \u00e9 benefici\u00e1rio do Programa Nacional de Fortalecimento da Agricultura Familiar (Pronaf). No total, cerca de 30 t\u00e9cnicos ser\u00e3o capacitados e atualizados sobre a cadeia produtiva da bovinocultura de leite e de corte.<\/p>\n<p>Nesta segunda-feira, 12 t\u00e9cnicos foram capacitados para serem multiplicadores, levando aos demais t\u00e9cnicos a utiliza\u00e7\u00e3o da Ferramenta de Diagn\u00f3stico e Monitoramento do conv\u00eanio.<\/p>\n","protected":false},"excerpt":{"rendered":"<p>Essa iniciativa apresenta uma novidade para a Empaer, que tem como p\u00fablico alvo pequenos produtores rurais,<\/p>\n","protected":false},"author":7,"featured_media":97984936,"comment_status":"closed","ping_status":"closed","sticky":false,"template":"","format":"standard","meta":{"footnotes":""},"categories":[6,1],"tags":[],"class_list":["post-97986549","post","type-post","status-publish","format-standard","has-post-thumbnail","hentry","category-destaque","category-noticia"],"yoast_head":"<!-- This site is optimized with the Yoast SEO plugin v24.8.1 - https:\/\/yoast.com\/wordpress\/plugins\/seo\/ -->\n<title>Conv\u00eanio com Mapa vai possibilitar atendimento ao m\u00e9dio produtor - Acrimat<\/title>\n<meta name=\"robots\" content=\"index, follow, max-snippet:-1, max-image-preview:large, max-video-preview:-1\" \/>\n<link rel=\"canonical\" href=\"https:\/\/acrimat.org.br\/portal\/convenio-com-mapa-vai-possibilitar-atendimento-ao-medio-produtor\/\" \/>\n<meta property=\"og:locale\" content=\"pt_BR\" \/>\n<meta property=\"og:type\" content=\"article\" \/>\n<meta property=\"og:title\" content=\"Conv\u00eanio com Mapa vai possibilitar atendimento ao m\u00e9dio produtor - Acrimat\" \/>\n<meta property=\"og:description\" content=\"Essa iniciativa apresenta uma novidade para a Empaer, que tem como p\u00fablico alvo pequenos produtores rurais,\" \/>\n<meta property=\"og:url\" content=\"https:\/\/acrimat.org.br\/portal\/convenio-com-mapa-vai-possibilitar-atendimento-ao-medio-produtor\/\" \/>\n<meta property=\"og:site_name\" content=\"Acrimat\" \/>\n<meta property=\"article:published_time\" content=\"2018-03-21T14:01:47+00:00\" \/>\n<meta property=\"og:image\" content=\"https:\/\/acrimat.org.br\/portal\/wp-content\/uploads\/2017\/11\/5946199-1.jpg\" \/>\n\t<meta property=\"og:image:width\" content=\"730\" \/>\n\t<meta property=\"og:image:height\" content=\"502\" \/>\n\t<meta property=\"og:image:type\" content=\"image\/jpeg\" \/>\n<meta name=\"author\" content=\"Assessoria de comunica\u00e7\u00e3o ACRIMAT\" \/>\n<meta name=\"twitter:card\" content=\"summary_large_image\" \/>\n<meta name=\"twitter:label1\" content=\"Escrito por\" \/>\n\t<meta name=\"twitter:data1\" content=\"Assessoria de comunica\u00e7\u00e3o ACRIMAT\" \/>\n\t<meta name=\"twitter:label2\" content=\"Est. tempo de leitura\" \/>\n\t<meta name=\"twitter:data2\" content=\"2 minutos\" \/>\n<script type=\"application\/ld+json\" class=\"yoast-schema-graph\">{\"@context\":\"https:\/\/schema.org\",\"@graph\":[{\"@type\":\"Article\",\"@id\":\"https:\/\/acrimat.org.br\/portal\/convenio-com-mapa-vai-possibilitar-atendimento-ao-medio-produtor\/#article\",\"isPartOf\":{\"@id\":\"https:\/\/acrimat.org.br\/portal\/convenio-com-mapa-vai-possibilitar-atendimento-ao-medio-produtor\/\"},\"author\":{\"name\":\"Assessoria de comunica\u00e7\u00e3o ACRIMAT\",\"@id\":\"https:\/\/acrimat.org.br\/portal\/#\/schema\/person\/a309b9496344ff991e8e1b1d751fdd7b\"},\"headline\":\"Conv\u00eanio com Mapa vai possibilitar atendimento ao m\u00e9dio produtor\",\"datePublished\":\"2018-03-21T14:01:47+00:00\",\"mainEntityOfPage\":{\"@id\":\"https:\/\/acrimat.org.br\/portal\/convenio-com-mapa-vai-possibilitar-atendimento-ao-medio-produtor\/\"},\"wordCount\":476,\"publisher\":{\"@id\":\"https:\/\/acrimat.org.br\/portal\/#organization\"},\"image\":{\"@id\":\"https:\/\/acrimat.org.br\/portal\/convenio-com-mapa-vai-possibilitar-atendimento-ao-medio-produtor\/#primaryimage\"},\"thumbnailUrl\":\"https:\/\/acrimat.org.br\/portal\/wp-content\/uploads\/2017\/11\/5946199-1.jpg\",\"articleSection\":[\"Destaques\",\"Not\u00edcias\"],\"inLanguage\":\"pt-BR\"},{\"@type\":\"WebPage\",\"@id\":\"https:\/\/acrimat.org.br\/portal\/convenio-com-mapa-vai-possibilitar-atendimento-ao-medio-produtor\/\",\"url\":\"https:\/\/acrimat.org.br\/portal\/convenio-com-mapa-vai-possibilitar-atendimento-ao-medio-produtor\/\",\"name\":\"Conv\u00eanio com Mapa vai possibilitar atendimento ao m\u00e9dio produtor - Acrimat\",\"isPartOf\":{\"@id\":\"https:\/\/acrimat.org.br\/portal\/#website\"},\"primaryImageOfPage\":{\"@id\":\"https:\/\/acrimat.org.br\/portal\/convenio-com-mapa-vai-possibilitar-atendimento-ao-medio-produtor\/#primaryimage\"},\"image\":{\"@id\":\"https:\/\/acrimat.org.br\/portal\/convenio-com-mapa-vai-possibilitar-atendimento-ao-medio-produtor\/#primaryimage\"},\"thumbnailUrl\":\"https:\/\/acrimat.org.br\/portal\/wp-content\/uploads\/2017\/11\/5946199-1.jpg\",\"datePublished\":\"2018-03-21T14:01:47+00:00\",\"breadcrumb\":{\"@id\":\"https:\/\/acrimat.org.br\/portal\/convenio-com-mapa-vai-possibilitar-atendimento-ao-medio-produtor\/#breadcrumb\"},\"inLanguage\":\"pt-BR\",\"potentialAction\":[{\"@type\":\"ReadAction\",\"target\":[\"https:\/\/acrimat.org.br\/portal\/convenio-com-mapa-vai-possibilitar-atendimento-ao-medio-produtor\/\"]}]},{\"@type\":\"ImageObject\",\"inLanguage\":\"pt-BR\",\"@id\":\"https:\/\/acrimat.org.br\/portal\/convenio-com-mapa-vai-possibilitar-atendimento-ao-medio-produtor\/#primaryimage\",\"url\":\"https:\/\/acrimat.org.br\/portal\/wp-content\/uploads\/2017\/11\/5946199-1.jpg\",\"contentUrl\":\"https:\/\/acrimat.org.br\/portal\/wp-content\/uploads\/2017\/11\/5946199-1.jpg\",\"width\":730,\"height\":502},{\"@type\":\"BreadcrumbList\",\"@id\":\"https:\/\/acrimat.org.br\/portal\/convenio-com-mapa-vai-possibilitar-atendimento-ao-medio-produtor\/#breadcrumb\",\"itemListElement\":[{\"@type\":\"ListItem\",\"position\":1,\"name\":\"In\u00edcio\",\"item\":\"https:\/\/acrimat.org.br\/portal\/\"},{\"@type\":\"ListItem\",\"position\":2,\"name\":\"Conv\u00eanio com Mapa vai possibilitar atendimento ao m\u00e9dio produtor\"}]},{\"@type\":\"WebSite\",\"@id\":\"https:\/\/acrimat.org.br\/portal\/#website\",\"url\":\"https:\/\/acrimat.org.br\/portal\/\",\"name\":\"Acrimat\",\"description\":\"Associa\u00e7\u00e3o dos Criadores de Mato Grosso\",\"publisher\":{\"@id\":\"https:\/\/acrimat.org.br\/portal\/#organization\"},\"potentialAction\":[{\"@type\":\"SearchAction\",\"target\":{\"@type\":\"EntryPoint\",\"urlTemplate\":\"https:\/\/acrimat.org.br\/portal\/?s={search_term_string}\"},\"query-input\":{\"@type\":\"PropertyValueSpecification\",\"valueRequired\":true,\"valueName\":\"search_term_string\"}}],\"inLanguage\":\"pt-BR\"},{\"@type\":\"Organization\",\"@id\":\"https:\/\/acrimat.org.br\/portal\/#organization\",\"name\":\"Associa\u00e7\u00e3o dos Criadores de Mato Grosso\",\"url\":\"https:\/\/acrimat.org.br\/portal\/\",\"logo\":{\"@type\":\"ImageObject\",\"inLanguage\":\"pt-BR\",\"@id\":\"https:\/\/acrimat.org.br\/portal\/#\/schema\/logo\/image\/\",\"url\":\"https:\/\/acrimat.org.br\/portal\/wp-content\/uploads\/2018\/03\/logo-peq-original.png\",\"contentUrl\":\"https:\/\/acrimat.org.br\/portal\/wp-content\/uploads\/2018\/03\/logo-peq-original.png\",\"width\":174,\"height\":171,\"caption\":\"Associa\u00e7\u00e3o dos Criadores de Mato Grosso\"},\"image\":{\"@id\":\"https:\/\/acrimat.org.br\/portal\/#\/schema\/logo\/image\/\"}},{\"@type\":\"Person\",\"@id\":\"https:\/\/acrimat.org.br\/portal\/#\/schema\/person\/a309b9496344ff991e8e1b1d751fdd7b\",\"name\":\"Assessoria de comunica\u00e7\u00e3o ACRIMAT\",\"image\":{\"@type\":\"ImageObject\",\"inLanguage\":\"pt-BR\",\"@id\":\"https:\/\/acrimat.org.br\/portal\/#\/schema\/person\/image\/\",\"url\":\"https:\/\/secure.gravatar.com\/avatar\/2f9c28e64c317bcd762b25cb1575f1b4?s=96&d=mm&r=g\",\"contentUrl\":\"https:\/\/secure.gravatar.com\/avatar\/2f9c28e64c317bcd762b25cb1575f1b4?s=96&d=mm&r=g\",\"caption\":\"Assessoria de comunica\u00e7\u00e3o ACRIMAT\"},\"sameAs\":[\"http:\/\/acrimat.org.br\/\"],\"url\":\"https:\/\/acrimat.org.br\/portal\/author\/ascom\/\"}]}<\/script>\n<!-- \/ Yoast SEO plugin. -->","yoast_head_json":{"title":"Conv\u00eanio com Mapa vai possibilitar atendimento ao m\u00e9dio produtor - Acrimat","robots":{"index":"index","follow":"follow","max-snippet":"max-snippet:-1","max-image-preview":"max-image-preview:large","max-video-preview":"max-video-preview:-1"},"canonical":"https:\/\/acrimat.org.br\/portal\/convenio-com-mapa-vai-possibilitar-atendimento-ao-medio-produtor\/","og_locale":"pt_BR","og_type":"article","og_title":"Conv\u00eanio com Mapa vai possibilitar atendimento ao m\u00e9dio produtor - Acrimat","og_description":"Essa iniciativa apresenta uma novidade para a Empaer, que tem como p\u00fablico alvo pequenos produtores rurais,","og_url":"https:\/\/acrimat.org.br\/portal\/convenio-com-mapa-vai-possibilitar-atendimento-ao-medio-produtor\/","og_site_name":"Acrimat","article_published_time":"2018-03-21T14:01:47+00:00","og_image":[{"width":730,"height":502,"url":"https:\/\/acrimat.org.br\/portal\/wp-content\/uploads\/2017\/11\/5946199-1.jpg","type":"image\/jpeg"}],"author":"Assessoria de comunica\u00e7\u00e3o ACRIMAT","twitter_card":"summary_large_image","twitter_misc":{"Escrito por":"Assessoria de comunica\u00e7\u00e3o ACRIMAT","Est. tempo de leitura":"2 minutos"},"schema":{"@context":"https:\/\/schema.org","@graph":[{"@type":"Article","@id":"https:\/\/acrimat.org.br\/portal\/convenio-com-mapa-vai-possibilitar-atendimento-ao-medio-produtor\/#article","isPartOf":{"@id":"https:\/\/acrimat.org.br\/portal\/convenio-com-mapa-vai-possibilitar-atendimento-ao-medio-produtor\/"},"author":{"name":"Assessoria de comunica\u00e7\u00e3o ACRIMAT","@id":"https:\/\/acrimat.org.br\/portal\/#\/schema\/person\/a309b9496344ff991e8e1b1d751fdd7b"},"headline":"Conv\u00eanio com Mapa vai possibilitar atendimento ao m\u00e9dio produtor","datePublished":"2018-03-21T14:01:47+00:00","mainEntityOfPage":{"@id":"https:\/\/acrimat.org.br\/portal\/convenio-com-mapa-vai-possibilitar-atendimento-ao-medio-produtor\/"},"wordCount":476,"publisher":{"@id":"https:\/\/acrimat.org.br\/portal\/#organization"},"image":{"@id":"https:\/\/acrimat.org.br\/portal\/convenio-com-mapa-vai-possibilitar-atendimento-ao-medio-produtor\/#primaryimage"},"thumbnailUrl":"https:\/\/acrimat.org.br\/portal\/wp-content\/uploads\/2017\/11\/5946199-1.jpg","articleSection":["Destaques","Not\u00edcias"],"inLanguage":"pt-BR"},{"@type":"WebPage","@id":"https:\/\/acrimat.org.br\/portal\/convenio-com-mapa-vai-possibilitar-atendimento-ao-medio-produtor\/","url":"https:\/\/acrimat.org.br\/portal\/convenio-com-mapa-vai-possibilitar-atendimento-ao-medio-produtor\/","name":"Conv\u00eanio com Mapa vai possibilitar atendimento ao m\u00e9dio produtor - Acrimat","isPartOf":{"@id":"https:\/\/acrimat.org.br\/portal\/#website"},"primaryImageOfPage":{"@id":"https:\/\/acrimat.org.br\/portal\/convenio-com-mapa-vai-possibilitar-atendimento-ao-medio-produtor\/#primaryimage"},"image":{"@id":"https:\/\/acrimat.org.br\/portal\/convenio-com-mapa-vai-possibilitar-atendimento-ao-medio-produtor\/#primaryimage"},"thumbnailUrl":"https:\/\/acrimat.org.br\/portal\/wp-content\/uploads\/2017\/11\/5946199-1.jpg","datePublished":"2018-03-21T14:01:47+00:00","breadcrumb":{"@id":"https:\/\/acrimat.org.br\/portal\/convenio-com-mapa-vai-possibilitar-atendimento-ao-medio-produtor\/#breadcrumb"},"inLanguage":"pt-BR","potentialAction":[{"@type":"ReadAction","target":["https:\/\/acrimat.org.br\/portal\/convenio-com-mapa-vai-possibilitar-atendimento-ao-medio-produtor\/"]}]},{"@type":"ImageObject","inLanguage":"pt-BR","@id":"https:\/\/acrimat.org.br\/portal\/convenio-com-mapa-vai-possibilitar-atendimento-ao-medio-produtor\/#primaryimage","url":"https:\/\/acrimat.org.br\/portal\/wp-content\/uploads\/2017\/11\/5946199-1.jpg","contentUrl":"https:\/\/acrimat.org.br\/portal\/wp-content\/uploads\/2017\/11\/5946199-1.jpg","width":730,"height":502},{"@type":"BreadcrumbList","@id":"https:\/\/acrimat.org.br\/portal\/convenio-com-mapa-vai-possibilitar-atendimento-ao-medio-produtor\/#breadcrumb","itemListElement":[{"@type":"ListItem","position":1,"name":"In\u00edcio","item":"https:\/\/acrimat.org.br\/portal\/"},{"@type":"ListItem","position":2,"name":"Conv\u00eanio com Mapa vai possibilitar atendimento ao m\u00e9dio produtor"}]},{"@type":"WebSite","@id":"https:\/\/acrimat.org.br\/portal\/#website","url":"https:\/\/acrimat.org.br\/portal\/","name":"Acrimat","description":"Associa\u00e7\u00e3o dos Criadores de Mato Grosso","publisher":{"@id":"https:\/\/acrimat.org.br\/portal\/#organization"},"potentialAction":[{"@type":"SearchAction","target":{"@type":"EntryPoint","urlTemplate":"https:\/\/acrimat.org.br\/portal\/?s={search_term_string}"},"query-input":{"@type":"PropertyValueSpecification","valueRequired":true,"valueName":"search_term_string"}}],"inLanguage":"pt-BR"},{"@type":"Organization","@id":"https:\/\/acrimat.org.br\/portal\/#organization","name":"Associa\u00e7\u00e3o dos Criadores de Mato Grosso","url":"https:\/\/acrimat.org.br\/portal\/","logo":{"@type":"ImageObject","inLanguage":"pt-BR","@id":"https:\/\/acrimat.org.br\/portal\/#\/schema\/logo\/image\/","url":"https:\/\/acrimat.org.br\/portal\/wp-content\/uploads\/2018\/03\/logo-peq-original.png","contentUrl":"https:\/\/acrimat.org.br\/portal\/wp-content\/uploads\/2018\/03\/logo-peq-original.png","width":174,"height":171,"caption":"Associa\u00e7\u00e3o dos Criadores de Mato Grosso"},"image":{"@id":"https:\/\/acrimat.org.br\/portal\/#\/schema\/logo\/image\/"}},{"@type":"Person","@id":"https:\/\/acrimat.org.br\/portal\/#\/schema\/person\/a309b9496344ff991e8e1b1d751fdd7b","name":"Assessoria de comunica\u00e7\u00e3o ACRIMAT","image":{"@type":"ImageObject","inLanguage":"pt-BR","@id":"https:\/\/acrimat.org.br\/portal\/#\/schema\/person\/image\/","url":"https:\/\/secure.gravatar.com\/avatar\/2f9c28e64c317bcd762b25cb1575f1b4?s=96&d=mm&r=g","contentUrl":"https:\/\/secure.gravatar.com\/avatar\/2f9c28e64c317bcd762b25cb1575f1b4?s=96&d=mm&r=g","caption":"Assessoria de comunica\u00e7\u00e3o ACRIMAT"},"sameAs":["http:\/\/acrimat.org.br\/"],"url":"https:\/\/acrimat.org.br\/portal\/author\/ascom\/"}]}},"_links":{"self":[{"href":"https:\/\/acrimat.org.br\/portal\/wp-json\/wp\/v2\/posts\/97986549","targetHints":{"allow":["GET"]}}],"collection":[{"href":"https:\/\/acrimat.org.br\/portal\/wp-json\/wp\/v2\/posts"}],"about":[{"href":"https:\/\/acrimat.org.br\/portal\/wp-json\/wp\/v2\/types\/post"}],"author":[{"embeddable":true,"href":"https:\/\/acrimat.org.br\/portal\/wp-json\/wp\/v2\/users\/7"}],"replies":[{"embeddable":true,"href":"https:\/\/acrimat.org.br\/portal\/wp-json\/wp\/v2\/comments?post=97986549"}],"version-history":[{"count":1,"href":"https:\/\/acrimat.org.br\/portal\/wp-json\/wp\/v2\/posts\/97986549\/revisions"}],"predecessor-version":[{"id":97986550,"href":"https:\/\/acrimat.org.br\/portal\/wp-json\/wp\/v2\/posts\/97986549\/revisions\/97986550"}],"wp:featuredmedia":[{"embeddable":true,"href":"https:\/\/acrimat.org.br\/portal\/wp-json\/wp\/v2\/media\/97984936"}],"wp:attachment":[{"href":"https:\/\/acrimat.org.br\/portal\/wp-json\/wp\/v2\/media?parent=97986549"}],"wp:term":[{"taxonomy":"category","embeddable":true,"href":"https:\/\/acrimat.org.br\/portal\/wp-json\/wp\/v2\/categories?post=97986549"},{"taxonomy":"post_tag","embeddable":true,"href":"https:\/\/acrimat.org.br\/portal\/wp-json\/wp\/v2\/tags?post=97986549"}],"curies":[{"name":"wp","href":"https:\/\/api.w.org\/{rel}","templated":true}]}}