{"id":97986551,"date":"2018-03-21T11:05:18","date_gmt":"2018-03-21T14:05:18","guid":{"rendered":"http:\/\/acrimat.org.br\/portal\/?p=97986551"},"modified":"2018-03-21T11:05:18","modified_gmt":"2018-03-21T14:05:18","slug":"suplementacao-de-bovinos-no-periodo-das-aguas-3","status":"publish","type":"post","link":"https:\/\/acrimat.org.br\/portal\/suplementacao-de-bovinos-no-periodo-das-aguas-3\/","title":{"rendered":"Suplementa\u00e7\u00e3o de bovinos no per\u00edodo das \u00e1guas"},"content":{"rendered":"<p>O sistema de cria\u00e7\u00e3o de bovinos baseado na explora\u00e7\u00e3o de forragem \u00e9 preponderante no Brasil. Por este motivo, pecuaristas que n\u00e3o compreendem a rela\u00e7\u00e3o e a intera\u00e7\u00e3o (solo \u2013 planta \u2013animal), dificilmente utilizar\u00e3o os recursos dispon\u00edveis de maneira eficiente.<\/p>\n<p>Bovinos manejados em regime de pasto t\u00eam como principal fonte de alimento a forragem, que possui oferta e valor nutricional e qualidade vari\u00e1vel ao longo do ano. A esta\u00e7\u00e3o da seca (outono e inverno) \u00e9 marcada pela menor oferta de forragem &#8211; consequ\u00eancia da quantidade reduzida de \u00e1gua, baixa temperatura e menor fotoper\u00edodo. Em adi\u00e7\u00e3o, o valor nutricional desta forragem normalmente \u00e9 inferior (menores teores de prote\u00edna, energia e minerais), pois quase sempre \u00e9 oferecida aos animais com idade de crescimento mais avan\u00e7ada.<\/p>\n<p>Para evitar a perda de bovinos manejados em regime de pasto, neste per\u00edodo pecuaristas investem em tecnologia de suplementa\u00e7\u00e3o a pasto e substituem minerais linha branca pelos proteicos, proteico-energ\u00e9ticos ou ra\u00e7\u00f5es de semiconfinamento. Estes suplementos disponibilizam al\u00e9m dos macros e microminerais, carboidratos n\u00e3o estruturais, prote\u00edna e aditivos melhoradores de desempenho. Como resultado, o ambiente ruminal \u00e9 enriquecido com nitrog\u00eanio e nutrientes digest\u00edveis totais fermentesc\u00edveis. Os microrganismos se tornam mais eficientes ao degradar fibra, os animais aumentam a ingest\u00e3o de alimento e ganham mais peso. A suplementa\u00e7\u00e3o com fontes prot\u00e9icas na esta\u00e7\u00e3o da seca \u00e9 mais disseminada e compreendida no campo, quando comparada ao mesmo procedimento adotado no per\u00edodo das \u00e1guas.<\/p>\n<p>Na esta\u00e7\u00e3o chuvosa a forragem se apresenta verde e abundante, o que reduz consideravelmente o uso de suplementos proteicos, proteico-energ\u00e9ticos e ra\u00e7\u00f5es. Na esta\u00e7\u00e3o das \u00e1guas, o fornecimento de 80 g de suplemento mineral contendo macro (c\u00e1lcio, f\u00f3sforo, magn\u00e9sio, enxofre e s\u00f3dio) e microminerais (mangan\u00eas, zinco, cobre, iodo, cobalto, sel\u00eanio) propiciar\u00e1 aproximadamente 400 a 500 g de peso vivo (PV)\/animal\/dia, caso n\u00e3o haja restri\u00e7\u00e3o de qualidade e oferta de alimento volumoso. Este \u00e9 o principal motivo pela menor suplementa\u00e7\u00e3o prot\u00e9ica nas \u00e1guas, por\u00e9m a efici\u00eancia alimentar e desempenho dos animais poderiam ser superiores.<\/p>\n<p>\u00c9 importante ressaltar que a ado\u00e7\u00e3o de suplementos que forne\u00e7am somente minerais no ver\u00e3o n\u00e3o \u00e9 uma pr\u00e1tica incorreta, pelo contr\u00e1rio, o n\u00e3o fornecimento destes minerais resultaria em perdas produtivas e reprodutivas. No entanto, a suplementa\u00e7\u00e3o com fontes adicionais de prote\u00edna e carboidratos de r\u00e1pida degrada\u00e7\u00e3o ruminal resultam em:<\/p>\n<ul>\n<li>Maior desempenho em pastagens manejadas intensivamente &#8211; estas \u00e1reas s\u00e3o normalmente muito adubadas e apresentam elevados teores de nitrog\u00eanio. \u00c9 necess\u00e1rio fornecer carboidratos visando \u00e0 sincroniza\u00e7\u00e3o com a por\u00e7\u00e3o sol\u00favel e de r\u00e1pida degrada\u00e7\u00e3o ruminal da prote\u00edna dispon\u00edvel na forragem.<\/li>\n<li>Maior desempenho em pastagens manejadas de maneira mais leniente (baixa taxa de desfolha, onde h\u00e1 maior presen\u00e7a de material senescente). Neste caso, \u00e9 necess\u00e1rio o aporte de prote\u00edna verdadeira (amino\u00e1cidos), o que resultar\u00e1 em maior consumo e digestibilidade do alimento.<\/li>\n<\/ul>\n<p>O incremento de desempenho \u00e9 necess\u00e1rio, visto que a constante valoriza\u00e7\u00e3o da terra, maior pre\u00e7o da reposi\u00e7\u00e3o e o incremento dos custos de produ\u00e7\u00e3o obrigam a atividade pecu\u00e1ria a se tornar cada vez mais eficiente. Apenas o aumento do teor de prote\u00edna bruta e dos nutrientes digest\u00edveis totais (NDT) do capim, no per\u00edodo das \u00e1guas, n\u00e3o \u00e9 suficiente para um ganho de peso adicional dos animais.<\/p>\n<p>A suplementa\u00e7\u00e3o resultar\u00e1 em maior investimento, por\u00e9m a compensa\u00e7\u00e3o vir\u00e1 com o aumento de peso (m\u00e9rito individual) e da produtividade (@\/hectare\/ano). O per\u00edodo de engorda de um animal suplementado com proteinado, em compara\u00e7\u00e3o ao animal que recebe apenas mineral linha branca, \u00e9 inferior. Este sistema acarreta no ganho indireto de poder retirar o animal mais cedo do pasto, disponibilizando o espa\u00e7o para outro bovino, que iniciar\u00e1 o processo de recria ou engorda.<\/p>\n<p>\u00c9 fundamental que o produtor de prote\u00edna de origem animal avalie n\u00e3o somente o quanto investir\u00e1 na alimenta\u00e7\u00e3o complementar, mas o retorno do capital investido quando a suplementa\u00e7\u00e3o \u00e9 realizada de maneira correta.<\/p>\n","protected":false},"excerpt":{"rendered":"<p>O sistema de cria\u00e7\u00e3o de bovinos baseado na explora\u00e7\u00e3o de forragem \u00e9 preponderante no Brasil. Por este motivo, pecuaristas que n\u00e3o compreendem a rela\u00e7\u00e3o e a intera\u00e7\u00e3o (solo \u2013 planta \u2013animal).<\/p>\n","protected":false},"author":7,"featured_media":97984642,"comment_status":"closed","ping_status":"closed","sticky":false,"template":"","format":"standard","meta":{"footnotes":""},"categories":[6,1],"tags":[],"class_list":["post-97986551","post","type-post","status-publish","format-standard","has-post-thumbnail","hentry","category-destaque","category-noticia"],"yoast_head":"<!-- This site is optimized with the Yoast SEO plugin v24.8.1 - https:\/\/yoast.com\/wordpress\/plugins\/seo\/ -->\n<title>Suplementa\u00e7\u00e3o de bovinos no per\u00edodo das \u00e1guas - Acrimat<\/title>\n<meta name=\"robots\" content=\"index, follow, max-snippet:-1, max-image-preview:large, max-video-preview:-1\" \/>\n<link rel=\"canonical\" href=\"https:\/\/acrimat.org.br\/portal\/suplementacao-de-bovinos-no-periodo-das-aguas-3\/\" \/>\n<meta property=\"og:locale\" content=\"pt_BR\" \/>\n<meta property=\"og:type\" content=\"article\" \/>\n<meta property=\"og:title\" content=\"Suplementa\u00e7\u00e3o de bovinos no per\u00edodo das \u00e1guas - Acrimat\" \/>\n<meta property=\"og:description\" content=\"O sistema de cria\u00e7\u00e3o de bovinos baseado na explora\u00e7\u00e3o de forragem \u00e9 preponderante no Brasil. Por este motivo, pecuaristas que n\u00e3o compreendem a rela\u00e7\u00e3o e a intera\u00e7\u00e3o (solo \u2013 planta \u2013animal).\" \/>\n<meta property=\"og:url\" content=\"https:\/\/acrimat.org.br\/portal\/suplementacao-de-bovinos-no-periodo-das-aguas-3\/\" \/>\n<meta property=\"og:site_name\" content=\"Acrimat\" \/>\n<meta property=\"article:published_time\" content=\"2018-03-21T14:05:18+00:00\" \/>\n<meta property=\"og:image\" content=\"https:\/\/acrimat.org.br\/portal\/wp-content\/uploads\/2017\/11\/gado4.jpg\" \/>\n\t<meta property=\"og:image:width\" content=\"730\" \/>\n\t<meta property=\"og:image:height\" content=\"502\" \/>\n\t<meta property=\"og:image:type\" content=\"image\/jpeg\" \/>\n<meta name=\"author\" content=\"Assessoria de comunica\u00e7\u00e3o ACRIMAT\" \/>\n<meta name=\"twitter:card\" content=\"summary_large_image\" \/>\n<meta name=\"twitter:label1\" content=\"Escrito por\" \/>\n\t<meta name=\"twitter:data1\" content=\"Assessoria de comunica\u00e7\u00e3o ACRIMAT\" \/>\n\t<meta name=\"twitter:label2\" content=\"Est. tempo de leitura\" \/>\n\t<meta name=\"twitter:data2\" content=\"3 minutos\" \/>\n<script type=\"application\/ld+json\" class=\"yoast-schema-graph\">{\"@context\":\"https:\/\/schema.org\",\"@graph\":[{\"@type\":\"Article\",\"@id\":\"https:\/\/acrimat.org.br\/portal\/suplementacao-de-bovinos-no-periodo-das-aguas-3\/#article\",\"isPartOf\":{\"@id\":\"https:\/\/acrimat.org.br\/portal\/suplementacao-de-bovinos-no-periodo-das-aguas-3\/\"},\"author\":{\"name\":\"Assessoria de comunica\u00e7\u00e3o ACRIMAT\",\"@id\":\"https:\/\/acrimat.org.br\/portal\/#\/schema\/person\/a309b9496344ff991e8e1b1d751fdd7b\"},\"headline\":\"Suplementa\u00e7\u00e3o de bovinos no per\u00edodo das \u00e1guas\",\"datePublished\":\"2018-03-21T14:05:18+00:00\",\"mainEntityOfPage\":{\"@id\":\"https:\/\/acrimat.org.br\/portal\/suplementacao-de-bovinos-no-periodo-das-aguas-3\/\"},\"wordCount\":708,\"publisher\":{\"@id\":\"https:\/\/acrimat.org.br\/portal\/#organization\"},\"image\":{\"@id\":\"https:\/\/acrimat.org.br\/portal\/suplementacao-de-bovinos-no-periodo-das-aguas-3\/#primaryimage\"},\"thumbnailUrl\":\"https:\/\/acrimat.org.br\/portal\/wp-content\/uploads\/2017\/11\/gado4.jpg\",\"articleSection\":[\"Destaques\",\"Not\u00edcias\"],\"inLanguage\":\"pt-BR\"},{\"@type\":\"WebPage\",\"@id\":\"https:\/\/acrimat.org.br\/portal\/suplementacao-de-bovinos-no-periodo-das-aguas-3\/\",\"url\":\"https:\/\/acrimat.org.br\/portal\/suplementacao-de-bovinos-no-periodo-das-aguas-3\/\",\"name\":\"Suplementa\u00e7\u00e3o de bovinos no per\u00edodo das \u00e1guas - Acrimat\",\"isPartOf\":{\"@id\":\"https:\/\/acrimat.org.br\/portal\/#website\"},\"primaryImageOfPage\":{\"@id\":\"https:\/\/acrimat.org.br\/portal\/suplementacao-de-bovinos-no-periodo-das-aguas-3\/#primaryimage\"},\"image\":{\"@id\":\"https:\/\/acrimat.org.br\/portal\/suplementacao-de-bovinos-no-periodo-das-aguas-3\/#primaryimage\"},\"thumbnailUrl\":\"https:\/\/acrimat.org.br\/portal\/wp-content\/uploads\/2017\/11\/gado4.jpg\",\"datePublished\":\"2018-03-21T14:05:18+00:00\",\"breadcrumb\":{\"@id\":\"https:\/\/acrimat.org.br\/portal\/suplementacao-de-bovinos-no-periodo-das-aguas-3\/#breadcrumb\"},\"inLanguage\":\"pt-BR\",\"potentialAction\":[{\"@type\":\"ReadAction\",\"target\":[\"https:\/\/acrimat.org.br\/portal\/suplementacao-de-bovinos-no-periodo-das-aguas-3\/\"]}]},{\"@type\":\"ImageObject\",\"inLanguage\":\"pt-BR\",\"@id\":\"https:\/\/acrimat.org.br\/portal\/suplementacao-de-bovinos-no-periodo-das-aguas-3\/#primaryimage\",\"url\":\"https:\/\/acrimat.org.br\/portal\/wp-content\/uploads\/2017\/11\/gado4.jpg\",\"contentUrl\":\"https:\/\/acrimat.org.br\/portal\/wp-content\/uploads\/2017\/11\/gado4.jpg\",\"width\":730,\"height\":502},{\"@type\":\"BreadcrumbList\",\"@id\":\"https:\/\/acrimat.org.br\/portal\/suplementacao-de-bovinos-no-periodo-das-aguas-3\/#breadcrumb\",\"itemListElement\":[{\"@type\":\"ListItem\",\"position\":1,\"name\":\"In\u00edcio\",\"item\":\"https:\/\/acrimat.org.br\/portal\/\"},{\"@type\":\"ListItem\",\"position\":2,\"name\":\"Suplementa\u00e7\u00e3o de bovinos no per\u00edodo das \u00e1guas\"}]},{\"@type\":\"WebSite\",\"@id\":\"https:\/\/acrimat.org.br\/portal\/#website\",\"url\":\"https:\/\/acrimat.org.br\/portal\/\",\"name\":\"Acrimat\",\"description\":\"Associa\u00e7\u00e3o dos Criadores de Mato Grosso\",\"publisher\":{\"@id\":\"https:\/\/acrimat.org.br\/portal\/#organization\"},\"potentialAction\":[{\"@type\":\"SearchAction\",\"target\":{\"@type\":\"EntryPoint\",\"urlTemplate\":\"https:\/\/acrimat.org.br\/portal\/?s={search_term_string}\"},\"query-input\":{\"@type\":\"PropertyValueSpecification\",\"valueRequired\":true,\"valueName\":\"search_term_string\"}}],\"inLanguage\":\"pt-BR\"},{\"@type\":\"Organization\",\"@id\":\"https:\/\/acrimat.org.br\/portal\/#organization\",\"name\":\"Associa\u00e7\u00e3o dos Criadores de Mato Grosso\",\"url\":\"https:\/\/acrimat.org.br\/portal\/\",\"logo\":{\"@type\":\"ImageObject\",\"inLanguage\":\"pt-BR\",\"@id\":\"https:\/\/acrimat.org.br\/portal\/#\/schema\/logo\/image\/\",\"url\":\"https:\/\/acrimat.org.br\/portal\/wp-content\/uploads\/2018\/03\/logo-peq-original.png\",\"contentUrl\":\"https:\/\/acrimat.org.br\/portal\/wp-content\/uploads\/2018\/03\/logo-peq-original.png\",\"width\":174,\"height\":171,\"caption\":\"Associa\u00e7\u00e3o dos Criadores de Mato Grosso\"},\"image\":{\"@id\":\"https:\/\/acrimat.org.br\/portal\/#\/schema\/logo\/image\/\"}},{\"@type\":\"Person\",\"@id\":\"https:\/\/acrimat.org.br\/portal\/#\/schema\/person\/a309b9496344ff991e8e1b1d751fdd7b\",\"name\":\"Assessoria de comunica\u00e7\u00e3o ACRIMAT\",\"image\":{\"@type\":\"ImageObject\",\"inLanguage\":\"pt-BR\",\"@id\":\"https:\/\/acrimat.org.br\/portal\/#\/schema\/person\/image\/\",\"url\":\"https:\/\/secure.gravatar.com\/avatar\/2f9c28e64c317bcd762b25cb1575f1b4?s=96&d=mm&r=g\",\"contentUrl\":\"https:\/\/secure.gravatar.com\/avatar\/2f9c28e64c317bcd762b25cb1575f1b4?s=96&d=mm&r=g\",\"caption\":\"Assessoria de comunica\u00e7\u00e3o ACRIMAT\"},\"sameAs\":[\"http:\/\/acrimat.org.br\/\"],\"url\":\"https:\/\/acrimat.org.br\/portal\/author\/ascom\/\"}]}<\/script>\n<!-- \/ Yoast SEO plugin. -->","yoast_head_json":{"title":"Suplementa\u00e7\u00e3o de bovinos no per\u00edodo das \u00e1guas - Acrimat","robots":{"index":"index","follow":"follow","max-snippet":"max-snippet:-1","max-image-preview":"max-image-preview:large","max-video-preview":"max-video-preview:-1"},"canonical":"https:\/\/acrimat.org.br\/portal\/suplementacao-de-bovinos-no-periodo-das-aguas-3\/","og_locale":"pt_BR","og_type":"article","og_title":"Suplementa\u00e7\u00e3o de bovinos no per\u00edodo das \u00e1guas - Acrimat","og_description":"O sistema de cria\u00e7\u00e3o de bovinos baseado na explora\u00e7\u00e3o de forragem \u00e9 preponderante no Brasil. Por este motivo, pecuaristas que n\u00e3o compreendem a rela\u00e7\u00e3o e a intera\u00e7\u00e3o (solo \u2013 planta \u2013animal).","og_url":"https:\/\/acrimat.org.br\/portal\/suplementacao-de-bovinos-no-periodo-das-aguas-3\/","og_site_name":"Acrimat","article_published_time":"2018-03-21T14:05:18+00:00","og_image":[{"width":730,"height":502,"url":"https:\/\/acrimat.org.br\/portal\/wp-content\/uploads\/2017\/11\/gado4.jpg","type":"image\/jpeg"}],"author":"Assessoria de comunica\u00e7\u00e3o ACRIMAT","twitter_card":"summary_large_image","twitter_misc":{"Escrito por":"Assessoria de comunica\u00e7\u00e3o ACRIMAT","Est. tempo de leitura":"3 minutos"},"schema":{"@context":"https:\/\/schema.org","@graph":[{"@type":"Article","@id":"https:\/\/acrimat.org.br\/portal\/suplementacao-de-bovinos-no-periodo-das-aguas-3\/#article","isPartOf":{"@id":"https:\/\/acrimat.org.br\/portal\/suplementacao-de-bovinos-no-periodo-das-aguas-3\/"},"author":{"name":"Assessoria de comunica\u00e7\u00e3o ACRIMAT","@id":"https:\/\/acrimat.org.br\/portal\/#\/schema\/person\/a309b9496344ff991e8e1b1d751fdd7b"},"headline":"Suplementa\u00e7\u00e3o de bovinos no per\u00edodo das \u00e1guas","datePublished":"2018-03-21T14:05:18+00:00","mainEntityOfPage":{"@id":"https:\/\/acrimat.org.br\/portal\/suplementacao-de-bovinos-no-periodo-das-aguas-3\/"},"wordCount":708,"publisher":{"@id":"https:\/\/acrimat.org.br\/portal\/#organization"},"image":{"@id":"https:\/\/acrimat.org.br\/portal\/suplementacao-de-bovinos-no-periodo-das-aguas-3\/#primaryimage"},"thumbnailUrl":"https:\/\/acrimat.org.br\/portal\/wp-content\/uploads\/2017\/11\/gado4.jpg","articleSection":["Destaques","Not\u00edcias"],"inLanguage":"pt-BR"},{"@type":"WebPage","@id":"https:\/\/acrimat.org.br\/portal\/suplementacao-de-bovinos-no-periodo-das-aguas-3\/","url":"https:\/\/acrimat.org.br\/portal\/suplementacao-de-bovinos-no-periodo-das-aguas-3\/","name":"Suplementa\u00e7\u00e3o de bovinos no per\u00edodo das \u00e1guas - Acrimat","isPartOf":{"@id":"https:\/\/acrimat.org.br\/portal\/#website"},"primaryImageOfPage":{"@id":"https:\/\/acrimat.org.br\/portal\/suplementacao-de-bovinos-no-periodo-das-aguas-3\/#primaryimage"},"image":{"@id":"https:\/\/acrimat.org.br\/portal\/suplementacao-de-bovinos-no-periodo-das-aguas-3\/#primaryimage"},"thumbnailUrl":"https:\/\/acrimat.org.br\/portal\/wp-content\/uploads\/2017\/11\/gado4.jpg","datePublished":"2018-03-21T14:05:18+00:00","breadcrumb":{"@id":"https:\/\/acrimat.org.br\/portal\/suplementacao-de-bovinos-no-periodo-das-aguas-3\/#breadcrumb"},"inLanguage":"pt-BR","potentialAction":[{"@type":"ReadAction","target":["https:\/\/acrimat.org.br\/portal\/suplementacao-de-bovinos-no-periodo-das-aguas-3\/"]}]},{"@type":"ImageObject","inLanguage":"pt-BR","@id":"https:\/\/acrimat.org.br\/portal\/suplementacao-de-bovinos-no-periodo-das-aguas-3\/#primaryimage","url":"https:\/\/acrimat.org.br\/portal\/wp-content\/uploads\/2017\/11\/gado4.jpg","contentUrl":"https:\/\/acrimat.org.br\/portal\/wp-content\/uploads\/2017\/11\/gado4.jpg","width":730,"height":502},{"@type":"BreadcrumbList","@id":"https:\/\/acrimat.org.br\/portal\/suplementacao-de-bovinos-no-periodo-das-aguas-3\/#breadcrumb","itemListElement":[{"@type":"ListItem","position":1,"name":"In\u00edcio","item":"https:\/\/acrimat.org.br\/portal\/"},{"@type":"ListItem","position":2,"name":"Suplementa\u00e7\u00e3o de bovinos no per\u00edodo das \u00e1guas"}]},{"@type":"WebSite","@id":"https:\/\/acrimat.org.br\/portal\/#website","url":"https:\/\/acrimat.org.br\/portal\/","name":"Acrimat","description":"Associa\u00e7\u00e3o dos Criadores de Mato Grosso","publisher":{"@id":"https:\/\/acrimat.org.br\/portal\/#organization"},"potentialAction":[{"@type":"SearchAction","target":{"@type":"EntryPoint","urlTemplate":"https:\/\/acrimat.org.br\/portal\/?s={search_term_string}"},"query-input":{"@type":"PropertyValueSpecification","valueRequired":true,"valueName":"search_term_string"}}],"inLanguage":"pt-BR"},{"@type":"Organization","@id":"https:\/\/acrimat.org.br\/portal\/#organization","name":"Associa\u00e7\u00e3o dos Criadores de Mato Grosso","url":"https:\/\/acrimat.org.br\/portal\/","logo":{"@type":"ImageObject","inLanguage":"pt-BR","@id":"https:\/\/acrimat.org.br\/portal\/#\/schema\/logo\/image\/","url":"https:\/\/acrimat.org.br\/portal\/wp-content\/uploads\/2018\/03\/logo-peq-original.png","contentUrl":"https:\/\/acrimat.org.br\/portal\/wp-content\/uploads\/2018\/03\/logo-peq-original.png","width":174,"height":171,"caption":"Associa\u00e7\u00e3o dos Criadores de Mato Grosso"},"image":{"@id":"https:\/\/acrimat.org.br\/portal\/#\/schema\/logo\/image\/"}},{"@type":"Person","@id":"https:\/\/acrimat.org.br\/portal\/#\/schema\/person\/a309b9496344ff991e8e1b1d751fdd7b","name":"Assessoria de comunica\u00e7\u00e3o ACRIMAT","image":{"@type":"ImageObject","inLanguage":"pt-BR","@id":"https:\/\/acrimat.org.br\/portal\/#\/schema\/person\/image\/","url":"https:\/\/secure.gravatar.com\/avatar\/2f9c28e64c317bcd762b25cb1575f1b4?s=96&d=mm&r=g","contentUrl":"https:\/\/secure.gravatar.com\/avatar\/2f9c28e64c317bcd762b25cb1575f1b4?s=96&d=mm&r=g","caption":"Assessoria de comunica\u00e7\u00e3o ACRIMAT"},"sameAs":["http:\/\/acrimat.org.br\/"],"url":"https:\/\/acrimat.org.br\/portal\/author\/ascom\/"}]}},"_links":{"self":[{"href":"https:\/\/acrimat.org.br\/portal\/wp-json\/wp\/v2\/posts\/97986551","targetHints":{"allow":["GET"]}}],"collection":[{"href":"https:\/\/acrimat.org.br\/portal\/wp-json\/wp\/v2\/posts"}],"about":[{"href":"https:\/\/acrimat.org.br\/portal\/wp-json\/wp\/v2\/types\/post"}],"author":[{"embeddable":true,"href":"https:\/\/acrimat.org.br\/portal\/wp-json\/wp\/v2\/users\/7"}],"replies":[{"embeddable":true,"href":"https:\/\/acrimat.org.br\/portal\/wp-json\/wp\/v2\/comments?post=97986551"}],"version-history":[{"count":1,"href":"https:\/\/acrimat.org.br\/portal\/wp-json\/wp\/v2\/posts\/97986551\/revisions"}],"predecessor-version":[{"id":97986552,"href":"https:\/\/acrimat.org.br\/portal\/wp-json\/wp\/v2\/posts\/97986551\/revisions\/97986552"}],"wp:featuredmedia":[{"embeddable":true,"href":"https:\/\/acrimat.org.br\/portal\/wp-json\/wp\/v2\/media\/97984642"}],"wp:attachment":[{"href":"https:\/\/acrimat.org.br\/portal\/wp-json\/wp\/v2\/media?parent=97986551"}],"wp:term":[{"taxonomy":"category","embeddable":true,"href":"https:\/\/acrimat.org.br\/portal\/wp-json\/wp\/v2\/categories?post=97986551"},{"taxonomy":"post_tag","embeddable":true,"href":"https:\/\/acrimat.org.br\/portal\/wp-json\/wp\/v2\/tags?post=97986551"}],"curies":[{"name":"wp","href":"https:\/\/api.w.org\/{rel}","templated":true}]}}