{"id":97986553,"date":"2018-03-21T11:08:15","date_gmt":"2018-03-21T14:08:15","guid":{"rendered":"http:\/\/acrimat.org.br\/portal\/?p=97986553"},"modified":"2018-03-21T11:08:15","modified_gmt":"2018-03-21T14:08:15","slug":"show-safra-quer-movimentar-mais-de-r-1-bilhao","status":"publish","type":"post","link":"https:\/\/acrimat.org.br\/portal\/show-safra-quer-movimentar-mais-de-r-1-bilhao\/","title":{"rendered":"Show Safra quer movimentar mais de R$ 1 bilh\u00e3o"},"content":{"rendered":"<p>Nesta ter\u00e7a-feira, dia 20, come\u00e7ou o Show Safra BR-163. At\u00e9 sexta-feira, Lucas do Rio Verde se transforma na vitrine tecnol\u00f3gica de Mato Grosso. A expectativa \u00e9 que o evento movimente mais de R$ 1 bilh\u00e3o em neg\u00f3cios, superando em at\u00e9 20% o volume registrado em 2017.<\/p>\n<p>Entre as novidades desta edi\u00e7\u00e3o est\u00e1 o lan\u00e7amento de uma cultivar para o ref\u00fagio em lavouras de algod\u00e3o, importante para evitar que as pragas criem resist\u00eancia \u00e0s biotecnologias do campo.<br \/>\nO supervisor de mercado da TMG, Renan Guilherme dos Santos, mostra os benef\u00edcios da tecnologia: \u201cVoc\u00ea mantendo estas tecnologias por mais tempo no mercado, consequentemente tem, por mais tempo, a possibilidade de extrair mais a produtividade das cultivares, isolando fatores como o ataque de pragas, assim como o ataque de doen\u00e7as\u201d.<\/p>\n<p>A Embrapa veio divulgar um novo arroz de sequeiro indicado para o Centro-Oeste e Norte do pa\u00eds. Ele n\u00e3o \u00e9 transg\u00eanico, mas tem resist\u00eancia a um tipo de herbicida.<\/p>\n<p>\u201cAl\u00e9m da rota\u00e7\u00e3o de cultura, voc\u00ea faz uma rota\u00e7\u00e3o de herbicida. Hoje grande parte da produ\u00e7\u00e3o \u00e9 de soja resistente ao glifosato. E aqui voc\u00ea teria um outro herbicida, de um outro grupo, um outro princ\u00edpio ativo e mecanismo de a\u00e7\u00e3o\u201d, afirma Bernardo Mendes dos Santos, analista da Embrapa.<\/p>\n<p>E, como em toda boa feira, s\u00e3o feitos v\u00e1rios lan\u00e7amentos durante o Show Safra. Por ser uma regi\u00e3o forte na produ\u00e7\u00e3o de gr\u00e3os e de prote\u00edna animal, tem novidade por aqui voltada para a cria\u00e7\u00e3o de gado, que tamb\u00e9m ajuda no cultivo da soja.<\/p>\n<p>A combina\u00e7\u00e3o de feij\u00e3o caupi com braqui\u00e1ria \u00e9 indicada para \u00e1reas de cerrado. \u201cColheu-se soja, eu j\u00e1 entro semeando minha pastagem, consorciado com minha leguminosa. No caso aqui o feij\u00e3o caupi. O gado vai entrar pastejando no meio do ano. Enquanto as outras pastagens v\u00e3o estar secas, esse pasto aqui ainda vai estar verde. E rico em prote\u00edna da leguminosa. Ap\u00f3s a sa\u00edda do animal l\u00e1 pra agosto, eu vou ter o restinho de palha que \u00e9 pro meu plantio direto. Ent\u00e3o, beneficia todo o sistema\u201d, diz Bruno Souza Lemos, analista da Embrapa.<\/p>\n<p>Na programa\u00e7\u00e3o do Show Safra ainda tem uma s\u00e9rie de palestras com especialistas de diversas \u00e1reas. A pecu\u00e1ria foi um dos destaques do primeiro dia de feira.<\/p>\n<p>\u201cNo estado de Mato Grosso, mais de 15% dos animais s\u00e3o abatidos com menos de 24 meses de idade. Hoje, Mato Grosso tem o maior peso m\u00e9dio de carca\u00e7a do Brasil. Gra\u00e7as ao uso de tecnologia. E esta regi\u00e3o de Lucas do Rio Verde \u00e9 onde se usa muita tecnologia. Ent\u00e3o, nada melhor do que mostrar para esses produtores o resultado pr\u00e1tico do uso destas ferramentas\u201d, afirma o diretor-executivo da Acrimat, Luciano Vacari.<\/p>\n<p>\u201cO Show Safra este ano est\u00e1 focado um pouco mais na abertura de cadeias produtivas, entrando um pouco mais no setor de su\u00ednos e aves; na cadeia do milho, como os farelos, o DDG, o etanol e pl\u00e1sticos biodegrad\u00e1veis que n\u00f3s vamos lan\u00e7ar aqui tamb\u00e9m. Enfim, a gente est\u00e1 bem atento ao futuro, n\u00e3o \u00e9 s\u00f3 mostrar o que tem de novidade\u201d, diz Marino Franz, presidente da Funda\u00e7\u00e3o Rio Verde.<\/p>\n","protected":false},"excerpt":{"rendered":"<p>Come\u00e7ou o Show Safra BR-163 nesta ter\u00e7a-feira, dia 20.<\/p>\n","protected":false},"author":7,"featured_media":97986543,"comment_status":"closed","ping_status":"closed","sticky":false,"template":"","format":"standard","meta":{"footnotes":""},"categories":[6,1],"tags":[],"class_list":["post-97986553","post","type-post","status-publish","format-standard","has-post-thumbnail","hentry","category-destaque","category-noticia"],"yoast_head":"<!-- This site is optimized with the Yoast SEO plugin v24.8.1 - https:\/\/yoast.com\/wordpress\/plugins\/seo\/ -->\n<title>Show Safra quer movimentar mais de R$ 1 bilh\u00e3o - Acrimat<\/title>\n<meta name=\"robots\" content=\"index, follow, max-snippet:-1, max-image-preview:large, max-video-preview:-1\" \/>\n<link rel=\"canonical\" href=\"https:\/\/acrimat.org.br\/portal\/show-safra-quer-movimentar-mais-de-r-1-bilhao\/\" \/>\n<meta property=\"og:locale\" content=\"pt_BR\" \/>\n<meta property=\"og:type\" content=\"article\" \/>\n<meta property=\"og:title\" content=\"Show Safra quer movimentar mais de R$ 1 bilh\u00e3o - Acrimat\" \/>\n<meta property=\"og:description\" content=\"Come\u00e7ou o Show Safra BR-163 nesta ter\u00e7a-feira, dia 20.\" \/>\n<meta property=\"og:url\" content=\"https:\/\/acrimat.org.br\/portal\/show-safra-quer-movimentar-mais-de-r-1-bilhao\/\" \/>\n<meta property=\"og:site_name\" content=\"Acrimat\" \/>\n<meta property=\"article:published_time\" content=\"2018-03-21T14:08:15+00:00\" \/>\n<meta property=\"og:image\" content=\"https:\/\/acrimat.org.br\/portal\/wp-content\/uploads\/2018\/03\/show-safra.png\" \/>\n\t<meta property=\"og:image:width\" content=\"800\" \/>\n\t<meta property=\"og:image:height\" content=\"800\" \/>\n\t<meta property=\"og:image:type\" content=\"image\/png\" \/>\n<meta name=\"author\" content=\"Assessoria de comunica\u00e7\u00e3o ACRIMAT\" \/>\n<meta name=\"twitter:card\" content=\"summary_large_image\" \/>\n<meta name=\"twitter:label1\" content=\"Escrito por\" \/>\n\t<meta name=\"twitter:data1\" content=\"Assessoria de comunica\u00e7\u00e3o ACRIMAT\" \/>\n\t<meta name=\"twitter:label2\" content=\"Est. tempo de leitura\" \/>\n\t<meta name=\"twitter:data2\" content=\"3 minutos\" \/>\n<script type=\"application\/ld+json\" class=\"yoast-schema-graph\">{\"@context\":\"https:\/\/schema.org\",\"@graph\":[{\"@type\":\"Article\",\"@id\":\"https:\/\/acrimat.org.br\/portal\/show-safra-quer-movimentar-mais-de-r-1-bilhao\/#article\",\"isPartOf\":{\"@id\":\"https:\/\/acrimat.org.br\/portal\/show-safra-quer-movimentar-mais-de-r-1-bilhao\/\"},\"author\":{\"name\":\"Assessoria de comunica\u00e7\u00e3o ACRIMAT\",\"@id\":\"https:\/\/acrimat.org.br\/portal\/#\/schema\/person\/a309b9496344ff991e8e1b1d751fdd7b\"},\"headline\":\"Show Safra quer movimentar mais de R$ 1 bilh\u00e3o\",\"datePublished\":\"2018-03-21T14:08:15+00:00\",\"mainEntityOfPage\":{\"@id\":\"https:\/\/acrimat.org.br\/portal\/show-safra-quer-movimentar-mais-de-r-1-bilhao\/\"},\"wordCount\":566,\"publisher\":{\"@id\":\"https:\/\/acrimat.org.br\/portal\/#organization\"},\"image\":{\"@id\":\"https:\/\/acrimat.org.br\/portal\/show-safra-quer-movimentar-mais-de-r-1-bilhao\/#primaryimage\"},\"thumbnailUrl\":\"https:\/\/acrimat.org.br\/portal\/wp-content\/uploads\/2018\/03\/show-safra.png\",\"articleSection\":[\"Destaques\",\"Not\u00edcias\"],\"inLanguage\":\"pt-BR\"},{\"@type\":\"WebPage\",\"@id\":\"https:\/\/acrimat.org.br\/portal\/show-safra-quer-movimentar-mais-de-r-1-bilhao\/\",\"url\":\"https:\/\/acrimat.org.br\/portal\/show-safra-quer-movimentar-mais-de-r-1-bilhao\/\",\"name\":\"Show Safra quer movimentar mais de R$ 1 bilh\u00e3o - Acrimat\",\"isPartOf\":{\"@id\":\"https:\/\/acrimat.org.br\/portal\/#website\"},\"primaryImageOfPage\":{\"@id\":\"https:\/\/acrimat.org.br\/portal\/show-safra-quer-movimentar-mais-de-r-1-bilhao\/#primaryimage\"},\"image\":{\"@id\":\"https:\/\/acrimat.org.br\/portal\/show-safra-quer-movimentar-mais-de-r-1-bilhao\/#primaryimage\"},\"thumbnailUrl\":\"https:\/\/acrimat.org.br\/portal\/wp-content\/uploads\/2018\/03\/show-safra.png\",\"datePublished\":\"2018-03-21T14:08:15+00:00\",\"breadcrumb\":{\"@id\":\"https:\/\/acrimat.org.br\/portal\/show-safra-quer-movimentar-mais-de-r-1-bilhao\/#breadcrumb\"},\"inLanguage\":\"pt-BR\",\"potentialAction\":[{\"@type\":\"ReadAction\",\"target\":[\"https:\/\/acrimat.org.br\/portal\/show-safra-quer-movimentar-mais-de-r-1-bilhao\/\"]}]},{\"@type\":\"ImageObject\",\"inLanguage\":\"pt-BR\",\"@id\":\"https:\/\/acrimat.org.br\/portal\/show-safra-quer-movimentar-mais-de-r-1-bilhao\/#primaryimage\",\"url\":\"https:\/\/acrimat.org.br\/portal\/wp-content\/uploads\/2018\/03\/show-safra.png\",\"contentUrl\":\"https:\/\/acrimat.org.br\/portal\/wp-content\/uploads\/2018\/03\/show-safra.png\",\"width\":800,\"height\":800},{\"@type\":\"BreadcrumbList\",\"@id\":\"https:\/\/acrimat.org.br\/portal\/show-safra-quer-movimentar-mais-de-r-1-bilhao\/#breadcrumb\",\"itemListElement\":[{\"@type\":\"ListItem\",\"position\":1,\"name\":\"In\u00edcio\",\"item\":\"https:\/\/acrimat.org.br\/portal\/\"},{\"@type\":\"ListItem\",\"position\":2,\"name\":\"Show Safra quer movimentar mais de R$ 1 bilh\u00e3o\"}]},{\"@type\":\"WebSite\",\"@id\":\"https:\/\/acrimat.org.br\/portal\/#website\",\"url\":\"https:\/\/acrimat.org.br\/portal\/\",\"name\":\"Acrimat\",\"description\":\"Associa\u00e7\u00e3o dos Criadores de Mato Grosso\",\"publisher\":{\"@id\":\"https:\/\/acrimat.org.br\/portal\/#organization\"},\"potentialAction\":[{\"@type\":\"SearchAction\",\"target\":{\"@type\":\"EntryPoint\",\"urlTemplate\":\"https:\/\/acrimat.org.br\/portal\/?s={search_term_string}\"},\"query-input\":{\"@type\":\"PropertyValueSpecification\",\"valueRequired\":true,\"valueName\":\"search_term_string\"}}],\"inLanguage\":\"pt-BR\"},{\"@type\":\"Organization\",\"@id\":\"https:\/\/acrimat.org.br\/portal\/#organization\",\"name\":\"Associa\u00e7\u00e3o dos Criadores de Mato Grosso\",\"url\":\"https:\/\/acrimat.org.br\/portal\/\",\"logo\":{\"@type\":\"ImageObject\",\"inLanguage\":\"pt-BR\",\"@id\":\"https:\/\/acrimat.org.br\/portal\/#\/schema\/logo\/image\/\",\"url\":\"https:\/\/acrimat.org.br\/portal\/wp-content\/uploads\/2018\/03\/logo-peq-original.png\",\"contentUrl\":\"https:\/\/acrimat.org.br\/portal\/wp-content\/uploads\/2018\/03\/logo-peq-original.png\",\"width\":174,\"height\":171,\"caption\":\"Associa\u00e7\u00e3o dos Criadores de Mato Grosso\"},\"image\":{\"@id\":\"https:\/\/acrimat.org.br\/portal\/#\/schema\/logo\/image\/\"}},{\"@type\":\"Person\",\"@id\":\"https:\/\/acrimat.org.br\/portal\/#\/schema\/person\/a309b9496344ff991e8e1b1d751fdd7b\",\"name\":\"Assessoria de comunica\u00e7\u00e3o ACRIMAT\",\"image\":{\"@type\":\"ImageObject\",\"inLanguage\":\"pt-BR\",\"@id\":\"https:\/\/acrimat.org.br\/portal\/#\/schema\/person\/image\/\",\"url\":\"https:\/\/secure.gravatar.com\/avatar\/2f9c28e64c317bcd762b25cb1575f1b4?s=96&d=mm&r=g\",\"contentUrl\":\"https:\/\/secure.gravatar.com\/avatar\/2f9c28e64c317bcd762b25cb1575f1b4?s=96&d=mm&r=g\",\"caption\":\"Assessoria de comunica\u00e7\u00e3o ACRIMAT\"},\"sameAs\":[\"http:\/\/acrimat.org.br\/\"],\"url\":\"https:\/\/acrimat.org.br\/portal\/author\/ascom\/\"}]}<\/script>\n<!-- \/ Yoast SEO plugin. -->","yoast_head_json":{"title":"Show Safra quer movimentar mais de R$ 1 bilh\u00e3o - Acrimat","robots":{"index":"index","follow":"follow","max-snippet":"max-snippet:-1","max-image-preview":"max-image-preview:large","max-video-preview":"max-video-preview:-1"},"canonical":"https:\/\/acrimat.org.br\/portal\/show-safra-quer-movimentar-mais-de-r-1-bilhao\/","og_locale":"pt_BR","og_type":"article","og_title":"Show Safra quer movimentar mais de R$ 1 bilh\u00e3o - Acrimat","og_description":"Come\u00e7ou o Show Safra BR-163 nesta ter\u00e7a-feira, dia 20.","og_url":"https:\/\/acrimat.org.br\/portal\/show-safra-quer-movimentar-mais-de-r-1-bilhao\/","og_site_name":"Acrimat","article_published_time":"2018-03-21T14:08:15+00:00","og_image":[{"width":800,"height":800,"url":"https:\/\/acrimat.org.br\/portal\/wp-content\/uploads\/2018\/03\/show-safra.png","type":"image\/png"}],"author":"Assessoria de comunica\u00e7\u00e3o ACRIMAT","twitter_card":"summary_large_image","twitter_misc":{"Escrito por":"Assessoria de comunica\u00e7\u00e3o ACRIMAT","Est. tempo de leitura":"3 minutos"},"schema":{"@context":"https:\/\/schema.org","@graph":[{"@type":"Article","@id":"https:\/\/acrimat.org.br\/portal\/show-safra-quer-movimentar-mais-de-r-1-bilhao\/#article","isPartOf":{"@id":"https:\/\/acrimat.org.br\/portal\/show-safra-quer-movimentar-mais-de-r-1-bilhao\/"},"author":{"name":"Assessoria de comunica\u00e7\u00e3o ACRIMAT","@id":"https:\/\/acrimat.org.br\/portal\/#\/schema\/person\/a309b9496344ff991e8e1b1d751fdd7b"},"headline":"Show Safra quer movimentar mais de R$ 1 bilh\u00e3o","datePublished":"2018-03-21T14:08:15+00:00","mainEntityOfPage":{"@id":"https:\/\/acrimat.org.br\/portal\/show-safra-quer-movimentar-mais-de-r-1-bilhao\/"},"wordCount":566,"publisher":{"@id":"https:\/\/acrimat.org.br\/portal\/#organization"},"image":{"@id":"https:\/\/acrimat.org.br\/portal\/show-safra-quer-movimentar-mais-de-r-1-bilhao\/#primaryimage"},"thumbnailUrl":"https:\/\/acrimat.org.br\/portal\/wp-content\/uploads\/2018\/03\/show-safra.png","articleSection":["Destaques","Not\u00edcias"],"inLanguage":"pt-BR"},{"@type":"WebPage","@id":"https:\/\/acrimat.org.br\/portal\/show-safra-quer-movimentar-mais-de-r-1-bilhao\/","url":"https:\/\/acrimat.org.br\/portal\/show-safra-quer-movimentar-mais-de-r-1-bilhao\/","name":"Show Safra quer movimentar mais de R$ 1 bilh\u00e3o - Acrimat","isPartOf":{"@id":"https:\/\/acrimat.org.br\/portal\/#website"},"primaryImageOfPage":{"@id":"https:\/\/acrimat.org.br\/portal\/show-safra-quer-movimentar-mais-de-r-1-bilhao\/#primaryimage"},"image":{"@id":"https:\/\/acrimat.org.br\/portal\/show-safra-quer-movimentar-mais-de-r-1-bilhao\/#primaryimage"},"thumbnailUrl":"https:\/\/acrimat.org.br\/portal\/wp-content\/uploads\/2018\/03\/show-safra.png","datePublished":"2018-03-21T14:08:15+00:00","breadcrumb":{"@id":"https:\/\/acrimat.org.br\/portal\/show-safra-quer-movimentar-mais-de-r-1-bilhao\/#breadcrumb"},"inLanguage":"pt-BR","potentialAction":[{"@type":"ReadAction","target":["https:\/\/acrimat.org.br\/portal\/show-safra-quer-movimentar-mais-de-r-1-bilhao\/"]}]},{"@type":"ImageObject","inLanguage":"pt-BR","@id":"https:\/\/acrimat.org.br\/portal\/show-safra-quer-movimentar-mais-de-r-1-bilhao\/#primaryimage","url":"https:\/\/acrimat.org.br\/portal\/wp-content\/uploads\/2018\/03\/show-safra.png","contentUrl":"https:\/\/acrimat.org.br\/portal\/wp-content\/uploads\/2018\/03\/show-safra.png","width":800,"height":800},{"@type":"BreadcrumbList","@id":"https:\/\/acrimat.org.br\/portal\/show-safra-quer-movimentar-mais-de-r-1-bilhao\/#breadcrumb","itemListElement":[{"@type":"ListItem","position":1,"name":"In\u00edcio","item":"https:\/\/acrimat.org.br\/portal\/"},{"@type":"ListItem","position":2,"name":"Show Safra quer movimentar mais de R$ 1 bilh\u00e3o"}]},{"@type":"WebSite","@id":"https:\/\/acrimat.org.br\/portal\/#website","url":"https:\/\/acrimat.org.br\/portal\/","name":"Acrimat","description":"Associa\u00e7\u00e3o dos Criadores de Mato Grosso","publisher":{"@id":"https:\/\/acrimat.org.br\/portal\/#organization"},"potentialAction":[{"@type":"SearchAction","target":{"@type":"EntryPoint","urlTemplate":"https:\/\/acrimat.org.br\/portal\/?s={search_term_string}"},"query-input":{"@type":"PropertyValueSpecification","valueRequired":true,"valueName":"search_term_string"}}],"inLanguage":"pt-BR"},{"@type":"Organization","@id":"https:\/\/acrimat.org.br\/portal\/#organization","name":"Associa\u00e7\u00e3o dos Criadores de Mato Grosso","url":"https:\/\/acrimat.org.br\/portal\/","logo":{"@type":"ImageObject","inLanguage":"pt-BR","@id":"https:\/\/acrimat.org.br\/portal\/#\/schema\/logo\/image\/","url":"https:\/\/acrimat.org.br\/portal\/wp-content\/uploads\/2018\/03\/logo-peq-original.png","contentUrl":"https:\/\/acrimat.org.br\/portal\/wp-content\/uploads\/2018\/03\/logo-peq-original.png","width":174,"height":171,"caption":"Associa\u00e7\u00e3o dos Criadores de Mato Grosso"},"image":{"@id":"https:\/\/acrimat.org.br\/portal\/#\/schema\/logo\/image\/"}},{"@type":"Person","@id":"https:\/\/acrimat.org.br\/portal\/#\/schema\/person\/a309b9496344ff991e8e1b1d751fdd7b","name":"Assessoria de comunica\u00e7\u00e3o ACRIMAT","image":{"@type":"ImageObject","inLanguage":"pt-BR","@id":"https:\/\/acrimat.org.br\/portal\/#\/schema\/person\/image\/","url":"https:\/\/secure.gravatar.com\/avatar\/2f9c28e64c317bcd762b25cb1575f1b4?s=96&d=mm&r=g","contentUrl":"https:\/\/secure.gravatar.com\/avatar\/2f9c28e64c317bcd762b25cb1575f1b4?s=96&d=mm&r=g","caption":"Assessoria de comunica\u00e7\u00e3o ACRIMAT"},"sameAs":["http:\/\/acrimat.org.br\/"],"url":"https:\/\/acrimat.org.br\/portal\/author\/ascom\/"}]}},"_links":{"self":[{"href":"https:\/\/acrimat.org.br\/portal\/wp-json\/wp\/v2\/posts\/97986553","targetHints":{"allow":["GET"]}}],"collection":[{"href":"https:\/\/acrimat.org.br\/portal\/wp-json\/wp\/v2\/posts"}],"about":[{"href":"https:\/\/acrimat.org.br\/portal\/wp-json\/wp\/v2\/types\/post"}],"author":[{"embeddable":true,"href":"https:\/\/acrimat.org.br\/portal\/wp-json\/wp\/v2\/users\/7"}],"replies":[{"embeddable":true,"href":"https:\/\/acrimat.org.br\/portal\/wp-json\/wp\/v2\/comments?post=97986553"}],"version-history":[{"count":1,"href":"https:\/\/acrimat.org.br\/portal\/wp-json\/wp\/v2\/posts\/97986553\/revisions"}],"predecessor-version":[{"id":97986554,"href":"https:\/\/acrimat.org.br\/portal\/wp-json\/wp\/v2\/posts\/97986553\/revisions\/97986554"}],"wp:featuredmedia":[{"embeddable":true,"href":"https:\/\/acrimat.org.br\/portal\/wp-json\/wp\/v2\/media\/97986543"}],"wp:attachment":[{"href":"https:\/\/acrimat.org.br\/portal\/wp-json\/wp\/v2\/media?parent=97986553"}],"wp:term":[{"taxonomy":"category","embeddable":true,"href":"https:\/\/acrimat.org.br\/portal\/wp-json\/wp\/v2\/categories?post=97986553"},{"taxonomy":"post_tag","embeddable":true,"href":"https:\/\/acrimat.org.br\/portal\/wp-json\/wp\/v2\/tags?post=97986553"}],"curies":[{"name":"wp","href":"https:\/\/api.w.org\/{rel}","templated":true}]}}