{"id":97986644,"date":"2018-03-22T15:02:53","date_gmt":"2018-03-22T18:02:53","guid":{"rendered":"http:\/\/acrimat.org.br\/portal\/?p=97986644"},"modified":"2018-03-23T11:08:48","modified_gmt":"2018-03-23T14:08:48","slug":"brasil-tem-177-milhoes-de-hectares-preservados-dentro-das-fazendas","status":"publish","type":"post","link":"https:\/\/acrimat.org.br\/portal\/brasil-tem-177-milhoes-de-hectares-preservados-dentro-das-fazendas\/","title":{"rendered":"Brasil tem 177 milh\u00f5es de hectares preservados dentro das fazendas"},"content":{"rendered":"<p>O Brasil \u00e9 gigante quando o assunto \u00e9 preserva\u00e7\u00e3o e sustentabilidade, al\u00e9m de ser um dos maiores produtores de alimentos do mundo. Os n\u00fameros comprovam: s\u00e3o 177 milh\u00f5es de hectares preservados dentro das propriedades rurais, o que representa 48% do total de \u00e1reas que as fazendas ocupam, ou 20,5% de todo o territ\u00f3rio do Pa\u00eds. Esse dado considera \u00e1reas preservadas exclusivamente nas propriedades privadas, inscritas no Cadastro Ambiental Rural (CAR). As conclus\u00f5es s\u00e3o da analista de geoprocessamento da Empresa Brasileira de Pesquisa Agropecu\u00e1ria (Embrapa) Territorial Luc\u00edola Alves Magalh\u00e3es, autora do trabalho \u201cA dimens\u00e3o territorial da sustentabilidade da agricultura brasileira\u201d. Ela lembra que a produ\u00e7\u00e3o rural preserva mais a vegeta\u00e7\u00e3o natural (20,5% do territ\u00f3rio) que todas as unidades de conserva\u00e7\u00e3o oficiais (13%).<\/p>\n<p>O total de \u00e1reas protegidas, como Unidades de Conserva\u00e7\u00e3o (UCs) e \u00c1reas de Prote\u00e7\u00e3o Permanente (APPs), representa outra parcela de 228,7 milh\u00f5es de hectares, quase 30% do territ\u00f3rio nacional. Somadas, \u00e1reas preservadas (em propriedades privadas) e \u00e1reas protegidas somam 403 milh\u00f5es de hectares, 47,4% do Pa\u00eds. Como compara\u00e7\u00e3o, Luc\u00edola explica que toda essa extens\u00e3o \u00e9 igual a toda a \u00e1rea da Uni\u00e3o Europeia mais 3,6 vezes o tamanho da Noruega. Somente no Estado de S\u00e3o Paulo, s\u00e3o 3,7 milh\u00f5es de hectares em \u00e1reas preservadas.<\/p>\n<p>Luc\u00edola destaca que 4,3 milh\u00f5es de produtores rurais j\u00e1 aderiram aos mecanismos de prote\u00e7\u00e3o, como implanta\u00e7\u00e3o de \u00c1reas de Prote\u00e7\u00e3o Permanente (APPs) e reservas legais. Isso resultada em nada menos que 1,5 milh\u00e3o de nascentes mapeadas e georreferenciadas, sobre as quais \u00e9 poss\u00edvel, atualmente, realizar o acompanhamento remoto ou no local. Luc\u00edola destaca tamb\u00e9m a import\u00e2ncia do programa \u201cPlantadores de Rios\u201d, que tem estimulado produtores rurais a refor\u00e7ar a\u00e7\u00f5es na conserva\u00e7\u00e3o do meio ambiente e, assim, preservar os recursos h\u00eddricos.<\/p>\n<p>Entre os destaques apontados no estudo est\u00e1 a fragmenta\u00e7\u00e3o das \u00e1reas de conserva\u00e7\u00e3o, que \u00e9 menor do que inicialmente projetado, com boa interconex\u00e3o com sistemas hidrol\u00f3gicos e interligando diferentes biomas. \u201cEsses dados comprovam que o Brasil tem muito cuidado com a preserva\u00e7\u00e3o, que o Pa\u00eds tem preocupa\u00e7\u00e3o com o meio ambiente\u201d, diz a analista da Embrapa.<\/p>\n<p>Fab\u00edola destaca que o Brasil tem apenas 16% das \u00e1reas cultivadas sob regime de irriga\u00e7\u00e3o, frente 40% da m\u00e9dia mundial. Isso significa que h\u00e1 espa\u00e7o para ampliar a agricultura irrigada em \u00e1reas que j\u00e1 s\u00e3o atualmente utilizadas, aumentando a efici\u00eancia dos recursos h\u00eddricos e a colheita. Ela cita exemplos e ressalta que, em m\u00e9dia, a irriga\u00e7\u00e3o aumenta a produtividade em 55% no caso do algod\u00e3o e 189%, no caf\u00e9. A boa gest\u00e3o do uso do solo e da \u00e1gua, afirma Fab\u00edola, s\u00e3o fatores que permitem ao Brasil obter at\u00e9 tr\u00eas safras de uma mesma cultura por ano. \u201cN\u00f3s conseguimos assegurar a produ\u00e7\u00e3o e otimizar o uso da terra\u201d, diz. \u201cSe falamos em agricultura sustent\u00e1vel, a agricultura faz parte dela\u201d, conclui.<\/p>\n<p>Esses dados comprovam que o Brasil tem muito cuidado com a preserva\u00e7\u00e3o<\/p>\n<p>LUC\u00cdOLA ALVES MAGALH\u00c3ES<\/p>\n<p>A analista da Embrapa destaca a import\u00e2ncia do estudo \u201cAgricultura irrigada sustent\u00e1vel no Brasil: identifica\u00e7\u00e3o de \u00e1reas priorit\u00e1rias\u201d, lan\u00e7ado pela Organiza\u00e7\u00e3o das Na\u00e7\u00f5es Unidas para a Alimenta\u00e7\u00e3o e a Agricultura (FAO) nesta ter\u00e7a-feira (20), no \u00e2mbito das discuss\u00f5es do 8\u00ba F\u00f3rum Mundial da \u00c1gua. \u201c\u00c9 muito importante a identifica\u00e7\u00e3o de \u00e1reas priorit\u00e1rias para a irriga\u00e7\u00e3o\u201d, afirma.<\/p>\n","protected":false},"excerpt":{"rendered":"<p>Dado representa 48% do total de \u00e1reas que as propriedades rurais ocupam no Pa\u00eds<\/p>\n","protected":false},"author":7,"featured_media":97985454,"comment_status":"closed","ping_status":"closed","sticky":false,"template":"","format":"standard","meta":{"footnotes":""},"categories":[6,1],"tags":[],"class_list":["post-97986644","post","type-post","status-publish","format-standard","has-post-thumbnail","hentry","category-destaque","category-noticia"],"yoast_head":"<!-- This site is optimized with the Yoast SEO plugin v24.8.1 - https:\/\/yoast.com\/wordpress\/plugins\/seo\/ -->\n<title>Brasil tem 177 milh\u00f5es de hectares preservados dentro das fazendas - Acrimat<\/title>\n<meta name=\"robots\" content=\"index, follow, max-snippet:-1, max-image-preview:large, max-video-preview:-1\" \/>\n<link rel=\"canonical\" href=\"https:\/\/acrimat.org.br\/portal\/brasil-tem-177-milhoes-de-hectares-preservados-dentro-das-fazendas\/\" \/>\n<meta property=\"og:locale\" content=\"pt_BR\" \/>\n<meta property=\"og:type\" content=\"article\" \/>\n<meta property=\"og:title\" content=\"Brasil tem 177 milh\u00f5es de hectares preservados dentro das fazendas - Acrimat\" \/>\n<meta property=\"og:description\" content=\"Dado representa 48% do total de \u00e1reas que as propriedades rurais ocupam no Pa\u00eds\" \/>\n<meta property=\"og:url\" content=\"https:\/\/acrimat.org.br\/portal\/brasil-tem-177-milhoes-de-hectares-preservados-dentro-das-fazendas\/\" \/>\n<meta property=\"og:site_name\" content=\"Acrimat\" \/>\n<meta property=\"article:published_time\" content=\"2018-03-22T18:02:53+00:00\" \/>\n<meta property=\"article:modified_time\" content=\"2018-03-23T14:08:48+00:00\" \/>\n<meta property=\"og:image\" content=\"https:\/\/acrimat.org.br\/portal\/wp-content\/uploads\/2018\/01\/pecuaria.jpg\" \/>\n\t<meta property=\"og:image:width\" content=\"640\" \/>\n\t<meta property=\"og:image:height\" content=\"480\" \/>\n\t<meta property=\"og:image:type\" content=\"image\/jpeg\" \/>\n<meta name=\"author\" content=\"Assessoria de comunica\u00e7\u00e3o ACRIMAT\" \/>\n<meta name=\"twitter:card\" content=\"summary_large_image\" \/>\n<meta name=\"twitter:label1\" content=\"Escrito por\" \/>\n\t<meta name=\"twitter:data1\" content=\"Assessoria de comunica\u00e7\u00e3o ACRIMAT\" \/>\n\t<meta name=\"twitter:label2\" content=\"Est. tempo de leitura\" \/>\n\t<meta name=\"twitter:data2\" content=\"3 minutos\" \/>\n<script type=\"application\/ld+json\" class=\"yoast-schema-graph\">{\"@context\":\"https:\/\/schema.org\",\"@graph\":[{\"@type\":\"Article\",\"@id\":\"https:\/\/acrimat.org.br\/portal\/brasil-tem-177-milhoes-de-hectares-preservados-dentro-das-fazendas\/#article\",\"isPartOf\":{\"@id\":\"https:\/\/acrimat.org.br\/portal\/brasil-tem-177-milhoes-de-hectares-preservados-dentro-das-fazendas\/\"},\"author\":{\"name\":\"Assessoria de comunica\u00e7\u00e3o ACRIMAT\",\"@id\":\"https:\/\/acrimat.org.br\/portal\/#\/schema\/person\/a309b9496344ff991e8e1b1d751fdd7b\"},\"headline\":\"Brasil tem 177 milh\u00f5es de hectares preservados dentro das fazendas\",\"datePublished\":\"2018-03-22T18:02:53+00:00\",\"dateModified\":\"2018-03-23T14:08:48+00:00\",\"mainEntityOfPage\":{\"@id\":\"https:\/\/acrimat.org.br\/portal\/brasil-tem-177-milhoes-de-hectares-preservados-dentro-das-fazendas\/\"},\"wordCount\":602,\"publisher\":{\"@id\":\"https:\/\/acrimat.org.br\/portal\/#organization\"},\"image\":{\"@id\":\"https:\/\/acrimat.org.br\/portal\/brasil-tem-177-milhoes-de-hectares-preservados-dentro-das-fazendas\/#primaryimage\"},\"thumbnailUrl\":\"https:\/\/acrimat.org.br\/portal\/wp-content\/uploads\/2018\/01\/pecuaria.jpg\",\"articleSection\":[\"Destaques\",\"Not\u00edcias\"],\"inLanguage\":\"pt-BR\"},{\"@type\":\"WebPage\",\"@id\":\"https:\/\/acrimat.org.br\/portal\/brasil-tem-177-milhoes-de-hectares-preservados-dentro-das-fazendas\/\",\"url\":\"https:\/\/acrimat.org.br\/portal\/brasil-tem-177-milhoes-de-hectares-preservados-dentro-das-fazendas\/\",\"name\":\"Brasil tem 177 milh\u00f5es de hectares preservados dentro das fazendas - Acrimat\",\"isPartOf\":{\"@id\":\"https:\/\/acrimat.org.br\/portal\/#website\"},\"primaryImageOfPage\":{\"@id\":\"https:\/\/acrimat.org.br\/portal\/brasil-tem-177-milhoes-de-hectares-preservados-dentro-das-fazendas\/#primaryimage\"},\"image\":{\"@id\":\"https:\/\/acrimat.org.br\/portal\/brasil-tem-177-milhoes-de-hectares-preservados-dentro-das-fazendas\/#primaryimage\"},\"thumbnailUrl\":\"https:\/\/acrimat.org.br\/portal\/wp-content\/uploads\/2018\/01\/pecuaria.jpg\",\"datePublished\":\"2018-03-22T18:02:53+00:00\",\"dateModified\":\"2018-03-23T14:08:48+00:00\",\"breadcrumb\":{\"@id\":\"https:\/\/acrimat.org.br\/portal\/brasil-tem-177-milhoes-de-hectares-preservados-dentro-das-fazendas\/#breadcrumb\"},\"inLanguage\":\"pt-BR\",\"potentialAction\":[{\"@type\":\"ReadAction\",\"target\":[\"https:\/\/acrimat.org.br\/portal\/brasil-tem-177-milhoes-de-hectares-preservados-dentro-das-fazendas\/\"]}]},{\"@type\":\"ImageObject\",\"inLanguage\":\"pt-BR\",\"@id\":\"https:\/\/acrimat.org.br\/portal\/brasil-tem-177-milhoes-de-hectares-preservados-dentro-das-fazendas\/#primaryimage\",\"url\":\"https:\/\/acrimat.org.br\/portal\/wp-content\/uploads\/2018\/01\/pecuaria.jpg\",\"contentUrl\":\"https:\/\/acrimat.org.br\/portal\/wp-content\/uploads\/2018\/01\/pecuaria.jpg\",\"width\":640,\"height\":480},{\"@type\":\"BreadcrumbList\",\"@id\":\"https:\/\/acrimat.org.br\/portal\/brasil-tem-177-milhoes-de-hectares-preservados-dentro-das-fazendas\/#breadcrumb\",\"itemListElement\":[{\"@type\":\"ListItem\",\"position\":1,\"name\":\"In\u00edcio\",\"item\":\"https:\/\/acrimat.org.br\/portal\/\"},{\"@type\":\"ListItem\",\"position\":2,\"name\":\"Brasil tem 177 milh\u00f5es de hectares preservados dentro das fazendas\"}]},{\"@type\":\"WebSite\",\"@id\":\"https:\/\/acrimat.org.br\/portal\/#website\",\"url\":\"https:\/\/acrimat.org.br\/portal\/\",\"name\":\"Acrimat\",\"description\":\"Associa\u00e7\u00e3o dos Criadores de Mato Grosso\",\"publisher\":{\"@id\":\"https:\/\/acrimat.org.br\/portal\/#organization\"},\"potentialAction\":[{\"@type\":\"SearchAction\",\"target\":{\"@type\":\"EntryPoint\",\"urlTemplate\":\"https:\/\/acrimat.org.br\/portal\/?s={search_term_string}\"},\"query-input\":{\"@type\":\"PropertyValueSpecification\",\"valueRequired\":true,\"valueName\":\"search_term_string\"}}],\"inLanguage\":\"pt-BR\"},{\"@type\":\"Organization\",\"@id\":\"https:\/\/acrimat.org.br\/portal\/#organization\",\"name\":\"Associa\u00e7\u00e3o dos Criadores de Mato Grosso\",\"url\":\"https:\/\/acrimat.org.br\/portal\/\",\"logo\":{\"@type\":\"ImageObject\",\"inLanguage\":\"pt-BR\",\"@id\":\"https:\/\/acrimat.org.br\/portal\/#\/schema\/logo\/image\/\",\"url\":\"https:\/\/acrimat.org.br\/portal\/wp-content\/uploads\/2018\/03\/logo-peq-original.png\",\"contentUrl\":\"https:\/\/acrimat.org.br\/portal\/wp-content\/uploads\/2018\/03\/logo-peq-original.png\",\"width\":174,\"height\":171,\"caption\":\"Associa\u00e7\u00e3o dos Criadores de Mato Grosso\"},\"image\":{\"@id\":\"https:\/\/acrimat.org.br\/portal\/#\/schema\/logo\/image\/\"}},{\"@type\":\"Person\",\"@id\":\"https:\/\/acrimat.org.br\/portal\/#\/schema\/person\/a309b9496344ff991e8e1b1d751fdd7b\",\"name\":\"Assessoria de comunica\u00e7\u00e3o ACRIMAT\",\"image\":{\"@type\":\"ImageObject\",\"inLanguage\":\"pt-BR\",\"@id\":\"https:\/\/acrimat.org.br\/portal\/#\/schema\/person\/image\/\",\"url\":\"https:\/\/secure.gravatar.com\/avatar\/2f9c28e64c317bcd762b25cb1575f1b4?s=96&d=mm&r=g\",\"contentUrl\":\"https:\/\/secure.gravatar.com\/avatar\/2f9c28e64c317bcd762b25cb1575f1b4?s=96&d=mm&r=g\",\"caption\":\"Assessoria de comunica\u00e7\u00e3o ACRIMAT\"},\"sameAs\":[\"http:\/\/acrimat.org.br\/\"],\"url\":\"https:\/\/acrimat.org.br\/portal\/author\/ascom\/\"}]}<\/script>\n<!-- \/ Yoast SEO plugin. -->","yoast_head_json":{"title":"Brasil tem 177 milh\u00f5es de hectares preservados dentro das fazendas - Acrimat","robots":{"index":"index","follow":"follow","max-snippet":"max-snippet:-1","max-image-preview":"max-image-preview:large","max-video-preview":"max-video-preview:-1"},"canonical":"https:\/\/acrimat.org.br\/portal\/brasil-tem-177-milhoes-de-hectares-preservados-dentro-das-fazendas\/","og_locale":"pt_BR","og_type":"article","og_title":"Brasil tem 177 milh\u00f5es de hectares preservados dentro das fazendas - Acrimat","og_description":"Dado representa 48% do total de \u00e1reas que as propriedades rurais ocupam no Pa\u00eds","og_url":"https:\/\/acrimat.org.br\/portal\/brasil-tem-177-milhoes-de-hectares-preservados-dentro-das-fazendas\/","og_site_name":"Acrimat","article_published_time":"2018-03-22T18:02:53+00:00","article_modified_time":"2018-03-23T14:08:48+00:00","og_image":[{"width":640,"height":480,"url":"https:\/\/acrimat.org.br\/portal\/wp-content\/uploads\/2018\/01\/pecuaria.jpg","type":"image\/jpeg"}],"author":"Assessoria de comunica\u00e7\u00e3o ACRIMAT","twitter_card":"summary_large_image","twitter_misc":{"Escrito por":"Assessoria de comunica\u00e7\u00e3o ACRIMAT","Est. tempo de leitura":"3 minutos"},"schema":{"@context":"https:\/\/schema.org","@graph":[{"@type":"Article","@id":"https:\/\/acrimat.org.br\/portal\/brasil-tem-177-milhoes-de-hectares-preservados-dentro-das-fazendas\/#article","isPartOf":{"@id":"https:\/\/acrimat.org.br\/portal\/brasil-tem-177-milhoes-de-hectares-preservados-dentro-das-fazendas\/"},"author":{"name":"Assessoria de comunica\u00e7\u00e3o ACRIMAT","@id":"https:\/\/acrimat.org.br\/portal\/#\/schema\/person\/a309b9496344ff991e8e1b1d751fdd7b"},"headline":"Brasil tem 177 milh\u00f5es de hectares preservados dentro das fazendas","datePublished":"2018-03-22T18:02:53+00:00","dateModified":"2018-03-23T14:08:48+00:00","mainEntityOfPage":{"@id":"https:\/\/acrimat.org.br\/portal\/brasil-tem-177-milhoes-de-hectares-preservados-dentro-das-fazendas\/"},"wordCount":602,"publisher":{"@id":"https:\/\/acrimat.org.br\/portal\/#organization"},"image":{"@id":"https:\/\/acrimat.org.br\/portal\/brasil-tem-177-milhoes-de-hectares-preservados-dentro-das-fazendas\/#primaryimage"},"thumbnailUrl":"https:\/\/acrimat.org.br\/portal\/wp-content\/uploads\/2018\/01\/pecuaria.jpg","articleSection":["Destaques","Not\u00edcias"],"inLanguage":"pt-BR"},{"@type":"WebPage","@id":"https:\/\/acrimat.org.br\/portal\/brasil-tem-177-milhoes-de-hectares-preservados-dentro-das-fazendas\/","url":"https:\/\/acrimat.org.br\/portal\/brasil-tem-177-milhoes-de-hectares-preservados-dentro-das-fazendas\/","name":"Brasil tem 177 milh\u00f5es de hectares preservados dentro das fazendas - Acrimat","isPartOf":{"@id":"https:\/\/acrimat.org.br\/portal\/#website"},"primaryImageOfPage":{"@id":"https:\/\/acrimat.org.br\/portal\/brasil-tem-177-milhoes-de-hectares-preservados-dentro-das-fazendas\/#primaryimage"},"image":{"@id":"https:\/\/acrimat.org.br\/portal\/brasil-tem-177-milhoes-de-hectares-preservados-dentro-das-fazendas\/#primaryimage"},"thumbnailUrl":"https:\/\/acrimat.org.br\/portal\/wp-content\/uploads\/2018\/01\/pecuaria.jpg","datePublished":"2018-03-22T18:02:53+00:00","dateModified":"2018-03-23T14:08:48+00:00","breadcrumb":{"@id":"https:\/\/acrimat.org.br\/portal\/brasil-tem-177-milhoes-de-hectares-preservados-dentro-das-fazendas\/#breadcrumb"},"inLanguage":"pt-BR","potentialAction":[{"@type":"ReadAction","target":["https:\/\/acrimat.org.br\/portal\/brasil-tem-177-milhoes-de-hectares-preservados-dentro-das-fazendas\/"]}]},{"@type":"ImageObject","inLanguage":"pt-BR","@id":"https:\/\/acrimat.org.br\/portal\/brasil-tem-177-milhoes-de-hectares-preservados-dentro-das-fazendas\/#primaryimage","url":"https:\/\/acrimat.org.br\/portal\/wp-content\/uploads\/2018\/01\/pecuaria.jpg","contentUrl":"https:\/\/acrimat.org.br\/portal\/wp-content\/uploads\/2018\/01\/pecuaria.jpg","width":640,"height":480},{"@type":"BreadcrumbList","@id":"https:\/\/acrimat.org.br\/portal\/brasil-tem-177-milhoes-de-hectares-preservados-dentro-das-fazendas\/#breadcrumb","itemListElement":[{"@type":"ListItem","position":1,"name":"In\u00edcio","item":"https:\/\/acrimat.org.br\/portal\/"},{"@type":"ListItem","position":2,"name":"Brasil tem 177 milh\u00f5es de hectares preservados dentro das fazendas"}]},{"@type":"WebSite","@id":"https:\/\/acrimat.org.br\/portal\/#website","url":"https:\/\/acrimat.org.br\/portal\/","name":"Acrimat","description":"Associa\u00e7\u00e3o dos Criadores de Mato Grosso","publisher":{"@id":"https:\/\/acrimat.org.br\/portal\/#organization"},"potentialAction":[{"@type":"SearchAction","target":{"@type":"EntryPoint","urlTemplate":"https:\/\/acrimat.org.br\/portal\/?s={search_term_string}"},"query-input":{"@type":"PropertyValueSpecification","valueRequired":true,"valueName":"search_term_string"}}],"inLanguage":"pt-BR"},{"@type":"Organization","@id":"https:\/\/acrimat.org.br\/portal\/#organization","name":"Associa\u00e7\u00e3o dos Criadores de Mato Grosso","url":"https:\/\/acrimat.org.br\/portal\/","logo":{"@type":"ImageObject","inLanguage":"pt-BR","@id":"https:\/\/acrimat.org.br\/portal\/#\/schema\/logo\/image\/","url":"https:\/\/acrimat.org.br\/portal\/wp-content\/uploads\/2018\/03\/logo-peq-original.png","contentUrl":"https:\/\/acrimat.org.br\/portal\/wp-content\/uploads\/2018\/03\/logo-peq-original.png","width":174,"height":171,"caption":"Associa\u00e7\u00e3o dos Criadores de Mato Grosso"},"image":{"@id":"https:\/\/acrimat.org.br\/portal\/#\/schema\/logo\/image\/"}},{"@type":"Person","@id":"https:\/\/acrimat.org.br\/portal\/#\/schema\/person\/a309b9496344ff991e8e1b1d751fdd7b","name":"Assessoria de comunica\u00e7\u00e3o ACRIMAT","image":{"@type":"ImageObject","inLanguage":"pt-BR","@id":"https:\/\/acrimat.org.br\/portal\/#\/schema\/person\/image\/","url":"https:\/\/secure.gravatar.com\/avatar\/2f9c28e64c317bcd762b25cb1575f1b4?s=96&d=mm&r=g","contentUrl":"https:\/\/secure.gravatar.com\/avatar\/2f9c28e64c317bcd762b25cb1575f1b4?s=96&d=mm&r=g","caption":"Assessoria de comunica\u00e7\u00e3o ACRIMAT"},"sameAs":["http:\/\/acrimat.org.br\/"],"url":"https:\/\/acrimat.org.br\/portal\/author\/ascom\/"}]}},"_links":{"self":[{"href":"https:\/\/acrimat.org.br\/portal\/wp-json\/wp\/v2\/posts\/97986644","targetHints":{"allow":["GET"]}}],"collection":[{"href":"https:\/\/acrimat.org.br\/portal\/wp-json\/wp\/v2\/posts"}],"about":[{"href":"https:\/\/acrimat.org.br\/portal\/wp-json\/wp\/v2\/types\/post"}],"author":[{"embeddable":true,"href":"https:\/\/acrimat.org.br\/portal\/wp-json\/wp\/v2\/users\/7"}],"replies":[{"embeddable":true,"href":"https:\/\/acrimat.org.br\/portal\/wp-json\/wp\/v2\/comments?post=97986644"}],"version-history":[{"count":2,"href":"https:\/\/acrimat.org.br\/portal\/wp-json\/wp\/v2\/posts\/97986644\/revisions"}],"predecessor-version":[{"id":97986659,"href":"https:\/\/acrimat.org.br\/portal\/wp-json\/wp\/v2\/posts\/97986644\/revisions\/97986659"}],"wp:featuredmedia":[{"embeddable":true,"href":"https:\/\/acrimat.org.br\/portal\/wp-json\/wp\/v2\/media\/97985454"}],"wp:attachment":[{"href":"https:\/\/acrimat.org.br\/portal\/wp-json\/wp\/v2\/media?parent=97986644"}],"wp:term":[{"taxonomy":"category","embeddable":true,"href":"https:\/\/acrimat.org.br\/portal\/wp-json\/wp\/v2\/categories?post=97986644"},{"taxonomy":"post_tag","embeddable":true,"href":"https:\/\/acrimat.org.br\/portal\/wp-json\/wp\/v2\/tags?post=97986644"}],"curies":[{"name":"wp","href":"https:\/\/api.w.org\/{rel}","templated":true}]}}