{"id":97986646,"date":"2018-03-22T15:05:07","date_gmt":"2018-03-22T18:05:07","guid":{"rendered":"http:\/\/acrimat.org.br\/portal\/?p=97986646"},"modified":"2018-03-22T15:05:07","modified_gmt":"2018-03-22T18:05:07","slug":"maior-descarte-de-femeas-impulsionou-abate-de-bovinos-em-2017-dizem-analistas","status":"publish","type":"post","link":"https:\/\/acrimat.org.br\/portal\/maior-descarte-de-femeas-impulsionou-abate-de-bovinos-em-2017-dizem-analistas\/","title":{"rendered":"Maior descarte de f\u00eameas impulsionou abate de bovinos em 2017, dizem analistas"},"content":{"rendered":"<p>O maior descarte de f\u00eameas impulsionou o abate de bovinos no Pa\u00eds em 2017 e levou ao primeiro crescimento do volume em tr\u00eas anos. A diversifica\u00e7\u00e3o do mercado externo de carne bovina, com a reabertura de plantas frigor\u00edficas ao longo do ano, tamb\u00e9m sustentou o aumento, assim como a queda dos pre\u00e7os da arroba, ap\u00f3s a deflagra\u00e7\u00e3o da Opera\u00e7\u00e3o Carne Fraca, que n\u00e3o chegou, por\u00e9m, a afetar significativamente as exporta\u00e7\u00f5es do setor.<\/p>\n<p>Na avicultura, os abates em 2017 foram marginalmente menores (-0,3%) ante 2016, o primeiro recuo em quatro anos. Entretanto, para a carne de aves, a investiga\u00e7\u00e3o da Pol\u00edcia Federal teve efeito mais significativo nas exporta\u00e7\u00f5es, reduzindo os embarques.<\/p>\n<p>Em 2017, o Brasil abateu 30,83 milh\u00f5es de cabe\u00e7as de bovinos sob algum tipo de inspe\u00e7\u00e3o sanit\u00e1ria, o equivalente a um aumento de 3,8% em rela\u00e7\u00e3o a 2016, ou 1,13 milh\u00e3o de cabe\u00e7as a mais, segundo a Pesquisa Trimestral do Abate de Animais, divulgada nesta quarta-feira, 21,pelo Instituto Brasileiro de Geografia e Estat\u00edstica (IBGE). Em rela\u00e7\u00e3o ao abate de frangos, foram 5,84 bilh\u00f5es de cabe\u00e7as, uma queda de 0,3% em rela\u00e7\u00e3o a 2016, que significa 18,54 milh\u00f5es de cabe\u00e7as a menos.<\/p>\n<p>Segundo a Associa\u00e7\u00e3o Brasileira de Prote\u00edna Animal (ABPA), o volume de carne de frango exportado pelo Brasil no ano passado foi 1,4% menor do que o registrado em 2016, com 4,32 milh\u00f5es de toneladas embarcadas. \u201cO ano come\u00e7ou desafiador para o setor de prote\u00edna animal, com a Opera\u00e7\u00e3o Carne Fraca e um cen\u00e1rio dif\u00edcil para as exporta\u00e7\u00f5es\u201d, diz o presidente executivo da ABPA, Francisco Turra, em nota. Turra lembrou que muitos mercados fecharam temporariamente suas portas ao Brasil. Entretanto, as vendas internacionais retomaram o ritmo j\u00e1 nos meses seguintes, ultrapassando em alguns momentos as 400 mil toneladas. \u201cIsso, somado ao fato de que o consumo interno se reaqueceu ao longo do ano, com a melhora do cen\u00e1rio econ\u00f4mico, permitiu \u00e0s empresas manter o ritmo produtivo, gerando n\u00fameros absolutos de produ\u00e7\u00e3o melhores do que os alcan\u00e7ados em 2016\u201d, pondera. Segundo a ABPA, o Brasil produziu 13,058 milh\u00f5es de toneladas de carne de aves no ano passado, alta de 1,2% ante o ano anterior.<\/p>\n<p>Na bovinocultura, pecuaristas enviaram um n\u00famero maior de f\u00eameas para a linha de abate, depois que o pre\u00e7o do bezerro ficou menos atrativo. A analista da Agrifatto Lygia Pimentel aponta que apenas o abate de vacas e novilhas cresceu 9% no ano. Ela lembra tamb\u00e9m que a margem bruta dos frigor\u00edficos melhorou consideravelmente, com a queda do pre\u00e7o da arroba do boi gordo, logo ap\u00f3s a Opera\u00e7\u00e3o Carne Fraca, em mar\u00e7o do ano passado.<\/p>\n<p>O analista da Scot Consultoria Hyberville Neto confirma que a reabertura de novas plantas frigor\u00edficas tamb\u00e9m colaborou com o movimento. A investiga\u00e7\u00e3o da Pol\u00edcia Federal, com forte impacto sobre a cadeia produtiva bovina, al\u00e9m da crise da JBS no mesmo per\u00edodo, estimulou a diversifica\u00e7\u00e3o no mercado frigor\u00edfico de bois, com destaque para Mato Grosso, onde unidades que estavam paradas foram reabertas no ano passado por outras empresas do setor, o que tamb\u00e9m contribuiu para o aumento da produ\u00e7\u00e3o.<\/p>\n<p>Hyberville acredita que o ritmo dos abates de bovinos deve se manter forte neste primeiro trimestre de 2018. Al\u00e9m da maior oferta de animais, ele aponta que o consumo dom\u00e9stico mostra aos poucos sinais de melhoras, o que deve estimular a produ\u00e7\u00e3o. Para Pimentel, a tend\u00eancia para o fechamento de 2018 \u00e9 de um volume de abate em linha com 2017.<\/p>\n","protected":false},"excerpt":{"rendered":"<p>O maior descarte de f\u00eameas impulsionou o abate de bovinos no Pa\u00eds em 2017 e levou ao primeiro crescimento do volume em tr\u00eas anos.<\/p>\n","protected":false},"author":7,"featured_media":97982953,"comment_status":"closed","ping_status":"closed","sticky":false,"template":"","format":"standard","meta":{"footnotes":""},"categories":[6,1],"tags":[],"class_list":["post-97986646","post","type-post","status-publish","format-standard","has-post-thumbnail","hentry","category-destaque","category-noticia"],"yoast_head":"<!-- This site is optimized with the Yoast SEO plugin v24.8.1 - https:\/\/yoast.com\/wordpress\/plugins\/seo\/ -->\n<title>Maior descarte de f\u00eameas impulsionou abate de bovinos em 2017, dizem analistas - Acrimat<\/title>\n<meta name=\"robots\" content=\"index, follow, max-snippet:-1, max-image-preview:large, max-video-preview:-1\" \/>\n<link rel=\"canonical\" href=\"https:\/\/acrimat.org.br\/portal\/maior-descarte-de-femeas-impulsionou-abate-de-bovinos-em-2017-dizem-analistas\/\" \/>\n<meta property=\"og:locale\" content=\"pt_BR\" \/>\n<meta property=\"og:type\" content=\"article\" \/>\n<meta property=\"og:title\" content=\"Maior descarte de f\u00eameas impulsionou abate de bovinos em 2017, dizem analistas - Acrimat\" \/>\n<meta property=\"og:description\" content=\"O maior descarte de f\u00eameas impulsionou o abate de bovinos no Pa\u00eds em 2017 e levou ao primeiro crescimento do volume em tr\u00eas anos.\" \/>\n<meta property=\"og:url\" content=\"https:\/\/acrimat.org.br\/portal\/maior-descarte-de-femeas-impulsionou-abate-de-bovinos-em-2017-dizem-analistas\/\" \/>\n<meta property=\"og:site_name\" content=\"Acrimat\" \/>\n<meta property=\"article:published_time\" content=\"2018-03-22T18:05:07+00:00\" \/>\n<meta property=\"og:image\" content=\"https:\/\/acrimat.org.br\/portal\/wp-content\/uploads\/2017\/08\/Novilho-precoce-696x386.jpg\" \/>\n\t<meta property=\"og:image:width\" content=\"696\" \/>\n\t<meta property=\"og:image:height\" content=\"386\" \/>\n\t<meta property=\"og:image:type\" content=\"image\/jpeg\" \/>\n<meta name=\"author\" content=\"Assessoria de comunica\u00e7\u00e3o ACRIMAT\" \/>\n<meta name=\"twitter:card\" content=\"summary_large_image\" \/>\n<meta name=\"twitter:label1\" content=\"Escrito por\" \/>\n\t<meta name=\"twitter:data1\" content=\"Assessoria de comunica\u00e7\u00e3o ACRIMAT\" \/>\n\t<meta name=\"twitter:label2\" content=\"Est. tempo de leitura\" \/>\n\t<meta name=\"twitter:data2\" content=\"3 minutos\" \/>\n<script type=\"application\/ld+json\" class=\"yoast-schema-graph\">{\"@context\":\"https:\/\/schema.org\",\"@graph\":[{\"@type\":\"Article\",\"@id\":\"https:\/\/acrimat.org.br\/portal\/maior-descarte-de-femeas-impulsionou-abate-de-bovinos-em-2017-dizem-analistas\/#article\",\"isPartOf\":{\"@id\":\"https:\/\/acrimat.org.br\/portal\/maior-descarte-de-femeas-impulsionou-abate-de-bovinos-em-2017-dizem-analistas\/\"},\"author\":{\"name\":\"Assessoria de comunica\u00e7\u00e3o ACRIMAT\",\"@id\":\"https:\/\/acrimat.org.br\/portal\/#\/schema\/person\/a309b9496344ff991e8e1b1d751fdd7b\"},\"headline\":\"Maior descarte de f\u00eameas impulsionou abate de bovinos em 2017, dizem analistas\",\"datePublished\":\"2018-03-22T18:05:07+00:00\",\"mainEntityOfPage\":{\"@id\":\"https:\/\/acrimat.org.br\/portal\/maior-descarte-de-femeas-impulsionou-abate-de-bovinos-em-2017-dizem-analistas\/\"},\"wordCount\":622,\"publisher\":{\"@id\":\"https:\/\/acrimat.org.br\/portal\/#organization\"},\"image\":{\"@id\":\"https:\/\/acrimat.org.br\/portal\/maior-descarte-de-femeas-impulsionou-abate-de-bovinos-em-2017-dizem-analistas\/#primaryimage\"},\"thumbnailUrl\":\"https:\/\/acrimat.org.br\/portal\/wp-content\/uploads\/2017\/08\/Novilho-precoce-696x386.jpg\",\"articleSection\":[\"Destaques\",\"Not\u00edcias\"],\"inLanguage\":\"pt-BR\"},{\"@type\":\"WebPage\",\"@id\":\"https:\/\/acrimat.org.br\/portal\/maior-descarte-de-femeas-impulsionou-abate-de-bovinos-em-2017-dizem-analistas\/\",\"url\":\"https:\/\/acrimat.org.br\/portal\/maior-descarte-de-femeas-impulsionou-abate-de-bovinos-em-2017-dizem-analistas\/\",\"name\":\"Maior descarte de f\u00eameas impulsionou abate de bovinos em 2017, dizem analistas - Acrimat\",\"isPartOf\":{\"@id\":\"https:\/\/acrimat.org.br\/portal\/#website\"},\"primaryImageOfPage\":{\"@id\":\"https:\/\/acrimat.org.br\/portal\/maior-descarte-de-femeas-impulsionou-abate-de-bovinos-em-2017-dizem-analistas\/#primaryimage\"},\"image\":{\"@id\":\"https:\/\/acrimat.org.br\/portal\/maior-descarte-de-femeas-impulsionou-abate-de-bovinos-em-2017-dizem-analistas\/#primaryimage\"},\"thumbnailUrl\":\"https:\/\/acrimat.org.br\/portal\/wp-content\/uploads\/2017\/08\/Novilho-precoce-696x386.jpg\",\"datePublished\":\"2018-03-22T18:05:07+00:00\",\"breadcrumb\":{\"@id\":\"https:\/\/acrimat.org.br\/portal\/maior-descarte-de-femeas-impulsionou-abate-de-bovinos-em-2017-dizem-analistas\/#breadcrumb\"},\"inLanguage\":\"pt-BR\",\"potentialAction\":[{\"@type\":\"ReadAction\",\"target\":[\"https:\/\/acrimat.org.br\/portal\/maior-descarte-de-femeas-impulsionou-abate-de-bovinos-em-2017-dizem-analistas\/\"]}]},{\"@type\":\"ImageObject\",\"inLanguage\":\"pt-BR\",\"@id\":\"https:\/\/acrimat.org.br\/portal\/maior-descarte-de-femeas-impulsionou-abate-de-bovinos-em-2017-dizem-analistas\/#primaryimage\",\"url\":\"https:\/\/acrimat.org.br\/portal\/wp-content\/uploads\/2017\/08\/Novilho-precoce-696x386.jpg\",\"contentUrl\":\"https:\/\/acrimat.org.br\/portal\/wp-content\/uploads\/2017\/08\/Novilho-precoce-696x386.jpg\",\"width\":696,\"height\":386,\"caption\":\"At\u00e9 o momento, cerca de 5.000 vacas foram avaliadas no Pantanal e Planalto de MS; mais de 2.500 foram inseminadas por meio do projeto e os bezerros j\u00e1 nasceram. Foto-Divulga\u00e7\u00e3o.\"},{\"@type\":\"BreadcrumbList\",\"@id\":\"https:\/\/acrimat.org.br\/portal\/maior-descarte-de-femeas-impulsionou-abate-de-bovinos-em-2017-dizem-analistas\/#breadcrumb\",\"itemListElement\":[{\"@type\":\"ListItem\",\"position\":1,\"name\":\"In\u00edcio\",\"item\":\"https:\/\/acrimat.org.br\/portal\/\"},{\"@type\":\"ListItem\",\"position\":2,\"name\":\"Maior descarte de f\u00eameas impulsionou abate de bovinos em 2017, dizem analistas\"}]},{\"@type\":\"WebSite\",\"@id\":\"https:\/\/acrimat.org.br\/portal\/#website\",\"url\":\"https:\/\/acrimat.org.br\/portal\/\",\"name\":\"Acrimat\",\"description\":\"Associa\u00e7\u00e3o dos Criadores de Mato Grosso\",\"publisher\":{\"@id\":\"https:\/\/acrimat.org.br\/portal\/#organization\"},\"potentialAction\":[{\"@type\":\"SearchAction\",\"target\":{\"@type\":\"EntryPoint\",\"urlTemplate\":\"https:\/\/acrimat.org.br\/portal\/?s={search_term_string}\"},\"query-input\":{\"@type\":\"PropertyValueSpecification\",\"valueRequired\":true,\"valueName\":\"search_term_string\"}}],\"inLanguage\":\"pt-BR\"},{\"@type\":\"Organization\",\"@id\":\"https:\/\/acrimat.org.br\/portal\/#organization\",\"name\":\"Associa\u00e7\u00e3o dos Criadores de Mato Grosso\",\"url\":\"https:\/\/acrimat.org.br\/portal\/\",\"logo\":{\"@type\":\"ImageObject\",\"inLanguage\":\"pt-BR\",\"@id\":\"https:\/\/acrimat.org.br\/portal\/#\/schema\/logo\/image\/\",\"url\":\"https:\/\/acrimat.org.br\/portal\/wp-content\/uploads\/2018\/03\/logo-peq-original.png\",\"contentUrl\":\"https:\/\/acrimat.org.br\/portal\/wp-content\/uploads\/2018\/03\/logo-peq-original.png\",\"width\":174,\"height\":171,\"caption\":\"Associa\u00e7\u00e3o dos Criadores de Mato Grosso\"},\"image\":{\"@id\":\"https:\/\/acrimat.org.br\/portal\/#\/schema\/logo\/image\/\"}},{\"@type\":\"Person\",\"@id\":\"https:\/\/acrimat.org.br\/portal\/#\/schema\/person\/a309b9496344ff991e8e1b1d751fdd7b\",\"name\":\"Assessoria de comunica\u00e7\u00e3o ACRIMAT\",\"image\":{\"@type\":\"ImageObject\",\"inLanguage\":\"pt-BR\",\"@id\":\"https:\/\/acrimat.org.br\/portal\/#\/schema\/person\/image\/\",\"url\":\"https:\/\/secure.gravatar.com\/avatar\/2f9c28e64c317bcd762b25cb1575f1b4?s=96&d=mm&r=g\",\"contentUrl\":\"https:\/\/secure.gravatar.com\/avatar\/2f9c28e64c317bcd762b25cb1575f1b4?s=96&d=mm&r=g\",\"caption\":\"Assessoria de comunica\u00e7\u00e3o ACRIMAT\"},\"sameAs\":[\"http:\/\/acrimat.org.br\/\"],\"url\":\"https:\/\/acrimat.org.br\/portal\/author\/ascom\/\"}]}<\/script>\n<!-- \/ Yoast SEO plugin. -->","yoast_head_json":{"title":"Maior descarte de f\u00eameas impulsionou abate de bovinos em 2017, dizem analistas - Acrimat","robots":{"index":"index","follow":"follow","max-snippet":"max-snippet:-1","max-image-preview":"max-image-preview:large","max-video-preview":"max-video-preview:-1"},"canonical":"https:\/\/acrimat.org.br\/portal\/maior-descarte-de-femeas-impulsionou-abate-de-bovinos-em-2017-dizem-analistas\/","og_locale":"pt_BR","og_type":"article","og_title":"Maior descarte de f\u00eameas impulsionou abate de bovinos em 2017, dizem analistas - Acrimat","og_description":"O maior descarte de f\u00eameas impulsionou o abate de bovinos no Pa\u00eds em 2017 e levou ao primeiro crescimento do volume em tr\u00eas anos.","og_url":"https:\/\/acrimat.org.br\/portal\/maior-descarte-de-femeas-impulsionou-abate-de-bovinos-em-2017-dizem-analistas\/","og_site_name":"Acrimat","article_published_time":"2018-03-22T18:05:07+00:00","og_image":[{"width":696,"height":386,"url":"https:\/\/acrimat.org.br\/portal\/wp-content\/uploads\/2017\/08\/Novilho-precoce-696x386.jpg","type":"image\/jpeg"}],"author":"Assessoria de comunica\u00e7\u00e3o ACRIMAT","twitter_card":"summary_large_image","twitter_misc":{"Escrito por":"Assessoria de comunica\u00e7\u00e3o ACRIMAT","Est. tempo de leitura":"3 minutos"},"schema":{"@context":"https:\/\/schema.org","@graph":[{"@type":"Article","@id":"https:\/\/acrimat.org.br\/portal\/maior-descarte-de-femeas-impulsionou-abate-de-bovinos-em-2017-dizem-analistas\/#article","isPartOf":{"@id":"https:\/\/acrimat.org.br\/portal\/maior-descarte-de-femeas-impulsionou-abate-de-bovinos-em-2017-dizem-analistas\/"},"author":{"name":"Assessoria de comunica\u00e7\u00e3o ACRIMAT","@id":"https:\/\/acrimat.org.br\/portal\/#\/schema\/person\/a309b9496344ff991e8e1b1d751fdd7b"},"headline":"Maior descarte de f\u00eameas impulsionou abate de bovinos em 2017, dizem analistas","datePublished":"2018-03-22T18:05:07+00:00","mainEntityOfPage":{"@id":"https:\/\/acrimat.org.br\/portal\/maior-descarte-de-femeas-impulsionou-abate-de-bovinos-em-2017-dizem-analistas\/"},"wordCount":622,"publisher":{"@id":"https:\/\/acrimat.org.br\/portal\/#organization"},"image":{"@id":"https:\/\/acrimat.org.br\/portal\/maior-descarte-de-femeas-impulsionou-abate-de-bovinos-em-2017-dizem-analistas\/#primaryimage"},"thumbnailUrl":"https:\/\/acrimat.org.br\/portal\/wp-content\/uploads\/2017\/08\/Novilho-precoce-696x386.jpg","articleSection":["Destaques","Not\u00edcias"],"inLanguage":"pt-BR"},{"@type":"WebPage","@id":"https:\/\/acrimat.org.br\/portal\/maior-descarte-de-femeas-impulsionou-abate-de-bovinos-em-2017-dizem-analistas\/","url":"https:\/\/acrimat.org.br\/portal\/maior-descarte-de-femeas-impulsionou-abate-de-bovinos-em-2017-dizem-analistas\/","name":"Maior descarte de f\u00eameas impulsionou abate de bovinos em 2017, dizem analistas - Acrimat","isPartOf":{"@id":"https:\/\/acrimat.org.br\/portal\/#website"},"primaryImageOfPage":{"@id":"https:\/\/acrimat.org.br\/portal\/maior-descarte-de-femeas-impulsionou-abate-de-bovinos-em-2017-dizem-analistas\/#primaryimage"},"image":{"@id":"https:\/\/acrimat.org.br\/portal\/maior-descarte-de-femeas-impulsionou-abate-de-bovinos-em-2017-dizem-analistas\/#primaryimage"},"thumbnailUrl":"https:\/\/acrimat.org.br\/portal\/wp-content\/uploads\/2017\/08\/Novilho-precoce-696x386.jpg","datePublished":"2018-03-22T18:05:07+00:00","breadcrumb":{"@id":"https:\/\/acrimat.org.br\/portal\/maior-descarte-de-femeas-impulsionou-abate-de-bovinos-em-2017-dizem-analistas\/#breadcrumb"},"inLanguage":"pt-BR","potentialAction":[{"@type":"ReadAction","target":["https:\/\/acrimat.org.br\/portal\/maior-descarte-de-femeas-impulsionou-abate-de-bovinos-em-2017-dizem-analistas\/"]}]},{"@type":"ImageObject","inLanguage":"pt-BR","@id":"https:\/\/acrimat.org.br\/portal\/maior-descarte-de-femeas-impulsionou-abate-de-bovinos-em-2017-dizem-analistas\/#primaryimage","url":"https:\/\/acrimat.org.br\/portal\/wp-content\/uploads\/2017\/08\/Novilho-precoce-696x386.jpg","contentUrl":"https:\/\/acrimat.org.br\/portal\/wp-content\/uploads\/2017\/08\/Novilho-precoce-696x386.jpg","width":696,"height":386,"caption":"At\u00e9 o momento, cerca de 5.000 vacas foram avaliadas no Pantanal e Planalto de MS; mais de 2.500 foram inseminadas por meio do projeto e os bezerros j\u00e1 nasceram. Foto-Divulga\u00e7\u00e3o."},{"@type":"BreadcrumbList","@id":"https:\/\/acrimat.org.br\/portal\/maior-descarte-de-femeas-impulsionou-abate-de-bovinos-em-2017-dizem-analistas\/#breadcrumb","itemListElement":[{"@type":"ListItem","position":1,"name":"In\u00edcio","item":"https:\/\/acrimat.org.br\/portal\/"},{"@type":"ListItem","position":2,"name":"Maior descarte de f\u00eameas impulsionou abate de bovinos em 2017, dizem analistas"}]},{"@type":"WebSite","@id":"https:\/\/acrimat.org.br\/portal\/#website","url":"https:\/\/acrimat.org.br\/portal\/","name":"Acrimat","description":"Associa\u00e7\u00e3o dos Criadores de Mato Grosso","publisher":{"@id":"https:\/\/acrimat.org.br\/portal\/#organization"},"potentialAction":[{"@type":"SearchAction","target":{"@type":"EntryPoint","urlTemplate":"https:\/\/acrimat.org.br\/portal\/?s={search_term_string}"},"query-input":{"@type":"PropertyValueSpecification","valueRequired":true,"valueName":"search_term_string"}}],"inLanguage":"pt-BR"},{"@type":"Organization","@id":"https:\/\/acrimat.org.br\/portal\/#organization","name":"Associa\u00e7\u00e3o dos Criadores de Mato Grosso","url":"https:\/\/acrimat.org.br\/portal\/","logo":{"@type":"ImageObject","inLanguage":"pt-BR","@id":"https:\/\/acrimat.org.br\/portal\/#\/schema\/logo\/image\/","url":"https:\/\/acrimat.org.br\/portal\/wp-content\/uploads\/2018\/03\/logo-peq-original.png","contentUrl":"https:\/\/acrimat.org.br\/portal\/wp-content\/uploads\/2018\/03\/logo-peq-original.png","width":174,"height":171,"caption":"Associa\u00e7\u00e3o dos Criadores de Mato Grosso"},"image":{"@id":"https:\/\/acrimat.org.br\/portal\/#\/schema\/logo\/image\/"}},{"@type":"Person","@id":"https:\/\/acrimat.org.br\/portal\/#\/schema\/person\/a309b9496344ff991e8e1b1d751fdd7b","name":"Assessoria de comunica\u00e7\u00e3o ACRIMAT","image":{"@type":"ImageObject","inLanguage":"pt-BR","@id":"https:\/\/acrimat.org.br\/portal\/#\/schema\/person\/image\/","url":"https:\/\/secure.gravatar.com\/avatar\/2f9c28e64c317bcd762b25cb1575f1b4?s=96&d=mm&r=g","contentUrl":"https:\/\/secure.gravatar.com\/avatar\/2f9c28e64c317bcd762b25cb1575f1b4?s=96&d=mm&r=g","caption":"Assessoria de comunica\u00e7\u00e3o ACRIMAT"},"sameAs":["http:\/\/acrimat.org.br\/"],"url":"https:\/\/acrimat.org.br\/portal\/author\/ascom\/"}]}},"_links":{"self":[{"href":"https:\/\/acrimat.org.br\/portal\/wp-json\/wp\/v2\/posts\/97986646","targetHints":{"allow":["GET"]}}],"collection":[{"href":"https:\/\/acrimat.org.br\/portal\/wp-json\/wp\/v2\/posts"}],"about":[{"href":"https:\/\/acrimat.org.br\/portal\/wp-json\/wp\/v2\/types\/post"}],"author":[{"embeddable":true,"href":"https:\/\/acrimat.org.br\/portal\/wp-json\/wp\/v2\/users\/7"}],"replies":[{"embeddable":true,"href":"https:\/\/acrimat.org.br\/portal\/wp-json\/wp\/v2\/comments?post=97986646"}],"version-history":[{"count":1,"href":"https:\/\/acrimat.org.br\/portal\/wp-json\/wp\/v2\/posts\/97986646\/revisions"}],"predecessor-version":[{"id":97986647,"href":"https:\/\/acrimat.org.br\/portal\/wp-json\/wp\/v2\/posts\/97986646\/revisions\/97986647"}],"wp:featuredmedia":[{"embeddable":true,"href":"https:\/\/acrimat.org.br\/portal\/wp-json\/wp\/v2\/media\/97982953"}],"wp:attachment":[{"href":"https:\/\/acrimat.org.br\/portal\/wp-json\/wp\/v2\/media?parent=97986646"}],"wp:term":[{"taxonomy":"category","embeddable":true,"href":"https:\/\/acrimat.org.br\/portal\/wp-json\/wp\/v2\/categories?post=97986646"},{"taxonomy":"post_tag","embeddable":true,"href":"https:\/\/acrimat.org.br\/portal\/wp-json\/wp\/v2\/tags?post=97986646"}],"curies":[{"name":"wp","href":"https:\/\/api.w.org\/{rel}","templated":true}]}}