{"id":97986648,"date":"2018-03-22T15:49:59","date_gmt":"2018-03-22T18:49:59","guid":{"rendered":"http:\/\/acrimat.org.br\/portal\/?p=97986648"},"modified":"2018-03-22T15:49:59","modified_gmt":"2018-03-22T18:49:59","slug":"famasul-apresenta-propostas-para-plano-agricola-e-pecuario","status":"publish","type":"post","link":"https:\/\/acrimat.org.br\/portal\/famasul-apresenta-propostas-para-plano-agricola-e-pecuario\/","title":{"rendered":"Famasul apresenta propostas para Plano Agr\u00edcola e Pecu\u00e1rio"},"content":{"rendered":"<p>Representando o Sistema Famasul \u2013 Federa\u00e7\u00e3o da Agricultura e Pecu\u00e1ria de MS, o superintendente do Senar\/MS \u2013 Servi\u00e7o Nacional de Aprendizagem Rural de MS, Lucas Galvan, participou da reuni\u00e3o de levantamento de propostas para o Plano Agr\u00edcola e Pecu\u00e1rio (PAP) 2018\/2019 na regi\u00e3o Centro-Oeste. O encontro aconteceu na Famato \u2013 Federa\u00e7\u00e3o da Agricultura e Pecu\u00e1ria de Mato Grosso, na quarta-feira (14), em Cuiab\u00e1.<\/p>\n<p>O encontro faz parte de uma s\u00e9rie de reuni\u00f5es pelo pa\u00eds para ouvir as demandas regionais para o PAP 2018\/2019. Mato Grosso \u00e9 o segundo estado a sediar o evento que teve como anfitri\u00e3o o presidente da Federa\u00e7\u00e3o da Agricultura e Pecu\u00e1ria do Mato Grosso \u2013 FAMATO, Normando Corral e foi coordenada pelo vice-presidente da Confedera\u00e7\u00e3o da Agricultura e Pecu\u00e1ria do Brasil (CNA) e presidente da Comiss\u00e3o Nacional de Pol\u00edtica Agr\u00edcola da CNA, Jos\u00e9 M\u00e1rio Schreiner, para uma reuni\u00e3o de levantamento, e contou com a presen\u00e7a do secret\u00e1rio de Pol\u00edtica Agr\u00edcola do Minist\u00e9rio da Agricultura (Mapa), Neri Geller.<\/p>\n<p>\u201c\u00c9 extremamente importante ouvir os produtores rurais da regi\u00e3o Centro-Oeste por ser uma regi\u00e3o refer\u00eancia na produ\u00e7\u00e3o agr\u00edcola do Brasil. \u00c9 no campo, na lavoura, no meio rural que o agro acontece, por isso queremos levar daqui as principais demandas do setor produtivo rural. Vamos elaborar um plano e apresentar ao Governo Federal, Minist\u00e9rio da Agricultura e aos outros minist\u00e9rios que est\u00e3o envolvidos para que a gente possa estar minimamente atendendo essas demandas\u201d, disse Schreiner.<\/p>\n<p>A apresenta\u00e7\u00e3o das propostas dos produtores rurais de Mato Grosso do Sul foi feita pelo superintendente do Senar\/MS, Lucas Galvan. \u201cA expectativa \u00e9 positiva para a pr\u00f3xima temporada agr\u00edcola e ouvir produtores rurais, t\u00e9cnicos, lideran\u00e7as e representantes de entidades do agro aprimora o plano que apresentar\u00e1 estrat\u00e9gias para assuntos importantes como seguro rural, cr\u00e9dito, comercializa\u00e7\u00e3o, Zoneamento Agr\u00edcola, log\u00edstica, entre outros temas que influenciam diretamente no desenvolvimento do setor e que s\u00e3o peculiares aos estados da regi\u00e3o\u201d, complementa Galvan.<\/p>\n<p>Tamb\u00e9m participaram da reuni\u00e3o a assessora t\u00e9cnica da Comiss\u00e3o Nacional de Pol\u00edtica Agr\u00edcola da CNA Fernanda Schwantes, o superintendente do Senar-MT, Ot\u00e1vio Celidonio, o coordenador t\u00e9cnico de Pol\u00edtica Agr\u00edcola da IPA\/FPA, C\u00e9lio Porto, o coordenador de Cr\u00e9dito Rural do departamento de Cr\u00e9dito e Estudos Econ\u00f4micos da Secretaria de Pol\u00edtica Agr\u00edcola do Mapa, Jo\u00e3o Cl\u00e1udio da Silva Souza, analistas e gestores do Imea, representantes da Associa\u00e7\u00e3o de Produtores de Soja e Milho de Mato Grosso (Aprosoja-MT), Associa\u00e7\u00e3o de Criadores de Gado de Mato Grosso (Acrimat), Associa\u00e7\u00e3o Mato-grossense de Produtores de Algod\u00e3o (Ampa), Federa\u00e7\u00e3o da Agricultura e Pecu\u00e1ria de Mato Grosso do Sul (Famasul), Federa\u00e7\u00e3o da Agricultura e Pecu\u00e1ria de Goi\u00e1s (Faeg), Associa\u00e7\u00e3o de Produtores de Sementes de Mato Grosso (Aprosmat), Associa\u00e7\u00e3o de Produtores de Criadores de Su\u00ednos (Acrismat) e representantes da empresa G. Guimar\u00e3es.<\/p>\n","protected":false},"excerpt":{"rendered":"<p>O encontro faz parte de uma s\u00e9rie de reuni\u00f5es pelo pa\u00eds para ouvir as demandas regionais para o PAP 2018\/2019<\/p>\n","protected":false},"author":7,"featured_media":97986484,"comment_status":"closed","ping_status":"closed","sticky":false,"template":"","format":"standard","meta":{"footnotes":""},"categories":[6,1],"tags":[],"class_list":["post-97986648","post","type-post","status-publish","format-standard","has-post-thumbnail","hentry","category-destaque","category-noticia"],"yoast_head":"<!-- This site is optimized with the Yoast SEO plugin v24.8.1 - https:\/\/yoast.com\/wordpress\/plugins\/seo\/ -->\n<title>Famasul apresenta propostas para Plano Agr\u00edcola e Pecu\u00e1rio - Acrimat<\/title>\n<meta name=\"robots\" content=\"index, follow, max-snippet:-1, max-image-preview:large, max-video-preview:-1\" \/>\n<link rel=\"canonical\" href=\"https:\/\/acrimat.org.br\/portal\/famasul-apresenta-propostas-para-plano-agricola-e-pecuario\/\" \/>\n<meta property=\"og:locale\" content=\"pt_BR\" \/>\n<meta property=\"og:type\" content=\"article\" \/>\n<meta property=\"og:title\" content=\"Famasul apresenta propostas para Plano Agr\u00edcola e Pecu\u00e1rio - Acrimat\" \/>\n<meta property=\"og:description\" content=\"O encontro faz parte de uma s\u00e9rie de reuni\u00f5es pelo pa\u00eds para ouvir as demandas regionais para o PAP 2018\/2019\" \/>\n<meta property=\"og:url\" content=\"https:\/\/acrimat.org.br\/portal\/famasul-apresenta-propostas-para-plano-agricola-e-pecuario\/\" \/>\n<meta property=\"og:site_name\" content=\"Acrimat\" \/>\n<meta property=\"article:published_time\" content=\"2018-03-22T18:49:59+00:00\" \/>\n<meta property=\"og:image\" content=\"https:\/\/acrimat.org.br\/portal\/wp-content\/uploads\/2018\/03\/14032018052649.jpg\" \/>\n\t<meta property=\"og:image:width\" content=\"600\" \/>\n\t<meta property=\"og:image:height\" content=\"400\" \/>\n\t<meta property=\"og:image:type\" content=\"image\/jpeg\" \/>\n<meta name=\"author\" content=\"Assessoria de comunica\u00e7\u00e3o ACRIMAT\" \/>\n<meta name=\"twitter:card\" content=\"summary_large_image\" \/>\n<meta name=\"twitter:label1\" content=\"Escrito por\" \/>\n\t<meta name=\"twitter:data1\" content=\"Assessoria de comunica\u00e7\u00e3o ACRIMAT\" \/>\n\t<meta name=\"twitter:label2\" content=\"Est. tempo de leitura\" \/>\n\t<meta name=\"twitter:data2\" content=\"3 minutos\" \/>\n<script type=\"application\/ld+json\" class=\"yoast-schema-graph\">{\"@context\":\"https:\/\/schema.org\",\"@graph\":[{\"@type\":\"Article\",\"@id\":\"https:\/\/acrimat.org.br\/portal\/famasul-apresenta-propostas-para-plano-agricola-e-pecuario\/#article\",\"isPartOf\":{\"@id\":\"https:\/\/acrimat.org.br\/portal\/famasul-apresenta-propostas-para-plano-agricola-e-pecuario\/\"},\"author\":{\"name\":\"Assessoria de comunica\u00e7\u00e3o ACRIMAT\",\"@id\":\"https:\/\/acrimat.org.br\/portal\/#\/schema\/person\/a309b9496344ff991e8e1b1d751fdd7b\"},\"headline\":\"Famasul apresenta propostas para Plano Agr\u00edcola e Pecu\u00e1rio\",\"datePublished\":\"2018-03-22T18:49:59+00:00\",\"mainEntityOfPage\":{\"@id\":\"https:\/\/acrimat.org.br\/portal\/famasul-apresenta-propostas-para-plano-agricola-e-pecuario\/\"},\"wordCount\":527,\"publisher\":{\"@id\":\"https:\/\/acrimat.org.br\/portal\/#organization\"},\"image\":{\"@id\":\"https:\/\/acrimat.org.br\/portal\/famasul-apresenta-propostas-para-plano-agricola-e-pecuario\/#primaryimage\"},\"thumbnailUrl\":\"https:\/\/acrimat.org.br\/portal\/wp-content\/uploads\/2018\/03\/14032018052649.jpg\",\"articleSection\":[\"Destaques\",\"Not\u00edcias\"],\"inLanguage\":\"pt-BR\"},{\"@type\":\"WebPage\",\"@id\":\"https:\/\/acrimat.org.br\/portal\/famasul-apresenta-propostas-para-plano-agricola-e-pecuario\/\",\"url\":\"https:\/\/acrimat.org.br\/portal\/famasul-apresenta-propostas-para-plano-agricola-e-pecuario\/\",\"name\":\"Famasul apresenta propostas para Plano Agr\u00edcola e Pecu\u00e1rio - Acrimat\",\"isPartOf\":{\"@id\":\"https:\/\/acrimat.org.br\/portal\/#website\"},\"primaryImageOfPage\":{\"@id\":\"https:\/\/acrimat.org.br\/portal\/famasul-apresenta-propostas-para-plano-agricola-e-pecuario\/#primaryimage\"},\"image\":{\"@id\":\"https:\/\/acrimat.org.br\/portal\/famasul-apresenta-propostas-para-plano-agricola-e-pecuario\/#primaryimage\"},\"thumbnailUrl\":\"https:\/\/acrimat.org.br\/portal\/wp-content\/uploads\/2018\/03\/14032018052649.jpg\",\"datePublished\":\"2018-03-22T18:49:59+00:00\",\"breadcrumb\":{\"@id\":\"https:\/\/acrimat.org.br\/portal\/famasul-apresenta-propostas-para-plano-agricola-e-pecuario\/#breadcrumb\"},\"inLanguage\":\"pt-BR\",\"potentialAction\":[{\"@type\":\"ReadAction\",\"target\":[\"https:\/\/acrimat.org.br\/portal\/famasul-apresenta-propostas-para-plano-agricola-e-pecuario\/\"]}]},{\"@type\":\"ImageObject\",\"inLanguage\":\"pt-BR\",\"@id\":\"https:\/\/acrimat.org.br\/portal\/famasul-apresenta-propostas-para-plano-agricola-e-pecuario\/#primaryimage\",\"url\":\"https:\/\/acrimat.org.br\/portal\/wp-content\/uploads\/2018\/03\/14032018052649.jpg\",\"contentUrl\":\"https:\/\/acrimat.org.br\/portal\/wp-content\/uploads\/2018\/03\/14032018052649.jpg\",\"width\":600,\"height\":400},{\"@type\":\"BreadcrumbList\",\"@id\":\"https:\/\/acrimat.org.br\/portal\/famasul-apresenta-propostas-para-plano-agricola-e-pecuario\/#breadcrumb\",\"itemListElement\":[{\"@type\":\"ListItem\",\"position\":1,\"name\":\"In\u00edcio\",\"item\":\"https:\/\/acrimat.org.br\/portal\/\"},{\"@type\":\"ListItem\",\"position\":2,\"name\":\"Famasul apresenta propostas para Plano Agr\u00edcola e Pecu\u00e1rio\"}]},{\"@type\":\"WebSite\",\"@id\":\"https:\/\/acrimat.org.br\/portal\/#website\",\"url\":\"https:\/\/acrimat.org.br\/portal\/\",\"name\":\"Acrimat\",\"description\":\"Associa\u00e7\u00e3o dos Criadores de Mato Grosso\",\"publisher\":{\"@id\":\"https:\/\/acrimat.org.br\/portal\/#organization\"},\"potentialAction\":[{\"@type\":\"SearchAction\",\"target\":{\"@type\":\"EntryPoint\",\"urlTemplate\":\"https:\/\/acrimat.org.br\/portal\/?s={search_term_string}\"},\"query-input\":{\"@type\":\"PropertyValueSpecification\",\"valueRequired\":true,\"valueName\":\"search_term_string\"}}],\"inLanguage\":\"pt-BR\"},{\"@type\":\"Organization\",\"@id\":\"https:\/\/acrimat.org.br\/portal\/#organization\",\"name\":\"Associa\u00e7\u00e3o dos Criadores de Mato Grosso\",\"url\":\"https:\/\/acrimat.org.br\/portal\/\",\"logo\":{\"@type\":\"ImageObject\",\"inLanguage\":\"pt-BR\",\"@id\":\"https:\/\/acrimat.org.br\/portal\/#\/schema\/logo\/image\/\",\"url\":\"https:\/\/acrimat.org.br\/portal\/wp-content\/uploads\/2018\/03\/logo-peq-original.png\",\"contentUrl\":\"https:\/\/acrimat.org.br\/portal\/wp-content\/uploads\/2018\/03\/logo-peq-original.png\",\"width\":174,\"height\":171,\"caption\":\"Associa\u00e7\u00e3o dos Criadores de Mato Grosso\"},\"image\":{\"@id\":\"https:\/\/acrimat.org.br\/portal\/#\/schema\/logo\/image\/\"}},{\"@type\":\"Person\",\"@id\":\"https:\/\/acrimat.org.br\/portal\/#\/schema\/person\/a309b9496344ff991e8e1b1d751fdd7b\",\"name\":\"Assessoria de comunica\u00e7\u00e3o ACRIMAT\",\"image\":{\"@type\":\"ImageObject\",\"inLanguage\":\"pt-BR\",\"@id\":\"https:\/\/acrimat.org.br\/portal\/#\/schema\/person\/image\/\",\"url\":\"https:\/\/secure.gravatar.com\/avatar\/2f9c28e64c317bcd762b25cb1575f1b4?s=96&d=mm&r=g\",\"contentUrl\":\"https:\/\/secure.gravatar.com\/avatar\/2f9c28e64c317bcd762b25cb1575f1b4?s=96&d=mm&r=g\",\"caption\":\"Assessoria de comunica\u00e7\u00e3o ACRIMAT\"},\"sameAs\":[\"http:\/\/acrimat.org.br\/\"],\"url\":\"https:\/\/acrimat.org.br\/portal\/author\/ascom\/\"}]}<\/script>\n<!-- \/ Yoast SEO plugin. -->","yoast_head_json":{"title":"Famasul apresenta propostas para Plano Agr\u00edcola e Pecu\u00e1rio - Acrimat","robots":{"index":"index","follow":"follow","max-snippet":"max-snippet:-1","max-image-preview":"max-image-preview:large","max-video-preview":"max-video-preview:-1"},"canonical":"https:\/\/acrimat.org.br\/portal\/famasul-apresenta-propostas-para-plano-agricola-e-pecuario\/","og_locale":"pt_BR","og_type":"article","og_title":"Famasul apresenta propostas para Plano Agr\u00edcola e Pecu\u00e1rio - Acrimat","og_description":"O encontro faz parte de uma s\u00e9rie de reuni\u00f5es pelo pa\u00eds para ouvir as demandas regionais para o PAP 2018\/2019","og_url":"https:\/\/acrimat.org.br\/portal\/famasul-apresenta-propostas-para-plano-agricola-e-pecuario\/","og_site_name":"Acrimat","article_published_time":"2018-03-22T18:49:59+00:00","og_image":[{"width":600,"height":400,"url":"https:\/\/acrimat.org.br\/portal\/wp-content\/uploads\/2018\/03\/14032018052649.jpg","type":"image\/jpeg"}],"author":"Assessoria de comunica\u00e7\u00e3o ACRIMAT","twitter_card":"summary_large_image","twitter_misc":{"Escrito por":"Assessoria de comunica\u00e7\u00e3o ACRIMAT","Est. tempo de leitura":"3 minutos"},"schema":{"@context":"https:\/\/schema.org","@graph":[{"@type":"Article","@id":"https:\/\/acrimat.org.br\/portal\/famasul-apresenta-propostas-para-plano-agricola-e-pecuario\/#article","isPartOf":{"@id":"https:\/\/acrimat.org.br\/portal\/famasul-apresenta-propostas-para-plano-agricola-e-pecuario\/"},"author":{"name":"Assessoria de comunica\u00e7\u00e3o ACRIMAT","@id":"https:\/\/acrimat.org.br\/portal\/#\/schema\/person\/a309b9496344ff991e8e1b1d751fdd7b"},"headline":"Famasul apresenta propostas para Plano Agr\u00edcola e Pecu\u00e1rio","datePublished":"2018-03-22T18:49:59+00:00","mainEntityOfPage":{"@id":"https:\/\/acrimat.org.br\/portal\/famasul-apresenta-propostas-para-plano-agricola-e-pecuario\/"},"wordCount":527,"publisher":{"@id":"https:\/\/acrimat.org.br\/portal\/#organization"},"image":{"@id":"https:\/\/acrimat.org.br\/portal\/famasul-apresenta-propostas-para-plano-agricola-e-pecuario\/#primaryimage"},"thumbnailUrl":"https:\/\/acrimat.org.br\/portal\/wp-content\/uploads\/2018\/03\/14032018052649.jpg","articleSection":["Destaques","Not\u00edcias"],"inLanguage":"pt-BR"},{"@type":"WebPage","@id":"https:\/\/acrimat.org.br\/portal\/famasul-apresenta-propostas-para-plano-agricola-e-pecuario\/","url":"https:\/\/acrimat.org.br\/portal\/famasul-apresenta-propostas-para-plano-agricola-e-pecuario\/","name":"Famasul apresenta propostas para Plano Agr\u00edcola e Pecu\u00e1rio - Acrimat","isPartOf":{"@id":"https:\/\/acrimat.org.br\/portal\/#website"},"primaryImageOfPage":{"@id":"https:\/\/acrimat.org.br\/portal\/famasul-apresenta-propostas-para-plano-agricola-e-pecuario\/#primaryimage"},"image":{"@id":"https:\/\/acrimat.org.br\/portal\/famasul-apresenta-propostas-para-plano-agricola-e-pecuario\/#primaryimage"},"thumbnailUrl":"https:\/\/acrimat.org.br\/portal\/wp-content\/uploads\/2018\/03\/14032018052649.jpg","datePublished":"2018-03-22T18:49:59+00:00","breadcrumb":{"@id":"https:\/\/acrimat.org.br\/portal\/famasul-apresenta-propostas-para-plano-agricola-e-pecuario\/#breadcrumb"},"inLanguage":"pt-BR","potentialAction":[{"@type":"ReadAction","target":["https:\/\/acrimat.org.br\/portal\/famasul-apresenta-propostas-para-plano-agricola-e-pecuario\/"]}]},{"@type":"ImageObject","inLanguage":"pt-BR","@id":"https:\/\/acrimat.org.br\/portal\/famasul-apresenta-propostas-para-plano-agricola-e-pecuario\/#primaryimage","url":"https:\/\/acrimat.org.br\/portal\/wp-content\/uploads\/2018\/03\/14032018052649.jpg","contentUrl":"https:\/\/acrimat.org.br\/portal\/wp-content\/uploads\/2018\/03\/14032018052649.jpg","width":600,"height":400},{"@type":"BreadcrumbList","@id":"https:\/\/acrimat.org.br\/portal\/famasul-apresenta-propostas-para-plano-agricola-e-pecuario\/#breadcrumb","itemListElement":[{"@type":"ListItem","position":1,"name":"In\u00edcio","item":"https:\/\/acrimat.org.br\/portal\/"},{"@type":"ListItem","position":2,"name":"Famasul apresenta propostas para Plano Agr\u00edcola e Pecu\u00e1rio"}]},{"@type":"WebSite","@id":"https:\/\/acrimat.org.br\/portal\/#website","url":"https:\/\/acrimat.org.br\/portal\/","name":"Acrimat","description":"Associa\u00e7\u00e3o dos Criadores de Mato Grosso","publisher":{"@id":"https:\/\/acrimat.org.br\/portal\/#organization"},"potentialAction":[{"@type":"SearchAction","target":{"@type":"EntryPoint","urlTemplate":"https:\/\/acrimat.org.br\/portal\/?s={search_term_string}"},"query-input":{"@type":"PropertyValueSpecification","valueRequired":true,"valueName":"search_term_string"}}],"inLanguage":"pt-BR"},{"@type":"Organization","@id":"https:\/\/acrimat.org.br\/portal\/#organization","name":"Associa\u00e7\u00e3o dos Criadores de Mato Grosso","url":"https:\/\/acrimat.org.br\/portal\/","logo":{"@type":"ImageObject","inLanguage":"pt-BR","@id":"https:\/\/acrimat.org.br\/portal\/#\/schema\/logo\/image\/","url":"https:\/\/acrimat.org.br\/portal\/wp-content\/uploads\/2018\/03\/logo-peq-original.png","contentUrl":"https:\/\/acrimat.org.br\/portal\/wp-content\/uploads\/2018\/03\/logo-peq-original.png","width":174,"height":171,"caption":"Associa\u00e7\u00e3o dos Criadores de Mato Grosso"},"image":{"@id":"https:\/\/acrimat.org.br\/portal\/#\/schema\/logo\/image\/"}},{"@type":"Person","@id":"https:\/\/acrimat.org.br\/portal\/#\/schema\/person\/a309b9496344ff991e8e1b1d751fdd7b","name":"Assessoria de comunica\u00e7\u00e3o ACRIMAT","image":{"@type":"ImageObject","inLanguage":"pt-BR","@id":"https:\/\/acrimat.org.br\/portal\/#\/schema\/person\/image\/","url":"https:\/\/secure.gravatar.com\/avatar\/2f9c28e64c317bcd762b25cb1575f1b4?s=96&d=mm&r=g","contentUrl":"https:\/\/secure.gravatar.com\/avatar\/2f9c28e64c317bcd762b25cb1575f1b4?s=96&d=mm&r=g","caption":"Assessoria de comunica\u00e7\u00e3o ACRIMAT"},"sameAs":["http:\/\/acrimat.org.br\/"],"url":"https:\/\/acrimat.org.br\/portal\/author\/ascom\/"}]}},"_links":{"self":[{"href":"https:\/\/acrimat.org.br\/portal\/wp-json\/wp\/v2\/posts\/97986648","targetHints":{"allow":["GET"]}}],"collection":[{"href":"https:\/\/acrimat.org.br\/portal\/wp-json\/wp\/v2\/posts"}],"about":[{"href":"https:\/\/acrimat.org.br\/portal\/wp-json\/wp\/v2\/types\/post"}],"author":[{"embeddable":true,"href":"https:\/\/acrimat.org.br\/portal\/wp-json\/wp\/v2\/users\/7"}],"replies":[{"embeddable":true,"href":"https:\/\/acrimat.org.br\/portal\/wp-json\/wp\/v2\/comments?post=97986648"}],"version-history":[{"count":1,"href":"https:\/\/acrimat.org.br\/portal\/wp-json\/wp\/v2\/posts\/97986648\/revisions"}],"predecessor-version":[{"id":97986649,"href":"https:\/\/acrimat.org.br\/portal\/wp-json\/wp\/v2\/posts\/97986648\/revisions\/97986649"}],"wp:featuredmedia":[{"embeddable":true,"href":"https:\/\/acrimat.org.br\/portal\/wp-json\/wp\/v2\/media\/97986484"}],"wp:attachment":[{"href":"https:\/\/acrimat.org.br\/portal\/wp-json\/wp\/v2\/media?parent=97986648"}],"wp:term":[{"taxonomy":"category","embeddable":true,"href":"https:\/\/acrimat.org.br\/portal\/wp-json\/wp\/v2\/categories?post=97986648"},{"taxonomy":"post_tag","embeddable":true,"href":"https:\/\/acrimat.org.br\/portal\/wp-json\/wp\/v2\/tags?post=97986648"}],"curies":[{"name":"wp","href":"https:\/\/api.w.org\/{rel}","templated":true}]}}