{"id":97986663,"date":"2018-03-23T11:48:42","date_gmt":"2018-03-23T14:48:42","guid":{"rendered":"http:\/\/acrimat.org.br\/portal\/?p=97986663"},"modified":"2018-03-23T11:48:42","modified_gmt":"2018-03-23T14:48:42","slug":"festival-de-carnes-nobres-ocorre-no-dia-14-de-abril","status":"publish","type":"post","link":"https:\/\/acrimat.org.br\/portal\/festival-de-carnes-nobres-ocorre-no-dia-14-de-abril\/","title":{"rendered":"Festival de carnes nobres ocorre no dia 14 de abril"},"content":{"rendered":"<p>Saber fazer um bom churrasco \u00e9 quest\u00e3o de honra para muitos mato-grossenses. Mas, no pr\u00f3ximo dia 14 de abril, ser\u00e1 tamb\u00e9m quest\u00e3o de solidariedade. Mais de 240 assadores volunt\u00e1rios ir\u00e3o se mobilizar para comandar 40 esta\u00e7\u00f5es de preparo de carne na quarta edi\u00e7\u00e3o do Festival Braseiro, o maior festival de carnes nobres do Brasil, que reverter\u00e1 100% de seu lucro para institui\u00e7\u00f5es filantr\u00f3picas.<\/p>\n<p>No Rancho Dourado, em Cuiab\u00e1, os volunt\u00e1rios ter\u00e3o como miss\u00e3o assar cerca de quatro toneladas de cortes especiais de bovino, su\u00edno, aves, peixe e cordeiro. No front das esta\u00e7\u00f5es, chefs de cozinha e churrasqueiros amadores se revezam na arte \u2013 quase alquimista \u2013 da boa gastronomia aliada \u00e0 promo\u00e7\u00e3o do bem ao pr\u00f3ximo. Mais de tr\u00eas mil pessoas s\u00e3o aguardadas no evento.<\/p>\n<p>Entre os participantes est\u00e1 o churrasqueiro profissional Ademilson Almeida, que retorna pela quarta vez ao Braseiro e ser\u00e1 respons\u00e1vel pela esta\u00e7\u00e3o de Big Steak. \u201cO pessoal gostou bastante na \u00faltima edi\u00e7\u00e3o. Tanto que vou repetir. Inclusive, ele ser\u00e1 acompanhado por farofa de Neston e geleia de abacaxi com pimenta. Mas, acima de tudo, o fato \u00e9 que \u00e9 bem bacana poder ajudar com o nosso trabalho. Contribuir para uma entidade filantr\u00f3pica ao fazer algo que a gente gosta\u201d, comenta.<\/p>\n<p>N\u00e3o ser\u00e1 a dist\u00e2ncia de 100 km entre Pocon\u00e9 e Cuiab\u00e1 que impedir\u00e1 o empres\u00e1rio Paulo Cruz de trazer toda a sua expertise para o festival. Sob o comando da Esta\u00e7\u00e3o da Carne, ele \u2013 que tamb\u00e9m \u00e9 veterano do evento \u2013 pretende repetir a saborosa combina\u00e7\u00e3o entre Fraldinha de Angus e a tradicional guacamole mexicana.<\/p>\n<p>\u201cParticipei de todas as edi\u00e7\u00f5es e quebrei um recorde em 2017 [Braseiro \u2013 Cuiab\u00e1] com o maior n\u00famero de cabe\u00e7as de Angus assadas em um \u00fanico evento: 25 unidades. Mas, devido \u00e0 quantidade de pedidos, vou preparar a Fraldinha de Angus com a guacamole como um \u2018bis\u2019 da 3\u00aa edi\u00e7\u00e3o [Braseiro \u2013 Rondon\u00f3polis]. O grande segredo? \u00c9 fazer com vontade. Sem contar que o cunho social do evento faz a gente querer se dedicar ainda mais\u201d, ressalta.<\/p>\n<p>Direto de Rondon\u00f3polis (a 220 km de Cuiab\u00e1), Cristiane Rabaioli e a esta\u00e7\u00e3o \u201cMal Passado \u00c9 Com Elas\u201d chegam para provar que foi-se o tempo em que o churrasco era considerado uma atividade exclusiva masculina. O projeto, idealizado por cinco amigas, conta com quatro integrantes que trabalham internamente com carne ou agropecu\u00e1ria e uma que \u00e9 chef de cozinha.<\/p>\n<p>\u201cSomos uma esta\u00e7\u00e3o 100% feminina. Participamos de todos os Braseiros e vamos mostrar, mais uma vez, que mulheres sabem acender a churrasqueira e fazer um bom churrasco com carne mal passada \u2013 mudando alguns conceitos de \u2018churrasco &amp; mulher&#8217; que as pessoas t\u00eam. Ali\u00e1s, ao longo dos eventos, percebemos que as mulheres come\u00e7aram a sair da caixa. Passamos de \u00fanica esta\u00e7\u00e3o para um grupo de quatro esta\u00e7\u00f5es\u201d, refor\u00e7a.<\/p>\n<p>Tamb\u00e9m se unir\u00e1 ao time de volunt\u00e1rios o empres\u00e1rio Epaminondas Corr\u00eaa de Oliveira J\u00fanior, que j\u00e1 est\u00e1 desde a funda\u00e7\u00e3o do festival. Em sua esta\u00e7\u00e3o, o peixe ser\u00e1 o carro-chefe. No menu, fil\u00e9 de pintado acompanhado de farofa pantaneira e molhos [pimenta e geleia].<\/p>\n<p>\u201cNa \u00faltima edi\u00e7\u00e3o [Braseiro \u2013 Rondon\u00f3polis], tudo que assamos, do come\u00e7o at\u00e9 o final do evento, teve sa\u00edda. Inclusive, nem tivemos tempo para fazer intervalo. Desde o primeiro Braseiro, o fil\u00e9 de pintado \u00e9 bem aceito. Al\u00e9m disso, participar desse evento \u00e9 sempre um momento de alegria para n\u00f3s, pois estamos fazendo o bem para tantas pessoas que a gente nem conhece. Sem d\u00favidas, \u00e9 um projeto muito bonito e que est\u00e1 sempre crescendo\u201d, explica.<\/p>\n<p>O presidente da Associa\u00e7\u00e3o dos Criadores de Mato Grosso (Acrimat), Marco T\u00falio Duarte Soares, que \u00e9 idealizador do evento junto com um grupo de amigos que atua em favor da carne e de obras sociais, relembra que &#8220;o evento nasceu em Rondon\u00f3polis para ajudar uma casa de apoio. Um objetivo que ganha for\u00e7a a cada festival. Em sua \u00faltima edi\u00e7\u00e3o, o Braseiro arrecadou mais de R$140 mil, que foram doados para oito entidades beneficentes. Em Cuiab\u00e1 n\u00e3o ser\u00e1 diferente\u201d.<\/p>\n<p><strong>CORTES ESPECIAIS \u2013<\/strong>\u00a0No dia 14 de abril, as op\u00e7\u00f5es de carnes especiais trazem consigo o objetivo de agradar os paladares mais refinados dos amantes da carne. Tanto que os participantes ir\u00e3o poder apreciar wagyu, brisket, tomahawk de Angus, dry aged, picanha de Nelore, chorizo, t-bone e mais diversos cortes diferentes. Vale ressaltar que, pelo terceiro ano consecutivo a Celeiro Carnes Especiais [eleita em 2017 como a 2\u00aa melhor carne do pa\u00eds pela revista Dinheiro Rural] ser\u00e1 a carne oficial do festival.<\/p>\n<p><strong>INGRESSOS \u2013<\/strong>\u00a0O Festival Braseiro funciona no sistema open food e open bar. Ou seja, todas as pessoas que comprarem ingressos poder\u00e3o comer \u00e0 vontade e ter\u00e3o acesso livre ao bar de chopp Louvada e shows.<\/p>\n<p>O passaporte pode ser adquirido nas Casas de Carne Celeiro, em Rondon\u00f3polis; na Distribuidora Celeiro (dentro do Parque de Exposi\u00e7\u00f5es da Acrimat); e nos pontos de venda da Casa de Festas (Goiabeiras Shopping e Pantanal Shopping). Pela internet, \u00e9 poss\u00edvel adquirir o ingresso por meio do site da Tech Tickets (http:\/\/www.techtickets.com.br\/festivalbraseiro).<\/p>\n<p>O valor referente ao segundo lote de ingressos promocionais, com unidades limitadas, custa R$ 200 para adultos e R$ 100 (meia-entrada) para crian\u00e7as entre 10 e 12 anos, sendo que abaixo desta idade n\u00e3o paga. O evento ser\u00e1 realizado, a partir das 12h, no Rancho Dourado, que fica localizado na Rua Progresso, 01, no bairro Jardim Ubat\u00e3, regi\u00e3o central de Cuiab\u00e1, com acesso pela Avenida Miguel Sutil. Mais informa\u00e7\u00f5es pela fan page https:\/\/pt-br.facebook.com\/festivalbraseiro\/ .<\/p>\n","protected":false},"excerpt":{"rendered":"<p>Mais de 240 assadores volunt\u00e1rios ir\u00e3o se mobilizar para comandar 40 esta\u00e7\u00f5es de preparo de carne na quarta edi\u00e7\u00e3o do Festival Braseiro<\/p>\n","protected":false},"author":7,"featured_media":97986664,"comment_status":"closed","ping_status":"closed","sticky":false,"template":"","format":"standard","meta":{"footnotes":""},"categories":[6,1],"tags":[],"class_list":["post-97986663","post","type-post","status-publish","format-standard","has-post-thumbnail","hentry","category-destaque","category-noticia"],"yoast_head":"<!-- This site is optimized with the Yoast SEO plugin v24.8.1 - https:\/\/yoast.com\/wordpress\/plugins\/seo\/ -->\n<title>Festival de carnes nobres ocorre no dia 14 de abril - Acrimat<\/title>\n<meta name=\"robots\" content=\"index, follow, max-snippet:-1, max-image-preview:large, max-video-preview:-1\" \/>\n<link rel=\"canonical\" href=\"https:\/\/acrimat.org.br\/portal\/festival-de-carnes-nobres-ocorre-no-dia-14-de-abril\/\" \/>\n<meta property=\"og:locale\" content=\"pt_BR\" \/>\n<meta property=\"og:type\" content=\"article\" \/>\n<meta property=\"og:title\" content=\"Festival de carnes nobres ocorre no dia 14 de abril - Acrimat\" \/>\n<meta property=\"og:description\" content=\"Mais de 240 assadores volunt\u00e1rios ir\u00e3o se mobilizar para comandar 40 esta\u00e7\u00f5es de preparo de carne na quarta edi\u00e7\u00e3o do Festival Braseiro\" \/>\n<meta property=\"og:url\" content=\"https:\/\/acrimat.org.br\/portal\/festival-de-carnes-nobres-ocorre-no-dia-14-de-abril\/\" \/>\n<meta property=\"og:site_name\" content=\"Acrimat\" \/>\n<meta property=\"article:published_time\" content=\"2018-03-23T14:48:42+00:00\" \/>\n<meta property=\"og:image\" content=\"https:\/\/acrimat.org.br\/portal\/wp-content\/uploads\/2018\/03\/22339062_1529232380448316_374626.jpg\" \/>\n\t<meta property=\"og:image:width\" content=\"2048\" \/>\n\t<meta property=\"og:image:height\" content=\"1367\" \/>\n\t<meta property=\"og:image:type\" content=\"image\/jpeg\" \/>\n<meta name=\"author\" content=\"Assessoria de comunica\u00e7\u00e3o ACRIMAT\" \/>\n<meta name=\"twitter:card\" content=\"summary_large_image\" \/>\n<meta name=\"twitter:label1\" content=\"Escrito por\" \/>\n\t<meta name=\"twitter:data1\" content=\"Assessoria de comunica\u00e7\u00e3o ACRIMAT\" \/>\n\t<meta name=\"twitter:label2\" content=\"Est. tempo de leitura\" \/>\n\t<meta name=\"twitter:data2\" content=\"5 minutos\" \/>\n<script type=\"application\/ld+json\" class=\"yoast-schema-graph\">{\"@context\":\"https:\/\/schema.org\",\"@graph\":[{\"@type\":\"Article\",\"@id\":\"https:\/\/acrimat.org.br\/portal\/festival-de-carnes-nobres-ocorre-no-dia-14-de-abril\/#article\",\"isPartOf\":{\"@id\":\"https:\/\/acrimat.org.br\/portal\/festival-de-carnes-nobres-ocorre-no-dia-14-de-abril\/\"},\"author\":{\"name\":\"Assessoria de comunica\u00e7\u00e3o ACRIMAT\",\"@id\":\"https:\/\/acrimat.org.br\/portal\/#\/schema\/person\/a309b9496344ff991e8e1b1d751fdd7b\"},\"headline\":\"Festival de carnes nobres ocorre no dia 14 de abril\",\"datePublished\":\"2018-03-23T14:48:42+00:00\",\"mainEntityOfPage\":{\"@id\":\"https:\/\/acrimat.org.br\/portal\/festival-de-carnes-nobres-ocorre-no-dia-14-de-abril\/\"},\"wordCount\":955,\"publisher\":{\"@id\":\"https:\/\/acrimat.org.br\/portal\/#organization\"},\"image\":{\"@id\":\"https:\/\/acrimat.org.br\/portal\/festival-de-carnes-nobres-ocorre-no-dia-14-de-abril\/#primaryimage\"},\"thumbnailUrl\":\"https:\/\/acrimat.org.br\/portal\/wp-content\/uploads\/2018\/03\/22339062_1529232380448316_374626.jpg\",\"articleSection\":[\"Destaques\",\"Not\u00edcias\"],\"inLanguage\":\"pt-BR\"},{\"@type\":\"WebPage\",\"@id\":\"https:\/\/acrimat.org.br\/portal\/festival-de-carnes-nobres-ocorre-no-dia-14-de-abril\/\",\"url\":\"https:\/\/acrimat.org.br\/portal\/festival-de-carnes-nobres-ocorre-no-dia-14-de-abril\/\",\"name\":\"Festival de carnes nobres ocorre no dia 14 de abril - Acrimat\",\"isPartOf\":{\"@id\":\"https:\/\/acrimat.org.br\/portal\/#website\"},\"primaryImageOfPage\":{\"@id\":\"https:\/\/acrimat.org.br\/portal\/festival-de-carnes-nobres-ocorre-no-dia-14-de-abril\/#primaryimage\"},\"image\":{\"@id\":\"https:\/\/acrimat.org.br\/portal\/festival-de-carnes-nobres-ocorre-no-dia-14-de-abril\/#primaryimage\"},\"thumbnailUrl\":\"https:\/\/acrimat.org.br\/portal\/wp-content\/uploads\/2018\/03\/22339062_1529232380448316_374626.jpg\",\"datePublished\":\"2018-03-23T14:48:42+00:00\",\"breadcrumb\":{\"@id\":\"https:\/\/acrimat.org.br\/portal\/festival-de-carnes-nobres-ocorre-no-dia-14-de-abril\/#breadcrumb\"},\"inLanguage\":\"pt-BR\",\"potentialAction\":[{\"@type\":\"ReadAction\",\"target\":[\"https:\/\/acrimat.org.br\/portal\/festival-de-carnes-nobres-ocorre-no-dia-14-de-abril\/\"]}]},{\"@type\":\"ImageObject\",\"inLanguage\":\"pt-BR\",\"@id\":\"https:\/\/acrimat.org.br\/portal\/festival-de-carnes-nobres-ocorre-no-dia-14-de-abril\/#primaryimage\",\"url\":\"https:\/\/acrimat.org.br\/portal\/wp-content\/uploads\/2018\/03\/22339062_1529232380448316_374626.jpg\",\"contentUrl\":\"https:\/\/acrimat.org.br\/portal\/wp-content\/uploads\/2018\/03\/22339062_1529232380448316_374626.jpg\",\"width\":2048,\"height\":1367},{\"@type\":\"BreadcrumbList\",\"@id\":\"https:\/\/acrimat.org.br\/portal\/festival-de-carnes-nobres-ocorre-no-dia-14-de-abril\/#breadcrumb\",\"itemListElement\":[{\"@type\":\"ListItem\",\"position\":1,\"name\":\"In\u00edcio\",\"item\":\"https:\/\/acrimat.org.br\/portal\/\"},{\"@type\":\"ListItem\",\"position\":2,\"name\":\"Festival de carnes nobres ocorre no dia 14 de abril\"}]},{\"@type\":\"WebSite\",\"@id\":\"https:\/\/acrimat.org.br\/portal\/#website\",\"url\":\"https:\/\/acrimat.org.br\/portal\/\",\"name\":\"Acrimat\",\"description\":\"Associa\u00e7\u00e3o dos Criadores de Mato Grosso\",\"publisher\":{\"@id\":\"https:\/\/acrimat.org.br\/portal\/#organization\"},\"potentialAction\":[{\"@type\":\"SearchAction\",\"target\":{\"@type\":\"EntryPoint\",\"urlTemplate\":\"https:\/\/acrimat.org.br\/portal\/?s={search_term_string}\"},\"query-input\":{\"@type\":\"PropertyValueSpecification\",\"valueRequired\":true,\"valueName\":\"search_term_string\"}}],\"inLanguage\":\"pt-BR\"},{\"@type\":\"Organization\",\"@id\":\"https:\/\/acrimat.org.br\/portal\/#organization\",\"name\":\"Associa\u00e7\u00e3o dos Criadores de Mato Grosso\",\"url\":\"https:\/\/acrimat.org.br\/portal\/\",\"logo\":{\"@type\":\"ImageObject\",\"inLanguage\":\"pt-BR\",\"@id\":\"https:\/\/acrimat.org.br\/portal\/#\/schema\/logo\/image\/\",\"url\":\"https:\/\/acrimat.org.br\/portal\/wp-content\/uploads\/2018\/03\/logo-peq-original.png\",\"contentUrl\":\"https:\/\/acrimat.org.br\/portal\/wp-content\/uploads\/2018\/03\/logo-peq-original.png\",\"width\":174,\"height\":171,\"caption\":\"Associa\u00e7\u00e3o dos Criadores de Mato Grosso\"},\"image\":{\"@id\":\"https:\/\/acrimat.org.br\/portal\/#\/schema\/logo\/image\/\"}},{\"@type\":\"Person\",\"@id\":\"https:\/\/acrimat.org.br\/portal\/#\/schema\/person\/a309b9496344ff991e8e1b1d751fdd7b\",\"name\":\"Assessoria de comunica\u00e7\u00e3o ACRIMAT\",\"image\":{\"@type\":\"ImageObject\",\"inLanguage\":\"pt-BR\",\"@id\":\"https:\/\/acrimat.org.br\/portal\/#\/schema\/person\/image\/\",\"url\":\"https:\/\/secure.gravatar.com\/avatar\/2f9c28e64c317bcd762b25cb1575f1b4?s=96&d=mm&r=g\",\"contentUrl\":\"https:\/\/secure.gravatar.com\/avatar\/2f9c28e64c317bcd762b25cb1575f1b4?s=96&d=mm&r=g\",\"caption\":\"Assessoria de comunica\u00e7\u00e3o ACRIMAT\"},\"sameAs\":[\"http:\/\/acrimat.org.br\/\"],\"url\":\"https:\/\/acrimat.org.br\/portal\/author\/ascom\/\"}]}<\/script>\n<!-- \/ Yoast SEO plugin. -->","yoast_head_json":{"title":"Festival de carnes nobres ocorre no dia 14 de abril - Acrimat","robots":{"index":"index","follow":"follow","max-snippet":"max-snippet:-1","max-image-preview":"max-image-preview:large","max-video-preview":"max-video-preview:-1"},"canonical":"https:\/\/acrimat.org.br\/portal\/festival-de-carnes-nobres-ocorre-no-dia-14-de-abril\/","og_locale":"pt_BR","og_type":"article","og_title":"Festival de carnes nobres ocorre no dia 14 de abril - Acrimat","og_description":"Mais de 240 assadores volunt\u00e1rios ir\u00e3o se mobilizar para comandar 40 esta\u00e7\u00f5es de preparo de carne na quarta edi\u00e7\u00e3o do Festival Braseiro","og_url":"https:\/\/acrimat.org.br\/portal\/festival-de-carnes-nobres-ocorre-no-dia-14-de-abril\/","og_site_name":"Acrimat","article_published_time":"2018-03-23T14:48:42+00:00","og_image":[{"width":2048,"height":1367,"url":"https:\/\/acrimat.org.br\/portal\/wp-content\/uploads\/2018\/03\/22339062_1529232380448316_374626.jpg","type":"image\/jpeg"}],"author":"Assessoria de comunica\u00e7\u00e3o ACRIMAT","twitter_card":"summary_large_image","twitter_misc":{"Escrito por":"Assessoria de comunica\u00e7\u00e3o ACRIMAT","Est. tempo de leitura":"5 minutos"},"schema":{"@context":"https:\/\/schema.org","@graph":[{"@type":"Article","@id":"https:\/\/acrimat.org.br\/portal\/festival-de-carnes-nobres-ocorre-no-dia-14-de-abril\/#article","isPartOf":{"@id":"https:\/\/acrimat.org.br\/portal\/festival-de-carnes-nobres-ocorre-no-dia-14-de-abril\/"},"author":{"name":"Assessoria de comunica\u00e7\u00e3o ACRIMAT","@id":"https:\/\/acrimat.org.br\/portal\/#\/schema\/person\/a309b9496344ff991e8e1b1d751fdd7b"},"headline":"Festival de carnes nobres ocorre no dia 14 de abril","datePublished":"2018-03-23T14:48:42+00:00","mainEntityOfPage":{"@id":"https:\/\/acrimat.org.br\/portal\/festival-de-carnes-nobres-ocorre-no-dia-14-de-abril\/"},"wordCount":955,"publisher":{"@id":"https:\/\/acrimat.org.br\/portal\/#organization"},"image":{"@id":"https:\/\/acrimat.org.br\/portal\/festival-de-carnes-nobres-ocorre-no-dia-14-de-abril\/#primaryimage"},"thumbnailUrl":"https:\/\/acrimat.org.br\/portal\/wp-content\/uploads\/2018\/03\/22339062_1529232380448316_374626.jpg","articleSection":["Destaques","Not\u00edcias"],"inLanguage":"pt-BR"},{"@type":"WebPage","@id":"https:\/\/acrimat.org.br\/portal\/festival-de-carnes-nobres-ocorre-no-dia-14-de-abril\/","url":"https:\/\/acrimat.org.br\/portal\/festival-de-carnes-nobres-ocorre-no-dia-14-de-abril\/","name":"Festival de carnes nobres ocorre no dia 14 de abril - Acrimat","isPartOf":{"@id":"https:\/\/acrimat.org.br\/portal\/#website"},"primaryImageOfPage":{"@id":"https:\/\/acrimat.org.br\/portal\/festival-de-carnes-nobres-ocorre-no-dia-14-de-abril\/#primaryimage"},"image":{"@id":"https:\/\/acrimat.org.br\/portal\/festival-de-carnes-nobres-ocorre-no-dia-14-de-abril\/#primaryimage"},"thumbnailUrl":"https:\/\/acrimat.org.br\/portal\/wp-content\/uploads\/2018\/03\/22339062_1529232380448316_374626.jpg","datePublished":"2018-03-23T14:48:42+00:00","breadcrumb":{"@id":"https:\/\/acrimat.org.br\/portal\/festival-de-carnes-nobres-ocorre-no-dia-14-de-abril\/#breadcrumb"},"inLanguage":"pt-BR","potentialAction":[{"@type":"ReadAction","target":["https:\/\/acrimat.org.br\/portal\/festival-de-carnes-nobres-ocorre-no-dia-14-de-abril\/"]}]},{"@type":"ImageObject","inLanguage":"pt-BR","@id":"https:\/\/acrimat.org.br\/portal\/festival-de-carnes-nobres-ocorre-no-dia-14-de-abril\/#primaryimage","url":"https:\/\/acrimat.org.br\/portal\/wp-content\/uploads\/2018\/03\/22339062_1529232380448316_374626.jpg","contentUrl":"https:\/\/acrimat.org.br\/portal\/wp-content\/uploads\/2018\/03\/22339062_1529232380448316_374626.jpg","width":2048,"height":1367},{"@type":"BreadcrumbList","@id":"https:\/\/acrimat.org.br\/portal\/festival-de-carnes-nobres-ocorre-no-dia-14-de-abril\/#breadcrumb","itemListElement":[{"@type":"ListItem","position":1,"name":"In\u00edcio","item":"https:\/\/acrimat.org.br\/portal\/"},{"@type":"ListItem","position":2,"name":"Festival de carnes nobres ocorre no dia 14 de abril"}]},{"@type":"WebSite","@id":"https:\/\/acrimat.org.br\/portal\/#website","url":"https:\/\/acrimat.org.br\/portal\/","name":"Acrimat","description":"Associa\u00e7\u00e3o dos Criadores de Mato Grosso","publisher":{"@id":"https:\/\/acrimat.org.br\/portal\/#organization"},"potentialAction":[{"@type":"SearchAction","target":{"@type":"EntryPoint","urlTemplate":"https:\/\/acrimat.org.br\/portal\/?s={search_term_string}"},"query-input":{"@type":"PropertyValueSpecification","valueRequired":true,"valueName":"search_term_string"}}],"inLanguage":"pt-BR"},{"@type":"Organization","@id":"https:\/\/acrimat.org.br\/portal\/#organization","name":"Associa\u00e7\u00e3o dos Criadores de Mato Grosso","url":"https:\/\/acrimat.org.br\/portal\/","logo":{"@type":"ImageObject","inLanguage":"pt-BR","@id":"https:\/\/acrimat.org.br\/portal\/#\/schema\/logo\/image\/","url":"https:\/\/acrimat.org.br\/portal\/wp-content\/uploads\/2018\/03\/logo-peq-original.png","contentUrl":"https:\/\/acrimat.org.br\/portal\/wp-content\/uploads\/2018\/03\/logo-peq-original.png","width":174,"height":171,"caption":"Associa\u00e7\u00e3o dos Criadores de Mato Grosso"},"image":{"@id":"https:\/\/acrimat.org.br\/portal\/#\/schema\/logo\/image\/"}},{"@type":"Person","@id":"https:\/\/acrimat.org.br\/portal\/#\/schema\/person\/a309b9496344ff991e8e1b1d751fdd7b","name":"Assessoria de comunica\u00e7\u00e3o ACRIMAT","image":{"@type":"ImageObject","inLanguage":"pt-BR","@id":"https:\/\/acrimat.org.br\/portal\/#\/schema\/person\/image\/","url":"https:\/\/secure.gravatar.com\/avatar\/2f9c28e64c317bcd762b25cb1575f1b4?s=96&d=mm&r=g","contentUrl":"https:\/\/secure.gravatar.com\/avatar\/2f9c28e64c317bcd762b25cb1575f1b4?s=96&d=mm&r=g","caption":"Assessoria de comunica\u00e7\u00e3o ACRIMAT"},"sameAs":["http:\/\/acrimat.org.br\/"],"url":"https:\/\/acrimat.org.br\/portal\/author\/ascom\/"}]}},"_links":{"self":[{"href":"https:\/\/acrimat.org.br\/portal\/wp-json\/wp\/v2\/posts\/97986663","targetHints":{"allow":["GET"]}}],"collection":[{"href":"https:\/\/acrimat.org.br\/portal\/wp-json\/wp\/v2\/posts"}],"about":[{"href":"https:\/\/acrimat.org.br\/portal\/wp-json\/wp\/v2\/types\/post"}],"author":[{"embeddable":true,"href":"https:\/\/acrimat.org.br\/portal\/wp-json\/wp\/v2\/users\/7"}],"replies":[{"embeddable":true,"href":"https:\/\/acrimat.org.br\/portal\/wp-json\/wp\/v2\/comments?post=97986663"}],"version-history":[{"count":1,"href":"https:\/\/acrimat.org.br\/portal\/wp-json\/wp\/v2\/posts\/97986663\/revisions"}],"predecessor-version":[{"id":97986665,"href":"https:\/\/acrimat.org.br\/portal\/wp-json\/wp\/v2\/posts\/97986663\/revisions\/97986665"}],"wp:featuredmedia":[{"embeddable":true,"href":"https:\/\/acrimat.org.br\/portal\/wp-json\/wp\/v2\/media\/97986664"}],"wp:attachment":[{"href":"https:\/\/acrimat.org.br\/portal\/wp-json\/wp\/v2\/media?parent=97986663"}],"wp:term":[{"taxonomy":"category","embeddable":true,"href":"https:\/\/acrimat.org.br\/portal\/wp-json\/wp\/v2\/categories?post=97986663"},{"taxonomy":"post_tag","embeddable":true,"href":"https:\/\/acrimat.org.br\/portal\/wp-json\/wp\/v2\/tags?post=97986663"}],"curies":[{"name":"wp","href":"https:\/\/api.w.org\/{rel}","templated":true}]}}