{"id":97986679,"date":"2018-03-26T14:42:04","date_gmt":"2018-03-26T17:42:04","guid":{"rendered":"http:\/\/acrimat.org.br\/portal\/?p=97986679"},"modified":"2018-03-26T14:42:37","modified_gmt":"2018-03-26T17:42:37","slug":"show-safra-movimentou-o-medio-norte-de-mato-grosso","status":"publish","type":"post","link":"https:\/\/acrimat.org.br\/portal\/show-safra-movimentou-o-medio-norte-de-mato-grosso\/","title":{"rendered":"Show Safra movimentou o m\u00e9dio norte de Mato Grosso"},"content":{"rendered":"<p><a href=\"http:\/\/g1.globo.com\/mato-grosso\/mt-rural\/videos\/t\/edicoes\/v\/show-safra-movimentou-o-medio-norte-de-mato-grosso\/6607064\/\" target=\"_blank\" rel=\"noopener\"><img fetchpriority=\"high\" decoding=\"async\" class=\"wp-image-97986680 size-full aligncenter\" src=\"http:\/\/acrimat.org.br\/portal\/wp-content\/uploads\/2018\/03\/g1.png\" alt=\"\" width=\"631\" height=\"355\" srcset=\"https:\/\/acrimat.org.br\/portal\/wp-content\/uploads\/2018\/03\/g1.png 631w, https:\/\/acrimat.org.br\/portal\/wp-content\/uploads\/2018\/03\/g1-300x169.png 300w, https:\/\/acrimat.org.br\/portal\/wp-content\/uploads\/2018\/03\/g1-250x141.png 250w, https:\/\/acrimat.org.br\/portal\/wp-content\/uploads\/2018\/03\/g1-550x309.png 550w, https:\/\/acrimat.org.br\/portal\/wp-content\/uploads\/2018\/03\/g1-320x180.png 320w, https:\/\/acrimat.org.br\/portal\/wp-content\/uploads\/2018\/03\/g1-533x300.png 533w\" sizes=\"(max-width: 631px) 100vw, 631px\" \/><\/a><\/p>\n","protected":false},"excerpt":{"rendered":"<p>Show Safra movimentou o m\u00e9dio norte de Mato Grosso<\/p>\n","protected":false},"author":7,"featured_media":97986680,"comment_status":"closed","ping_status":"closed","sticky":false,"template":"","format":"standard","meta":{"footnotes":""},"categories":[6,1],"tags":[],"class_list":["post-97986679","post","type-post","status-publish","format-standard","has-post-thumbnail","hentry","category-destaque","category-noticia"],"yoast_head":"<!-- This site is optimized with the Yoast SEO plugin v24.8.1 - https:\/\/yoast.com\/wordpress\/plugins\/seo\/ -->\n<title>Show Safra movimentou o m\u00e9dio norte de Mato Grosso - Acrimat<\/title>\n<meta name=\"robots\" content=\"index, follow, max-snippet:-1, max-image-preview:large, max-video-preview:-1\" \/>\n<link rel=\"canonical\" href=\"https:\/\/acrimat.org.br\/portal\/show-safra-movimentou-o-medio-norte-de-mato-grosso\/\" \/>\n<meta property=\"og:locale\" content=\"pt_BR\" \/>\n<meta property=\"og:type\" content=\"article\" \/>\n<meta property=\"og:title\" content=\"Show Safra movimentou o m\u00e9dio norte de Mato Grosso - Acrimat\" \/>\n<meta property=\"og:description\" content=\"Show Safra movimentou o m\u00e9dio norte de Mato Grosso\" \/>\n<meta property=\"og:url\" content=\"https:\/\/acrimat.org.br\/portal\/show-safra-movimentou-o-medio-norte-de-mato-grosso\/\" \/>\n<meta property=\"og:site_name\" content=\"Acrimat\" \/>\n<meta property=\"article:published_time\" content=\"2018-03-26T17:42:04+00:00\" \/>\n<meta property=\"article:modified_time\" content=\"2018-03-26T17:42:37+00:00\" \/>\n<meta property=\"og:image\" content=\"https:\/\/acrimat.org.br\/portal\/wp-content\/uploads\/2018\/03\/g1.png\" \/>\n\t<meta property=\"og:image:width\" content=\"631\" \/>\n\t<meta property=\"og:image:height\" content=\"355\" \/>\n\t<meta property=\"og:image:type\" content=\"image\/png\" \/>\n<meta name=\"author\" content=\"Assessoria de comunica\u00e7\u00e3o ACRIMAT\" \/>\n<meta name=\"twitter:card\" content=\"summary_large_image\" \/>\n<meta name=\"twitter:label1\" content=\"Escrito por\" \/>\n\t<meta name=\"twitter:data1\" content=\"Assessoria de comunica\u00e7\u00e3o ACRIMAT\" \/>\n<script type=\"application\/ld+json\" class=\"yoast-schema-graph\">{\"@context\":\"https:\/\/schema.org\",\"@graph\":[{\"@type\":\"Article\",\"@id\":\"https:\/\/acrimat.org.br\/portal\/show-safra-movimentou-o-medio-norte-de-mato-grosso\/#article\",\"isPartOf\":{\"@id\":\"https:\/\/acrimat.org.br\/portal\/show-safra-movimentou-o-medio-norte-de-mato-grosso\/\"},\"author\":{\"name\":\"Assessoria de comunica\u00e7\u00e3o ACRIMAT\",\"@id\":\"https:\/\/acrimat.org.br\/portal\/#\/schema\/person\/a309b9496344ff991e8e1b1d751fdd7b\"},\"headline\":\"Show Safra movimentou o m\u00e9dio norte de Mato Grosso\",\"datePublished\":\"2018-03-26T17:42:04+00:00\",\"dateModified\":\"2018-03-26T17:42:37+00:00\",\"mainEntityOfPage\":{\"@id\":\"https:\/\/acrimat.org.br\/portal\/show-safra-movimentou-o-medio-norte-de-mato-grosso\/\"},\"wordCount\":10,\"publisher\":{\"@id\":\"https:\/\/acrimat.org.br\/portal\/#organization\"},\"image\":{\"@id\":\"https:\/\/acrimat.org.br\/portal\/show-safra-movimentou-o-medio-norte-de-mato-grosso\/#primaryimage\"},\"thumbnailUrl\":\"https:\/\/acrimat.org.br\/portal\/wp-content\/uploads\/2018\/03\/g1.png\",\"articleSection\":[\"Destaques\",\"Not\u00edcias\"],\"inLanguage\":\"pt-BR\"},{\"@type\":\"WebPage\",\"@id\":\"https:\/\/acrimat.org.br\/portal\/show-safra-movimentou-o-medio-norte-de-mato-grosso\/\",\"url\":\"https:\/\/acrimat.org.br\/portal\/show-safra-movimentou-o-medio-norte-de-mato-grosso\/\",\"name\":\"Show Safra movimentou o m\u00e9dio norte de Mato Grosso - Acrimat\",\"isPartOf\":{\"@id\":\"https:\/\/acrimat.org.br\/portal\/#website\"},\"primaryImageOfPage\":{\"@id\":\"https:\/\/acrimat.org.br\/portal\/show-safra-movimentou-o-medio-norte-de-mato-grosso\/#primaryimage\"},\"image\":{\"@id\":\"https:\/\/acrimat.org.br\/portal\/show-safra-movimentou-o-medio-norte-de-mato-grosso\/#primaryimage\"},\"thumbnailUrl\":\"https:\/\/acrimat.org.br\/portal\/wp-content\/uploads\/2018\/03\/g1.png\",\"datePublished\":\"2018-03-26T17:42:04+00:00\",\"dateModified\":\"2018-03-26T17:42:37+00:00\",\"breadcrumb\":{\"@id\":\"https:\/\/acrimat.org.br\/portal\/show-safra-movimentou-o-medio-norte-de-mato-grosso\/#breadcrumb\"},\"inLanguage\":\"pt-BR\",\"potentialAction\":[{\"@type\":\"ReadAction\",\"target\":[\"https:\/\/acrimat.org.br\/portal\/show-safra-movimentou-o-medio-norte-de-mato-grosso\/\"]}]},{\"@type\":\"ImageObject\",\"inLanguage\":\"pt-BR\",\"@id\":\"https:\/\/acrimat.org.br\/portal\/show-safra-movimentou-o-medio-norte-de-mato-grosso\/#primaryimage\",\"url\":\"https:\/\/acrimat.org.br\/portal\/wp-content\/uploads\/2018\/03\/g1.png\",\"contentUrl\":\"https:\/\/acrimat.org.br\/portal\/wp-content\/uploads\/2018\/03\/g1.png\",\"width\":631,\"height\":355},{\"@type\":\"BreadcrumbList\",\"@id\":\"https:\/\/acrimat.org.br\/portal\/show-safra-movimentou-o-medio-norte-de-mato-grosso\/#breadcrumb\",\"itemListElement\":[{\"@type\":\"ListItem\",\"position\":1,\"name\":\"In\u00edcio\",\"item\":\"https:\/\/acrimat.org.br\/portal\/\"},{\"@type\":\"ListItem\",\"position\":2,\"name\":\"Show Safra movimentou o m\u00e9dio norte de Mato Grosso\"}]},{\"@type\":\"WebSite\",\"@id\":\"https:\/\/acrimat.org.br\/portal\/#website\",\"url\":\"https:\/\/acrimat.org.br\/portal\/\",\"name\":\"Acrimat\",\"description\":\"Associa\u00e7\u00e3o dos Criadores de Mato Grosso\",\"publisher\":{\"@id\":\"https:\/\/acrimat.org.br\/portal\/#organization\"},\"potentialAction\":[{\"@type\":\"SearchAction\",\"target\":{\"@type\":\"EntryPoint\",\"urlTemplate\":\"https:\/\/acrimat.org.br\/portal\/?s={search_term_string}\"},\"query-input\":{\"@type\":\"PropertyValueSpecification\",\"valueRequired\":true,\"valueName\":\"search_term_string\"}}],\"inLanguage\":\"pt-BR\"},{\"@type\":\"Organization\",\"@id\":\"https:\/\/acrimat.org.br\/portal\/#organization\",\"name\":\"Associa\u00e7\u00e3o dos Criadores de Mato Grosso\",\"url\":\"https:\/\/acrimat.org.br\/portal\/\",\"logo\":{\"@type\":\"ImageObject\",\"inLanguage\":\"pt-BR\",\"@id\":\"https:\/\/acrimat.org.br\/portal\/#\/schema\/logo\/image\/\",\"url\":\"https:\/\/acrimat.org.br\/portal\/wp-content\/uploads\/2018\/03\/logo-peq-original.png\",\"contentUrl\":\"https:\/\/acrimat.org.br\/portal\/wp-content\/uploads\/2018\/03\/logo-peq-original.png\",\"width\":174,\"height\":171,\"caption\":\"Associa\u00e7\u00e3o dos Criadores de Mato Grosso\"},\"image\":{\"@id\":\"https:\/\/acrimat.org.br\/portal\/#\/schema\/logo\/image\/\"}},{\"@type\":\"Person\",\"@id\":\"https:\/\/acrimat.org.br\/portal\/#\/schema\/person\/a309b9496344ff991e8e1b1d751fdd7b\",\"name\":\"Assessoria de comunica\u00e7\u00e3o ACRIMAT\",\"image\":{\"@type\":\"ImageObject\",\"inLanguage\":\"pt-BR\",\"@id\":\"https:\/\/acrimat.org.br\/portal\/#\/schema\/person\/image\/\",\"url\":\"https:\/\/secure.gravatar.com\/avatar\/2f9c28e64c317bcd762b25cb1575f1b4?s=96&d=mm&r=g\",\"contentUrl\":\"https:\/\/secure.gravatar.com\/avatar\/2f9c28e64c317bcd762b25cb1575f1b4?s=96&d=mm&r=g\",\"caption\":\"Assessoria de comunica\u00e7\u00e3o ACRIMAT\"},\"sameAs\":[\"http:\/\/acrimat.org.br\/\"],\"url\":\"https:\/\/acrimat.org.br\/portal\/author\/ascom\/\"}]}<\/script>\n<!-- \/ Yoast SEO plugin. -->","yoast_head_json":{"title":"Show Safra movimentou o m\u00e9dio norte de Mato Grosso - Acrimat","robots":{"index":"index","follow":"follow","max-snippet":"max-snippet:-1","max-image-preview":"max-image-preview:large","max-video-preview":"max-video-preview:-1"},"canonical":"https:\/\/acrimat.org.br\/portal\/show-safra-movimentou-o-medio-norte-de-mato-grosso\/","og_locale":"pt_BR","og_type":"article","og_title":"Show Safra movimentou o m\u00e9dio norte de Mato Grosso - Acrimat","og_description":"Show Safra movimentou o m\u00e9dio norte de Mato Grosso","og_url":"https:\/\/acrimat.org.br\/portal\/show-safra-movimentou-o-medio-norte-de-mato-grosso\/","og_site_name":"Acrimat","article_published_time":"2018-03-26T17:42:04+00:00","article_modified_time":"2018-03-26T17:42:37+00:00","og_image":[{"width":631,"height":355,"url":"https:\/\/acrimat.org.br\/portal\/wp-content\/uploads\/2018\/03\/g1.png","type":"image\/png"}],"author":"Assessoria de comunica\u00e7\u00e3o ACRIMAT","twitter_card":"summary_large_image","twitter_misc":{"Escrito por":"Assessoria de comunica\u00e7\u00e3o ACRIMAT"},"schema":{"@context":"https:\/\/schema.org","@graph":[{"@type":"Article","@id":"https:\/\/acrimat.org.br\/portal\/show-safra-movimentou-o-medio-norte-de-mato-grosso\/#article","isPartOf":{"@id":"https:\/\/acrimat.org.br\/portal\/show-safra-movimentou-o-medio-norte-de-mato-grosso\/"},"author":{"name":"Assessoria de comunica\u00e7\u00e3o ACRIMAT","@id":"https:\/\/acrimat.org.br\/portal\/#\/schema\/person\/a309b9496344ff991e8e1b1d751fdd7b"},"headline":"Show Safra movimentou o m\u00e9dio norte de Mato Grosso","datePublished":"2018-03-26T17:42:04+00:00","dateModified":"2018-03-26T17:42:37+00:00","mainEntityOfPage":{"@id":"https:\/\/acrimat.org.br\/portal\/show-safra-movimentou-o-medio-norte-de-mato-grosso\/"},"wordCount":10,"publisher":{"@id":"https:\/\/acrimat.org.br\/portal\/#organization"},"image":{"@id":"https:\/\/acrimat.org.br\/portal\/show-safra-movimentou-o-medio-norte-de-mato-grosso\/#primaryimage"},"thumbnailUrl":"https:\/\/acrimat.org.br\/portal\/wp-content\/uploads\/2018\/03\/g1.png","articleSection":["Destaques","Not\u00edcias"],"inLanguage":"pt-BR"},{"@type":"WebPage","@id":"https:\/\/acrimat.org.br\/portal\/show-safra-movimentou-o-medio-norte-de-mato-grosso\/","url":"https:\/\/acrimat.org.br\/portal\/show-safra-movimentou-o-medio-norte-de-mato-grosso\/","name":"Show Safra movimentou o m\u00e9dio norte de Mato Grosso - Acrimat","isPartOf":{"@id":"https:\/\/acrimat.org.br\/portal\/#website"},"primaryImageOfPage":{"@id":"https:\/\/acrimat.org.br\/portal\/show-safra-movimentou-o-medio-norte-de-mato-grosso\/#primaryimage"},"image":{"@id":"https:\/\/acrimat.org.br\/portal\/show-safra-movimentou-o-medio-norte-de-mato-grosso\/#primaryimage"},"thumbnailUrl":"https:\/\/acrimat.org.br\/portal\/wp-content\/uploads\/2018\/03\/g1.png","datePublished":"2018-03-26T17:42:04+00:00","dateModified":"2018-03-26T17:42:37+00:00","breadcrumb":{"@id":"https:\/\/acrimat.org.br\/portal\/show-safra-movimentou-o-medio-norte-de-mato-grosso\/#breadcrumb"},"inLanguage":"pt-BR","potentialAction":[{"@type":"ReadAction","target":["https:\/\/acrimat.org.br\/portal\/show-safra-movimentou-o-medio-norte-de-mato-grosso\/"]}]},{"@type":"ImageObject","inLanguage":"pt-BR","@id":"https:\/\/acrimat.org.br\/portal\/show-safra-movimentou-o-medio-norte-de-mato-grosso\/#primaryimage","url":"https:\/\/acrimat.org.br\/portal\/wp-content\/uploads\/2018\/03\/g1.png","contentUrl":"https:\/\/acrimat.org.br\/portal\/wp-content\/uploads\/2018\/03\/g1.png","width":631,"height":355},{"@type":"BreadcrumbList","@id":"https:\/\/acrimat.org.br\/portal\/show-safra-movimentou-o-medio-norte-de-mato-grosso\/#breadcrumb","itemListElement":[{"@type":"ListItem","position":1,"name":"In\u00edcio","item":"https:\/\/acrimat.org.br\/portal\/"},{"@type":"ListItem","position":2,"name":"Show Safra movimentou o m\u00e9dio norte de Mato Grosso"}]},{"@type":"WebSite","@id":"https:\/\/acrimat.org.br\/portal\/#website","url":"https:\/\/acrimat.org.br\/portal\/","name":"Acrimat","description":"Associa\u00e7\u00e3o dos Criadores de Mato Grosso","publisher":{"@id":"https:\/\/acrimat.org.br\/portal\/#organization"},"potentialAction":[{"@type":"SearchAction","target":{"@type":"EntryPoint","urlTemplate":"https:\/\/acrimat.org.br\/portal\/?s={search_term_string}"},"query-input":{"@type":"PropertyValueSpecification","valueRequired":true,"valueName":"search_term_string"}}],"inLanguage":"pt-BR"},{"@type":"Organization","@id":"https:\/\/acrimat.org.br\/portal\/#organization","name":"Associa\u00e7\u00e3o dos Criadores de Mato Grosso","url":"https:\/\/acrimat.org.br\/portal\/","logo":{"@type":"ImageObject","inLanguage":"pt-BR","@id":"https:\/\/acrimat.org.br\/portal\/#\/schema\/logo\/image\/","url":"https:\/\/acrimat.org.br\/portal\/wp-content\/uploads\/2018\/03\/logo-peq-original.png","contentUrl":"https:\/\/acrimat.org.br\/portal\/wp-content\/uploads\/2018\/03\/logo-peq-original.png","width":174,"height":171,"caption":"Associa\u00e7\u00e3o dos Criadores de Mato Grosso"},"image":{"@id":"https:\/\/acrimat.org.br\/portal\/#\/schema\/logo\/image\/"}},{"@type":"Person","@id":"https:\/\/acrimat.org.br\/portal\/#\/schema\/person\/a309b9496344ff991e8e1b1d751fdd7b","name":"Assessoria de comunica\u00e7\u00e3o ACRIMAT","image":{"@type":"ImageObject","inLanguage":"pt-BR","@id":"https:\/\/acrimat.org.br\/portal\/#\/schema\/person\/image\/","url":"https:\/\/secure.gravatar.com\/avatar\/2f9c28e64c317bcd762b25cb1575f1b4?s=96&d=mm&r=g","contentUrl":"https:\/\/secure.gravatar.com\/avatar\/2f9c28e64c317bcd762b25cb1575f1b4?s=96&d=mm&r=g","caption":"Assessoria de comunica\u00e7\u00e3o ACRIMAT"},"sameAs":["http:\/\/acrimat.org.br\/"],"url":"https:\/\/acrimat.org.br\/portal\/author\/ascom\/"}]}},"_links":{"self":[{"href":"https:\/\/acrimat.org.br\/portal\/wp-json\/wp\/v2\/posts\/97986679","targetHints":{"allow":["GET"]}}],"collection":[{"href":"https:\/\/acrimat.org.br\/portal\/wp-json\/wp\/v2\/posts"}],"about":[{"href":"https:\/\/acrimat.org.br\/portal\/wp-json\/wp\/v2\/types\/post"}],"author":[{"embeddable":true,"href":"https:\/\/acrimat.org.br\/portal\/wp-json\/wp\/v2\/users\/7"}],"replies":[{"embeddable":true,"href":"https:\/\/acrimat.org.br\/portal\/wp-json\/wp\/v2\/comments?post=97986679"}],"version-history":[{"count":2,"href":"https:\/\/acrimat.org.br\/portal\/wp-json\/wp\/v2\/posts\/97986679\/revisions"}],"predecessor-version":[{"id":97986682,"href":"https:\/\/acrimat.org.br\/portal\/wp-json\/wp\/v2\/posts\/97986679\/revisions\/97986682"}],"wp:featuredmedia":[{"embeddable":true,"href":"https:\/\/acrimat.org.br\/portal\/wp-json\/wp\/v2\/media\/97986680"}],"wp:attachment":[{"href":"https:\/\/acrimat.org.br\/portal\/wp-json\/wp\/v2\/media?parent=97986679"}],"wp:term":[{"taxonomy":"category","embeddable":true,"href":"https:\/\/acrimat.org.br\/portal\/wp-json\/wp\/v2\/categories?post=97986679"},{"taxonomy":"post_tag","embeddable":true,"href":"https:\/\/acrimat.org.br\/portal\/wp-json\/wp\/v2\/tags?post=97986679"}],"curies":[{"name":"wp","href":"https:\/\/api.w.org\/{rel}","templated":true}]}}