{"id":97986685,"date":"2018-03-26T14:48:18","date_gmt":"2018-03-26T17:48:18","guid":{"rendered":"http:\/\/acrimat.org.br\/portal\/?p=97986685"},"modified":"2018-03-26T14:55:45","modified_gmt":"2018-03-26T17:55:45","slug":"confinamento-nao-e-boa-opcao-neste-primeiro-semestre-de-2018","status":"publish","type":"post","link":"https:\/\/acrimat.org.br\/portal\/confinamento-nao-e-boa-opcao-neste-primeiro-semestre-de-2018\/","title":{"rendered":"Confinamento n\u00e3o \u00e9 boa op\u00e7\u00e3o neste primeiro semestre de 2018"},"content":{"rendered":"<p>O confinamento deve dar preju\u00edzo para o pecuarista brasileiro no primeiro semestre de 2018, afirma a Associa\u00e7\u00e3o Nacional da Pecu\u00e1ria Intensiva (Assocon). Segundo a entidade, a raz\u00e3o \u00e9 o aumento no pre\u00e7o do milho e do farelo de soja, que prejudicaram o poder de compra do pecuarista.<\/p>\n<p>A propriedade de Jos\u00e9 Ov\u00eddio Sebastian, em Boituva, interior de S\u00e3o Paulo, tem capacidade para engordar seis mil bois por temporada. Mas. at\u00e9 agora, o pecuarista ainda n\u00e3o sabe quantos animais ir\u00e1 confinar em 2018. Entre as raz\u00f5es est\u00e1 a alta nos pre\u00e7os de insumos como o milho, indispens\u00e1vel na dieta do rebanho.<\/p>\n<p>\u201cTivemos uma eleva\u00e7\u00e3o das mat\u00e9rias primas, a partir de fevereiro, que realmente trouxe um impacto bastante significativo no custo da ra\u00e7\u00e3o do gado do confinamento. Hoje, essa eleva\u00e7\u00e3o est\u00e1 em torno de 18%, elevando tamb\u00e9m o custo total da manuten\u00e7\u00e3o do gado no confinamento em torno de 15%\u201d, conta Sebastian.<\/p>\n<p>De acordo com levantamento feito pela Scot Consultoria, entre janeiro e mar\u00e7o de 2018, o milho subiu 30% em S\u00e3o Paulo. J\u00e1 o farelo de soja apresentou alta de 23%. Em contrapartida, o pre\u00e7o da arroba do boi gordo se manteve praticamente est\u00e1vel durante o per\u00edodo.<\/p>\n<p>\u201cA causa principal \u00e9 que o consumo interno est\u00e1 fraco, o desemprego permanece bastante elevado e os consumidores t\u00eam dificuldades de poder aquisitivo e acabam eventualmente optando pelo consumo de outras prote\u00ednas. Como a carne de frango, que \u00e9 um pouco mais barata\u201d, acrescenta o diretor t\u00e9cnico da consultoria Informa Economics, Jos\u00e9 Vicente Ferraz.<\/p>\n<p>Outro ponto que tamb\u00e9m preocupa o setor \u00e9 o mercado de reposi\u00e7\u00e3o, que se mant\u00e9m firme no primeiro trimestre do ano. Em mar\u00e7o o boi magro registrou alta de 4,5%, em S\u00e3o Paulo, quando comparado com o mesmo per\u00edodo do ano passado.<\/p>\n<p>\u201cTeoricamente era para o pre\u00e7o do boi magro cair tamb\u00e9m, mas existe uma restri\u00e7\u00e3o de oferta. A cria se tornou escassa e animais de confinamento precisam ter qualidade e padroniza\u00e7\u00e3o, sen\u00e3o gera uma s\u00e9rie de problemas. A oferta \u00e9 pequena e isso impede uma queda de pre\u00e7o dos animais\u201d, conta Ferraz.<\/p>\n<p>No in\u00edcio deste ano, a Associa\u00e7\u00e3o Nacional de Pecu\u00e1ria Intensiva (Assocon) projetou um crescimento de 12% no volume de animais confinados, em compara\u00e7\u00e3o ao ano passado. Em um total de 3,8 milh\u00f5es de cabe\u00e7as. Mas, segundo o presidente da entidade, Alberto Pessina, o momento n\u00e3o favorece a atividade e as estimativas devem ser revistas.<\/p>\n<p>\u201cDo jeito que est\u00e1 o mercado futuro a conta n\u00e3o fecha. O contrato para maio pagando R$143,50, com milho valendo R$40,00, \u00e9 totalmente invi\u00e1vel entregar boi com confinamento no primeiro giro. Eu diria que se o cen\u00e1rio continuar ruim, pode ter uma redu\u00e7\u00e3o de uns 10% nesta previs\u00e3o inicial de de confinamento\u201d, afirma Pessina.<\/p>\n","protected":false},"excerpt":{"rendered":"<p>O confinamento deve dar preju\u00edzo para o pecuarista brasileiro no primeiro semestre de 2018, afirma a Associa\u00e7\u00e3o Nacional da Pecu\u00e1ria Intensiva (Assocon)<\/p>\n","protected":false},"author":7,"featured_media":97984851,"comment_status":"closed","ping_status":"closed","sticky":false,"template":"","format":"standard","meta":{"footnotes":""},"categories":[6,1],"tags":[],"class_list":["post-97986685","post","type-post","status-publish","format-standard","has-post-thumbnail","hentry","category-destaque","category-noticia"],"yoast_head":"<!-- This site is optimized with the Yoast SEO plugin v24.8.1 - https:\/\/yoast.com\/wordpress\/plugins\/seo\/ -->\n<title>Confinamento n\u00e3o \u00e9 boa op\u00e7\u00e3o neste primeiro semestre de 2018 - Acrimat<\/title>\n<meta name=\"robots\" content=\"index, follow, max-snippet:-1, max-image-preview:large, max-video-preview:-1\" \/>\n<link rel=\"canonical\" href=\"https:\/\/acrimat.org.br\/portal\/confinamento-nao-e-boa-opcao-neste-primeiro-semestre-de-2018\/\" \/>\n<meta property=\"og:locale\" content=\"pt_BR\" \/>\n<meta property=\"og:type\" content=\"article\" \/>\n<meta property=\"og:title\" content=\"Confinamento n\u00e3o \u00e9 boa op\u00e7\u00e3o neste primeiro semestre de 2018 - Acrimat\" \/>\n<meta property=\"og:description\" content=\"O confinamento deve dar preju\u00edzo para o pecuarista brasileiro no primeiro semestre de 2018, afirma a Associa\u00e7\u00e3o Nacional da Pecu\u00e1ria Intensiva (Assocon)\" \/>\n<meta property=\"og:url\" content=\"https:\/\/acrimat.org.br\/portal\/confinamento-nao-e-boa-opcao-neste-primeiro-semestre-de-2018\/\" \/>\n<meta property=\"og:site_name\" content=\"Acrimat\" \/>\n<meta property=\"article:published_time\" content=\"2018-03-26T17:48:18+00:00\" \/>\n<meta property=\"article:modified_time\" content=\"2018-03-26T17:55:45+00:00\" \/>\n<meta property=\"og:image\" content=\"https:\/\/acrimat.org.br\/portal\/wp-content\/uploads\/2017\/11\/confinamento5.jpg\" \/>\n\t<meta property=\"og:image:width\" content=\"730\" \/>\n\t<meta property=\"og:image:height\" content=\"502\" \/>\n\t<meta property=\"og:image:type\" content=\"image\/jpeg\" \/>\n<meta name=\"author\" content=\"Assessoria de comunica\u00e7\u00e3o ACRIMAT\" \/>\n<meta name=\"twitter:card\" content=\"summary_large_image\" \/>\n<meta name=\"twitter:label1\" content=\"Escrito por\" \/>\n\t<meta name=\"twitter:data1\" content=\"Assessoria de comunica\u00e7\u00e3o ACRIMAT\" \/>\n\t<meta name=\"twitter:label2\" content=\"Est. tempo de leitura\" \/>\n\t<meta name=\"twitter:data2\" content=\"2 minutos\" \/>\n<script type=\"application\/ld+json\" class=\"yoast-schema-graph\">{\"@context\":\"https:\/\/schema.org\",\"@graph\":[{\"@type\":\"Article\",\"@id\":\"https:\/\/acrimat.org.br\/portal\/confinamento-nao-e-boa-opcao-neste-primeiro-semestre-de-2018\/#article\",\"isPartOf\":{\"@id\":\"https:\/\/acrimat.org.br\/portal\/confinamento-nao-e-boa-opcao-neste-primeiro-semestre-de-2018\/\"},\"author\":{\"name\":\"Assessoria de comunica\u00e7\u00e3o ACRIMAT\",\"@id\":\"https:\/\/acrimat.org.br\/portal\/#\/schema\/person\/a309b9496344ff991e8e1b1d751fdd7b\"},\"headline\":\"Confinamento n\u00e3o \u00e9 boa op\u00e7\u00e3o neste primeiro semestre de 2018\",\"datePublished\":\"2018-03-26T17:48:18+00:00\",\"dateModified\":\"2018-03-26T17:55:45+00:00\",\"mainEntityOfPage\":{\"@id\":\"https:\/\/acrimat.org.br\/portal\/confinamento-nao-e-boa-opcao-neste-primeiro-semestre-de-2018\/\"},\"wordCount\":494,\"publisher\":{\"@id\":\"https:\/\/acrimat.org.br\/portal\/#organization\"},\"image\":{\"@id\":\"https:\/\/acrimat.org.br\/portal\/confinamento-nao-e-boa-opcao-neste-primeiro-semestre-de-2018\/#primaryimage\"},\"thumbnailUrl\":\"https:\/\/acrimat.org.br\/portal\/wp-content\/uploads\/2017\/11\/confinamento5.jpg\",\"articleSection\":[\"Destaques\",\"Not\u00edcias\"],\"inLanguage\":\"pt-BR\"},{\"@type\":\"WebPage\",\"@id\":\"https:\/\/acrimat.org.br\/portal\/confinamento-nao-e-boa-opcao-neste-primeiro-semestre-de-2018\/\",\"url\":\"https:\/\/acrimat.org.br\/portal\/confinamento-nao-e-boa-opcao-neste-primeiro-semestre-de-2018\/\",\"name\":\"Confinamento n\u00e3o \u00e9 boa op\u00e7\u00e3o neste primeiro semestre de 2018 - Acrimat\",\"isPartOf\":{\"@id\":\"https:\/\/acrimat.org.br\/portal\/#website\"},\"primaryImageOfPage\":{\"@id\":\"https:\/\/acrimat.org.br\/portal\/confinamento-nao-e-boa-opcao-neste-primeiro-semestre-de-2018\/#primaryimage\"},\"image\":{\"@id\":\"https:\/\/acrimat.org.br\/portal\/confinamento-nao-e-boa-opcao-neste-primeiro-semestre-de-2018\/#primaryimage\"},\"thumbnailUrl\":\"https:\/\/acrimat.org.br\/portal\/wp-content\/uploads\/2017\/11\/confinamento5.jpg\",\"datePublished\":\"2018-03-26T17:48:18+00:00\",\"dateModified\":\"2018-03-26T17:55:45+00:00\",\"breadcrumb\":{\"@id\":\"https:\/\/acrimat.org.br\/portal\/confinamento-nao-e-boa-opcao-neste-primeiro-semestre-de-2018\/#breadcrumb\"},\"inLanguage\":\"pt-BR\",\"potentialAction\":[{\"@type\":\"ReadAction\",\"target\":[\"https:\/\/acrimat.org.br\/portal\/confinamento-nao-e-boa-opcao-neste-primeiro-semestre-de-2018\/\"]}]},{\"@type\":\"ImageObject\",\"inLanguage\":\"pt-BR\",\"@id\":\"https:\/\/acrimat.org.br\/portal\/confinamento-nao-e-boa-opcao-neste-primeiro-semestre-de-2018\/#primaryimage\",\"url\":\"https:\/\/acrimat.org.br\/portal\/wp-content\/uploads\/2017\/11\/confinamento5.jpg\",\"contentUrl\":\"https:\/\/acrimat.org.br\/portal\/wp-content\/uploads\/2017\/11\/confinamento5.jpg\",\"width\":730,\"height\":502},{\"@type\":\"BreadcrumbList\",\"@id\":\"https:\/\/acrimat.org.br\/portal\/confinamento-nao-e-boa-opcao-neste-primeiro-semestre-de-2018\/#breadcrumb\",\"itemListElement\":[{\"@type\":\"ListItem\",\"position\":1,\"name\":\"In\u00edcio\",\"item\":\"https:\/\/acrimat.org.br\/portal\/\"},{\"@type\":\"ListItem\",\"position\":2,\"name\":\"Confinamento n\u00e3o \u00e9 boa op\u00e7\u00e3o neste primeiro semestre de 2018\"}]},{\"@type\":\"WebSite\",\"@id\":\"https:\/\/acrimat.org.br\/portal\/#website\",\"url\":\"https:\/\/acrimat.org.br\/portal\/\",\"name\":\"Acrimat\",\"description\":\"Associa\u00e7\u00e3o dos Criadores de Mato Grosso\",\"publisher\":{\"@id\":\"https:\/\/acrimat.org.br\/portal\/#organization\"},\"potentialAction\":[{\"@type\":\"SearchAction\",\"target\":{\"@type\":\"EntryPoint\",\"urlTemplate\":\"https:\/\/acrimat.org.br\/portal\/?s={search_term_string}\"},\"query-input\":{\"@type\":\"PropertyValueSpecification\",\"valueRequired\":true,\"valueName\":\"search_term_string\"}}],\"inLanguage\":\"pt-BR\"},{\"@type\":\"Organization\",\"@id\":\"https:\/\/acrimat.org.br\/portal\/#organization\",\"name\":\"Associa\u00e7\u00e3o dos Criadores de Mato Grosso\",\"url\":\"https:\/\/acrimat.org.br\/portal\/\",\"logo\":{\"@type\":\"ImageObject\",\"inLanguage\":\"pt-BR\",\"@id\":\"https:\/\/acrimat.org.br\/portal\/#\/schema\/logo\/image\/\",\"url\":\"https:\/\/acrimat.org.br\/portal\/wp-content\/uploads\/2018\/03\/logo-peq-original.png\",\"contentUrl\":\"https:\/\/acrimat.org.br\/portal\/wp-content\/uploads\/2018\/03\/logo-peq-original.png\",\"width\":174,\"height\":171,\"caption\":\"Associa\u00e7\u00e3o dos Criadores de Mato Grosso\"},\"image\":{\"@id\":\"https:\/\/acrimat.org.br\/portal\/#\/schema\/logo\/image\/\"}},{\"@type\":\"Person\",\"@id\":\"https:\/\/acrimat.org.br\/portal\/#\/schema\/person\/a309b9496344ff991e8e1b1d751fdd7b\",\"name\":\"Assessoria de comunica\u00e7\u00e3o ACRIMAT\",\"image\":{\"@type\":\"ImageObject\",\"inLanguage\":\"pt-BR\",\"@id\":\"https:\/\/acrimat.org.br\/portal\/#\/schema\/person\/image\/\",\"url\":\"https:\/\/secure.gravatar.com\/avatar\/2f9c28e64c317bcd762b25cb1575f1b4?s=96&d=mm&r=g\",\"contentUrl\":\"https:\/\/secure.gravatar.com\/avatar\/2f9c28e64c317bcd762b25cb1575f1b4?s=96&d=mm&r=g\",\"caption\":\"Assessoria de comunica\u00e7\u00e3o ACRIMAT\"},\"sameAs\":[\"http:\/\/acrimat.org.br\/\"],\"url\":\"https:\/\/acrimat.org.br\/portal\/author\/ascom\/\"}]}<\/script>\n<!-- \/ Yoast SEO plugin. -->","yoast_head_json":{"title":"Confinamento n\u00e3o \u00e9 boa op\u00e7\u00e3o neste primeiro semestre de 2018 - Acrimat","robots":{"index":"index","follow":"follow","max-snippet":"max-snippet:-1","max-image-preview":"max-image-preview:large","max-video-preview":"max-video-preview:-1"},"canonical":"https:\/\/acrimat.org.br\/portal\/confinamento-nao-e-boa-opcao-neste-primeiro-semestre-de-2018\/","og_locale":"pt_BR","og_type":"article","og_title":"Confinamento n\u00e3o \u00e9 boa op\u00e7\u00e3o neste primeiro semestre de 2018 - Acrimat","og_description":"O confinamento deve dar preju\u00edzo para o pecuarista brasileiro no primeiro semestre de 2018, afirma a Associa\u00e7\u00e3o Nacional da Pecu\u00e1ria Intensiva (Assocon)","og_url":"https:\/\/acrimat.org.br\/portal\/confinamento-nao-e-boa-opcao-neste-primeiro-semestre-de-2018\/","og_site_name":"Acrimat","article_published_time":"2018-03-26T17:48:18+00:00","article_modified_time":"2018-03-26T17:55:45+00:00","og_image":[{"width":730,"height":502,"url":"https:\/\/acrimat.org.br\/portal\/wp-content\/uploads\/2017\/11\/confinamento5.jpg","type":"image\/jpeg"}],"author":"Assessoria de comunica\u00e7\u00e3o ACRIMAT","twitter_card":"summary_large_image","twitter_misc":{"Escrito por":"Assessoria de comunica\u00e7\u00e3o ACRIMAT","Est. tempo de leitura":"2 minutos"},"schema":{"@context":"https:\/\/schema.org","@graph":[{"@type":"Article","@id":"https:\/\/acrimat.org.br\/portal\/confinamento-nao-e-boa-opcao-neste-primeiro-semestre-de-2018\/#article","isPartOf":{"@id":"https:\/\/acrimat.org.br\/portal\/confinamento-nao-e-boa-opcao-neste-primeiro-semestre-de-2018\/"},"author":{"name":"Assessoria de comunica\u00e7\u00e3o ACRIMAT","@id":"https:\/\/acrimat.org.br\/portal\/#\/schema\/person\/a309b9496344ff991e8e1b1d751fdd7b"},"headline":"Confinamento n\u00e3o \u00e9 boa op\u00e7\u00e3o neste primeiro semestre de 2018","datePublished":"2018-03-26T17:48:18+00:00","dateModified":"2018-03-26T17:55:45+00:00","mainEntityOfPage":{"@id":"https:\/\/acrimat.org.br\/portal\/confinamento-nao-e-boa-opcao-neste-primeiro-semestre-de-2018\/"},"wordCount":494,"publisher":{"@id":"https:\/\/acrimat.org.br\/portal\/#organization"},"image":{"@id":"https:\/\/acrimat.org.br\/portal\/confinamento-nao-e-boa-opcao-neste-primeiro-semestre-de-2018\/#primaryimage"},"thumbnailUrl":"https:\/\/acrimat.org.br\/portal\/wp-content\/uploads\/2017\/11\/confinamento5.jpg","articleSection":["Destaques","Not\u00edcias"],"inLanguage":"pt-BR"},{"@type":"WebPage","@id":"https:\/\/acrimat.org.br\/portal\/confinamento-nao-e-boa-opcao-neste-primeiro-semestre-de-2018\/","url":"https:\/\/acrimat.org.br\/portal\/confinamento-nao-e-boa-opcao-neste-primeiro-semestre-de-2018\/","name":"Confinamento n\u00e3o \u00e9 boa op\u00e7\u00e3o neste primeiro semestre de 2018 - Acrimat","isPartOf":{"@id":"https:\/\/acrimat.org.br\/portal\/#website"},"primaryImageOfPage":{"@id":"https:\/\/acrimat.org.br\/portal\/confinamento-nao-e-boa-opcao-neste-primeiro-semestre-de-2018\/#primaryimage"},"image":{"@id":"https:\/\/acrimat.org.br\/portal\/confinamento-nao-e-boa-opcao-neste-primeiro-semestre-de-2018\/#primaryimage"},"thumbnailUrl":"https:\/\/acrimat.org.br\/portal\/wp-content\/uploads\/2017\/11\/confinamento5.jpg","datePublished":"2018-03-26T17:48:18+00:00","dateModified":"2018-03-26T17:55:45+00:00","breadcrumb":{"@id":"https:\/\/acrimat.org.br\/portal\/confinamento-nao-e-boa-opcao-neste-primeiro-semestre-de-2018\/#breadcrumb"},"inLanguage":"pt-BR","potentialAction":[{"@type":"ReadAction","target":["https:\/\/acrimat.org.br\/portal\/confinamento-nao-e-boa-opcao-neste-primeiro-semestre-de-2018\/"]}]},{"@type":"ImageObject","inLanguage":"pt-BR","@id":"https:\/\/acrimat.org.br\/portal\/confinamento-nao-e-boa-opcao-neste-primeiro-semestre-de-2018\/#primaryimage","url":"https:\/\/acrimat.org.br\/portal\/wp-content\/uploads\/2017\/11\/confinamento5.jpg","contentUrl":"https:\/\/acrimat.org.br\/portal\/wp-content\/uploads\/2017\/11\/confinamento5.jpg","width":730,"height":502},{"@type":"BreadcrumbList","@id":"https:\/\/acrimat.org.br\/portal\/confinamento-nao-e-boa-opcao-neste-primeiro-semestre-de-2018\/#breadcrumb","itemListElement":[{"@type":"ListItem","position":1,"name":"In\u00edcio","item":"https:\/\/acrimat.org.br\/portal\/"},{"@type":"ListItem","position":2,"name":"Confinamento n\u00e3o \u00e9 boa op\u00e7\u00e3o neste primeiro semestre de 2018"}]},{"@type":"WebSite","@id":"https:\/\/acrimat.org.br\/portal\/#website","url":"https:\/\/acrimat.org.br\/portal\/","name":"Acrimat","description":"Associa\u00e7\u00e3o dos Criadores de Mato Grosso","publisher":{"@id":"https:\/\/acrimat.org.br\/portal\/#organization"},"potentialAction":[{"@type":"SearchAction","target":{"@type":"EntryPoint","urlTemplate":"https:\/\/acrimat.org.br\/portal\/?s={search_term_string}"},"query-input":{"@type":"PropertyValueSpecification","valueRequired":true,"valueName":"search_term_string"}}],"inLanguage":"pt-BR"},{"@type":"Organization","@id":"https:\/\/acrimat.org.br\/portal\/#organization","name":"Associa\u00e7\u00e3o dos Criadores de Mato Grosso","url":"https:\/\/acrimat.org.br\/portal\/","logo":{"@type":"ImageObject","inLanguage":"pt-BR","@id":"https:\/\/acrimat.org.br\/portal\/#\/schema\/logo\/image\/","url":"https:\/\/acrimat.org.br\/portal\/wp-content\/uploads\/2018\/03\/logo-peq-original.png","contentUrl":"https:\/\/acrimat.org.br\/portal\/wp-content\/uploads\/2018\/03\/logo-peq-original.png","width":174,"height":171,"caption":"Associa\u00e7\u00e3o dos Criadores de Mato Grosso"},"image":{"@id":"https:\/\/acrimat.org.br\/portal\/#\/schema\/logo\/image\/"}},{"@type":"Person","@id":"https:\/\/acrimat.org.br\/portal\/#\/schema\/person\/a309b9496344ff991e8e1b1d751fdd7b","name":"Assessoria de comunica\u00e7\u00e3o ACRIMAT","image":{"@type":"ImageObject","inLanguage":"pt-BR","@id":"https:\/\/acrimat.org.br\/portal\/#\/schema\/person\/image\/","url":"https:\/\/secure.gravatar.com\/avatar\/2f9c28e64c317bcd762b25cb1575f1b4?s=96&d=mm&r=g","contentUrl":"https:\/\/secure.gravatar.com\/avatar\/2f9c28e64c317bcd762b25cb1575f1b4?s=96&d=mm&r=g","caption":"Assessoria de comunica\u00e7\u00e3o ACRIMAT"},"sameAs":["http:\/\/acrimat.org.br\/"],"url":"https:\/\/acrimat.org.br\/portal\/author\/ascom\/"}]}},"_links":{"self":[{"href":"https:\/\/acrimat.org.br\/portal\/wp-json\/wp\/v2\/posts\/97986685","targetHints":{"allow":["GET"]}}],"collection":[{"href":"https:\/\/acrimat.org.br\/portal\/wp-json\/wp\/v2\/posts"}],"about":[{"href":"https:\/\/acrimat.org.br\/portal\/wp-json\/wp\/v2\/types\/post"}],"author":[{"embeddable":true,"href":"https:\/\/acrimat.org.br\/portal\/wp-json\/wp\/v2\/users\/7"}],"replies":[{"embeddable":true,"href":"https:\/\/acrimat.org.br\/portal\/wp-json\/wp\/v2\/comments?post=97986685"}],"version-history":[{"count":1,"href":"https:\/\/acrimat.org.br\/portal\/wp-json\/wp\/v2\/posts\/97986685\/revisions"}],"predecessor-version":[{"id":97986686,"href":"https:\/\/acrimat.org.br\/portal\/wp-json\/wp\/v2\/posts\/97986685\/revisions\/97986686"}],"wp:featuredmedia":[{"embeddable":true,"href":"https:\/\/acrimat.org.br\/portal\/wp-json\/wp\/v2\/media\/97984851"}],"wp:attachment":[{"href":"https:\/\/acrimat.org.br\/portal\/wp-json\/wp\/v2\/media?parent=97986685"}],"wp:term":[{"taxonomy":"category","embeddable":true,"href":"https:\/\/acrimat.org.br\/portal\/wp-json\/wp\/v2\/categories?post=97986685"},{"taxonomy":"post_tag","embeddable":true,"href":"https:\/\/acrimat.org.br\/portal\/wp-json\/wp\/v2\/tags?post=97986685"}],"curies":[{"name":"wp","href":"https:\/\/api.w.org\/{rel}","templated":true}]}}