{"id":97986691,"date":"2018-03-27T17:37:12","date_gmt":"2018-03-27T20:37:12","guid":{"rendered":"http:\/\/acrimat.org.br\/portal\/?p=97986691"},"modified":"2018-03-27T17:37:12","modified_gmt":"2018-03-27T20:37:12","slug":"ruralistas-pressionam-stf-para-votacao-de-embargos-de-declaracao-do-funrural","status":"publish","type":"post","link":"https:\/\/acrimat.org.br\/portal\/ruralistas-pressionam-stf-para-votacao-de-embargos-de-declaracao-do-funrural\/","title":{"rendered":"Ruralistas pressionam STF para vota\u00e7\u00e3o de embargos de declara\u00e7\u00e3o do Funrural"},"content":{"rendered":"<p>A derrubada dos vetos do Funrural deve ser votada por deputados e senadores j\u00e1 na primeira quinzena de abril. No entanto, a Frente Parlamentar da Agropecu\u00e1ria (FPA) pretende fazer press\u00e3o para que o Supremo Tribunal Federal (STF) tome uma decis\u00e3o sobre os embargos de declara\u00e7\u00f5es que tratam da cobran\u00e7a.<\/p>\n<p>A deputada Tereza Cristina, que tamb\u00e9m \u00e9 a presidente da FPA, \u00a0confirmou ter procurado a presidente do STF, C\u00e1rmen L\u00facia, para cobrar o julgamento dos embargos. \u201cPedi para ela apreciar o nosso pedido, para que fosse colocado na pauta o mais r\u00e1pido poss\u00edvel o final dessa novela do Funrural. Sendo julgados esses embargos, traremos mais tranquilidade e seguran\u00e7a ao produtor, independentemente do resultado\u201d, falou a parlamentar.<\/p>\n<p>De acordo com a deputada, C\u00e1rmen L\u00facia disse que daria essa agenda, mas que ainda n\u00e3o conseguiram marcar uma data. \u201cEstou aguardando e falando com a assessoria dela, mas o meu pedido \u00e9 exatamente esse: para que se coloque na pauta a vota\u00e7\u00e3o\u201d, completou.<\/p>\n<p>A decis\u00e3o do STF continua sendo a de que o produtor tem que pagar o Funrural, mas para que a cobran\u00e7a somada aos retroativos fique menos pesada, o Congresso quer votar a derrubada dos vetos presidenciais da lei antes de 30 de abril, prazo final para ades\u00e3o ao refis.<\/p>\n<p>A bancada ruralista esperava que a vota\u00e7\u00e3o acontecesse no dia 3, mas deve ficar para 10 ou 12 de abril. \u201cO governo ajustou com o presidente do Congresso no sentido de que n\u00e3o se votaria nada em rela\u00e7\u00e3o a veto enquanto n\u00e3o houvesse acordo do refis das micro e pequenas empresas. Ent\u00e3o, n\u00f3s estamos nessa depend\u00eancia\u201d, falou o deputado federal Osmar Serraglio (MDB-PR).<\/p>\n<p>Tr\u00eas vetos s\u00e3o tratados como prioridade para derrubada: a cobran\u00e7a de 100% de multas e encargos do passivo; cobran\u00e7a em cascata, aquele em que o produtor paga o imposto em v\u00e1rias etapas produtivas e redu\u00e7\u00e3o da al\u00edquota para empresas, como aconteceu para pessoa f\u00edsica.<\/p>\n<p>Para derrubar os vetos, a sess\u00e3o precisa ser conjunta, com deputados e senadores, com o voto favor\u00e1vel da maioria. Parlamentares, no entanto, est\u00e3o confiantes. \u201cN\u00f3s temos mais de 60 senadores e at\u00e9 mesmo opositores possuem interesse em alguns pontos. Como renegocia\u00e7\u00e3o de d\u00edvidas dos pequenos produtores rurais da \u00e1rea da Sudene (Superintend\u00eancia do Desenvolvimento do Nordeste)\u201d, comentou o senador Cidinho Santos (PR-MT).<\/p>\n","protected":false},"excerpt":{"rendered":"<p>A derrubada dos vetos do Funrural deve ser votada por deputados e senadores j\u00e1 na primeira quinzena de abril.<\/p>\n","protected":false},"author":7,"featured_media":97985175,"comment_status":"closed","ping_status":"closed","sticky":false,"template":"","format":"standard","meta":{"footnotes":""},"categories":[6,1],"tags":[],"class_list":["post-97986691","post","type-post","status-publish","format-standard","has-post-thumbnail","hentry","category-destaque","category-noticia"],"yoast_head":"<!-- This site is optimized with the Yoast SEO plugin v24.8.1 - https:\/\/yoast.com\/wordpress\/plugins\/seo\/ -->\n<title>Ruralistas pressionam STF para vota\u00e7\u00e3o de embargos de declara\u00e7\u00e3o do Funrural - Acrimat<\/title>\n<meta name=\"robots\" content=\"index, follow, max-snippet:-1, max-image-preview:large, max-video-preview:-1\" \/>\n<link rel=\"canonical\" href=\"https:\/\/acrimat.org.br\/portal\/ruralistas-pressionam-stf-para-votacao-de-embargos-de-declaracao-do-funrural\/\" \/>\n<meta property=\"og:locale\" content=\"pt_BR\" \/>\n<meta property=\"og:type\" content=\"article\" \/>\n<meta property=\"og:title\" content=\"Ruralistas pressionam STF para vota\u00e7\u00e3o de embargos de declara\u00e7\u00e3o do Funrural - Acrimat\" \/>\n<meta property=\"og:description\" content=\"A derrubada dos vetos do Funrural deve ser votada por deputados e senadores j\u00e1 na primeira quinzena de abril.\" \/>\n<meta property=\"og:url\" content=\"https:\/\/acrimat.org.br\/portal\/ruralistas-pressionam-stf-para-votacao-de-embargos-de-declaracao-do-funrural\/\" \/>\n<meta property=\"og:site_name\" content=\"Acrimat\" \/>\n<meta property=\"article:published_time\" content=\"2018-03-27T20:37:12+00:00\" \/>\n<meta property=\"og:image\" content=\"https:\/\/acrimat.org.br\/portal\/wp-content\/uploads\/2017\/12\/agric_money1.jpg\" \/>\n\t<meta property=\"og:image:width\" content=\"500\" \/>\n\t<meta property=\"og:image:height\" content=\"341\" \/>\n\t<meta property=\"og:image:type\" content=\"image\/jpeg\" \/>\n<meta name=\"author\" content=\"Assessoria de comunica\u00e7\u00e3o ACRIMAT\" \/>\n<meta name=\"twitter:card\" content=\"summary_large_image\" \/>\n<meta name=\"twitter:label1\" content=\"Escrito por\" \/>\n\t<meta name=\"twitter:data1\" content=\"Assessoria de comunica\u00e7\u00e3o ACRIMAT\" \/>\n\t<meta name=\"twitter:label2\" content=\"Est. tempo de leitura\" \/>\n\t<meta name=\"twitter:data2\" content=\"2 minutos\" \/>\n<script type=\"application\/ld+json\" class=\"yoast-schema-graph\">{\"@context\":\"https:\/\/schema.org\",\"@graph\":[{\"@type\":\"Article\",\"@id\":\"https:\/\/acrimat.org.br\/portal\/ruralistas-pressionam-stf-para-votacao-de-embargos-de-declaracao-do-funrural\/#article\",\"isPartOf\":{\"@id\":\"https:\/\/acrimat.org.br\/portal\/ruralistas-pressionam-stf-para-votacao-de-embargos-de-declaracao-do-funrural\/\"},\"author\":{\"name\":\"Assessoria de comunica\u00e7\u00e3o ACRIMAT\",\"@id\":\"https:\/\/acrimat.org.br\/portal\/#\/schema\/person\/a309b9496344ff991e8e1b1d751fdd7b\"},\"headline\":\"Ruralistas pressionam STF para vota\u00e7\u00e3o de embargos de declara\u00e7\u00e3o do Funrural\",\"datePublished\":\"2018-03-27T20:37:12+00:00\",\"mainEntityOfPage\":{\"@id\":\"https:\/\/acrimat.org.br\/portal\/ruralistas-pressionam-stf-para-votacao-de-embargos-de-declaracao-do-funrural\/\"},\"wordCount\":422,\"publisher\":{\"@id\":\"https:\/\/acrimat.org.br\/portal\/#organization\"},\"image\":{\"@id\":\"https:\/\/acrimat.org.br\/portal\/ruralistas-pressionam-stf-para-votacao-de-embargos-de-declaracao-do-funrural\/#primaryimage\"},\"thumbnailUrl\":\"https:\/\/acrimat.org.br\/portal\/wp-content\/uploads\/2017\/12\/agric_money1.jpg\",\"articleSection\":[\"Destaques\",\"Not\u00edcias\"],\"inLanguage\":\"pt-BR\"},{\"@type\":\"WebPage\",\"@id\":\"https:\/\/acrimat.org.br\/portal\/ruralistas-pressionam-stf-para-votacao-de-embargos-de-declaracao-do-funrural\/\",\"url\":\"https:\/\/acrimat.org.br\/portal\/ruralistas-pressionam-stf-para-votacao-de-embargos-de-declaracao-do-funrural\/\",\"name\":\"Ruralistas pressionam STF para vota\u00e7\u00e3o de embargos de declara\u00e7\u00e3o do Funrural - Acrimat\",\"isPartOf\":{\"@id\":\"https:\/\/acrimat.org.br\/portal\/#website\"},\"primaryImageOfPage\":{\"@id\":\"https:\/\/acrimat.org.br\/portal\/ruralistas-pressionam-stf-para-votacao-de-embargos-de-declaracao-do-funrural\/#primaryimage\"},\"image\":{\"@id\":\"https:\/\/acrimat.org.br\/portal\/ruralistas-pressionam-stf-para-votacao-de-embargos-de-declaracao-do-funrural\/#primaryimage\"},\"thumbnailUrl\":\"https:\/\/acrimat.org.br\/portal\/wp-content\/uploads\/2017\/12\/agric_money1.jpg\",\"datePublished\":\"2018-03-27T20:37:12+00:00\",\"breadcrumb\":{\"@id\":\"https:\/\/acrimat.org.br\/portal\/ruralistas-pressionam-stf-para-votacao-de-embargos-de-declaracao-do-funrural\/#breadcrumb\"},\"inLanguage\":\"pt-BR\",\"potentialAction\":[{\"@type\":\"ReadAction\",\"target\":[\"https:\/\/acrimat.org.br\/portal\/ruralistas-pressionam-stf-para-votacao-de-embargos-de-declaracao-do-funrural\/\"]}]},{\"@type\":\"ImageObject\",\"inLanguage\":\"pt-BR\",\"@id\":\"https:\/\/acrimat.org.br\/portal\/ruralistas-pressionam-stf-para-votacao-de-embargos-de-declaracao-do-funrural\/#primaryimage\",\"url\":\"https:\/\/acrimat.org.br\/portal\/wp-content\/uploads\/2017\/12\/agric_money1.jpg\",\"contentUrl\":\"https:\/\/acrimat.org.br\/portal\/wp-content\/uploads\/2017\/12\/agric_money1.jpg\",\"width\":500,\"height\":341},{\"@type\":\"BreadcrumbList\",\"@id\":\"https:\/\/acrimat.org.br\/portal\/ruralistas-pressionam-stf-para-votacao-de-embargos-de-declaracao-do-funrural\/#breadcrumb\",\"itemListElement\":[{\"@type\":\"ListItem\",\"position\":1,\"name\":\"In\u00edcio\",\"item\":\"https:\/\/acrimat.org.br\/portal\/\"},{\"@type\":\"ListItem\",\"position\":2,\"name\":\"Ruralistas pressionam STF para vota\u00e7\u00e3o de embargos de declara\u00e7\u00e3o do Funrural\"}]},{\"@type\":\"WebSite\",\"@id\":\"https:\/\/acrimat.org.br\/portal\/#website\",\"url\":\"https:\/\/acrimat.org.br\/portal\/\",\"name\":\"Acrimat\",\"description\":\"Associa\u00e7\u00e3o dos Criadores de Mato Grosso\",\"publisher\":{\"@id\":\"https:\/\/acrimat.org.br\/portal\/#organization\"},\"potentialAction\":[{\"@type\":\"SearchAction\",\"target\":{\"@type\":\"EntryPoint\",\"urlTemplate\":\"https:\/\/acrimat.org.br\/portal\/?s={search_term_string}\"},\"query-input\":{\"@type\":\"PropertyValueSpecification\",\"valueRequired\":true,\"valueName\":\"search_term_string\"}}],\"inLanguage\":\"pt-BR\"},{\"@type\":\"Organization\",\"@id\":\"https:\/\/acrimat.org.br\/portal\/#organization\",\"name\":\"Associa\u00e7\u00e3o dos Criadores de Mato Grosso\",\"url\":\"https:\/\/acrimat.org.br\/portal\/\",\"logo\":{\"@type\":\"ImageObject\",\"inLanguage\":\"pt-BR\",\"@id\":\"https:\/\/acrimat.org.br\/portal\/#\/schema\/logo\/image\/\",\"url\":\"https:\/\/acrimat.org.br\/portal\/wp-content\/uploads\/2018\/03\/logo-peq-original.png\",\"contentUrl\":\"https:\/\/acrimat.org.br\/portal\/wp-content\/uploads\/2018\/03\/logo-peq-original.png\",\"width\":174,\"height\":171,\"caption\":\"Associa\u00e7\u00e3o dos Criadores de Mato Grosso\"},\"image\":{\"@id\":\"https:\/\/acrimat.org.br\/portal\/#\/schema\/logo\/image\/\"}},{\"@type\":\"Person\",\"@id\":\"https:\/\/acrimat.org.br\/portal\/#\/schema\/person\/a309b9496344ff991e8e1b1d751fdd7b\",\"name\":\"Assessoria de comunica\u00e7\u00e3o ACRIMAT\",\"image\":{\"@type\":\"ImageObject\",\"inLanguage\":\"pt-BR\",\"@id\":\"https:\/\/acrimat.org.br\/portal\/#\/schema\/person\/image\/\",\"url\":\"https:\/\/secure.gravatar.com\/avatar\/2f9c28e64c317bcd762b25cb1575f1b4?s=96&d=mm&r=g\",\"contentUrl\":\"https:\/\/secure.gravatar.com\/avatar\/2f9c28e64c317bcd762b25cb1575f1b4?s=96&d=mm&r=g\",\"caption\":\"Assessoria de comunica\u00e7\u00e3o ACRIMAT\"},\"sameAs\":[\"http:\/\/acrimat.org.br\/\"],\"url\":\"https:\/\/acrimat.org.br\/portal\/author\/ascom\/\"}]}<\/script>\n<!-- \/ Yoast SEO plugin. -->","yoast_head_json":{"title":"Ruralistas pressionam STF para vota\u00e7\u00e3o de embargos de declara\u00e7\u00e3o do Funrural - Acrimat","robots":{"index":"index","follow":"follow","max-snippet":"max-snippet:-1","max-image-preview":"max-image-preview:large","max-video-preview":"max-video-preview:-1"},"canonical":"https:\/\/acrimat.org.br\/portal\/ruralistas-pressionam-stf-para-votacao-de-embargos-de-declaracao-do-funrural\/","og_locale":"pt_BR","og_type":"article","og_title":"Ruralistas pressionam STF para vota\u00e7\u00e3o de embargos de declara\u00e7\u00e3o do Funrural - Acrimat","og_description":"A derrubada dos vetos do Funrural deve ser votada por deputados e senadores j\u00e1 na primeira quinzena de abril.","og_url":"https:\/\/acrimat.org.br\/portal\/ruralistas-pressionam-stf-para-votacao-de-embargos-de-declaracao-do-funrural\/","og_site_name":"Acrimat","article_published_time":"2018-03-27T20:37:12+00:00","og_image":[{"width":500,"height":341,"url":"https:\/\/acrimat.org.br\/portal\/wp-content\/uploads\/2017\/12\/agric_money1.jpg","type":"image\/jpeg"}],"author":"Assessoria de comunica\u00e7\u00e3o ACRIMAT","twitter_card":"summary_large_image","twitter_misc":{"Escrito por":"Assessoria de comunica\u00e7\u00e3o ACRIMAT","Est. tempo de leitura":"2 minutos"},"schema":{"@context":"https:\/\/schema.org","@graph":[{"@type":"Article","@id":"https:\/\/acrimat.org.br\/portal\/ruralistas-pressionam-stf-para-votacao-de-embargos-de-declaracao-do-funrural\/#article","isPartOf":{"@id":"https:\/\/acrimat.org.br\/portal\/ruralistas-pressionam-stf-para-votacao-de-embargos-de-declaracao-do-funrural\/"},"author":{"name":"Assessoria de comunica\u00e7\u00e3o ACRIMAT","@id":"https:\/\/acrimat.org.br\/portal\/#\/schema\/person\/a309b9496344ff991e8e1b1d751fdd7b"},"headline":"Ruralistas pressionam STF para vota\u00e7\u00e3o de embargos de declara\u00e7\u00e3o do Funrural","datePublished":"2018-03-27T20:37:12+00:00","mainEntityOfPage":{"@id":"https:\/\/acrimat.org.br\/portal\/ruralistas-pressionam-stf-para-votacao-de-embargos-de-declaracao-do-funrural\/"},"wordCount":422,"publisher":{"@id":"https:\/\/acrimat.org.br\/portal\/#organization"},"image":{"@id":"https:\/\/acrimat.org.br\/portal\/ruralistas-pressionam-stf-para-votacao-de-embargos-de-declaracao-do-funrural\/#primaryimage"},"thumbnailUrl":"https:\/\/acrimat.org.br\/portal\/wp-content\/uploads\/2017\/12\/agric_money1.jpg","articleSection":["Destaques","Not\u00edcias"],"inLanguage":"pt-BR"},{"@type":"WebPage","@id":"https:\/\/acrimat.org.br\/portal\/ruralistas-pressionam-stf-para-votacao-de-embargos-de-declaracao-do-funrural\/","url":"https:\/\/acrimat.org.br\/portal\/ruralistas-pressionam-stf-para-votacao-de-embargos-de-declaracao-do-funrural\/","name":"Ruralistas pressionam STF para vota\u00e7\u00e3o de embargos de declara\u00e7\u00e3o do Funrural - Acrimat","isPartOf":{"@id":"https:\/\/acrimat.org.br\/portal\/#website"},"primaryImageOfPage":{"@id":"https:\/\/acrimat.org.br\/portal\/ruralistas-pressionam-stf-para-votacao-de-embargos-de-declaracao-do-funrural\/#primaryimage"},"image":{"@id":"https:\/\/acrimat.org.br\/portal\/ruralistas-pressionam-stf-para-votacao-de-embargos-de-declaracao-do-funrural\/#primaryimage"},"thumbnailUrl":"https:\/\/acrimat.org.br\/portal\/wp-content\/uploads\/2017\/12\/agric_money1.jpg","datePublished":"2018-03-27T20:37:12+00:00","breadcrumb":{"@id":"https:\/\/acrimat.org.br\/portal\/ruralistas-pressionam-stf-para-votacao-de-embargos-de-declaracao-do-funrural\/#breadcrumb"},"inLanguage":"pt-BR","potentialAction":[{"@type":"ReadAction","target":["https:\/\/acrimat.org.br\/portal\/ruralistas-pressionam-stf-para-votacao-de-embargos-de-declaracao-do-funrural\/"]}]},{"@type":"ImageObject","inLanguage":"pt-BR","@id":"https:\/\/acrimat.org.br\/portal\/ruralistas-pressionam-stf-para-votacao-de-embargos-de-declaracao-do-funrural\/#primaryimage","url":"https:\/\/acrimat.org.br\/portal\/wp-content\/uploads\/2017\/12\/agric_money1.jpg","contentUrl":"https:\/\/acrimat.org.br\/portal\/wp-content\/uploads\/2017\/12\/agric_money1.jpg","width":500,"height":341},{"@type":"BreadcrumbList","@id":"https:\/\/acrimat.org.br\/portal\/ruralistas-pressionam-stf-para-votacao-de-embargos-de-declaracao-do-funrural\/#breadcrumb","itemListElement":[{"@type":"ListItem","position":1,"name":"In\u00edcio","item":"https:\/\/acrimat.org.br\/portal\/"},{"@type":"ListItem","position":2,"name":"Ruralistas pressionam STF para vota\u00e7\u00e3o de embargos de declara\u00e7\u00e3o do Funrural"}]},{"@type":"WebSite","@id":"https:\/\/acrimat.org.br\/portal\/#website","url":"https:\/\/acrimat.org.br\/portal\/","name":"Acrimat","description":"Associa\u00e7\u00e3o dos Criadores de Mato Grosso","publisher":{"@id":"https:\/\/acrimat.org.br\/portal\/#organization"},"potentialAction":[{"@type":"SearchAction","target":{"@type":"EntryPoint","urlTemplate":"https:\/\/acrimat.org.br\/portal\/?s={search_term_string}"},"query-input":{"@type":"PropertyValueSpecification","valueRequired":true,"valueName":"search_term_string"}}],"inLanguage":"pt-BR"},{"@type":"Organization","@id":"https:\/\/acrimat.org.br\/portal\/#organization","name":"Associa\u00e7\u00e3o dos Criadores de Mato Grosso","url":"https:\/\/acrimat.org.br\/portal\/","logo":{"@type":"ImageObject","inLanguage":"pt-BR","@id":"https:\/\/acrimat.org.br\/portal\/#\/schema\/logo\/image\/","url":"https:\/\/acrimat.org.br\/portal\/wp-content\/uploads\/2018\/03\/logo-peq-original.png","contentUrl":"https:\/\/acrimat.org.br\/portal\/wp-content\/uploads\/2018\/03\/logo-peq-original.png","width":174,"height":171,"caption":"Associa\u00e7\u00e3o dos Criadores de Mato Grosso"},"image":{"@id":"https:\/\/acrimat.org.br\/portal\/#\/schema\/logo\/image\/"}},{"@type":"Person","@id":"https:\/\/acrimat.org.br\/portal\/#\/schema\/person\/a309b9496344ff991e8e1b1d751fdd7b","name":"Assessoria de comunica\u00e7\u00e3o ACRIMAT","image":{"@type":"ImageObject","inLanguage":"pt-BR","@id":"https:\/\/acrimat.org.br\/portal\/#\/schema\/person\/image\/","url":"https:\/\/secure.gravatar.com\/avatar\/2f9c28e64c317bcd762b25cb1575f1b4?s=96&d=mm&r=g","contentUrl":"https:\/\/secure.gravatar.com\/avatar\/2f9c28e64c317bcd762b25cb1575f1b4?s=96&d=mm&r=g","caption":"Assessoria de comunica\u00e7\u00e3o ACRIMAT"},"sameAs":["http:\/\/acrimat.org.br\/"],"url":"https:\/\/acrimat.org.br\/portal\/author\/ascom\/"}]}},"_links":{"self":[{"href":"https:\/\/acrimat.org.br\/portal\/wp-json\/wp\/v2\/posts\/97986691","targetHints":{"allow":["GET"]}}],"collection":[{"href":"https:\/\/acrimat.org.br\/portal\/wp-json\/wp\/v2\/posts"}],"about":[{"href":"https:\/\/acrimat.org.br\/portal\/wp-json\/wp\/v2\/types\/post"}],"author":[{"embeddable":true,"href":"https:\/\/acrimat.org.br\/portal\/wp-json\/wp\/v2\/users\/7"}],"replies":[{"embeddable":true,"href":"https:\/\/acrimat.org.br\/portal\/wp-json\/wp\/v2\/comments?post=97986691"}],"version-history":[{"count":1,"href":"https:\/\/acrimat.org.br\/portal\/wp-json\/wp\/v2\/posts\/97986691\/revisions"}],"predecessor-version":[{"id":97986692,"href":"https:\/\/acrimat.org.br\/portal\/wp-json\/wp\/v2\/posts\/97986691\/revisions\/97986692"}],"wp:featuredmedia":[{"embeddable":true,"href":"https:\/\/acrimat.org.br\/portal\/wp-json\/wp\/v2\/media\/97985175"}],"wp:attachment":[{"href":"https:\/\/acrimat.org.br\/portal\/wp-json\/wp\/v2\/media?parent=97986691"}],"wp:term":[{"taxonomy":"category","embeddable":true,"href":"https:\/\/acrimat.org.br\/portal\/wp-json\/wp\/v2\/categories?post=97986691"},{"taxonomy":"post_tag","embeddable":true,"href":"https:\/\/acrimat.org.br\/portal\/wp-json\/wp\/v2\/tags?post=97986691"}],"curies":[{"name":"wp","href":"https:\/\/api.w.org\/{rel}","templated":true}]}}