{"id":97986693,"date":"2018-03-27T17:41:08","date_gmt":"2018-03-27T20:41:08","guid":{"rendered":"http:\/\/acrimat.org.br\/portal\/?p=97986693"},"modified":"2018-03-27T17:41:08","modified_gmt":"2018-03-27T20:41:08","slug":"temer-diz-que-putin-esta-disposto-a-avaliar-liberacao-de-carnes-brasileiras","status":"publish","type":"post","link":"https:\/\/acrimat.org.br\/portal\/temer-diz-que-putin-esta-disposto-a-avaliar-liberacao-de-carnes-brasileiras\/","title":{"rendered":"Temer diz que Putin est\u00e1 disposto a avaliar libera\u00e7\u00e3o de carnes brasileiras"},"content":{"rendered":"<p>O presidente Michel Temer disse nesta segunda-feira, dia 26, em evento da FecomercioSP que teve hoje uma conversa pelo telefone com o presidente da R\u00fassia, seu colega Vladimir Putin, sobre agroneg\u00f3cio, e mais especificamente sobre a quest\u00e3o das carnes.<\/p>\n<p>&#8220;Conversei hoje por telefone com o presidente Putin sobre quest\u00f5es do agroneg\u00f3cio e mais especificamente sobre a carne, que andou tendo alguns problemas. Ele se mostrou interessado e vai avaliar a quest\u00e3o&#8221;, disse Temer.<\/p>\n<p>O governo de Moscou aumentou as barreiras \u00e0s importa\u00e7\u00f5es de carnes brasileiras de bovinos e su\u00ednos em 1\u00ba de novembro do ano passado sob a alega\u00e7\u00e3o de ter detectado presen\u00e7a de ractopamina nas carnes, entre outros motivos.<\/p>\n<p>Desde ent\u00e3o autoridades sanit\u00e1rias russas t\u00eam proibido a entrada das carnes origin\u00e1rias do Brasil no seu pa\u00eds. De acordo com Temer, o presidente Putin ficou de examinar a quest\u00e3o.<\/p>\n<p>Ractopamina \u00e9 uma subst\u00e2ncia usada na ra\u00e7\u00e3o animal e atua como agente que produz o crescimento do animal. Embora a literatura\u00a0 veterin\u00e1ria assegure que a ractopamina n\u00e3o faz mal \u00e0 sa\u00fade humana, em alguns pa\u00edses ela \u00e9 proibida.<\/p>\n","protected":false},"excerpt":{"rendered":"<p>Governo de Moscou\u00a0aumentou barreiras\u00a0aos produtos c\u00e1rneos de bovinos e su\u00ednos do Brasil, alegando presen\u00e7a de\u00a0subst\u00e2ncia proibida, entre outras quest\u00f5es<\/p>\n","protected":false},"author":7,"featured_media":97985477,"comment_status":"closed","ping_status":"closed","sticky":false,"template":"","format":"standard","meta":{"footnotes":""},"categories":[6,1],"tags":[],"class_list":["post-97986693","post","type-post","status-publish","format-standard","has-post-thumbnail","hentry","category-destaque","category-noticia"],"yoast_head":"<!-- This site is optimized with the Yoast SEO plugin v24.8.1 - https:\/\/yoast.com\/wordpress\/plugins\/seo\/ -->\n<title>Temer diz que Putin est\u00e1 disposto a avaliar libera\u00e7\u00e3o de carnes brasileiras - Acrimat<\/title>\n<meta name=\"robots\" content=\"index, follow, max-snippet:-1, max-image-preview:large, max-video-preview:-1\" \/>\n<link rel=\"canonical\" href=\"https:\/\/acrimat.org.br\/portal\/temer-diz-que-putin-esta-disposto-a-avaliar-liberacao-de-carnes-brasileiras\/\" \/>\n<meta property=\"og:locale\" content=\"pt_BR\" \/>\n<meta property=\"og:type\" content=\"article\" \/>\n<meta property=\"og:title\" content=\"Temer diz que Putin est\u00e1 disposto a avaliar libera\u00e7\u00e3o de carnes brasileiras - Acrimat\" \/>\n<meta property=\"og:description\" content=\"Governo de Moscou\u00a0aumentou barreiras\u00a0aos produtos c\u00e1rneos de bovinos e su\u00ednos do Brasil, alegando presen\u00e7a de\u00a0subst\u00e2ncia proibida, entre outras quest\u00f5es\" \/>\n<meta property=\"og:url\" content=\"https:\/\/acrimat.org.br\/portal\/temer-diz-que-putin-esta-disposto-a-avaliar-liberacao-de-carnes-brasileiras\/\" \/>\n<meta property=\"og:site_name\" content=\"Acrimat\" \/>\n<meta property=\"article:published_time\" content=\"2018-03-27T20:41:08+00:00\" \/>\n<meta property=\"og:image\" content=\"https:\/\/acrimat.org.br\/portal\/wp-content\/uploads\/2018\/01\/frigorifico-672x372.jpg\" \/>\n\t<meta property=\"og:image:width\" content=\"672\" \/>\n\t<meta property=\"og:image:height\" content=\"372\" \/>\n\t<meta property=\"og:image:type\" content=\"image\/jpeg\" \/>\n<meta name=\"author\" content=\"Assessoria de comunica\u00e7\u00e3o ACRIMAT\" \/>\n<meta name=\"twitter:card\" content=\"summary_large_image\" \/>\n<meta name=\"twitter:label1\" content=\"Escrito por\" \/>\n\t<meta name=\"twitter:data1\" content=\"Assessoria de comunica\u00e7\u00e3o ACRIMAT\" \/>\n\t<meta name=\"twitter:label2\" content=\"Est. tempo de leitura\" \/>\n\t<meta name=\"twitter:data2\" content=\"1 minuto\" \/>\n<script type=\"application\/ld+json\" class=\"yoast-schema-graph\">{\"@context\":\"https:\/\/schema.org\",\"@graph\":[{\"@type\":\"Article\",\"@id\":\"https:\/\/acrimat.org.br\/portal\/temer-diz-que-putin-esta-disposto-a-avaliar-liberacao-de-carnes-brasileiras\/#article\",\"isPartOf\":{\"@id\":\"https:\/\/acrimat.org.br\/portal\/temer-diz-que-putin-esta-disposto-a-avaliar-liberacao-de-carnes-brasileiras\/\"},\"author\":{\"name\":\"Assessoria de comunica\u00e7\u00e3o ACRIMAT\",\"@id\":\"https:\/\/acrimat.org.br\/portal\/#\/schema\/person\/a309b9496344ff991e8e1b1d751fdd7b\"},\"headline\":\"Temer diz que Putin est\u00e1 disposto a avaliar libera\u00e7\u00e3o de carnes brasileiras\",\"datePublished\":\"2018-03-27T20:41:08+00:00\",\"mainEntityOfPage\":{\"@id\":\"https:\/\/acrimat.org.br\/portal\/temer-diz-que-putin-esta-disposto-a-avaliar-liberacao-de-carnes-brasileiras\/\"},\"wordCount\":207,\"publisher\":{\"@id\":\"https:\/\/acrimat.org.br\/portal\/#organization\"},\"image\":{\"@id\":\"https:\/\/acrimat.org.br\/portal\/temer-diz-que-putin-esta-disposto-a-avaliar-liberacao-de-carnes-brasileiras\/#primaryimage\"},\"thumbnailUrl\":\"https:\/\/acrimat.org.br\/portal\/wp-content\/uploads\/2018\/01\/frigorifico-672x372.jpg\",\"articleSection\":[\"Destaques\",\"Not\u00edcias\"],\"inLanguage\":\"pt-BR\"},{\"@type\":\"WebPage\",\"@id\":\"https:\/\/acrimat.org.br\/portal\/temer-diz-que-putin-esta-disposto-a-avaliar-liberacao-de-carnes-brasileiras\/\",\"url\":\"https:\/\/acrimat.org.br\/portal\/temer-diz-que-putin-esta-disposto-a-avaliar-liberacao-de-carnes-brasileiras\/\",\"name\":\"Temer diz que Putin est\u00e1 disposto a avaliar libera\u00e7\u00e3o de carnes brasileiras - Acrimat\",\"isPartOf\":{\"@id\":\"https:\/\/acrimat.org.br\/portal\/#website\"},\"primaryImageOfPage\":{\"@id\":\"https:\/\/acrimat.org.br\/portal\/temer-diz-que-putin-esta-disposto-a-avaliar-liberacao-de-carnes-brasileiras\/#primaryimage\"},\"image\":{\"@id\":\"https:\/\/acrimat.org.br\/portal\/temer-diz-que-putin-esta-disposto-a-avaliar-liberacao-de-carnes-brasileiras\/#primaryimage\"},\"thumbnailUrl\":\"https:\/\/acrimat.org.br\/portal\/wp-content\/uploads\/2018\/01\/frigorifico-672x372.jpg\",\"datePublished\":\"2018-03-27T20:41:08+00:00\",\"breadcrumb\":{\"@id\":\"https:\/\/acrimat.org.br\/portal\/temer-diz-que-putin-esta-disposto-a-avaliar-liberacao-de-carnes-brasileiras\/#breadcrumb\"},\"inLanguage\":\"pt-BR\",\"potentialAction\":[{\"@type\":\"ReadAction\",\"target\":[\"https:\/\/acrimat.org.br\/portal\/temer-diz-que-putin-esta-disposto-a-avaliar-liberacao-de-carnes-brasileiras\/\"]}]},{\"@type\":\"ImageObject\",\"inLanguage\":\"pt-BR\",\"@id\":\"https:\/\/acrimat.org.br\/portal\/temer-diz-que-putin-esta-disposto-a-avaliar-liberacao-de-carnes-brasileiras\/#primaryimage\",\"url\":\"https:\/\/acrimat.org.br\/portal\/wp-content\/uploads\/2018\/01\/frigorifico-672x372.jpg\",\"contentUrl\":\"https:\/\/acrimat.org.br\/portal\/wp-content\/uploads\/2018\/01\/frigorifico-672x372.jpg\",\"width\":672,\"height\":372},{\"@type\":\"BreadcrumbList\",\"@id\":\"https:\/\/acrimat.org.br\/portal\/temer-diz-que-putin-esta-disposto-a-avaliar-liberacao-de-carnes-brasileiras\/#breadcrumb\",\"itemListElement\":[{\"@type\":\"ListItem\",\"position\":1,\"name\":\"In\u00edcio\",\"item\":\"https:\/\/acrimat.org.br\/portal\/\"},{\"@type\":\"ListItem\",\"position\":2,\"name\":\"Temer diz que Putin est\u00e1 disposto a avaliar libera\u00e7\u00e3o de carnes brasileiras\"}]},{\"@type\":\"WebSite\",\"@id\":\"https:\/\/acrimat.org.br\/portal\/#website\",\"url\":\"https:\/\/acrimat.org.br\/portal\/\",\"name\":\"Acrimat\",\"description\":\"Associa\u00e7\u00e3o dos Criadores de Mato Grosso\",\"publisher\":{\"@id\":\"https:\/\/acrimat.org.br\/portal\/#organization\"},\"potentialAction\":[{\"@type\":\"SearchAction\",\"target\":{\"@type\":\"EntryPoint\",\"urlTemplate\":\"https:\/\/acrimat.org.br\/portal\/?s={search_term_string}\"},\"query-input\":{\"@type\":\"PropertyValueSpecification\",\"valueRequired\":true,\"valueName\":\"search_term_string\"}}],\"inLanguage\":\"pt-BR\"},{\"@type\":\"Organization\",\"@id\":\"https:\/\/acrimat.org.br\/portal\/#organization\",\"name\":\"Associa\u00e7\u00e3o dos Criadores de Mato Grosso\",\"url\":\"https:\/\/acrimat.org.br\/portal\/\",\"logo\":{\"@type\":\"ImageObject\",\"inLanguage\":\"pt-BR\",\"@id\":\"https:\/\/acrimat.org.br\/portal\/#\/schema\/logo\/image\/\",\"url\":\"https:\/\/acrimat.org.br\/portal\/wp-content\/uploads\/2018\/03\/logo-peq-original.png\",\"contentUrl\":\"https:\/\/acrimat.org.br\/portal\/wp-content\/uploads\/2018\/03\/logo-peq-original.png\",\"width\":174,\"height\":171,\"caption\":\"Associa\u00e7\u00e3o dos Criadores de Mato Grosso\"},\"image\":{\"@id\":\"https:\/\/acrimat.org.br\/portal\/#\/schema\/logo\/image\/\"}},{\"@type\":\"Person\",\"@id\":\"https:\/\/acrimat.org.br\/portal\/#\/schema\/person\/a309b9496344ff991e8e1b1d751fdd7b\",\"name\":\"Assessoria de comunica\u00e7\u00e3o ACRIMAT\",\"image\":{\"@type\":\"ImageObject\",\"inLanguage\":\"pt-BR\",\"@id\":\"https:\/\/acrimat.org.br\/portal\/#\/schema\/person\/image\/\",\"url\":\"https:\/\/secure.gravatar.com\/avatar\/2f9c28e64c317bcd762b25cb1575f1b4?s=96&d=mm&r=g\",\"contentUrl\":\"https:\/\/secure.gravatar.com\/avatar\/2f9c28e64c317bcd762b25cb1575f1b4?s=96&d=mm&r=g\",\"caption\":\"Assessoria de comunica\u00e7\u00e3o ACRIMAT\"},\"sameAs\":[\"http:\/\/acrimat.org.br\/\"],\"url\":\"https:\/\/acrimat.org.br\/portal\/author\/ascom\/\"}]}<\/script>\n<!-- \/ Yoast SEO plugin. -->","yoast_head_json":{"title":"Temer diz que Putin est\u00e1 disposto a avaliar libera\u00e7\u00e3o de carnes brasileiras - Acrimat","robots":{"index":"index","follow":"follow","max-snippet":"max-snippet:-1","max-image-preview":"max-image-preview:large","max-video-preview":"max-video-preview:-1"},"canonical":"https:\/\/acrimat.org.br\/portal\/temer-diz-que-putin-esta-disposto-a-avaliar-liberacao-de-carnes-brasileiras\/","og_locale":"pt_BR","og_type":"article","og_title":"Temer diz que Putin est\u00e1 disposto a avaliar libera\u00e7\u00e3o de carnes brasileiras - Acrimat","og_description":"Governo de Moscou\u00a0aumentou barreiras\u00a0aos produtos c\u00e1rneos de bovinos e su\u00ednos do Brasil, alegando presen\u00e7a de\u00a0subst\u00e2ncia proibida, entre outras quest\u00f5es","og_url":"https:\/\/acrimat.org.br\/portal\/temer-diz-que-putin-esta-disposto-a-avaliar-liberacao-de-carnes-brasileiras\/","og_site_name":"Acrimat","article_published_time":"2018-03-27T20:41:08+00:00","og_image":[{"width":672,"height":372,"url":"https:\/\/acrimat.org.br\/portal\/wp-content\/uploads\/2018\/01\/frigorifico-672x372.jpg","type":"image\/jpeg"}],"author":"Assessoria de comunica\u00e7\u00e3o ACRIMAT","twitter_card":"summary_large_image","twitter_misc":{"Escrito por":"Assessoria de comunica\u00e7\u00e3o ACRIMAT","Est. tempo de leitura":"1 minuto"},"schema":{"@context":"https:\/\/schema.org","@graph":[{"@type":"Article","@id":"https:\/\/acrimat.org.br\/portal\/temer-diz-que-putin-esta-disposto-a-avaliar-liberacao-de-carnes-brasileiras\/#article","isPartOf":{"@id":"https:\/\/acrimat.org.br\/portal\/temer-diz-que-putin-esta-disposto-a-avaliar-liberacao-de-carnes-brasileiras\/"},"author":{"name":"Assessoria de comunica\u00e7\u00e3o ACRIMAT","@id":"https:\/\/acrimat.org.br\/portal\/#\/schema\/person\/a309b9496344ff991e8e1b1d751fdd7b"},"headline":"Temer diz que Putin est\u00e1 disposto a avaliar libera\u00e7\u00e3o de carnes brasileiras","datePublished":"2018-03-27T20:41:08+00:00","mainEntityOfPage":{"@id":"https:\/\/acrimat.org.br\/portal\/temer-diz-que-putin-esta-disposto-a-avaliar-liberacao-de-carnes-brasileiras\/"},"wordCount":207,"publisher":{"@id":"https:\/\/acrimat.org.br\/portal\/#organization"},"image":{"@id":"https:\/\/acrimat.org.br\/portal\/temer-diz-que-putin-esta-disposto-a-avaliar-liberacao-de-carnes-brasileiras\/#primaryimage"},"thumbnailUrl":"https:\/\/acrimat.org.br\/portal\/wp-content\/uploads\/2018\/01\/frigorifico-672x372.jpg","articleSection":["Destaques","Not\u00edcias"],"inLanguage":"pt-BR"},{"@type":"WebPage","@id":"https:\/\/acrimat.org.br\/portal\/temer-diz-que-putin-esta-disposto-a-avaliar-liberacao-de-carnes-brasileiras\/","url":"https:\/\/acrimat.org.br\/portal\/temer-diz-que-putin-esta-disposto-a-avaliar-liberacao-de-carnes-brasileiras\/","name":"Temer diz que Putin est\u00e1 disposto a avaliar libera\u00e7\u00e3o de carnes brasileiras - Acrimat","isPartOf":{"@id":"https:\/\/acrimat.org.br\/portal\/#website"},"primaryImageOfPage":{"@id":"https:\/\/acrimat.org.br\/portal\/temer-diz-que-putin-esta-disposto-a-avaliar-liberacao-de-carnes-brasileiras\/#primaryimage"},"image":{"@id":"https:\/\/acrimat.org.br\/portal\/temer-diz-que-putin-esta-disposto-a-avaliar-liberacao-de-carnes-brasileiras\/#primaryimage"},"thumbnailUrl":"https:\/\/acrimat.org.br\/portal\/wp-content\/uploads\/2018\/01\/frigorifico-672x372.jpg","datePublished":"2018-03-27T20:41:08+00:00","breadcrumb":{"@id":"https:\/\/acrimat.org.br\/portal\/temer-diz-que-putin-esta-disposto-a-avaliar-liberacao-de-carnes-brasileiras\/#breadcrumb"},"inLanguage":"pt-BR","potentialAction":[{"@type":"ReadAction","target":["https:\/\/acrimat.org.br\/portal\/temer-diz-que-putin-esta-disposto-a-avaliar-liberacao-de-carnes-brasileiras\/"]}]},{"@type":"ImageObject","inLanguage":"pt-BR","@id":"https:\/\/acrimat.org.br\/portal\/temer-diz-que-putin-esta-disposto-a-avaliar-liberacao-de-carnes-brasileiras\/#primaryimage","url":"https:\/\/acrimat.org.br\/portal\/wp-content\/uploads\/2018\/01\/frigorifico-672x372.jpg","contentUrl":"https:\/\/acrimat.org.br\/portal\/wp-content\/uploads\/2018\/01\/frigorifico-672x372.jpg","width":672,"height":372},{"@type":"BreadcrumbList","@id":"https:\/\/acrimat.org.br\/portal\/temer-diz-que-putin-esta-disposto-a-avaliar-liberacao-de-carnes-brasileiras\/#breadcrumb","itemListElement":[{"@type":"ListItem","position":1,"name":"In\u00edcio","item":"https:\/\/acrimat.org.br\/portal\/"},{"@type":"ListItem","position":2,"name":"Temer diz que Putin est\u00e1 disposto a avaliar libera\u00e7\u00e3o de carnes brasileiras"}]},{"@type":"WebSite","@id":"https:\/\/acrimat.org.br\/portal\/#website","url":"https:\/\/acrimat.org.br\/portal\/","name":"Acrimat","description":"Associa\u00e7\u00e3o dos Criadores de Mato Grosso","publisher":{"@id":"https:\/\/acrimat.org.br\/portal\/#organization"},"potentialAction":[{"@type":"SearchAction","target":{"@type":"EntryPoint","urlTemplate":"https:\/\/acrimat.org.br\/portal\/?s={search_term_string}"},"query-input":{"@type":"PropertyValueSpecification","valueRequired":true,"valueName":"search_term_string"}}],"inLanguage":"pt-BR"},{"@type":"Organization","@id":"https:\/\/acrimat.org.br\/portal\/#organization","name":"Associa\u00e7\u00e3o dos Criadores de Mato Grosso","url":"https:\/\/acrimat.org.br\/portal\/","logo":{"@type":"ImageObject","inLanguage":"pt-BR","@id":"https:\/\/acrimat.org.br\/portal\/#\/schema\/logo\/image\/","url":"https:\/\/acrimat.org.br\/portal\/wp-content\/uploads\/2018\/03\/logo-peq-original.png","contentUrl":"https:\/\/acrimat.org.br\/portal\/wp-content\/uploads\/2018\/03\/logo-peq-original.png","width":174,"height":171,"caption":"Associa\u00e7\u00e3o dos Criadores de Mato Grosso"},"image":{"@id":"https:\/\/acrimat.org.br\/portal\/#\/schema\/logo\/image\/"}},{"@type":"Person","@id":"https:\/\/acrimat.org.br\/portal\/#\/schema\/person\/a309b9496344ff991e8e1b1d751fdd7b","name":"Assessoria de comunica\u00e7\u00e3o ACRIMAT","image":{"@type":"ImageObject","inLanguage":"pt-BR","@id":"https:\/\/acrimat.org.br\/portal\/#\/schema\/person\/image\/","url":"https:\/\/secure.gravatar.com\/avatar\/2f9c28e64c317bcd762b25cb1575f1b4?s=96&d=mm&r=g","contentUrl":"https:\/\/secure.gravatar.com\/avatar\/2f9c28e64c317bcd762b25cb1575f1b4?s=96&d=mm&r=g","caption":"Assessoria de comunica\u00e7\u00e3o ACRIMAT"},"sameAs":["http:\/\/acrimat.org.br\/"],"url":"https:\/\/acrimat.org.br\/portal\/author\/ascom\/"}]}},"_links":{"self":[{"href":"https:\/\/acrimat.org.br\/portal\/wp-json\/wp\/v2\/posts\/97986693","targetHints":{"allow":["GET"]}}],"collection":[{"href":"https:\/\/acrimat.org.br\/portal\/wp-json\/wp\/v2\/posts"}],"about":[{"href":"https:\/\/acrimat.org.br\/portal\/wp-json\/wp\/v2\/types\/post"}],"author":[{"embeddable":true,"href":"https:\/\/acrimat.org.br\/portal\/wp-json\/wp\/v2\/users\/7"}],"replies":[{"embeddable":true,"href":"https:\/\/acrimat.org.br\/portal\/wp-json\/wp\/v2\/comments?post=97986693"}],"version-history":[{"count":1,"href":"https:\/\/acrimat.org.br\/portal\/wp-json\/wp\/v2\/posts\/97986693\/revisions"}],"predecessor-version":[{"id":97986694,"href":"https:\/\/acrimat.org.br\/portal\/wp-json\/wp\/v2\/posts\/97986693\/revisions\/97986694"}],"wp:featuredmedia":[{"embeddable":true,"href":"https:\/\/acrimat.org.br\/portal\/wp-json\/wp\/v2\/media\/97985477"}],"wp:attachment":[{"href":"https:\/\/acrimat.org.br\/portal\/wp-json\/wp\/v2\/media?parent=97986693"}],"wp:term":[{"taxonomy":"category","embeddable":true,"href":"https:\/\/acrimat.org.br\/portal\/wp-json\/wp\/v2\/categories?post=97986693"},{"taxonomy":"post_tag","embeddable":true,"href":"https:\/\/acrimat.org.br\/portal\/wp-json\/wp\/v2\/tags?post=97986693"}],"curies":[{"name":"wp","href":"https:\/\/api.w.org\/{rel}","templated":true}]}}