{"id":97986695,"date":"2018-03-27T17:52:52","date_gmt":"2018-03-27T20:52:52","guid":{"rendered":"http:\/\/acrimat.org.br\/portal\/?p=97986695"},"modified":"2018-03-27T17:52:52","modified_gmt":"2018-03-27T20:52:52","slug":"agropecuaria-de-mt-reduz-investimentos","status":"publish","type":"post","link":"https:\/\/acrimat.org.br\/portal\/agropecuaria-de-mt-reduz-investimentos\/","title":{"rendered":"Agropecu\u00e1ria de MT reduz investimentos"},"content":{"rendered":"<p>Na expectativa de acessar recursos oficiais com juros menores em 2018, o setor agropecu\u00e1rio de Mato Grosso freou as contrata\u00e7\u00f5es junto ao Banco Nacional de Desenvolvimento Econ\u00f4mico (BNDES). At\u00e9 30 de junho, a institui\u00e7\u00e3o manter\u00e1 taxas compat\u00edveis ou superiores \u00e0 taxa b\u00e1sica de juros Selic, fixada em 6,5% ao ano pelo Comit\u00ea de Pol\u00edtica Monet\u00e1ria(Copom) na \u00faltima quarta-feira (21). No 1\u00ba bimestre deste ano, produtores rurais do Estado contrataram R$ 281,8 milh\u00f5es, cifra 22,2% inferior aos R$ 362,4 milh\u00f5es do mesmo per\u00edodo de 2017. O segmento \u00e9 o que mais capta recursos do BNDES, mas conteve os investimentos por causa dos juros cobrados, afirma a analista de Agricultura da Federa\u00e7\u00e3o da Agricultura e Pecu\u00e1ria (Famato), Karine Machado.<\/p>\n<p>Outro fator que coloca os produtores em compasso de espera para investir \u00e9 o cen\u00e1rio pol\u00edtico, acrescenta o produtor rural Adolfo Petry. Segundo ele, a incerteza sobre o desfecho no pleito eleitoral deste ano inibe financiamentos. \u201cAl\u00e9m disso, a taxa de juros cobrada pelo BNDES est\u00e1 acima da realidade do mercado financeiro\u201d, endossa. \u201cDesse jeito, como ele ir\u00e1 fomentar investimentos?\u201d. Como produtor rural, Petry j\u00e1 contratou opera\u00e7\u00f5es ao banco v\u00e1rias vezes, sendo a \u00faltima para aquisi\u00e7\u00e3o de equipamentos.<\/p>\n<p>Na linha de cr\u00e9dito Moderfrota, uma das mais acessadas pelos produtores, os juros cobrados variam de7,5% at\u00e9 10,5% ao ano. O menor percentual \u00e9 praticado para a compra de tratores, colheitadeiras, pulverizadores, plantadeiras e semeadoras por produtores com faturamento at\u00e9 R$ 90 milh\u00f5es. J\u00e1 a maior taxa, que chega a ser 61,5% maior que a atual Selic, \u00e9 praticada para os produtores com faturamento anual superior a R$ 90 milh\u00f5es.<\/p>\n<p>Est\u00e3o compat\u00edveis com a Selic as taxas fixadas at\u00e9 meados de 2018 para as linhas Inovagro e PCA, esta \u00faltima destinada ao financiamento de armaz\u00e9ns, tanto constru\u00e7\u00e3o quanto amplia\u00e7\u00e3o. Por sua vez, o Inovagro atende produtores que visam implementar inova\u00e7\u00f5es tecnol\u00f3gicas nas propriedades para melhorar a produtividade. A linha de cr\u00e9dito permite financiar equipamentos, material gen\u00e9tico, sistemas de gera\u00e7\u00e3o e distribui\u00e7\u00e3o de energia.<\/p>\n<p>Atualmente o governo normatiza as condi\u00e7\u00f5es para o Plano Agr\u00edcola e Pecu\u00e1rio (PAP) da safra 2018\/2019,que deve ser conclu\u00eddo pelo Minist\u00e9rio da Agricultura, Pecu\u00e1ria e Abastecimento (Mapa) este m\u00eas, segundo o secret\u00e1rio de Pol\u00edticas Agr\u00edcolas do Mapa, Neri Geller. A inten\u00e7\u00e3o \u00e9 reduzir as taxa de juros nas linhas operacionalizadas com recursos do BNDES. O PAP 2018\/2019 passa a valer em 1o de julho.<\/p>\n","protected":false},"excerpt":{"rendered":"<p>Setor agropecu\u00e1rio contratou R$ 80,6 milh\u00f5es a menos junto ao BNDES este ano<\/p>\n","protected":false},"author":7,"featured_media":97985175,"comment_status":"closed","ping_status":"closed","sticky":false,"template":"","format":"standard","meta":{"footnotes":""},"categories":[6,1],"tags":[],"class_list":["post-97986695","post","type-post","status-publish","format-standard","has-post-thumbnail","hentry","category-destaque","category-noticia"],"yoast_head":"<!-- This site is optimized with the Yoast SEO plugin v24.8.1 - https:\/\/yoast.com\/wordpress\/plugins\/seo\/ -->\n<title>Agropecu\u00e1ria de MT reduz investimentos - Acrimat<\/title>\n<meta name=\"robots\" content=\"index, follow, max-snippet:-1, max-image-preview:large, max-video-preview:-1\" \/>\n<link rel=\"canonical\" href=\"https:\/\/acrimat.org.br\/portal\/agropecuaria-de-mt-reduz-investimentos\/\" \/>\n<meta property=\"og:locale\" content=\"pt_BR\" \/>\n<meta property=\"og:type\" content=\"article\" \/>\n<meta property=\"og:title\" content=\"Agropecu\u00e1ria de MT reduz investimentos - Acrimat\" \/>\n<meta property=\"og:description\" content=\"Setor agropecu\u00e1rio contratou R$ 80,6 milh\u00f5es a menos junto ao BNDES este ano\" \/>\n<meta property=\"og:url\" content=\"https:\/\/acrimat.org.br\/portal\/agropecuaria-de-mt-reduz-investimentos\/\" \/>\n<meta property=\"og:site_name\" content=\"Acrimat\" \/>\n<meta property=\"article:published_time\" content=\"2018-03-27T20:52:52+00:00\" \/>\n<meta property=\"og:image\" content=\"https:\/\/acrimat.org.br\/portal\/wp-content\/uploads\/2017\/12\/agric_money1.jpg\" \/>\n\t<meta property=\"og:image:width\" content=\"500\" \/>\n\t<meta property=\"og:image:height\" content=\"341\" \/>\n\t<meta property=\"og:image:type\" content=\"image\/jpeg\" \/>\n<meta name=\"author\" content=\"Assessoria de comunica\u00e7\u00e3o ACRIMAT\" \/>\n<meta name=\"twitter:card\" content=\"summary_large_image\" \/>\n<meta name=\"twitter:label1\" content=\"Escrito por\" \/>\n\t<meta name=\"twitter:data1\" content=\"Assessoria de comunica\u00e7\u00e3o ACRIMAT\" \/>\n\t<meta name=\"twitter:label2\" content=\"Est. tempo de leitura\" \/>\n\t<meta name=\"twitter:data2\" content=\"2 minutos\" \/>\n<script type=\"application\/ld+json\" class=\"yoast-schema-graph\">{\"@context\":\"https:\/\/schema.org\",\"@graph\":[{\"@type\":\"Article\",\"@id\":\"https:\/\/acrimat.org.br\/portal\/agropecuaria-de-mt-reduz-investimentos\/#article\",\"isPartOf\":{\"@id\":\"https:\/\/acrimat.org.br\/portal\/agropecuaria-de-mt-reduz-investimentos\/\"},\"author\":{\"name\":\"Assessoria de comunica\u00e7\u00e3o ACRIMAT\",\"@id\":\"https:\/\/acrimat.org.br\/portal\/#\/schema\/person\/a309b9496344ff991e8e1b1d751fdd7b\"},\"headline\":\"Agropecu\u00e1ria de MT reduz investimentos\",\"datePublished\":\"2018-03-27T20:52:52+00:00\",\"mainEntityOfPage\":{\"@id\":\"https:\/\/acrimat.org.br\/portal\/agropecuaria-de-mt-reduz-investimentos\/\"},\"wordCount\":422,\"publisher\":{\"@id\":\"https:\/\/acrimat.org.br\/portal\/#organization\"},\"image\":{\"@id\":\"https:\/\/acrimat.org.br\/portal\/agropecuaria-de-mt-reduz-investimentos\/#primaryimage\"},\"thumbnailUrl\":\"https:\/\/acrimat.org.br\/portal\/wp-content\/uploads\/2017\/12\/agric_money1.jpg\",\"articleSection\":[\"Destaques\",\"Not\u00edcias\"],\"inLanguage\":\"pt-BR\"},{\"@type\":\"WebPage\",\"@id\":\"https:\/\/acrimat.org.br\/portal\/agropecuaria-de-mt-reduz-investimentos\/\",\"url\":\"https:\/\/acrimat.org.br\/portal\/agropecuaria-de-mt-reduz-investimentos\/\",\"name\":\"Agropecu\u00e1ria de MT reduz investimentos - Acrimat\",\"isPartOf\":{\"@id\":\"https:\/\/acrimat.org.br\/portal\/#website\"},\"primaryImageOfPage\":{\"@id\":\"https:\/\/acrimat.org.br\/portal\/agropecuaria-de-mt-reduz-investimentos\/#primaryimage\"},\"image\":{\"@id\":\"https:\/\/acrimat.org.br\/portal\/agropecuaria-de-mt-reduz-investimentos\/#primaryimage\"},\"thumbnailUrl\":\"https:\/\/acrimat.org.br\/portal\/wp-content\/uploads\/2017\/12\/agric_money1.jpg\",\"datePublished\":\"2018-03-27T20:52:52+00:00\",\"breadcrumb\":{\"@id\":\"https:\/\/acrimat.org.br\/portal\/agropecuaria-de-mt-reduz-investimentos\/#breadcrumb\"},\"inLanguage\":\"pt-BR\",\"potentialAction\":[{\"@type\":\"ReadAction\",\"target\":[\"https:\/\/acrimat.org.br\/portal\/agropecuaria-de-mt-reduz-investimentos\/\"]}]},{\"@type\":\"ImageObject\",\"inLanguage\":\"pt-BR\",\"@id\":\"https:\/\/acrimat.org.br\/portal\/agropecuaria-de-mt-reduz-investimentos\/#primaryimage\",\"url\":\"https:\/\/acrimat.org.br\/portal\/wp-content\/uploads\/2017\/12\/agric_money1.jpg\",\"contentUrl\":\"https:\/\/acrimat.org.br\/portal\/wp-content\/uploads\/2017\/12\/agric_money1.jpg\",\"width\":500,\"height\":341},{\"@type\":\"BreadcrumbList\",\"@id\":\"https:\/\/acrimat.org.br\/portal\/agropecuaria-de-mt-reduz-investimentos\/#breadcrumb\",\"itemListElement\":[{\"@type\":\"ListItem\",\"position\":1,\"name\":\"In\u00edcio\",\"item\":\"https:\/\/acrimat.org.br\/portal\/\"},{\"@type\":\"ListItem\",\"position\":2,\"name\":\"Agropecu\u00e1ria de MT reduz investimentos\"}]},{\"@type\":\"WebSite\",\"@id\":\"https:\/\/acrimat.org.br\/portal\/#website\",\"url\":\"https:\/\/acrimat.org.br\/portal\/\",\"name\":\"Acrimat\",\"description\":\"Associa\u00e7\u00e3o dos Criadores de Mato Grosso\",\"publisher\":{\"@id\":\"https:\/\/acrimat.org.br\/portal\/#organization\"},\"potentialAction\":[{\"@type\":\"SearchAction\",\"target\":{\"@type\":\"EntryPoint\",\"urlTemplate\":\"https:\/\/acrimat.org.br\/portal\/?s={search_term_string}\"},\"query-input\":{\"@type\":\"PropertyValueSpecification\",\"valueRequired\":true,\"valueName\":\"search_term_string\"}}],\"inLanguage\":\"pt-BR\"},{\"@type\":\"Organization\",\"@id\":\"https:\/\/acrimat.org.br\/portal\/#organization\",\"name\":\"Associa\u00e7\u00e3o dos Criadores de Mato Grosso\",\"url\":\"https:\/\/acrimat.org.br\/portal\/\",\"logo\":{\"@type\":\"ImageObject\",\"inLanguage\":\"pt-BR\",\"@id\":\"https:\/\/acrimat.org.br\/portal\/#\/schema\/logo\/image\/\",\"url\":\"https:\/\/acrimat.org.br\/portal\/wp-content\/uploads\/2018\/03\/logo-peq-original.png\",\"contentUrl\":\"https:\/\/acrimat.org.br\/portal\/wp-content\/uploads\/2018\/03\/logo-peq-original.png\",\"width\":174,\"height\":171,\"caption\":\"Associa\u00e7\u00e3o dos Criadores de Mato Grosso\"},\"image\":{\"@id\":\"https:\/\/acrimat.org.br\/portal\/#\/schema\/logo\/image\/\"}},{\"@type\":\"Person\",\"@id\":\"https:\/\/acrimat.org.br\/portal\/#\/schema\/person\/a309b9496344ff991e8e1b1d751fdd7b\",\"name\":\"Assessoria de comunica\u00e7\u00e3o ACRIMAT\",\"image\":{\"@type\":\"ImageObject\",\"inLanguage\":\"pt-BR\",\"@id\":\"https:\/\/acrimat.org.br\/portal\/#\/schema\/person\/image\/\",\"url\":\"https:\/\/secure.gravatar.com\/avatar\/2f9c28e64c317bcd762b25cb1575f1b4?s=96&d=mm&r=g\",\"contentUrl\":\"https:\/\/secure.gravatar.com\/avatar\/2f9c28e64c317bcd762b25cb1575f1b4?s=96&d=mm&r=g\",\"caption\":\"Assessoria de comunica\u00e7\u00e3o ACRIMAT\"},\"sameAs\":[\"http:\/\/acrimat.org.br\/\"],\"url\":\"https:\/\/acrimat.org.br\/portal\/author\/ascom\/\"}]}<\/script>\n<!-- \/ Yoast SEO plugin. -->","yoast_head_json":{"title":"Agropecu\u00e1ria de MT reduz investimentos - Acrimat","robots":{"index":"index","follow":"follow","max-snippet":"max-snippet:-1","max-image-preview":"max-image-preview:large","max-video-preview":"max-video-preview:-1"},"canonical":"https:\/\/acrimat.org.br\/portal\/agropecuaria-de-mt-reduz-investimentos\/","og_locale":"pt_BR","og_type":"article","og_title":"Agropecu\u00e1ria de MT reduz investimentos - Acrimat","og_description":"Setor agropecu\u00e1rio contratou R$ 80,6 milh\u00f5es a menos junto ao BNDES este ano","og_url":"https:\/\/acrimat.org.br\/portal\/agropecuaria-de-mt-reduz-investimentos\/","og_site_name":"Acrimat","article_published_time":"2018-03-27T20:52:52+00:00","og_image":[{"width":500,"height":341,"url":"https:\/\/acrimat.org.br\/portal\/wp-content\/uploads\/2017\/12\/agric_money1.jpg","type":"image\/jpeg"}],"author":"Assessoria de comunica\u00e7\u00e3o ACRIMAT","twitter_card":"summary_large_image","twitter_misc":{"Escrito por":"Assessoria de comunica\u00e7\u00e3o ACRIMAT","Est. tempo de leitura":"2 minutos"},"schema":{"@context":"https:\/\/schema.org","@graph":[{"@type":"Article","@id":"https:\/\/acrimat.org.br\/portal\/agropecuaria-de-mt-reduz-investimentos\/#article","isPartOf":{"@id":"https:\/\/acrimat.org.br\/portal\/agropecuaria-de-mt-reduz-investimentos\/"},"author":{"name":"Assessoria de comunica\u00e7\u00e3o ACRIMAT","@id":"https:\/\/acrimat.org.br\/portal\/#\/schema\/person\/a309b9496344ff991e8e1b1d751fdd7b"},"headline":"Agropecu\u00e1ria de MT reduz investimentos","datePublished":"2018-03-27T20:52:52+00:00","mainEntityOfPage":{"@id":"https:\/\/acrimat.org.br\/portal\/agropecuaria-de-mt-reduz-investimentos\/"},"wordCount":422,"publisher":{"@id":"https:\/\/acrimat.org.br\/portal\/#organization"},"image":{"@id":"https:\/\/acrimat.org.br\/portal\/agropecuaria-de-mt-reduz-investimentos\/#primaryimage"},"thumbnailUrl":"https:\/\/acrimat.org.br\/portal\/wp-content\/uploads\/2017\/12\/agric_money1.jpg","articleSection":["Destaques","Not\u00edcias"],"inLanguage":"pt-BR"},{"@type":"WebPage","@id":"https:\/\/acrimat.org.br\/portal\/agropecuaria-de-mt-reduz-investimentos\/","url":"https:\/\/acrimat.org.br\/portal\/agropecuaria-de-mt-reduz-investimentos\/","name":"Agropecu\u00e1ria de MT reduz investimentos - Acrimat","isPartOf":{"@id":"https:\/\/acrimat.org.br\/portal\/#website"},"primaryImageOfPage":{"@id":"https:\/\/acrimat.org.br\/portal\/agropecuaria-de-mt-reduz-investimentos\/#primaryimage"},"image":{"@id":"https:\/\/acrimat.org.br\/portal\/agropecuaria-de-mt-reduz-investimentos\/#primaryimage"},"thumbnailUrl":"https:\/\/acrimat.org.br\/portal\/wp-content\/uploads\/2017\/12\/agric_money1.jpg","datePublished":"2018-03-27T20:52:52+00:00","breadcrumb":{"@id":"https:\/\/acrimat.org.br\/portal\/agropecuaria-de-mt-reduz-investimentos\/#breadcrumb"},"inLanguage":"pt-BR","potentialAction":[{"@type":"ReadAction","target":["https:\/\/acrimat.org.br\/portal\/agropecuaria-de-mt-reduz-investimentos\/"]}]},{"@type":"ImageObject","inLanguage":"pt-BR","@id":"https:\/\/acrimat.org.br\/portal\/agropecuaria-de-mt-reduz-investimentos\/#primaryimage","url":"https:\/\/acrimat.org.br\/portal\/wp-content\/uploads\/2017\/12\/agric_money1.jpg","contentUrl":"https:\/\/acrimat.org.br\/portal\/wp-content\/uploads\/2017\/12\/agric_money1.jpg","width":500,"height":341},{"@type":"BreadcrumbList","@id":"https:\/\/acrimat.org.br\/portal\/agropecuaria-de-mt-reduz-investimentos\/#breadcrumb","itemListElement":[{"@type":"ListItem","position":1,"name":"In\u00edcio","item":"https:\/\/acrimat.org.br\/portal\/"},{"@type":"ListItem","position":2,"name":"Agropecu\u00e1ria de MT reduz investimentos"}]},{"@type":"WebSite","@id":"https:\/\/acrimat.org.br\/portal\/#website","url":"https:\/\/acrimat.org.br\/portal\/","name":"Acrimat","description":"Associa\u00e7\u00e3o dos Criadores de Mato Grosso","publisher":{"@id":"https:\/\/acrimat.org.br\/portal\/#organization"},"potentialAction":[{"@type":"SearchAction","target":{"@type":"EntryPoint","urlTemplate":"https:\/\/acrimat.org.br\/portal\/?s={search_term_string}"},"query-input":{"@type":"PropertyValueSpecification","valueRequired":true,"valueName":"search_term_string"}}],"inLanguage":"pt-BR"},{"@type":"Organization","@id":"https:\/\/acrimat.org.br\/portal\/#organization","name":"Associa\u00e7\u00e3o dos Criadores de Mato Grosso","url":"https:\/\/acrimat.org.br\/portal\/","logo":{"@type":"ImageObject","inLanguage":"pt-BR","@id":"https:\/\/acrimat.org.br\/portal\/#\/schema\/logo\/image\/","url":"https:\/\/acrimat.org.br\/portal\/wp-content\/uploads\/2018\/03\/logo-peq-original.png","contentUrl":"https:\/\/acrimat.org.br\/portal\/wp-content\/uploads\/2018\/03\/logo-peq-original.png","width":174,"height":171,"caption":"Associa\u00e7\u00e3o dos Criadores de Mato Grosso"},"image":{"@id":"https:\/\/acrimat.org.br\/portal\/#\/schema\/logo\/image\/"}},{"@type":"Person","@id":"https:\/\/acrimat.org.br\/portal\/#\/schema\/person\/a309b9496344ff991e8e1b1d751fdd7b","name":"Assessoria de comunica\u00e7\u00e3o ACRIMAT","image":{"@type":"ImageObject","inLanguage":"pt-BR","@id":"https:\/\/acrimat.org.br\/portal\/#\/schema\/person\/image\/","url":"https:\/\/secure.gravatar.com\/avatar\/2f9c28e64c317bcd762b25cb1575f1b4?s=96&d=mm&r=g","contentUrl":"https:\/\/secure.gravatar.com\/avatar\/2f9c28e64c317bcd762b25cb1575f1b4?s=96&d=mm&r=g","caption":"Assessoria de comunica\u00e7\u00e3o ACRIMAT"},"sameAs":["http:\/\/acrimat.org.br\/"],"url":"https:\/\/acrimat.org.br\/portal\/author\/ascom\/"}]}},"_links":{"self":[{"href":"https:\/\/acrimat.org.br\/portal\/wp-json\/wp\/v2\/posts\/97986695","targetHints":{"allow":["GET"]}}],"collection":[{"href":"https:\/\/acrimat.org.br\/portal\/wp-json\/wp\/v2\/posts"}],"about":[{"href":"https:\/\/acrimat.org.br\/portal\/wp-json\/wp\/v2\/types\/post"}],"author":[{"embeddable":true,"href":"https:\/\/acrimat.org.br\/portal\/wp-json\/wp\/v2\/users\/7"}],"replies":[{"embeddable":true,"href":"https:\/\/acrimat.org.br\/portal\/wp-json\/wp\/v2\/comments?post=97986695"}],"version-history":[{"count":1,"href":"https:\/\/acrimat.org.br\/portal\/wp-json\/wp\/v2\/posts\/97986695\/revisions"}],"predecessor-version":[{"id":97986696,"href":"https:\/\/acrimat.org.br\/portal\/wp-json\/wp\/v2\/posts\/97986695\/revisions\/97986696"}],"wp:featuredmedia":[{"embeddable":true,"href":"https:\/\/acrimat.org.br\/portal\/wp-json\/wp\/v2\/media\/97985175"}],"wp:attachment":[{"href":"https:\/\/acrimat.org.br\/portal\/wp-json\/wp\/v2\/media?parent=97986695"}],"wp:term":[{"taxonomy":"category","embeddable":true,"href":"https:\/\/acrimat.org.br\/portal\/wp-json\/wp\/v2\/categories?post=97986695"},{"taxonomy":"post_tag","embeddable":true,"href":"https:\/\/acrimat.org.br\/portal\/wp-json\/wp\/v2\/tags?post=97986695"}],"curies":[{"name":"wp","href":"https:\/\/api.w.org\/{rel}","templated":true}]}}