{"id":97986697,"date":"2018-03-27T17:58:27","date_gmt":"2018-03-27T20:58:27","guid":{"rendered":"http:\/\/acrimat.org.br\/portal\/?p=97986697"},"modified":"2018-03-27T17:58:27","modified_gmt":"2018-03-27T20:58:27","slug":"cuiaba-mt-abre-intercorte-2018-nos-dias-12-e-13-de-abril","status":"publish","type":"post","link":"https:\/\/acrimat.org.br\/portal\/cuiaba-mt-abre-intercorte-2018-nos-dias-12-e-13-de-abril\/","title":{"rendered":"Cuiab\u00e1 (MT) abre InterCorte 2018 nos dias 12 e 13 de abril"},"content":{"rendered":"<p>O estado do Mato Grosso possui o maior n\u00famero de bovinos no pa\u00eds, com registro de 30,3 milh\u00f5es de cabe\u00e7as, quase 14% do total brasileiro. Tendo em vista a import\u00e2ncia do estado para a pecu\u00e1ria brasileira, a capital mato-grossense ser\u00e1 o palco da primeira etapa da InterCorte 2018, evento que percorre de forma itinerante h\u00e1 seis anos os principais polos de produ\u00e7\u00e3o pecu\u00e1ria do Brasil.<\/p>\n<p>Neste ano, a etapa em Cuiab\u00e1 (MT) ser\u00e1 realizada nos dias 12 e 13 de abril, em novo local. O Cenarium Rural, do Sistema Famato, ser\u00e1 a sede dos pecuaristas durante o evento. &#8220;O centro de eventos possui privilegiada vis\u00e3o panor\u00e2mica da cidade, bem localizado e \u00e9 totalmente refrigerado. Al\u00e9m disso, conta com estacionamento para mais de 400 ve\u00edculos, sal\u00e3o principal com 2.032 metros quadrados e capacidade para at\u00e9 duas mil pessoas&#8221;, destaca Carla Tuccilio, diretora do Terraviva Eventos, empresa respons\u00e1vel pela realiza\u00e7\u00e3o da InterCorte.<\/p>\n<p>A programa\u00e7\u00e3o nos dois dias de evento ser\u00e1 dividida em quatro blocos tem\u00e1ticos: Produzir mais carne, que ir\u00e1 demonstrar que a efici\u00eancia t\u00e9cnica gera maiores ganhos, tendo o conceito de produzir mais em menos; Inova\u00e7\u00e3o, que pretende abordar junto ao produtor m\u00e9todos e t\u00e9cnicas novas da chamada quarta revolu\u00e7\u00e3o; Vender Mais e Vender Melhor, que apresentar\u00e1 ao produtor meios e subs\u00eddios para melhorar o mercado da carne; e Comunica\u00e7\u00e3o, que promover\u00e1 o debate com o produtor sobre a habilidade de comunica\u00e7\u00e3o, como o produtor divulga seus resultados e a\u00e7\u00f5es, e como a sociedade enxerga o Agroneg\u00f3cio.<\/p>\n<p>Dentre os palestrantes confirmados para a etapa est\u00e3o nomes renomados como Gustavo Siqueira, Marcio Bonin, Rog\u00e9rio Peres, Prof. Renato Dib, Diede Loureiro, Alexandre Zadra, Juliana Ferragute, Ot\u00e1vio Celidonio, entre outros. &#8220;Falamos muito nos eventos sobre como produzir com efici\u00eancia, por\u00e9m se essa efici\u00eancia n\u00e3o vier acompanhada de decis\u00f5es assertivas na hora de comercializar, seja em qual for o momento do processo produtivo, o sistema sempre ser\u00e1 falho, principalmente no que se refere \u00e0 rentabilidade. A ideia \u00e9levar o produtor a refletir sobre as melhores escolhas e caminhos para o seu neg\u00f3cio&#8221;, prop\u00f5e Carla.<\/p>\n<p>&#8220;A InterCorte traz para o debate alguns pilares indispens\u00e1veis para nossoneg\u00f3cio. Para isso, ser\u00e3o mostradas algumas das ferramentas tecnol\u00f3gicas quepodem tornar a produ\u00e7\u00e3o mais sustent\u00e1vel e rent\u00e1vel. Temos muitas possibilidades que ainda n\u00e3o s\u00e3o de conhecimento dos produtores e que ser\u00e3o colocados em pauta durante o evento. Este ano, a InterCorte far\u00e1 um giro pelos principais temas que envolvem o mercado da carne e trar\u00e1 informa\u00e7\u00f5es importantes para os produtores do nosso estado&#8221;, afirma o presidente da Acrimat (Associa\u00e7\u00e3o dos Criadores de Mato Grosso), Marco T\u00falio Duarte Soares.<\/p>\n<p>Al\u00e9m do workshop, o evento conta com uma feira de neg\u00f3cios, onde o p\u00fablico poder\u00e1 conferir as novidades tecnol\u00f3gicas oferecidas por empresas de refer\u00eancia do setor. J\u00e1 est\u00e3o confirmadas as empresas da Marfrig, Minerva, Cargill-Nutron, ABS Pecplan, ACRIVALE, Agroceres, Allflex, Beckhauser, Campo Ra\u00e7\u00f5es, Connan, FAZEN, GENEX, Oligobasics, Panucci, Sistema Famato, Rubbertank e Hedge Agro.<\/p>\n<p><strong>Sobre a InterCorte<\/strong><\/p>\n<p>Desde a sua cria\u00e7\u00e3o em 2012, a InterCorte j\u00e1 contou com a participa\u00e7\u00e3ode mais de 27 mil pessoas, a maior parte pecuaristas, em eventos que percorrem algumas das principais regi\u00f5es pecu\u00e1rias do Pa\u00eds para levar informa\u00e7\u00e3o, conhecimento e tecnologia.<\/p>\n<p><strong>Al\u00e9m de Cuiab\u00e1, a edi\u00e7\u00e3o de 2018 passar\u00e1 por Marab\u00e1 (PA) e S\u00e3o Paulo (SP).<\/strong><\/p>\n<p>A InterCorte faz parte do &#8220;Integrar para Crescer&#8221;, plataforma de comunica\u00e7\u00e3o que envolve eventos e a\u00e7\u00f5es com o intuito de disseminar informa\u00e7\u00e3o de qualidade, reverberando os temas e discuss\u00f5es relevantes ao setor. Al\u00e9m da InterCorte, a plataforma ainda promove a\u00e7\u00f5es como o movimento #SomosdaCarne, a Beef Week, &#8220;Voc\u00ea Sabia&#8221; e &#8220;Caminho do Boi&#8221;, visando sempreo crescimento e fortalecimento do agroneg\u00f3cio no Brasil. Com informa\u00e7\u00f5es da assessoria de imprensa da InterCorte.<\/p>\n","protected":false},"excerpt":{"rendered":"<p>Evento percorre de forma itinerante h\u00e1 seis anos os principais polos de produ\u00e7\u00e3o pecu\u00e1ria do Brasil.<\/p>\n","protected":false},"author":7,"featured_media":97986201,"comment_status":"closed","ping_status":"closed","sticky":false,"template":"","format":"standard","meta":{"footnotes":""},"categories":[6,1],"tags":[],"class_list":["post-97986697","post","type-post","status-publish","format-standard","has-post-thumbnail","hentry","category-destaque","category-noticia"],"yoast_head":"<!-- This site is optimized with the Yoast SEO plugin v24.8.1 - https:\/\/yoast.com\/wordpress\/plugins\/seo\/ -->\n<title>Cuiab\u00e1 (MT) abre InterCorte 2018 nos dias 12 e 13 de abril - Acrimat<\/title>\n<meta name=\"robots\" content=\"index, follow, max-snippet:-1, max-image-preview:large, max-video-preview:-1\" \/>\n<link rel=\"canonical\" href=\"https:\/\/acrimat.org.br\/portal\/cuiaba-mt-abre-intercorte-2018-nos-dias-12-e-13-de-abril\/\" \/>\n<meta property=\"og:locale\" content=\"pt_BR\" \/>\n<meta property=\"og:type\" content=\"article\" \/>\n<meta property=\"og:title\" content=\"Cuiab\u00e1 (MT) abre InterCorte 2018 nos dias 12 e 13 de abril - Acrimat\" \/>\n<meta property=\"og:description\" content=\"Evento percorre de forma itinerante h\u00e1 seis anos os principais polos de produ\u00e7\u00e3o pecu\u00e1ria do Brasil.\" \/>\n<meta property=\"og:url\" content=\"https:\/\/acrimat.org.br\/portal\/cuiaba-mt-abre-intercorte-2018-nos-dias-12-e-13-de-abril\/\" \/>\n<meta property=\"og:site_name\" content=\"Acrimat\" \/>\n<meta property=\"article:published_time\" content=\"2018-03-27T20:58:27+00:00\" \/>\n<meta property=\"og:image\" content=\"https:\/\/acrimat.org.br\/portal\/wp-content\/uploads\/2018\/03\/elf2421-e1519929424313.jpg\" \/>\n\t<meta property=\"og:image:width\" content=\"2016\" \/>\n\t<meta property=\"og:image:height\" content=\"1346\" \/>\n\t<meta property=\"og:image:type\" content=\"image\/jpeg\" \/>\n<meta name=\"author\" content=\"Assessoria de comunica\u00e7\u00e3o ACRIMAT\" \/>\n<meta name=\"twitter:card\" content=\"summary_large_image\" \/>\n<meta name=\"twitter:label1\" content=\"Escrito por\" \/>\n\t<meta name=\"twitter:data1\" content=\"Assessoria de comunica\u00e7\u00e3o ACRIMAT\" \/>\n\t<meta name=\"twitter:label2\" content=\"Est. tempo de leitura\" \/>\n\t<meta name=\"twitter:data2\" content=\"3 minutos\" \/>\n<script type=\"application\/ld+json\" class=\"yoast-schema-graph\">{\"@context\":\"https:\/\/schema.org\",\"@graph\":[{\"@type\":\"Article\",\"@id\":\"https:\/\/acrimat.org.br\/portal\/cuiaba-mt-abre-intercorte-2018-nos-dias-12-e-13-de-abril\/#article\",\"isPartOf\":{\"@id\":\"https:\/\/acrimat.org.br\/portal\/cuiaba-mt-abre-intercorte-2018-nos-dias-12-e-13-de-abril\/\"},\"author\":{\"name\":\"Assessoria de comunica\u00e7\u00e3o ACRIMAT\",\"@id\":\"https:\/\/acrimat.org.br\/portal\/#\/schema\/person\/a309b9496344ff991e8e1b1d751fdd7b\"},\"headline\":\"Cuiab\u00e1 (MT) abre InterCorte 2018 nos dias 12 e 13 de abril\",\"datePublished\":\"2018-03-27T20:58:27+00:00\",\"mainEntityOfPage\":{\"@id\":\"https:\/\/acrimat.org.br\/portal\/cuiaba-mt-abre-intercorte-2018-nos-dias-12-e-13-de-abril\/\"},\"wordCount\":680,\"publisher\":{\"@id\":\"https:\/\/acrimat.org.br\/portal\/#organization\"},\"image\":{\"@id\":\"https:\/\/acrimat.org.br\/portal\/cuiaba-mt-abre-intercorte-2018-nos-dias-12-e-13-de-abril\/#primaryimage\"},\"thumbnailUrl\":\"https:\/\/acrimat.org.br\/portal\/wp-content\/uploads\/2018\/03\/elf2421-e1519929424313.jpg\",\"articleSection\":[\"Destaques\",\"Not\u00edcias\"],\"inLanguage\":\"pt-BR\"},{\"@type\":\"WebPage\",\"@id\":\"https:\/\/acrimat.org.br\/portal\/cuiaba-mt-abre-intercorte-2018-nos-dias-12-e-13-de-abril\/\",\"url\":\"https:\/\/acrimat.org.br\/portal\/cuiaba-mt-abre-intercorte-2018-nos-dias-12-e-13-de-abril\/\",\"name\":\"Cuiab\u00e1 (MT) abre InterCorte 2018 nos dias 12 e 13 de abril - Acrimat\",\"isPartOf\":{\"@id\":\"https:\/\/acrimat.org.br\/portal\/#website\"},\"primaryImageOfPage\":{\"@id\":\"https:\/\/acrimat.org.br\/portal\/cuiaba-mt-abre-intercorte-2018-nos-dias-12-e-13-de-abril\/#primaryimage\"},\"image\":{\"@id\":\"https:\/\/acrimat.org.br\/portal\/cuiaba-mt-abre-intercorte-2018-nos-dias-12-e-13-de-abril\/#primaryimage\"},\"thumbnailUrl\":\"https:\/\/acrimat.org.br\/portal\/wp-content\/uploads\/2018\/03\/elf2421-e1519929424313.jpg\",\"datePublished\":\"2018-03-27T20:58:27+00:00\",\"breadcrumb\":{\"@id\":\"https:\/\/acrimat.org.br\/portal\/cuiaba-mt-abre-intercorte-2018-nos-dias-12-e-13-de-abril\/#breadcrumb\"},\"inLanguage\":\"pt-BR\",\"potentialAction\":[{\"@type\":\"ReadAction\",\"target\":[\"https:\/\/acrimat.org.br\/portal\/cuiaba-mt-abre-intercorte-2018-nos-dias-12-e-13-de-abril\/\"]}]},{\"@type\":\"ImageObject\",\"inLanguage\":\"pt-BR\",\"@id\":\"https:\/\/acrimat.org.br\/portal\/cuiaba-mt-abre-intercorte-2018-nos-dias-12-e-13-de-abril\/#primaryimage\",\"url\":\"https:\/\/acrimat.org.br\/portal\/wp-content\/uploads\/2018\/03\/elf2421-e1519929424313.jpg\",\"contentUrl\":\"https:\/\/acrimat.org.br\/portal\/wp-content\/uploads\/2018\/03\/elf2421-e1519929424313.jpg\",\"width\":2016,\"height\":1346},{\"@type\":\"BreadcrumbList\",\"@id\":\"https:\/\/acrimat.org.br\/portal\/cuiaba-mt-abre-intercorte-2018-nos-dias-12-e-13-de-abril\/#breadcrumb\",\"itemListElement\":[{\"@type\":\"ListItem\",\"position\":1,\"name\":\"In\u00edcio\",\"item\":\"https:\/\/acrimat.org.br\/portal\/\"},{\"@type\":\"ListItem\",\"position\":2,\"name\":\"Cuiab\u00e1 (MT) abre InterCorte 2018 nos dias 12 e 13 de abril\"}]},{\"@type\":\"WebSite\",\"@id\":\"https:\/\/acrimat.org.br\/portal\/#website\",\"url\":\"https:\/\/acrimat.org.br\/portal\/\",\"name\":\"Acrimat\",\"description\":\"Associa\u00e7\u00e3o dos Criadores de Mato Grosso\",\"publisher\":{\"@id\":\"https:\/\/acrimat.org.br\/portal\/#organization\"},\"potentialAction\":[{\"@type\":\"SearchAction\",\"target\":{\"@type\":\"EntryPoint\",\"urlTemplate\":\"https:\/\/acrimat.org.br\/portal\/?s={search_term_string}\"},\"query-input\":{\"@type\":\"PropertyValueSpecification\",\"valueRequired\":true,\"valueName\":\"search_term_string\"}}],\"inLanguage\":\"pt-BR\"},{\"@type\":\"Organization\",\"@id\":\"https:\/\/acrimat.org.br\/portal\/#organization\",\"name\":\"Associa\u00e7\u00e3o dos Criadores de Mato Grosso\",\"url\":\"https:\/\/acrimat.org.br\/portal\/\",\"logo\":{\"@type\":\"ImageObject\",\"inLanguage\":\"pt-BR\",\"@id\":\"https:\/\/acrimat.org.br\/portal\/#\/schema\/logo\/image\/\",\"url\":\"https:\/\/acrimat.org.br\/portal\/wp-content\/uploads\/2018\/03\/logo-peq-original.png\",\"contentUrl\":\"https:\/\/acrimat.org.br\/portal\/wp-content\/uploads\/2018\/03\/logo-peq-original.png\",\"width\":174,\"height\":171,\"caption\":\"Associa\u00e7\u00e3o dos Criadores de Mato Grosso\"},\"image\":{\"@id\":\"https:\/\/acrimat.org.br\/portal\/#\/schema\/logo\/image\/\"}},{\"@type\":\"Person\",\"@id\":\"https:\/\/acrimat.org.br\/portal\/#\/schema\/person\/a309b9496344ff991e8e1b1d751fdd7b\",\"name\":\"Assessoria de comunica\u00e7\u00e3o ACRIMAT\",\"image\":{\"@type\":\"ImageObject\",\"inLanguage\":\"pt-BR\",\"@id\":\"https:\/\/acrimat.org.br\/portal\/#\/schema\/person\/image\/\",\"url\":\"https:\/\/secure.gravatar.com\/avatar\/2f9c28e64c317bcd762b25cb1575f1b4?s=96&d=mm&r=g\",\"contentUrl\":\"https:\/\/secure.gravatar.com\/avatar\/2f9c28e64c317bcd762b25cb1575f1b4?s=96&d=mm&r=g\",\"caption\":\"Assessoria de comunica\u00e7\u00e3o ACRIMAT\"},\"sameAs\":[\"http:\/\/acrimat.org.br\/\"],\"url\":\"https:\/\/acrimat.org.br\/portal\/author\/ascom\/\"}]}<\/script>\n<!-- \/ Yoast SEO plugin. -->","yoast_head_json":{"title":"Cuiab\u00e1 (MT) abre InterCorte 2018 nos dias 12 e 13 de abril - Acrimat","robots":{"index":"index","follow":"follow","max-snippet":"max-snippet:-1","max-image-preview":"max-image-preview:large","max-video-preview":"max-video-preview:-1"},"canonical":"https:\/\/acrimat.org.br\/portal\/cuiaba-mt-abre-intercorte-2018-nos-dias-12-e-13-de-abril\/","og_locale":"pt_BR","og_type":"article","og_title":"Cuiab\u00e1 (MT) abre InterCorte 2018 nos dias 12 e 13 de abril - Acrimat","og_description":"Evento percorre de forma itinerante h\u00e1 seis anos os principais polos de produ\u00e7\u00e3o pecu\u00e1ria do Brasil.","og_url":"https:\/\/acrimat.org.br\/portal\/cuiaba-mt-abre-intercorte-2018-nos-dias-12-e-13-de-abril\/","og_site_name":"Acrimat","article_published_time":"2018-03-27T20:58:27+00:00","og_image":[{"width":2016,"height":1346,"url":"https:\/\/acrimat.org.br\/portal\/wp-content\/uploads\/2018\/03\/elf2421-e1519929424313.jpg","type":"image\/jpeg"}],"author":"Assessoria de comunica\u00e7\u00e3o ACRIMAT","twitter_card":"summary_large_image","twitter_misc":{"Escrito por":"Assessoria de comunica\u00e7\u00e3o ACRIMAT","Est. tempo de leitura":"3 minutos"},"schema":{"@context":"https:\/\/schema.org","@graph":[{"@type":"Article","@id":"https:\/\/acrimat.org.br\/portal\/cuiaba-mt-abre-intercorte-2018-nos-dias-12-e-13-de-abril\/#article","isPartOf":{"@id":"https:\/\/acrimat.org.br\/portal\/cuiaba-mt-abre-intercorte-2018-nos-dias-12-e-13-de-abril\/"},"author":{"name":"Assessoria de comunica\u00e7\u00e3o ACRIMAT","@id":"https:\/\/acrimat.org.br\/portal\/#\/schema\/person\/a309b9496344ff991e8e1b1d751fdd7b"},"headline":"Cuiab\u00e1 (MT) abre InterCorte 2018 nos dias 12 e 13 de abril","datePublished":"2018-03-27T20:58:27+00:00","mainEntityOfPage":{"@id":"https:\/\/acrimat.org.br\/portal\/cuiaba-mt-abre-intercorte-2018-nos-dias-12-e-13-de-abril\/"},"wordCount":680,"publisher":{"@id":"https:\/\/acrimat.org.br\/portal\/#organization"},"image":{"@id":"https:\/\/acrimat.org.br\/portal\/cuiaba-mt-abre-intercorte-2018-nos-dias-12-e-13-de-abril\/#primaryimage"},"thumbnailUrl":"https:\/\/acrimat.org.br\/portal\/wp-content\/uploads\/2018\/03\/elf2421-e1519929424313.jpg","articleSection":["Destaques","Not\u00edcias"],"inLanguage":"pt-BR"},{"@type":"WebPage","@id":"https:\/\/acrimat.org.br\/portal\/cuiaba-mt-abre-intercorte-2018-nos-dias-12-e-13-de-abril\/","url":"https:\/\/acrimat.org.br\/portal\/cuiaba-mt-abre-intercorte-2018-nos-dias-12-e-13-de-abril\/","name":"Cuiab\u00e1 (MT) abre InterCorte 2018 nos dias 12 e 13 de abril - Acrimat","isPartOf":{"@id":"https:\/\/acrimat.org.br\/portal\/#website"},"primaryImageOfPage":{"@id":"https:\/\/acrimat.org.br\/portal\/cuiaba-mt-abre-intercorte-2018-nos-dias-12-e-13-de-abril\/#primaryimage"},"image":{"@id":"https:\/\/acrimat.org.br\/portal\/cuiaba-mt-abre-intercorte-2018-nos-dias-12-e-13-de-abril\/#primaryimage"},"thumbnailUrl":"https:\/\/acrimat.org.br\/portal\/wp-content\/uploads\/2018\/03\/elf2421-e1519929424313.jpg","datePublished":"2018-03-27T20:58:27+00:00","breadcrumb":{"@id":"https:\/\/acrimat.org.br\/portal\/cuiaba-mt-abre-intercorte-2018-nos-dias-12-e-13-de-abril\/#breadcrumb"},"inLanguage":"pt-BR","potentialAction":[{"@type":"ReadAction","target":["https:\/\/acrimat.org.br\/portal\/cuiaba-mt-abre-intercorte-2018-nos-dias-12-e-13-de-abril\/"]}]},{"@type":"ImageObject","inLanguage":"pt-BR","@id":"https:\/\/acrimat.org.br\/portal\/cuiaba-mt-abre-intercorte-2018-nos-dias-12-e-13-de-abril\/#primaryimage","url":"https:\/\/acrimat.org.br\/portal\/wp-content\/uploads\/2018\/03\/elf2421-e1519929424313.jpg","contentUrl":"https:\/\/acrimat.org.br\/portal\/wp-content\/uploads\/2018\/03\/elf2421-e1519929424313.jpg","width":2016,"height":1346},{"@type":"BreadcrumbList","@id":"https:\/\/acrimat.org.br\/portal\/cuiaba-mt-abre-intercorte-2018-nos-dias-12-e-13-de-abril\/#breadcrumb","itemListElement":[{"@type":"ListItem","position":1,"name":"In\u00edcio","item":"https:\/\/acrimat.org.br\/portal\/"},{"@type":"ListItem","position":2,"name":"Cuiab\u00e1 (MT) abre InterCorte 2018 nos dias 12 e 13 de abril"}]},{"@type":"WebSite","@id":"https:\/\/acrimat.org.br\/portal\/#website","url":"https:\/\/acrimat.org.br\/portal\/","name":"Acrimat","description":"Associa\u00e7\u00e3o dos Criadores de Mato Grosso","publisher":{"@id":"https:\/\/acrimat.org.br\/portal\/#organization"},"potentialAction":[{"@type":"SearchAction","target":{"@type":"EntryPoint","urlTemplate":"https:\/\/acrimat.org.br\/portal\/?s={search_term_string}"},"query-input":{"@type":"PropertyValueSpecification","valueRequired":true,"valueName":"search_term_string"}}],"inLanguage":"pt-BR"},{"@type":"Organization","@id":"https:\/\/acrimat.org.br\/portal\/#organization","name":"Associa\u00e7\u00e3o dos Criadores de Mato Grosso","url":"https:\/\/acrimat.org.br\/portal\/","logo":{"@type":"ImageObject","inLanguage":"pt-BR","@id":"https:\/\/acrimat.org.br\/portal\/#\/schema\/logo\/image\/","url":"https:\/\/acrimat.org.br\/portal\/wp-content\/uploads\/2018\/03\/logo-peq-original.png","contentUrl":"https:\/\/acrimat.org.br\/portal\/wp-content\/uploads\/2018\/03\/logo-peq-original.png","width":174,"height":171,"caption":"Associa\u00e7\u00e3o dos Criadores de Mato Grosso"},"image":{"@id":"https:\/\/acrimat.org.br\/portal\/#\/schema\/logo\/image\/"}},{"@type":"Person","@id":"https:\/\/acrimat.org.br\/portal\/#\/schema\/person\/a309b9496344ff991e8e1b1d751fdd7b","name":"Assessoria de comunica\u00e7\u00e3o ACRIMAT","image":{"@type":"ImageObject","inLanguage":"pt-BR","@id":"https:\/\/acrimat.org.br\/portal\/#\/schema\/person\/image\/","url":"https:\/\/secure.gravatar.com\/avatar\/2f9c28e64c317bcd762b25cb1575f1b4?s=96&d=mm&r=g","contentUrl":"https:\/\/secure.gravatar.com\/avatar\/2f9c28e64c317bcd762b25cb1575f1b4?s=96&d=mm&r=g","caption":"Assessoria de comunica\u00e7\u00e3o ACRIMAT"},"sameAs":["http:\/\/acrimat.org.br\/"],"url":"https:\/\/acrimat.org.br\/portal\/author\/ascom\/"}]}},"_links":{"self":[{"href":"https:\/\/acrimat.org.br\/portal\/wp-json\/wp\/v2\/posts\/97986697","targetHints":{"allow":["GET"]}}],"collection":[{"href":"https:\/\/acrimat.org.br\/portal\/wp-json\/wp\/v2\/posts"}],"about":[{"href":"https:\/\/acrimat.org.br\/portal\/wp-json\/wp\/v2\/types\/post"}],"author":[{"embeddable":true,"href":"https:\/\/acrimat.org.br\/portal\/wp-json\/wp\/v2\/users\/7"}],"replies":[{"embeddable":true,"href":"https:\/\/acrimat.org.br\/portal\/wp-json\/wp\/v2\/comments?post=97986697"}],"version-history":[{"count":1,"href":"https:\/\/acrimat.org.br\/portal\/wp-json\/wp\/v2\/posts\/97986697\/revisions"}],"predecessor-version":[{"id":97986698,"href":"https:\/\/acrimat.org.br\/portal\/wp-json\/wp\/v2\/posts\/97986697\/revisions\/97986698"}],"wp:featuredmedia":[{"embeddable":true,"href":"https:\/\/acrimat.org.br\/portal\/wp-json\/wp\/v2\/media\/97986201"}],"wp:attachment":[{"href":"https:\/\/acrimat.org.br\/portal\/wp-json\/wp\/v2\/media?parent=97986697"}],"wp:term":[{"taxonomy":"category","embeddable":true,"href":"https:\/\/acrimat.org.br\/portal\/wp-json\/wp\/v2\/categories?post=97986697"},{"taxonomy":"post_tag","embeddable":true,"href":"https:\/\/acrimat.org.br\/portal\/wp-json\/wp\/v2\/tags?post=97986697"}],"curies":[{"name":"wp","href":"https:\/\/api.w.org\/{rel}","templated":true}]}}