{"id":97986699,"date":"2018-03-27T18:05:41","date_gmt":"2018-03-27T21:05:41","guid":{"rendered":"http:\/\/acrimat.org.br\/portal\/?p=97986699"},"modified":"2018-03-27T18:06:13","modified_gmt":"2018-03-27T21:06:13","slug":"nelore-fest-2018-premia-os-melhores-da-raca","status":"publish","type":"post","link":"https:\/\/acrimat.org.br\/portal\/nelore-fest-2018-premia-os-melhores-da-raca\/","title":{"rendered":"Nelore Fest 2018 premia os melhores da ra\u00e7a"},"content":{"rendered":"<div id=\"attachment_97986700\" style=\"width: 970px\" class=\"wp-caption aligncenter\"><a href=\"http:\/\/acrimat.org.br\/portal\/wp-content\/uploads\/2018\/03\/nelore-fest-mt.jpg\"><img fetchpriority=\"high\" decoding=\"async\" aria-describedby=\"caption-attachment-97986700\" class=\"wp-image-97986700 size-large\" src=\"http:\/\/acrimat.org.br\/portal\/wp-content\/uploads\/2018\/03\/nelore-fest-mt-1024x768.jpg\" alt=\"\" width=\"960\" height=\"720\" srcset=\"https:\/\/acrimat.org.br\/portal\/wp-content\/uploads\/2018\/03\/nelore-fest-mt-1024x768.jpg 1024w, https:\/\/acrimat.org.br\/portal\/wp-content\/uploads\/2018\/03\/nelore-fest-mt-300x225.jpg 300w, https:\/\/acrimat.org.br\/portal\/wp-content\/uploads\/2018\/03\/nelore-fest-mt-768x576.jpg 768w, https:\/\/acrimat.org.br\/portal\/wp-content\/uploads\/2018\/03\/nelore-fest-mt-250x188.jpg 250w, https:\/\/acrimat.org.br\/portal\/wp-content\/uploads\/2018\/03\/nelore-fest-mt-550x413.jpg 550w, https:\/\/acrimat.org.br\/portal\/wp-content\/uploads\/2018\/03\/nelore-fest-mt-800x600.jpg 800w, https:\/\/acrimat.org.br\/portal\/wp-content\/uploads\/2018\/03\/nelore-fest-mt-240x180.jpg 240w, https:\/\/acrimat.org.br\/portal\/wp-content\/uploads\/2018\/03\/nelore-fest-mt-400x300.jpg 400w, https:\/\/acrimat.org.br\/portal\/wp-content\/uploads\/2018\/03\/nelore-fest-mt-667x500.jpg 667w, https:\/\/acrimat.org.br\/portal\/wp-content\/uploads\/2018\/03\/nelore-fest-mt.jpg 1280w\" sizes=\"(max-width: 960px) 100vw, 960px\" \/><\/a><p id=\"caption-attachment-97986700\" class=\"wp-caption-text\">Foto:Ricardo Jr.\/Onort\u00e3o<\/p><\/div>\n<p>O tradicional encontro dos selecionadores de nelore de todo o Brasil aconteceu nesta sexta feira, dia 16, em S\u00e3o Paulo. A Nelore Fest reuniu pelo menos 350 pessoas, entre criadores, empres\u00e1rios e representantes de ind\u00fastrias de sa\u00fade animal, alimenta\u00e7\u00e3o, gen\u00e9tica, fertilizantes e frigor\u00edficos.<\/p>\n<p>Considerado o Oscar da Pecu\u00e1ria, o evento premia os melhores da ra\u00e7a nelore a cada ano, seja do ranking nacional de exposi\u00e7\u00f5es ou do ranking regional. D\u00e1 pr\u00eamios tamb\u00e9m aos primeiros colocados nos julgamentos de carca\u00e7a e no Circuito Boi Verde. Este \u00faltimo foi abordado em reportagem da revista Globo Rural deste m\u00eas de mar\u00e7o.<\/p>\n<p>Ponto alto na premia\u00e7\u00e3o foi a fam\u00edlia goiana dos irm\u00e3os De Marchi. Venceram na categoria Fam\u00edlia Destaque.<\/p>\n<p>\u201cA Nelore Fest re\u00fane em um ambiente descontra\u00eddo e informal grandes selecionadores e invernistas, t\u00e9cnicos e assessores pecu\u00e1rios, executivos e profissionais de empresas de insumos e de ind\u00fastrias frigor\u00edficas. \u00c9 um excelente momento para fortalecer relacionamentos e alavancar neg\u00f3cios\u201d, ressalta Andr\u00e9 Locateli, gerente executivo da Associa\u00e7\u00e3o dos Criadores de Nelore do Brasil, que promove a festa.<\/p>\n<p>O clima \u00e9 realmente de festa e confraterniza\u00e7\u00e3o, afinal a ra\u00e7a nelore representa 80% do rebanho brasileiro que hoje est\u00e1 ao redor de 220 milh\u00f5es de cabe\u00e7as de gado. \u201cAssim, a for\u00e7a da nelore na cadeia da carne \u00e9 imensa, seja no mercado interno ou nas exporta\u00e7\u00f5es de carne\u201d, ressalta Nabih Amin El Aouar, presidente da Associa\u00e7\u00e3o de Criadores de Nelore do Brasil. Nabih \u00e9 criador no Esp\u00edrito Santo.<\/p>\n<p>Segundo ele, a nelore, cuja origem \u00e9 a \u00cdndia e que chegou ao Brasil h\u00e1 cerca de um s\u00e9culo, hoje \u00e9 importante tamb\u00e9m no com\u00e9rcio global. \u00c9 que as exporta\u00e7\u00f5es de carne produzida por animais meio-sangue zebu e taurinos, \u00e9 maioria, explica.<\/p>\n<p>Para se ter ideia do avan\u00e7o da ra\u00e7a nelore, ela participou de 72 feiras agropecu\u00e1rias no Brasil em 2017.<\/p>\n<p>Selecionadores tradicionais, como os paulistas Jayminho Miranda e Eduardo Biagi, o Duda, estavam no evento e concordam com a opini\u00e3o de Nabih. \u201cRealmente o nelore \u00e9 a base do rebanho brasileiro e sua participa\u00e7\u00e3o aumenta cada vez mais. \u00c9 motivo de comemora\u00e7\u00e3o, portanto\u201d, eles disseram.<\/p>\n","protected":false},"excerpt":{"rendered":"<p>&#8220;A ra\u00e7a nelore representa 80% do rebanho brasileiro que hoje est\u00e1 ao redor de 220 milh\u00f5es de cabe\u00e7as de gado&#8221;. ressalta Nabih Amin El Aouar, presidente da ACNB.<\/p>\n","protected":false},"author":7,"featured_media":97986701,"comment_status":"closed","ping_status":"closed","sticky":false,"template":"","format":"standard","meta":{"footnotes":""},"categories":[6,1],"tags":[],"class_list":["post-97986699","post","type-post","status-publish","format-standard","has-post-thumbnail","hentry","category-destaque","category-noticia"],"yoast_head":"<!-- This site is optimized with the Yoast SEO plugin v24.8.1 - https:\/\/yoast.com\/wordpress\/plugins\/seo\/ -->\n<title>Nelore Fest 2018 premia os melhores da ra\u00e7a - Acrimat<\/title>\n<meta name=\"robots\" content=\"index, follow, max-snippet:-1, max-image-preview:large, max-video-preview:-1\" \/>\n<link rel=\"canonical\" href=\"https:\/\/acrimat.org.br\/portal\/nelore-fest-2018-premia-os-melhores-da-raca\/\" \/>\n<meta property=\"og:locale\" content=\"pt_BR\" \/>\n<meta property=\"og:type\" content=\"article\" \/>\n<meta property=\"og:title\" content=\"Nelore Fest 2018 premia os melhores da ra\u00e7a - Acrimat\" \/>\n<meta property=\"og:description\" content=\"&quot;A ra\u00e7a nelore representa 80% do rebanho brasileiro que hoje est\u00e1 ao redor de 220 milh\u00f5es de cabe\u00e7as de gado&quot;. ressalta Nabih Amin El Aouar, presidente da ACNB.\" \/>\n<meta property=\"og:url\" content=\"https:\/\/acrimat.org.br\/portal\/nelore-fest-2018-premia-os-melhores-da-raca\/\" \/>\n<meta property=\"og:site_name\" content=\"Acrimat\" \/>\n<meta property=\"article:published_time\" content=\"2018-03-27T21:05:41+00:00\" \/>\n<meta property=\"article:modified_time\" content=\"2018-03-27T21:06:13+00:00\" \/>\n<meta property=\"og:image\" content=\"https:\/\/acrimat.org.br\/portal\/wp-content\/uploads\/2018\/03\/painel-da-carne-alcides-torres-p-1.jpg\" \/>\n\t<meta property=\"og:image:width\" content=\"768\" \/>\n\t<meta property=\"og:image:height\" content=\"532\" \/>\n\t<meta property=\"og:image:type\" content=\"image\/jpeg\" \/>\n<meta name=\"author\" content=\"Assessoria de comunica\u00e7\u00e3o ACRIMAT\" \/>\n<meta name=\"twitter:card\" content=\"summary_large_image\" \/>\n<meta name=\"twitter:label1\" content=\"Escrito por\" \/>\n\t<meta name=\"twitter:data1\" content=\"Assessoria de comunica\u00e7\u00e3o ACRIMAT\" \/>\n\t<meta name=\"twitter:label2\" content=\"Est. tempo de leitura\" \/>\n\t<meta name=\"twitter:data2\" content=\"2 minutos\" \/>\n<script type=\"application\/ld+json\" class=\"yoast-schema-graph\">{\"@context\":\"https:\/\/schema.org\",\"@graph\":[{\"@type\":\"Article\",\"@id\":\"https:\/\/acrimat.org.br\/portal\/nelore-fest-2018-premia-os-melhores-da-raca\/#article\",\"isPartOf\":{\"@id\":\"https:\/\/acrimat.org.br\/portal\/nelore-fest-2018-premia-os-melhores-da-raca\/\"},\"author\":{\"name\":\"Assessoria de comunica\u00e7\u00e3o ACRIMAT\",\"@id\":\"https:\/\/acrimat.org.br\/portal\/#\/schema\/person\/a309b9496344ff991e8e1b1d751fdd7b\"},\"headline\":\"Nelore Fest 2018 premia os melhores da ra\u00e7a\",\"datePublished\":\"2018-03-27T21:05:41+00:00\",\"dateModified\":\"2018-03-27T21:06:13+00:00\",\"mainEntityOfPage\":{\"@id\":\"https:\/\/acrimat.org.br\/portal\/nelore-fest-2018-premia-os-melhores-da-raca\/\"},\"wordCount\":395,\"publisher\":{\"@id\":\"https:\/\/acrimat.org.br\/portal\/#organization\"},\"image\":{\"@id\":\"https:\/\/acrimat.org.br\/portal\/nelore-fest-2018-premia-os-melhores-da-raca\/#primaryimage\"},\"thumbnailUrl\":\"https:\/\/acrimat.org.br\/portal\/wp-content\/uploads\/2018\/03\/painel-da-carne-alcides-torres-p-1.jpg\",\"articleSection\":[\"Destaques\",\"Not\u00edcias\"],\"inLanguage\":\"pt-BR\"},{\"@type\":\"WebPage\",\"@id\":\"https:\/\/acrimat.org.br\/portal\/nelore-fest-2018-premia-os-melhores-da-raca\/\",\"url\":\"https:\/\/acrimat.org.br\/portal\/nelore-fest-2018-premia-os-melhores-da-raca\/\",\"name\":\"Nelore Fest 2018 premia os melhores da ra\u00e7a - Acrimat\",\"isPartOf\":{\"@id\":\"https:\/\/acrimat.org.br\/portal\/#website\"},\"primaryImageOfPage\":{\"@id\":\"https:\/\/acrimat.org.br\/portal\/nelore-fest-2018-premia-os-melhores-da-raca\/#primaryimage\"},\"image\":{\"@id\":\"https:\/\/acrimat.org.br\/portal\/nelore-fest-2018-premia-os-melhores-da-raca\/#primaryimage\"},\"thumbnailUrl\":\"https:\/\/acrimat.org.br\/portal\/wp-content\/uploads\/2018\/03\/painel-da-carne-alcides-torres-p-1.jpg\",\"datePublished\":\"2018-03-27T21:05:41+00:00\",\"dateModified\":\"2018-03-27T21:06:13+00:00\",\"breadcrumb\":{\"@id\":\"https:\/\/acrimat.org.br\/portal\/nelore-fest-2018-premia-os-melhores-da-raca\/#breadcrumb\"},\"inLanguage\":\"pt-BR\",\"potentialAction\":[{\"@type\":\"ReadAction\",\"target\":[\"https:\/\/acrimat.org.br\/portal\/nelore-fest-2018-premia-os-melhores-da-raca\/\"]}]},{\"@type\":\"ImageObject\",\"inLanguage\":\"pt-BR\",\"@id\":\"https:\/\/acrimat.org.br\/portal\/nelore-fest-2018-premia-os-melhores-da-raca\/#primaryimage\",\"url\":\"https:\/\/acrimat.org.br\/portal\/wp-content\/uploads\/2018\/03\/painel-da-carne-alcides-torres-p-1.jpg\",\"contentUrl\":\"https:\/\/acrimat.org.br\/portal\/wp-content\/uploads\/2018\/03\/painel-da-carne-alcides-torres-p-1.jpg\",\"width\":768,\"height\":532,\"caption\":\"????????????????????????????????????\"},{\"@type\":\"BreadcrumbList\",\"@id\":\"https:\/\/acrimat.org.br\/portal\/nelore-fest-2018-premia-os-melhores-da-raca\/#breadcrumb\",\"itemListElement\":[{\"@type\":\"ListItem\",\"position\":1,\"name\":\"In\u00edcio\",\"item\":\"https:\/\/acrimat.org.br\/portal\/\"},{\"@type\":\"ListItem\",\"position\":2,\"name\":\"Nelore Fest 2018 premia os melhores da ra\u00e7a\"}]},{\"@type\":\"WebSite\",\"@id\":\"https:\/\/acrimat.org.br\/portal\/#website\",\"url\":\"https:\/\/acrimat.org.br\/portal\/\",\"name\":\"Acrimat\",\"description\":\"Associa\u00e7\u00e3o dos Criadores de Mato Grosso\",\"publisher\":{\"@id\":\"https:\/\/acrimat.org.br\/portal\/#organization\"},\"potentialAction\":[{\"@type\":\"SearchAction\",\"target\":{\"@type\":\"EntryPoint\",\"urlTemplate\":\"https:\/\/acrimat.org.br\/portal\/?s={search_term_string}\"},\"query-input\":{\"@type\":\"PropertyValueSpecification\",\"valueRequired\":true,\"valueName\":\"search_term_string\"}}],\"inLanguage\":\"pt-BR\"},{\"@type\":\"Organization\",\"@id\":\"https:\/\/acrimat.org.br\/portal\/#organization\",\"name\":\"Associa\u00e7\u00e3o dos Criadores de Mato Grosso\",\"url\":\"https:\/\/acrimat.org.br\/portal\/\",\"logo\":{\"@type\":\"ImageObject\",\"inLanguage\":\"pt-BR\",\"@id\":\"https:\/\/acrimat.org.br\/portal\/#\/schema\/logo\/image\/\",\"url\":\"https:\/\/acrimat.org.br\/portal\/wp-content\/uploads\/2018\/03\/logo-peq-original.png\",\"contentUrl\":\"https:\/\/acrimat.org.br\/portal\/wp-content\/uploads\/2018\/03\/logo-peq-original.png\",\"width\":174,\"height\":171,\"caption\":\"Associa\u00e7\u00e3o dos Criadores de Mato Grosso\"},\"image\":{\"@id\":\"https:\/\/acrimat.org.br\/portal\/#\/schema\/logo\/image\/\"}},{\"@type\":\"Person\",\"@id\":\"https:\/\/acrimat.org.br\/portal\/#\/schema\/person\/a309b9496344ff991e8e1b1d751fdd7b\",\"name\":\"Assessoria de comunica\u00e7\u00e3o ACRIMAT\",\"image\":{\"@type\":\"ImageObject\",\"inLanguage\":\"pt-BR\",\"@id\":\"https:\/\/acrimat.org.br\/portal\/#\/schema\/person\/image\/\",\"url\":\"https:\/\/secure.gravatar.com\/avatar\/2f9c28e64c317bcd762b25cb1575f1b4?s=96&d=mm&r=g\",\"contentUrl\":\"https:\/\/secure.gravatar.com\/avatar\/2f9c28e64c317bcd762b25cb1575f1b4?s=96&d=mm&r=g\",\"caption\":\"Assessoria de comunica\u00e7\u00e3o ACRIMAT\"},\"sameAs\":[\"http:\/\/acrimat.org.br\/\"],\"url\":\"https:\/\/acrimat.org.br\/portal\/author\/ascom\/\"}]}<\/script>\n<!-- \/ Yoast SEO plugin. -->","yoast_head_json":{"title":"Nelore Fest 2018 premia os melhores da ra\u00e7a - Acrimat","robots":{"index":"index","follow":"follow","max-snippet":"max-snippet:-1","max-image-preview":"max-image-preview:large","max-video-preview":"max-video-preview:-1"},"canonical":"https:\/\/acrimat.org.br\/portal\/nelore-fest-2018-premia-os-melhores-da-raca\/","og_locale":"pt_BR","og_type":"article","og_title":"Nelore Fest 2018 premia os melhores da ra\u00e7a - Acrimat","og_description":"\"A ra\u00e7a nelore representa 80% do rebanho brasileiro que hoje est\u00e1 ao redor de 220 milh\u00f5es de cabe\u00e7as de gado\". ressalta Nabih Amin El Aouar, presidente da ACNB.","og_url":"https:\/\/acrimat.org.br\/portal\/nelore-fest-2018-premia-os-melhores-da-raca\/","og_site_name":"Acrimat","article_published_time":"2018-03-27T21:05:41+00:00","article_modified_time":"2018-03-27T21:06:13+00:00","og_image":[{"width":768,"height":532,"url":"https:\/\/acrimat.org.br\/portal\/wp-content\/uploads\/2018\/03\/painel-da-carne-alcides-torres-p-1.jpg","type":"image\/jpeg"}],"author":"Assessoria de comunica\u00e7\u00e3o ACRIMAT","twitter_card":"summary_large_image","twitter_misc":{"Escrito por":"Assessoria de comunica\u00e7\u00e3o ACRIMAT","Est. tempo de leitura":"2 minutos"},"schema":{"@context":"https:\/\/schema.org","@graph":[{"@type":"Article","@id":"https:\/\/acrimat.org.br\/portal\/nelore-fest-2018-premia-os-melhores-da-raca\/#article","isPartOf":{"@id":"https:\/\/acrimat.org.br\/portal\/nelore-fest-2018-premia-os-melhores-da-raca\/"},"author":{"name":"Assessoria de comunica\u00e7\u00e3o ACRIMAT","@id":"https:\/\/acrimat.org.br\/portal\/#\/schema\/person\/a309b9496344ff991e8e1b1d751fdd7b"},"headline":"Nelore Fest 2018 premia os melhores da ra\u00e7a","datePublished":"2018-03-27T21:05:41+00:00","dateModified":"2018-03-27T21:06:13+00:00","mainEntityOfPage":{"@id":"https:\/\/acrimat.org.br\/portal\/nelore-fest-2018-premia-os-melhores-da-raca\/"},"wordCount":395,"publisher":{"@id":"https:\/\/acrimat.org.br\/portal\/#organization"},"image":{"@id":"https:\/\/acrimat.org.br\/portal\/nelore-fest-2018-premia-os-melhores-da-raca\/#primaryimage"},"thumbnailUrl":"https:\/\/acrimat.org.br\/portal\/wp-content\/uploads\/2018\/03\/painel-da-carne-alcides-torres-p-1.jpg","articleSection":["Destaques","Not\u00edcias"],"inLanguage":"pt-BR"},{"@type":"WebPage","@id":"https:\/\/acrimat.org.br\/portal\/nelore-fest-2018-premia-os-melhores-da-raca\/","url":"https:\/\/acrimat.org.br\/portal\/nelore-fest-2018-premia-os-melhores-da-raca\/","name":"Nelore Fest 2018 premia os melhores da ra\u00e7a - Acrimat","isPartOf":{"@id":"https:\/\/acrimat.org.br\/portal\/#website"},"primaryImageOfPage":{"@id":"https:\/\/acrimat.org.br\/portal\/nelore-fest-2018-premia-os-melhores-da-raca\/#primaryimage"},"image":{"@id":"https:\/\/acrimat.org.br\/portal\/nelore-fest-2018-premia-os-melhores-da-raca\/#primaryimage"},"thumbnailUrl":"https:\/\/acrimat.org.br\/portal\/wp-content\/uploads\/2018\/03\/painel-da-carne-alcides-torres-p-1.jpg","datePublished":"2018-03-27T21:05:41+00:00","dateModified":"2018-03-27T21:06:13+00:00","breadcrumb":{"@id":"https:\/\/acrimat.org.br\/portal\/nelore-fest-2018-premia-os-melhores-da-raca\/#breadcrumb"},"inLanguage":"pt-BR","potentialAction":[{"@type":"ReadAction","target":["https:\/\/acrimat.org.br\/portal\/nelore-fest-2018-premia-os-melhores-da-raca\/"]}]},{"@type":"ImageObject","inLanguage":"pt-BR","@id":"https:\/\/acrimat.org.br\/portal\/nelore-fest-2018-premia-os-melhores-da-raca\/#primaryimage","url":"https:\/\/acrimat.org.br\/portal\/wp-content\/uploads\/2018\/03\/painel-da-carne-alcides-torres-p-1.jpg","contentUrl":"https:\/\/acrimat.org.br\/portal\/wp-content\/uploads\/2018\/03\/painel-da-carne-alcides-torres-p-1.jpg","width":768,"height":532,"caption":"????????????????????????????????????"},{"@type":"BreadcrumbList","@id":"https:\/\/acrimat.org.br\/portal\/nelore-fest-2018-premia-os-melhores-da-raca\/#breadcrumb","itemListElement":[{"@type":"ListItem","position":1,"name":"In\u00edcio","item":"https:\/\/acrimat.org.br\/portal\/"},{"@type":"ListItem","position":2,"name":"Nelore Fest 2018 premia os melhores da ra\u00e7a"}]},{"@type":"WebSite","@id":"https:\/\/acrimat.org.br\/portal\/#website","url":"https:\/\/acrimat.org.br\/portal\/","name":"Acrimat","description":"Associa\u00e7\u00e3o dos Criadores de Mato Grosso","publisher":{"@id":"https:\/\/acrimat.org.br\/portal\/#organization"},"potentialAction":[{"@type":"SearchAction","target":{"@type":"EntryPoint","urlTemplate":"https:\/\/acrimat.org.br\/portal\/?s={search_term_string}"},"query-input":{"@type":"PropertyValueSpecification","valueRequired":true,"valueName":"search_term_string"}}],"inLanguage":"pt-BR"},{"@type":"Organization","@id":"https:\/\/acrimat.org.br\/portal\/#organization","name":"Associa\u00e7\u00e3o dos Criadores de Mato Grosso","url":"https:\/\/acrimat.org.br\/portal\/","logo":{"@type":"ImageObject","inLanguage":"pt-BR","@id":"https:\/\/acrimat.org.br\/portal\/#\/schema\/logo\/image\/","url":"https:\/\/acrimat.org.br\/portal\/wp-content\/uploads\/2018\/03\/logo-peq-original.png","contentUrl":"https:\/\/acrimat.org.br\/portal\/wp-content\/uploads\/2018\/03\/logo-peq-original.png","width":174,"height":171,"caption":"Associa\u00e7\u00e3o dos Criadores de Mato Grosso"},"image":{"@id":"https:\/\/acrimat.org.br\/portal\/#\/schema\/logo\/image\/"}},{"@type":"Person","@id":"https:\/\/acrimat.org.br\/portal\/#\/schema\/person\/a309b9496344ff991e8e1b1d751fdd7b","name":"Assessoria de comunica\u00e7\u00e3o ACRIMAT","image":{"@type":"ImageObject","inLanguage":"pt-BR","@id":"https:\/\/acrimat.org.br\/portal\/#\/schema\/person\/image\/","url":"https:\/\/secure.gravatar.com\/avatar\/2f9c28e64c317bcd762b25cb1575f1b4?s=96&d=mm&r=g","contentUrl":"https:\/\/secure.gravatar.com\/avatar\/2f9c28e64c317bcd762b25cb1575f1b4?s=96&d=mm&r=g","caption":"Assessoria de comunica\u00e7\u00e3o ACRIMAT"},"sameAs":["http:\/\/acrimat.org.br\/"],"url":"https:\/\/acrimat.org.br\/portal\/author\/ascom\/"}]}},"_links":{"self":[{"href":"https:\/\/acrimat.org.br\/portal\/wp-json\/wp\/v2\/posts\/97986699","targetHints":{"allow":["GET"]}}],"collection":[{"href":"https:\/\/acrimat.org.br\/portal\/wp-json\/wp\/v2\/posts"}],"about":[{"href":"https:\/\/acrimat.org.br\/portal\/wp-json\/wp\/v2\/types\/post"}],"author":[{"embeddable":true,"href":"https:\/\/acrimat.org.br\/portal\/wp-json\/wp\/v2\/users\/7"}],"replies":[{"embeddable":true,"href":"https:\/\/acrimat.org.br\/portal\/wp-json\/wp\/v2\/comments?post=97986699"}],"version-history":[{"count":1,"href":"https:\/\/acrimat.org.br\/portal\/wp-json\/wp\/v2\/posts\/97986699\/revisions"}],"predecessor-version":[{"id":97986702,"href":"https:\/\/acrimat.org.br\/portal\/wp-json\/wp\/v2\/posts\/97986699\/revisions\/97986702"}],"wp:featuredmedia":[{"embeddable":true,"href":"https:\/\/acrimat.org.br\/portal\/wp-json\/wp\/v2\/media\/97986701"}],"wp:attachment":[{"href":"https:\/\/acrimat.org.br\/portal\/wp-json\/wp\/v2\/media?parent=97986699"}],"wp:term":[{"taxonomy":"category","embeddable":true,"href":"https:\/\/acrimat.org.br\/portal\/wp-json\/wp\/v2\/categories?post=97986699"},{"taxonomy":"post_tag","embeddable":true,"href":"https:\/\/acrimat.org.br\/portal\/wp-json\/wp\/v2\/tags?post=97986699"}],"curies":[{"name":"wp","href":"https:\/\/api.w.org\/{rel}","templated":true}]}}