{"id":97986719,"date":"2018-03-28T15:55:34","date_gmt":"2018-03-28T18:55:34","guid":{"rendered":"http:\/\/acrimat.org.br\/portal\/?p=97986719"},"modified":"2018-03-29T10:58:32","modified_gmt":"2018-03-29T13:58:32","slug":"97986719-2","status":"publish","type":"post","link":"https:\/\/acrimat.org.br\/portal\/97986719-2\/","title":{"rendered":"Conhe\u00e7a a programa\u00e7\u00e3o da etapa de Cuiab\u00e1 da InterCorte 2018"},"content":{"rendered":"<p>Mato Grosso \u00e9 o estado que conta com o maior rebanho bovino do Brasil, com 30 milh\u00f5es de animais e sedia a a primeira etapa de 2018 da InterCorte. O evento ser\u00e1 realizado em Cuiab\u00e1, nos dias 12 e 13 de abril, no Cenarium Rural, em conjunto com a Associa\u00e7\u00e3o dos Criadores de Mato Grosso (Acrimat).<\/p>\n<p>Nesta edi\u00e7\u00e3o da InterCorte, a programa\u00e7\u00e3o nos dois dias de evento ser\u00e1 dividida em quatro blocos tem\u00e1ticos: Produzir mais carne, que ir\u00e1 demonstrar que a efici\u00eancia t\u00e9cnica gera maiores ganhos, tendo o conceito de produzir mais em menos; Inova\u00e7\u00e3o, que pretende abordar junto ao produtor m\u00e9todos e t\u00e9cnicas novas da chamada quarta revolu\u00e7\u00e3o; Vender Mais e Vender Melhor, que apresentar\u00e1 ao produtor meios e subs\u00eddios para melhorar o mercado da carne; e Comunica\u00e7\u00e3o, que promover\u00e1 o debate com o produtor sobre a habilidade de comunica\u00e7\u00e3o, como o produtor divulga seus resultados e a\u00e7\u00f5es, e como a sociedade enxerga o Agroneg\u00f3cio.<\/p>\n<p>Os participantes conferem ainda as principais novidades tecnol\u00f3gicas apresentadas por empresas de refer\u00eancia no setor que participam da feira de neg\u00f3cios que comp\u00f5e o evento. Para finalizar a programa\u00e7\u00e3o da InterCorte, os participantes s\u00e3o convidados a degustar o resultado de todo o seu trabalho no campo com a Beef Hour, um momento de integra\u00e7\u00e3o e relacionamento regado a muita carne de qualidade. Acompanhe a programa\u00e7\u00e3o de palestras da etapa de Cuiab\u00e1.<\/p>\n<p>&nbsp;<\/p>\n<p><strong>Programa\u00e7\u00e3o InterCorte &#8211; Etapa de Cuiab\u00e1 (MT)<\/strong><\/p>\n<p><strong>Dia 12 de abril &#8211; quinta-feira<\/strong><\/p>\n<p><em>08:00 &#8211; 08:30<\/em><br \/>\nAbertura<\/p>\n<p>Painel &#8211; Produzir<br \/>\nObjetivo: demonstrar que a efici\u00eancia t\u00e9cnica gera maiores ganhos, tendo o conceito de produzir mais em menos espa\u00e7o<\/p>\n<p><em>08:30 &#8211; 09:00<\/em><br \/>\nGest\u00e3o na produ\u00e7\u00e3o de @<br \/>\nLucas Oliveira<\/p>\n<p><em>09:00 &#8211; 09:30<\/em><br \/>\nSanidade: a prote\u00e7\u00e3o necess\u00e1ria para a produ\u00e7\u00e3o de alta performance<br \/>\nMatheus Marinho<\/p>\n<p><em>09:30 &#8211; 10:00<\/em><br \/>\nGen\u00e9tica: um investimento programado e de alto retorno<br \/>\nRog\u00e9rio Fonseca Peres<\/p>\n<p><em>10:00 &#8211; 10:30<\/em><br \/>\nINTERVALO<\/p>\n<p><em>10:30 &#8211; 11:00<\/em><br \/>\nResultados superiores atrav\u00e9s de uma gen\u00e9tica de qualidade<br \/>\nAlexandre Zadra e Juliana Ferragute<\/p>\n<p><em>11:00 &#8211; 11:40<\/em><br \/>\nEstrat\u00e9gias de nutri\u00e7\u00e3o para maximiza\u00e7\u00e3o de resultados<br \/>\nM\u00e1rcio Bonin e Gustavo Siqueira<\/p>\n<p><em>11:40 &#8211; 12:00<\/em><br \/>\nCase Produtor<br \/>\nMarcos Jacinto<\/p>\n<p><em>12:00 &#8211; 12:30<\/em><br \/>\nDebate com Palestrantes<br \/>\nMediador: Diede Loureiro<\/p>\n<p>Painel &#8211; Inova\u00e7\u00e3o<br \/>\nObjetivo: abordar junto ao produtor m\u00e9todos e t\u00e9cnicas novas da chamada quarta revolu\u00e7\u00e3o<\/p>\n<p><em>14:00 &#8211; 14:40<\/em><br \/>\nTecnologias digitais v\u00e3o transformar o agroneg\u00f3cio<br \/>\nFrancisco Jardim<\/p>\n<p><em>14:40 &#8211; 14:55<\/em><br \/>\nAgrihub: apresenta\u00e7\u00e3o da plataforma<br \/>\nOt\u00e1vio Celid\u00f4nio<\/p>\n<p><em>14:55 &#8211; 15:10<\/em><br \/>\nMaximizando resultados com a tecnologia da plataforma JetBov para a pecu\u00e1ria de corte<br \/>\nXisto Alves de Souza J\u00fanior<\/p>\n<p><em>15:10 &#8211; 15:25<\/em><br \/>\nDecis\u00f5es estrat\u00e9gicas baseadas em imagens satelitais<br \/>\nRafael Coelho<\/p>\n<p><em>15:25 &#8211; 15:40<\/em><br \/>\nA evolu\u00e7\u00e3o tecnol\u00f3gica na comercializa\u00e7\u00e3o e na produ\u00e7\u00e3o da pecu\u00e1ria<br \/>\nVasco Oliveira<\/p>\n<p>15:40 &#8211; 16:10<br \/>\nINTERVALO<\/p>\n<p><em>16:10 &#8211; 16:25<\/em><br \/>\nOtimiza\u00e7\u00e3o do lucro em engorda intensiva a partir do monitoramento eletr\u00f4nico e di\u00e1rio dos animais<br \/>\nMarcelo Ribas<\/p>\n<p><em>16:25 &#8211; 16:40<\/em><br \/>\nZootecnia de precis\u00e3o com tecnologia 4.0 aplicada em confinamentos de bovinos<br \/>\nPaulo Marcelo<\/p>\n<p><em>16:40 &#8211; 17:10<\/em><br \/>\nA ILPF como aliada na inova\u00e7\u00e3o de produ\u00e7\u00e3o e rentabilidade da pecu\u00e1ria<br \/>\nElder Bruno<\/p>\n<p><em>17:10 &#8211; 17:40<\/em><br \/>\nCase Produtor<br \/>\nGustavo Martini<\/p>\n<p><em>17:40 &#8211; 18:00<\/em><br \/>\nDebate com Palestrantes<br \/>\nMediador: Luciano Vacari<\/p>\n<p>18:00<br \/>\nBEEF HOUR<\/p>\n<p><strong>Dia 13 de abril &#8211; sexta-feira<\/strong><\/p>\n<p>Painel &#8211; Vender mais e vender melhor<br \/>\nObjetivo: apresentar ao produtor meios e subs\u00eddios para melhorar o mercado da carne<\/p>\n<p><em>08:30 &#8211; 9:00<\/em><br \/>\nImpacto dos animais de melhor qualidade no sucesso da comercializa\u00e7\u00e3o de bovinos<br \/>\nMaur\u00edcio Tonh\u00e1<\/p>\n<p><em>09:00 &#8211; 9:30<\/em><br \/>\nExig\u00eancias do consumidor final e desafios para atender a demanda de qualidade<br \/>\nAnt\u00f4nio Ricardo Sechis<\/p>\n<p><em>09:30 &#8211; 10:00<\/em><br \/>\nO que a pecu\u00e1ria tem que fazer para vender mais e melhor?<br \/>\nIvan Wedekin<\/p>\n<p><em>10:00 &#8211; 10:40<\/em><br \/>\nINTERVALO<\/p>\n<p><em>10:40 &#8211; 11:20<\/em><br \/>\nMercado do boi 2018, o que esperar e como ser mais eficiente na negocia\u00e7\u00e3o dos animais para abate?<br \/>\nFabiano Tito e Michel Torteli<\/p>\n<p><em>11:20 &#8211; 11:50<\/em><br \/>\nCase Produtor<br \/>\nLuciomar Machado<\/p>\n<p><em>11:50 &#8211; 12:30<\/em><br \/>\nDebate com Palestrantes<br \/>\nMediador: Diede Loureiro<\/p>\n<p>Painel &#8211; Comunica\u00e7\u00e3o<br \/>\nObjetivo: debater com o produtor a habilidade de comunica\u00e7\u00e3o, como ele divulga seus resultados, suas a\u00e7\u00f5es e como a sociedade enxerga o agroneg\u00f3cio<\/p>\n<p><em>14:30 &#8211; 15:00<\/em><br \/>\nMauro Zafalon, Miguel Cavalcanti e Tobias Ferraz<\/p>\n<p><em>15:00 &#8211; 15:30<\/em><br \/>\nDebate com palestrantes<\/p>\n<p><em>15:30 &#8211; 16:10<\/em><br \/>\nINTERVALO<\/p>\n<p><em>16:10 &#8211; 16:30<\/em><br \/>\nRicardo Arioli<\/p>\n<p><em>16:30 &#8211; 17:20<\/em><br \/>\nJos\u00e9 Luiz Tejon<\/p>\n<p><em>17:20 &#8211; 18:00<\/em><br \/>\nDebate com palestrantes<\/p>\n","protected":false},"excerpt":{"rendered":"<p>O evento ser\u00e1 realizado em Cuiab\u00e1, nos dias 12 e 13 de abril, no Cenarium Rural, em conjunto com a Acrimat<\/p>\n","protected":false},"author":7,"featured_media":97986201,"comment_status":"closed","ping_status":"closed","sticky":false,"template":"","format":"standard","meta":{"footnotes":""},"categories":[6,1],"tags":[],"class_list":["post-97986719","post","type-post","status-publish","format-standard","has-post-thumbnail","hentry","category-destaque","category-noticia"],"yoast_head":"<!-- This site is optimized with the Yoast SEO plugin v24.8.1 - https:\/\/yoast.com\/wordpress\/plugins\/seo\/ -->\n<title>Conhe\u00e7a a programa\u00e7\u00e3o da etapa de Cuiab\u00e1 da InterCorte 2018 - Acrimat<\/title>\n<meta name=\"robots\" content=\"index, follow, max-snippet:-1, max-image-preview:large, max-video-preview:-1\" \/>\n<link rel=\"canonical\" href=\"https:\/\/acrimat.org.br\/portal\/97986719-2\/\" \/>\n<meta property=\"og:locale\" content=\"pt_BR\" \/>\n<meta property=\"og:type\" content=\"article\" \/>\n<meta property=\"og:title\" content=\"Conhe\u00e7a a programa\u00e7\u00e3o da etapa de Cuiab\u00e1 da InterCorte 2018 - Acrimat\" \/>\n<meta property=\"og:description\" content=\"O evento ser\u00e1 realizado em Cuiab\u00e1, nos dias 12 e 13 de abril, no Cenarium Rural, em conjunto com a Acrimat\" \/>\n<meta property=\"og:url\" content=\"https:\/\/acrimat.org.br\/portal\/97986719-2\/\" \/>\n<meta property=\"og:site_name\" content=\"Acrimat\" \/>\n<meta property=\"article:published_time\" content=\"2018-03-28T18:55:34+00:00\" \/>\n<meta property=\"article:modified_time\" content=\"2018-03-29T13:58:32+00:00\" \/>\n<meta property=\"og:image\" content=\"https:\/\/acrimat.org.br\/portal\/wp-content\/uploads\/2018\/03\/elf2421-e1519929424313.jpg\" \/>\n\t<meta property=\"og:image:width\" content=\"2016\" \/>\n\t<meta property=\"og:image:height\" content=\"1346\" \/>\n\t<meta property=\"og:image:type\" content=\"image\/jpeg\" \/>\n<meta name=\"author\" content=\"Assessoria de comunica\u00e7\u00e3o ACRIMAT\" \/>\n<meta name=\"twitter:card\" content=\"summary_large_image\" \/>\n<meta name=\"twitter:label1\" content=\"Escrito por\" \/>\n\t<meta name=\"twitter:data1\" content=\"Assessoria de comunica\u00e7\u00e3o ACRIMAT\" \/>\n\t<meta name=\"twitter:label2\" content=\"Est. tempo de leitura\" \/>\n\t<meta name=\"twitter:data2\" content=\"4 minutos\" \/>\n<script type=\"application\/ld+json\" class=\"yoast-schema-graph\">{\"@context\":\"https:\/\/schema.org\",\"@graph\":[{\"@type\":\"Article\",\"@id\":\"https:\/\/acrimat.org.br\/portal\/97986719-2\/#article\",\"isPartOf\":{\"@id\":\"https:\/\/acrimat.org.br\/portal\/97986719-2\/\"},\"author\":{\"name\":\"Assessoria de comunica\u00e7\u00e3o ACRIMAT\",\"@id\":\"https:\/\/acrimat.org.br\/portal\/#\/schema\/person\/a309b9496344ff991e8e1b1d751fdd7b\"},\"headline\":\"Conhe\u00e7a a programa\u00e7\u00e3o da etapa de Cuiab\u00e1 da InterCorte 2018\",\"datePublished\":\"2018-03-28T18:55:34+00:00\",\"dateModified\":\"2018-03-29T13:58:32+00:00\",\"mainEntityOfPage\":{\"@id\":\"https:\/\/acrimat.org.br\/portal\/97986719-2\/\"},\"wordCount\":713,\"publisher\":{\"@id\":\"https:\/\/acrimat.org.br\/portal\/#organization\"},\"image\":{\"@id\":\"https:\/\/acrimat.org.br\/portal\/97986719-2\/#primaryimage\"},\"thumbnailUrl\":\"https:\/\/acrimat.org.br\/portal\/wp-content\/uploads\/2018\/03\/elf2421-e1519929424313.jpg\",\"articleSection\":[\"Destaques\",\"Not\u00edcias\"],\"inLanguage\":\"pt-BR\"},{\"@type\":\"WebPage\",\"@id\":\"https:\/\/acrimat.org.br\/portal\/97986719-2\/\",\"url\":\"https:\/\/acrimat.org.br\/portal\/97986719-2\/\",\"name\":\"Conhe\u00e7a a programa\u00e7\u00e3o da etapa de Cuiab\u00e1 da InterCorte 2018 - Acrimat\",\"isPartOf\":{\"@id\":\"https:\/\/acrimat.org.br\/portal\/#website\"},\"primaryImageOfPage\":{\"@id\":\"https:\/\/acrimat.org.br\/portal\/97986719-2\/#primaryimage\"},\"image\":{\"@id\":\"https:\/\/acrimat.org.br\/portal\/97986719-2\/#primaryimage\"},\"thumbnailUrl\":\"https:\/\/acrimat.org.br\/portal\/wp-content\/uploads\/2018\/03\/elf2421-e1519929424313.jpg\",\"datePublished\":\"2018-03-28T18:55:34+00:00\",\"dateModified\":\"2018-03-29T13:58:32+00:00\",\"breadcrumb\":{\"@id\":\"https:\/\/acrimat.org.br\/portal\/97986719-2\/#breadcrumb\"},\"inLanguage\":\"pt-BR\",\"potentialAction\":[{\"@type\":\"ReadAction\",\"target\":[\"https:\/\/acrimat.org.br\/portal\/97986719-2\/\"]}]},{\"@type\":\"ImageObject\",\"inLanguage\":\"pt-BR\",\"@id\":\"https:\/\/acrimat.org.br\/portal\/97986719-2\/#primaryimage\",\"url\":\"https:\/\/acrimat.org.br\/portal\/wp-content\/uploads\/2018\/03\/elf2421-e1519929424313.jpg\",\"contentUrl\":\"https:\/\/acrimat.org.br\/portal\/wp-content\/uploads\/2018\/03\/elf2421-e1519929424313.jpg\",\"width\":2016,\"height\":1346},{\"@type\":\"BreadcrumbList\",\"@id\":\"https:\/\/acrimat.org.br\/portal\/97986719-2\/#breadcrumb\",\"itemListElement\":[{\"@type\":\"ListItem\",\"position\":1,\"name\":\"In\u00edcio\",\"item\":\"https:\/\/acrimat.org.br\/portal\/\"},{\"@type\":\"ListItem\",\"position\":2,\"name\":\"Conhe\u00e7a a programa\u00e7\u00e3o da etapa de Cuiab\u00e1 da InterCorte 2018\"}]},{\"@type\":\"WebSite\",\"@id\":\"https:\/\/acrimat.org.br\/portal\/#website\",\"url\":\"https:\/\/acrimat.org.br\/portal\/\",\"name\":\"Acrimat\",\"description\":\"Associa\u00e7\u00e3o dos Criadores de Mato Grosso\",\"publisher\":{\"@id\":\"https:\/\/acrimat.org.br\/portal\/#organization\"},\"potentialAction\":[{\"@type\":\"SearchAction\",\"target\":{\"@type\":\"EntryPoint\",\"urlTemplate\":\"https:\/\/acrimat.org.br\/portal\/?s={search_term_string}\"},\"query-input\":{\"@type\":\"PropertyValueSpecification\",\"valueRequired\":true,\"valueName\":\"search_term_string\"}}],\"inLanguage\":\"pt-BR\"},{\"@type\":\"Organization\",\"@id\":\"https:\/\/acrimat.org.br\/portal\/#organization\",\"name\":\"Associa\u00e7\u00e3o dos Criadores de Mato Grosso\",\"url\":\"https:\/\/acrimat.org.br\/portal\/\",\"logo\":{\"@type\":\"ImageObject\",\"inLanguage\":\"pt-BR\",\"@id\":\"https:\/\/acrimat.org.br\/portal\/#\/schema\/logo\/image\/\",\"url\":\"https:\/\/acrimat.org.br\/portal\/wp-content\/uploads\/2018\/03\/logo-peq-original.png\",\"contentUrl\":\"https:\/\/acrimat.org.br\/portal\/wp-content\/uploads\/2018\/03\/logo-peq-original.png\",\"width\":174,\"height\":171,\"caption\":\"Associa\u00e7\u00e3o dos Criadores de Mato Grosso\"},\"image\":{\"@id\":\"https:\/\/acrimat.org.br\/portal\/#\/schema\/logo\/image\/\"}},{\"@type\":\"Person\",\"@id\":\"https:\/\/acrimat.org.br\/portal\/#\/schema\/person\/a309b9496344ff991e8e1b1d751fdd7b\",\"name\":\"Assessoria de comunica\u00e7\u00e3o ACRIMAT\",\"image\":{\"@type\":\"ImageObject\",\"inLanguage\":\"pt-BR\",\"@id\":\"https:\/\/acrimat.org.br\/portal\/#\/schema\/person\/image\/\",\"url\":\"https:\/\/secure.gravatar.com\/avatar\/2f9c28e64c317bcd762b25cb1575f1b4?s=96&d=mm&r=g\",\"contentUrl\":\"https:\/\/secure.gravatar.com\/avatar\/2f9c28e64c317bcd762b25cb1575f1b4?s=96&d=mm&r=g\",\"caption\":\"Assessoria de comunica\u00e7\u00e3o ACRIMAT\"},\"sameAs\":[\"http:\/\/acrimat.org.br\/\"],\"url\":\"https:\/\/acrimat.org.br\/portal\/author\/ascom\/\"}]}<\/script>\n<!-- \/ Yoast SEO plugin. -->","yoast_head_json":{"title":"Conhe\u00e7a a programa\u00e7\u00e3o da etapa de Cuiab\u00e1 da InterCorte 2018 - Acrimat","robots":{"index":"index","follow":"follow","max-snippet":"max-snippet:-1","max-image-preview":"max-image-preview:large","max-video-preview":"max-video-preview:-1"},"canonical":"https:\/\/acrimat.org.br\/portal\/97986719-2\/","og_locale":"pt_BR","og_type":"article","og_title":"Conhe\u00e7a a programa\u00e7\u00e3o da etapa de Cuiab\u00e1 da InterCorte 2018 - Acrimat","og_description":"O evento ser\u00e1 realizado em Cuiab\u00e1, nos dias 12 e 13 de abril, no Cenarium Rural, em conjunto com a Acrimat","og_url":"https:\/\/acrimat.org.br\/portal\/97986719-2\/","og_site_name":"Acrimat","article_published_time":"2018-03-28T18:55:34+00:00","article_modified_time":"2018-03-29T13:58:32+00:00","og_image":[{"width":2016,"height":1346,"url":"https:\/\/acrimat.org.br\/portal\/wp-content\/uploads\/2018\/03\/elf2421-e1519929424313.jpg","type":"image\/jpeg"}],"author":"Assessoria de comunica\u00e7\u00e3o ACRIMAT","twitter_card":"summary_large_image","twitter_misc":{"Escrito por":"Assessoria de comunica\u00e7\u00e3o ACRIMAT","Est. tempo de leitura":"4 minutos"},"schema":{"@context":"https:\/\/schema.org","@graph":[{"@type":"Article","@id":"https:\/\/acrimat.org.br\/portal\/97986719-2\/#article","isPartOf":{"@id":"https:\/\/acrimat.org.br\/portal\/97986719-2\/"},"author":{"name":"Assessoria de comunica\u00e7\u00e3o ACRIMAT","@id":"https:\/\/acrimat.org.br\/portal\/#\/schema\/person\/a309b9496344ff991e8e1b1d751fdd7b"},"headline":"Conhe\u00e7a a programa\u00e7\u00e3o da etapa de Cuiab\u00e1 da InterCorte 2018","datePublished":"2018-03-28T18:55:34+00:00","dateModified":"2018-03-29T13:58:32+00:00","mainEntityOfPage":{"@id":"https:\/\/acrimat.org.br\/portal\/97986719-2\/"},"wordCount":713,"publisher":{"@id":"https:\/\/acrimat.org.br\/portal\/#organization"},"image":{"@id":"https:\/\/acrimat.org.br\/portal\/97986719-2\/#primaryimage"},"thumbnailUrl":"https:\/\/acrimat.org.br\/portal\/wp-content\/uploads\/2018\/03\/elf2421-e1519929424313.jpg","articleSection":["Destaques","Not\u00edcias"],"inLanguage":"pt-BR"},{"@type":"WebPage","@id":"https:\/\/acrimat.org.br\/portal\/97986719-2\/","url":"https:\/\/acrimat.org.br\/portal\/97986719-2\/","name":"Conhe\u00e7a a programa\u00e7\u00e3o da etapa de Cuiab\u00e1 da InterCorte 2018 - Acrimat","isPartOf":{"@id":"https:\/\/acrimat.org.br\/portal\/#website"},"primaryImageOfPage":{"@id":"https:\/\/acrimat.org.br\/portal\/97986719-2\/#primaryimage"},"image":{"@id":"https:\/\/acrimat.org.br\/portal\/97986719-2\/#primaryimage"},"thumbnailUrl":"https:\/\/acrimat.org.br\/portal\/wp-content\/uploads\/2018\/03\/elf2421-e1519929424313.jpg","datePublished":"2018-03-28T18:55:34+00:00","dateModified":"2018-03-29T13:58:32+00:00","breadcrumb":{"@id":"https:\/\/acrimat.org.br\/portal\/97986719-2\/#breadcrumb"},"inLanguage":"pt-BR","potentialAction":[{"@type":"ReadAction","target":["https:\/\/acrimat.org.br\/portal\/97986719-2\/"]}]},{"@type":"ImageObject","inLanguage":"pt-BR","@id":"https:\/\/acrimat.org.br\/portal\/97986719-2\/#primaryimage","url":"https:\/\/acrimat.org.br\/portal\/wp-content\/uploads\/2018\/03\/elf2421-e1519929424313.jpg","contentUrl":"https:\/\/acrimat.org.br\/portal\/wp-content\/uploads\/2018\/03\/elf2421-e1519929424313.jpg","width":2016,"height":1346},{"@type":"BreadcrumbList","@id":"https:\/\/acrimat.org.br\/portal\/97986719-2\/#breadcrumb","itemListElement":[{"@type":"ListItem","position":1,"name":"In\u00edcio","item":"https:\/\/acrimat.org.br\/portal\/"},{"@type":"ListItem","position":2,"name":"Conhe\u00e7a a programa\u00e7\u00e3o da etapa de Cuiab\u00e1 da InterCorte 2018"}]},{"@type":"WebSite","@id":"https:\/\/acrimat.org.br\/portal\/#website","url":"https:\/\/acrimat.org.br\/portal\/","name":"Acrimat","description":"Associa\u00e7\u00e3o dos Criadores de Mato Grosso","publisher":{"@id":"https:\/\/acrimat.org.br\/portal\/#organization"},"potentialAction":[{"@type":"SearchAction","target":{"@type":"EntryPoint","urlTemplate":"https:\/\/acrimat.org.br\/portal\/?s={search_term_string}"},"query-input":{"@type":"PropertyValueSpecification","valueRequired":true,"valueName":"search_term_string"}}],"inLanguage":"pt-BR"},{"@type":"Organization","@id":"https:\/\/acrimat.org.br\/portal\/#organization","name":"Associa\u00e7\u00e3o dos Criadores de Mato Grosso","url":"https:\/\/acrimat.org.br\/portal\/","logo":{"@type":"ImageObject","inLanguage":"pt-BR","@id":"https:\/\/acrimat.org.br\/portal\/#\/schema\/logo\/image\/","url":"https:\/\/acrimat.org.br\/portal\/wp-content\/uploads\/2018\/03\/logo-peq-original.png","contentUrl":"https:\/\/acrimat.org.br\/portal\/wp-content\/uploads\/2018\/03\/logo-peq-original.png","width":174,"height":171,"caption":"Associa\u00e7\u00e3o dos Criadores de Mato Grosso"},"image":{"@id":"https:\/\/acrimat.org.br\/portal\/#\/schema\/logo\/image\/"}},{"@type":"Person","@id":"https:\/\/acrimat.org.br\/portal\/#\/schema\/person\/a309b9496344ff991e8e1b1d751fdd7b","name":"Assessoria de comunica\u00e7\u00e3o ACRIMAT","image":{"@type":"ImageObject","inLanguage":"pt-BR","@id":"https:\/\/acrimat.org.br\/portal\/#\/schema\/person\/image\/","url":"https:\/\/secure.gravatar.com\/avatar\/2f9c28e64c317bcd762b25cb1575f1b4?s=96&d=mm&r=g","contentUrl":"https:\/\/secure.gravatar.com\/avatar\/2f9c28e64c317bcd762b25cb1575f1b4?s=96&d=mm&r=g","caption":"Assessoria de comunica\u00e7\u00e3o ACRIMAT"},"sameAs":["http:\/\/acrimat.org.br\/"],"url":"https:\/\/acrimat.org.br\/portal\/author\/ascom\/"}]}},"_links":{"self":[{"href":"https:\/\/acrimat.org.br\/portal\/wp-json\/wp\/v2\/posts\/97986719","targetHints":{"allow":["GET"]}}],"collection":[{"href":"https:\/\/acrimat.org.br\/portal\/wp-json\/wp\/v2\/posts"}],"about":[{"href":"https:\/\/acrimat.org.br\/portal\/wp-json\/wp\/v2\/types\/post"}],"author":[{"embeddable":true,"href":"https:\/\/acrimat.org.br\/portal\/wp-json\/wp\/v2\/users\/7"}],"replies":[{"embeddable":true,"href":"https:\/\/acrimat.org.br\/portal\/wp-json\/wp\/v2\/comments?post=97986719"}],"version-history":[{"count":6,"href":"https:\/\/acrimat.org.br\/portal\/wp-json\/wp\/v2\/posts\/97986719\/revisions"}],"predecessor-version":[{"id":97986740,"href":"https:\/\/acrimat.org.br\/portal\/wp-json\/wp\/v2\/posts\/97986719\/revisions\/97986740"}],"wp:featuredmedia":[{"embeddable":true,"href":"https:\/\/acrimat.org.br\/portal\/wp-json\/wp\/v2\/media\/97986201"}],"wp:attachment":[{"href":"https:\/\/acrimat.org.br\/portal\/wp-json\/wp\/v2\/media?parent=97986719"}],"wp:term":[{"taxonomy":"category","embeddable":true,"href":"https:\/\/acrimat.org.br\/portal\/wp-json\/wp\/v2\/categories?post=97986719"},{"taxonomy":"post_tag","embeddable":true,"href":"https:\/\/acrimat.org.br\/portal\/wp-json\/wp\/v2\/tags?post=97986719"}],"curies":[{"name":"wp","href":"https:\/\/api.w.org\/{rel}","templated":true}]}}