{"id":97986722,"date":"2018-03-28T15:58:33","date_gmt":"2018-03-28T18:58:33","guid":{"rendered":"http:\/\/acrimat.org.br\/portal\/?p=97986722"},"modified":"2018-03-28T15:58:33","modified_gmt":"2018-03-28T18:58:33","slug":"agricultura-foi-a-maior-empregadora-do-bimestre","status":"publish","type":"post","link":"https:\/\/acrimat.org.br\/portal\/agricultura-foi-a-maior-empregadora-do-bimestre\/","title":{"rendered":"Agricultura foi a maior \u2018empregadora\u2019 do bimestre"},"content":{"rendered":"<p>A agricultura foi a maior geradora de empregos em Mato Grosso, nesse primeiro bimestre do ano. Sozinha, a atividade criou 8.896 postos com carteira assinada, o equivalente a 58,9% do total de novas vagas geradas no per\u00edodo, que conforme dados do Minist\u00e9rio do Trabalho, somaram 15.095 no Estado, considerando o acumulado do de janeiro e fevereiro.<\/p>\n<p>Ainda conforme dados do Minist\u00e9rio, por meio do Cadastro Geral de Empregados e Desempregados (Caged), todas as cinco mais importantes atividade econ\u00f4micas do Estado fecharam o primeiro bimestre deste ano com saldo positivo, ou seja, criando novos postos ao inv\u00e9s de eliminar ocupa\u00e7\u00f5es. O destaque na compara\u00e7\u00e3o anual ficou por conta da Constru\u00e7\u00e3o Civil que reverteu a condi\u00e7\u00e3o de \u2018demissor\u2019 para ser \u2018empregador\u2019. No primeiro bimestre do ano passado 715 vagas haviam sido cortadas e o segmento registrava performance negativa. J\u00e1 nesse ano foram abertas 384 vagas formais.<\/p>\n<p>O Caged mostra que no ranking mato-grossense de gera\u00e7\u00e3o de empregos com carteira assinada, a agropecu\u00e1ria foi a maior geradora, seguida por servi\u00e7os, com 3.334, com\u00e9rcio com outras 1.469, ind\u00fastria com 968 e a constru\u00e7\u00e3o civil.<\/p>\n<p>A gera\u00e7\u00e3o de novas frentes de trabalho no acumulado dos meses de janeiro e fevereiro soma 15.095, acima das 14.232 novas vagas contabilizadas em igual momento do ano passado. O saldo atual \u00e9 o melhor em quatro anos, atr\u00e1s do registrado em 2014 quando foram geradas 18.199 novas vagas.<\/p>\n<p>FEVEREIRO &#8211; Mato Grosso fechou fevereiro com saldo positivo na gera\u00e7\u00e3o de empregos no mercado formal, com 4.721 vagas de trabalho, uma varia\u00e7\u00e3o de 0,71% em rela\u00e7\u00e3o a janeiro, sendo o melhor n\u00famero para fevereiro desde 2015. A agropecu\u00e1ria, que contratou 2.029 trabalhadores a mais no m\u00eas, tamb\u00e9m foi a maior geradora de novas vagas do per\u00edodo.<\/p>\n<p>Fevereiro registrou a abertura de 61.188 novos postos de trabalho no Brasil, um aumento de 0,16% em rela\u00e7\u00e3o ao estoque de janeiro. \u00c9 o melhor resultado para o m\u00eas desde 2015, decorrente de 1.274.965 admiss\u00f5es e 1.213.777 desligamentos. \u201cEsses resultados confirmam a recupera\u00e7\u00e3o econ\u00f4mica e a retomada dos empregos. As medidas adotadas pelo governo foram acertadas e estamos otimistas que esses n\u00fameros se repetir\u00e3o ao longo do ano\u201d, avalia o ministro interino do Trabalho, Helton Yomura.<\/p>\n<p>Das cinco regi\u00f5es, quatro apresentaram saldos positivos no emprego. O melhor desempenho foi no Sul, que teve acr\u00e9scimo de 37.071 postos. O Sudeste teve aumento de 35.025 vagas formais, Centro-Oeste, com 14.407 e Norte, com 638. O desempenho negativo foi no Nordeste (-25.953 postos).<\/p>\n","protected":false},"excerpt":{"rendered":"<p>Das cinco principais atividades econ\u00f4micas de Mato Grosso, todas fecharam a primeira parcial do ano com gera\u00e7\u00e3o de novas vagas e saldo supera 2017<\/p>\n","protected":false},"author":7,"featured_media":97985175,"comment_status":"closed","ping_status":"closed","sticky":false,"template":"","format":"standard","meta":{"footnotes":""},"categories":[6,1],"tags":[],"class_list":["post-97986722","post","type-post","status-publish","format-standard","has-post-thumbnail","hentry","category-destaque","category-noticia"],"yoast_head":"<!-- This site is optimized with the Yoast SEO plugin v24.8.1 - https:\/\/yoast.com\/wordpress\/plugins\/seo\/ -->\n<title>Agricultura foi a maior \u2018empregadora\u2019 do bimestre - Acrimat<\/title>\n<meta name=\"robots\" content=\"index, follow, max-snippet:-1, max-image-preview:large, max-video-preview:-1\" \/>\n<link rel=\"canonical\" href=\"https:\/\/acrimat.org.br\/portal\/agricultura-foi-a-maior-empregadora-do-bimestre\/\" \/>\n<meta property=\"og:locale\" content=\"pt_BR\" \/>\n<meta property=\"og:type\" content=\"article\" \/>\n<meta property=\"og:title\" content=\"Agricultura foi a maior \u2018empregadora\u2019 do bimestre - Acrimat\" \/>\n<meta property=\"og:description\" content=\"Das cinco principais atividades econ\u00f4micas de Mato Grosso, todas fecharam a primeira parcial do ano com gera\u00e7\u00e3o de novas vagas e saldo supera 2017\" \/>\n<meta property=\"og:url\" content=\"https:\/\/acrimat.org.br\/portal\/agricultura-foi-a-maior-empregadora-do-bimestre\/\" \/>\n<meta property=\"og:site_name\" content=\"Acrimat\" \/>\n<meta property=\"article:published_time\" content=\"2018-03-28T18:58:33+00:00\" \/>\n<meta property=\"og:image\" content=\"https:\/\/acrimat.org.br\/portal\/wp-content\/uploads\/2017\/12\/agric_money1.jpg\" \/>\n\t<meta property=\"og:image:width\" content=\"500\" \/>\n\t<meta property=\"og:image:height\" content=\"341\" \/>\n\t<meta property=\"og:image:type\" content=\"image\/jpeg\" \/>\n<meta name=\"author\" content=\"Assessoria de comunica\u00e7\u00e3o ACRIMAT\" \/>\n<meta name=\"twitter:card\" content=\"summary_large_image\" \/>\n<meta name=\"twitter:label1\" content=\"Escrito por\" \/>\n\t<meta name=\"twitter:data1\" content=\"Assessoria de comunica\u00e7\u00e3o ACRIMAT\" \/>\n\t<meta name=\"twitter:label2\" content=\"Est. tempo de leitura\" \/>\n\t<meta name=\"twitter:data2\" content=\"2 minutos\" \/>\n<script type=\"application\/ld+json\" class=\"yoast-schema-graph\">{\"@context\":\"https:\/\/schema.org\",\"@graph\":[{\"@type\":\"Article\",\"@id\":\"https:\/\/acrimat.org.br\/portal\/agricultura-foi-a-maior-empregadora-do-bimestre\/#article\",\"isPartOf\":{\"@id\":\"https:\/\/acrimat.org.br\/portal\/agricultura-foi-a-maior-empregadora-do-bimestre\/\"},\"author\":{\"name\":\"Assessoria de comunica\u00e7\u00e3o ACRIMAT\",\"@id\":\"https:\/\/acrimat.org.br\/portal\/#\/schema\/person\/a309b9496344ff991e8e1b1d751fdd7b\"},\"headline\":\"Agricultura foi a maior \u2018empregadora\u2019 do bimestre\",\"datePublished\":\"2018-03-28T18:58:33+00:00\",\"mainEntityOfPage\":{\"@id\":\"https:\/\/acrimat.org.br\/portal\/agricultura-foi-a-maior-empregadora-do-bimestre\/\"},\"wordCount\":420,\"publisher\":{\"@id\":\"https:\/\/acrimat.org.br\/portal\/#organization\"},\"image\":{\"@id\":\"https:\/\/acrimat.org.br\/portal\/agricultura-foi-a-maior-empregadora-do-bimestre\/#primaryimage\"},\"thumbnailUrl\":\"https:\/\/acrimat.org.br\/portal\/wp-content\/uploads\/2017\/12\/agric_money1.jpg\",\"articleSection\":[\"Destaques\",\"Not\u00edcias\"],\"inLanguage\":\"pt-BR\"},{\"@type\":\"WebPage\",\"@id\":\"https:\/\/acrimat.org.br\/portal\/agricultura-foi-a-maior-empregadora-do-bimestre\/\",\"url\":\"https:\/\/acrimat.org.br\/portal\/agricultura-foi-a-maior-empregadora-do-bimestre\/\",\"name\":\"Agricultura foi a maior \u2018empregadora\u2019 do bimestre - Acrimat\",\"isPartOf\":{\"@id\":\"https:\/\/acrimat.org.br\/portal\/#website\"},\"primaryImageOfPage\":{\"@id\":\"https:\/\/acrimat.org.br\/portal\/agricultura-foi-a-maior-empregadora-do-bimestre\/#primaryimage\"},\"image\":{\"@id\":\"https:\/\/acrimat.org.br\/portal\/agricultura-foi-a-maior-empregadora-do-bimestre\/#primaryimage\"},\"thumbnailUrl\":\"https:\/\/acrimat.org.br\/portal\/wp-content\/uploads\/2017\/12\/agric_money1.jpg\",\"datePublished\":\"2018-03-28T18:58:33+00:00\",\"breadcrumb\":{\"@id\":\"https:\/\/acrimat.org.br\/portal\/agricultura-foi-a-maior-empregadora-do-bimestre\/#breadcrumb\"},\"inLanguage\":\"pt-BR\",\"potentialAction\":[{\"@type\":\"ReadAction\",\"target\":[\"https:\/\/acrimat.org.br\/portal\/agricultura-foi-a-maior-empregadora-do-bimestre\/\"]}]},{\"@type\":\"ImageObject\",\"inLanguage\":\"pt-BR\",\"@id\":\"https:\/\/acrimat.org.br\/portal\/agricultura-foi-a-maior-empregadora-do-bimestre\/#primaryimage\",\"url\":\"https:\/\/acrimat.org.br\/portal\/wp-content\/uploads\/2017\/12\/agric_money1.jpg\",\"contentUrl\":\"https:\/\/acrimat.org.br\/portal\/wp-content\/uploads\/2017\/12\/agric_money1.jpg\",\"width\":500,\"height\":341},{\"@type\":\"BreadcrumbList\",\"@id\":\"https:\/\/acrimat.org.br\/portal\/agricultura-foi-a-maior-empregadora-do-bimestre\/#breadcrumb\",\"itemListElement\":[{\"@type\":\"ListItem\",\"position\":1,\"name\":\"In\u00edcio\",\"item\":\"https:\/\/acrimat.org.br\/portal\/\"},{\"@type\":\"ListItem\",\"position\":2,\"name\":\"Agricultura foi a maior \u2018empregadora\u2019 do bimestre\"}]},{\"@type\":\"WebSite\",\"@id\":\"https:\/\/acrimat.org.br\/portal\/#website\",\"url\":\"https:\/\/acrimat.org.br\/portal\/\",\"name\":\"Acrimat\",\"description\":\"Associa\u00e7\u00e3o dos Criadores de Mato Grosso\",\"publisher\":{\"@id\":\"https:\/\/acrimat.org.br\/portal\/#organization\"},\"potentialAction\":[{\"@type\":\"SearchAction\",\"target\":{\"@type\":\"EntryPoint\",\"urlTemplate\":\"https:\/\/acrimat.org.br\/portal\/?s={search_term_string}\"},\"query-input\":{\"@type\":\"PropertyValueSpecification\",\"valueRequired\":true,\"valueName\":\"search_term_string\"}}],\"inLanguage\":\"pt-BR\"},{\"@type\":\"Organization\",\"@id\":\"https:\/\/acrimat.org.br\/portal\/#organization\",\"name\":\"Associa\u00e7\u00e3o dos Criadores de Mato Grosso\",\"url\":\"https:\/\/acrimat.org.br\/portal\/\",\"logo\":{\"@type\":\"ImageObject\",\"inLanguage\":\"pt-BR\",\"@id\":\"https:\/\/acrimat.org.br\/portal\/#\/schema\/logo\/image\/\",\"url\":\"https:\/\/acrimat.org.br\/portal\/wp-content\/uploads\/2018\/03\/logo-peq-original.png\",\"contentUrl\":\"https:\/\/acrimat.org.br\/portal\/wp-content\/uploads\/2018\/03\/logo-peq-original.png\",\"width\":174,\"height\":171,\"caption\":\"Associa\u00e7\u00e3o dos Criadores de Mato Grosso\"},\"image\":{\"@id\":\"https:\/\/acrimat.org.br\/portal\/#\/schema\/logo\/image\/\"}},{\"@type\":\"Person\",\"@id\":\"https:\/\/acrimat.org.br\/portal\/#\/schema\/person\/a309b9496344ff991e8e1b1d751fdd7b\",\"name\":\"Assessoria de comunica\u00e7\u00e3o ACRIMAT\",\"image\":{\"@type\":\"ImageObject\",\"inLanguage\":\"pt-BR\",\"@id\":\"https:\/\/acrimat.org.br\/portal\/#\/schema\/person\/image\/\",\"url\":\"https:\/\/secure.gravatar.com\/avatar\/2f9c28e64c317bcd762b25cb1575f1b4?s=96&d=mm&r=g\",\"contentUrl\":\"https:\/\/secure.gravatar.com\/avatar\/2f9c28e64c317bcd762b25cb1575f1b4?s=96&d=mm&r=g\",\"caption\":\"Assessoria de comunica\u00e7\u00e3o ACRIMAT\"},\"sameAs\":[\"http:\/\/acrimat.org.br\/\"],\"url\":\"https:\/\/acrimat.org.br\/portal\/author\/ascom\/\"}]}<\/script>\n<!-- \/ Yoast SEO plugin. -->","yoast_head_json":{"title":"Agricultura foi a maior \u2018empregadora\u2019 do bimestre - Acrimat","robots":{"index":"index","follow":"follow","max-snippet":"max-snippet:-1","max-image-preview":"max-image-preview:large","max-video-preview":"max-video-preview:-1"},"canonical":"https:\/\/acrimat.org.br\/portal\/agricultura-foi-a-maior-empregadora-do-bimestre\/","og_locale":"pt_BR","og_type":"article","og_title":"Agricultura foi a maior \u2018empregadora\u2019 do bimestre - Acrimat","og_description":"Das cinco principais atividades econ\u00f4micas de Mato Grosso, todas fecharam a primeira parcial do ano com gera\u00e7\u00e3o de novas vagas e saldo supera 2017","og_url":"https:\/\/acrimat.org.br\/portal\/agricultura-foi-a-maior-empregadora-do-bimestre\/","og_site_name":"Acrimat","article_published_time":"2018-03-28T18:58:33+00:00","og_image":[{"width":500,"height":341,"url":"https:\/\/acrimat.org.br\/portal\/wp-content\/uploads\/2017\/12\/agric_money1.jpg","type":"image\/jpeg"}],"author":"Assessoria de comunica\u00e7\u00e3o ACRIMAT","twitter_card":"summary_large_image","twitter_misc":{"Escrito por":"Assessoria de comunica\u00e7\u00e3o ACRIMAT","Est. tempo de leitura":"2 minutos"},"schema":{"@context":"https:\/\/schema.org","@graph":[{"@type":"Article","@id":"https:\/\/acrimat.org.br\/portal\/agricultura-foi-a-maior-empregadora-do-bimestre\/#article","isPartOf":{"@id":"https:\/\/acrimat.org.br\/portal\/agricultura-foi-a-maior-empregadora-do-bimestre\/"},"author":{"name":"Assessoria de comunica\u00e7\u00e3o ACRIMAT","@id":"https:\/\/acrimat.org.br\/portal\/#\/schema\/person\/a309b9496344ff991e8e1b1d751fdd7b"},"headline":"Agricultura foi a maior \u2018empregadora\u2019 do bimestre","datePublished":"2018-03-28T18:58:33+00:00","mainEntityOfPage":{"@id":"https:\/\/acrimat.org.br\/portal\/agricultura-foi-a-maior-empregadora-do-bimestre\/"},"wordCount":420,"publisher":{"@id":"https:\/\/acrimat.org.br\/portal\/#organization"},"image":{"@id":"https:\/\/acrimat.org.br\/portal\/agricultura-foi-a-maior-empregadora-do-bimestre\/#primaryimage"},"thumbnailUrl":"https:\/\/acrimat.org.br\/portal\/wp-content\/uploads\/2017\/12\/agric_money1.jpg","articleSection":["Destaques","Not\u00edcias"],"inLanguage":"pt-BR"},{"@type":"WebPage","@id":"https:\/\/acrimat.org.br\/portal\/agricultura-foi-a-maior-empregadora-do-bimestre\/","url":"https:\/\/acrimat.org.br\/portal\/agricultura-foi-a-maior-empregadora-do-bimestre\/","name":"Agricultura foi a maior \u2018empregadora\u2019 do bimestre - Acrimat","isPartOf":{"@id":"https:\/\/acrimat.org.br\/portal\/#website"},"primaryImageOfPage":{"@id":"https:\/\/acrimat.org.br\/portal\/agricultura-foi-a-maior-empregadora-do-bimestre\/#primaryimage"},"image":{"@id":"https:\/\/acrimat.org.br\/portal\/agricultura-foi-a-maior-empregadora-do-bimestre\/#primaryimage"},"thumbnailUrl":"https:\/\/acrimat.org.br\/portal\/wp-content\/uploads\/2017\/12\/agric_money1.jpg","datePublished":"2018-03-28T18:58:33+00:00","breadcrumb":{"@id":"https:\/\/acrimat.org.br\/portal\/agricultura-foi-a-maior-empregadora-do-bimestre\/#breadcrumb"},"inLanguage":"pt-BR","potentialAction":[{"@type":"ReadAction","target":["https:\/\/acrimat.org.br\/portal\/agricultura-foi-a-maior-empregadora-do-bimestre\/"]}]},{"@type":"ImageObject","inLanguage":"pt-BR","@id":"https:\/\/acrimat.org.br\/portal\/agricultura-foi-a-maior-empregadora-do-bimestre\/#primaryimage","url":"https:\/\/acrimat.org.br\/portal\/wp-content\/uploads\/2017\/12\/agric_money1.jpg","contentUrl":"https:\/\/acrimat.org.br\/portal\/wp-content\/uploads\/2017\/12\/agric_money1.jpg","width":500,"height":341},{"@type":"BreadcrumbList","@id":"https:\/\/acrimat.org.br\/portal\/agricultura-foi-a-maior-empregadora-do-bimestre\/#breadcrumb","itemListElement":[{"@type":"ListItem","position":1,"name":"In\u00edcio","item":"https:\/\/acrimat.org.br\/portal\/"},{"@type":"ListItem","position":2,"name":"Agricultura foi a maior \u2018empregadora\u2019 do bimestre"}]},{"@type":"WebSite","@id":"https:\/\/acrimat.org.br\/portal\/#website","url":"https:\/\/acrimat.org.br\/portal\/","name":"Acrimat","description":"Associa\u00e7\u00e3o dos Criadores de Mato Grosso","publisher":{"@id":"https:\/\/acrimat.org.br\/portal\/#organization"},"potentialAction":[{"@type":"SearchAction","target":{"@type":"EntryPoint","urlTemplate":"https:\/\/acrimat.org.br\/portal\/?s={search_term_string}"},"query-input":{"@type":"PropertyValueSpecification","valueRequired":true,"valueName":"search_term_string"}}],"inLanguage":"pt-BR"},{"@type":"Organization","@id":"https:\/\/acrimat.org.br\/portal\/#organization","name":"Associa\u00e7\u00e3o dos Criadores de Mato Grosso","url":"https:\/\/acrimat.org.br\/portal\/","logo":{"@type":"ImageObject","inLanguage":"pt-BR","@id":"https:\/\/acrimat.org.br\/portal\/#\/schema\/logo\/image\/","url":"https:\/\/acrimat.org.br\/portal\/wp-content\/uploads\/2018\/03\/logo-peq-original.png","contentUrl":"https:\/\/acrimat.org.br\/portal\/wp-content\/uploads\/2018\/03\/logo-peq-original.png","width":174,"height":171,"caption":"Associa\u00e7\u00e3o dos Criadores de Mato Grosso"},"image":{"@id":"https:\/\/acrimat.org.br\/portal\/#\/schema\/logo\/image\/"}},{"@type":"Person","@id":"https:\/\/acrimat.org.br\/portal\/#\/schema\/person\/a309b9496344ff991e8e1b1d751fdd7b","name":"Assessoria de comunica\u00e7\u00e3o ACRIMAT","image":{"@type":"ImageObject","inLanguage":"pt-BR","@id":"https:\/\/acrimat.org.br\/portal\/#\/schema\/person\/image\/","url":"https:\/\/secure.gravatar.com\/avatar\/2f9c28e64c317bcd762b25cb1575f1b4?s=96&d=mm&r=g","contentUrl":"https:\/\/secure.gravatar.com\/avatar\/2f9c28e64c317bcd762b25cb1575f1b4?s=96&d=mm&r=g","caption":"Assessoria de comunica\u00e7\u00e3o ACRIMAT"},"sameAs":["http:\/\/acrimat.org.br\/"],"url":"https:\/\/acrimat.org.br\/portal\/author\/ascom\/"}]}},"_links":{"self":[{"href":"https:\/\/acrimat.org.br\/portal\/wp-json\/wp\/v2\/posts\/97986722","targetHints":{"allow":["GET"]}}],"collection":[{"href":"https:\/\/acrimat.org.br\/portal\/wp-json\/wp\/v2\/posts"}],"about":[{"href":"https:\/\/acrimat.org.br\/portal\/wp-json\/wp\/v2\/types\/post"}],"author":[{"embeddable":true,"href":"https:\/\/acrimat.org.br\/portal\/wp-json\/wp\/v2\/users\/7"}],"replies":[{"embeddable":true,"href":"https:\/\/acrimat.org.br\/portal\/wp-json\/wp\/v2\/comments?post=97986722"}],"version-history":[{"count":1,"href":"https:\/\/acrimat.org.br\/portal\/wp-json\/wp\/v2\/posts\/97986722\/revisions"}],"predecessor-version":[{"id":97986723,"href":"https:\/\/acrimat.org.br\/portal\/wp-json\/wp\/v2\/posts\/97986722\/revisions\/97986723"}],"wp:featuredmedia":[{"embeddable":true,"href":"https:\/\/acrimat.org.br\/portal\/wp-json\/wp\/v2\/media\/97985175"}],"wp:attachment":[{"href":"https:\/\/acrimat.org.br\/portal\/wp-json\/wp\/v2\/media?parent=97986722"}],"wp:term":[{"taxonomy":"category","embeddable":true,"href":"https:\/\/acrimat.org.br\/portal\/wp-json\/wp\/v2\/categories?post=97986722"},{"taxonomy":"post_tag","embeddable":true,"href":"https:\/\/acrimat.org.br\/portal\/wp-json\/wp\/v2\/tags?post=97986722"}],"curies":[{"name":"wp","href":"https:\/\/api.w.org\/{rel}","templated":true}]}}