{"id":97986742,"date":"2018-03-29T11:43:56","date_gmt":"2018-03-29T14:43:56","guid":{"rendered":"http:\/\/acrimat.org.br\/portal\/?p=97986742"},"modified":"2018-03-29T11:43:56","modified_gmt":"2018-03-29T14:43:56","slug":"nessa-briga-ideologica-atual-perdem-os-produtores","status":"publish","type":"post","link":"https:\/\/acrimat.org.br\/portal\/nessa-briga-ideologica-atual-perdem-os-produtores\/","title":{"rendered":"Nessa briga ideol\u00f3gica atual, perdem os produtores"},"content":{"rendered":"<p>O pa\u00eds vive momentos de intensifica\u00e7\u00e3o da incompreens\u00e3o e da viol\u00eancia. Os lados opostos est\u00e3o cada vez mais opostos, eliminando qualquer chance de di\u00e1logo.<\/p>\n<p>A caravana do ex-presidente Lula pela regi\u00e3o Sul \u00e9 um exemplo disso. Pedras, paus, ovos, m\u00e1quinas agr\u00edcolas, &#8220;miguelitos&#8221; e at\u00e9 tiros estiveram presentes em parte do trajeto.<\/p>\n<p>Um dos problemas desse cen\u00e1rio \u00e9 que a palavra &#8220;ruralista&#8221; esteve presente na oposi\u00e7\u00e3o da caravana do ex-presidente.<\/p>\n<p>Os tratores nas estradas indicaram a participa\u00e7\u00e3o efetiva de uma parte dos produtores rurais \u2014de uma parte, apenas\u2014 nessa oposi\u00e7\u00e3o cont\u00ednua.<\/p>\n<p>N\u00e3o se nega aos produtores, assim como a qualquer cidad\u00e3o, o direito de se manifestar contr\u00e1ria ou favoravelmente aos candidatos e a situa\u00e7\u00f5es pol\u00edticas dentro da ordem democr\u00e1tica.<\/p>\n<p>O perigo de a\u00e7\u00f5es violentas, no entanto, \u00e9 que podem provocar respostas semelhantes. A viol\u00eancia tende a se espalhar de forma indiscriminada e pode virar contra os pr\u00f3prios produtores.<\/p>\n<p>V\u00eddeos e mensagens veiculadas pelas m\u00eddias sociais, podem, num primeiro momento, v\u00e3o suscitar revolta, mas v\u00e3o gerando um ac\u00famulo de \u00f3dio que, no futuro, pode trazer consequ\u00eancias dr\u00e1sticas.<\/p>\n<p>Os poucos produtores que se engajam nessa luta ideol\u00f3gica com participa\u00e7\u00e3o em atos que colocam a ordem em risco \u2014muitas vezes, aplaudidos pelas lideran\u00e7as do segmento\u2014 p\u00f5em em risco todo o setor.<\/p>\n<p>Com tanto \u00f3dio espalhado pelos extremos, a palavra &#8220;ruralista&#8221; pode ficar gravada na mente dos que est\u00e3o sendo acuados hoje e, mais tarde, fazer que partam para o revide.<\/p>\n<p>Em alguns meses, o trigo e o milho estar\u00e3o extremamente secos e no ponto de colheita nos estados do Sul, suscet\u00edveis a qualquer fagulha de viol\u00eancia.<\/p>\n<p>Se persistirem os gestos de intoler\u00e2ncia, quem n\u00e3o garante que a palavra &#8220;ruralista&#8221; poder\u00e1 voltar \u00e0 mente dos que hoje se sentem amea\u00e7ados?<\/p>\n<p>Como disse Geraldo Alckmin, candidato \u00e0 Presid\u00eancia da Rep\u00fablica, em rela\u00e7\u00e3o \u00e0 caravana (para depois se retratar), &#8220;acho que eles est\u00e3o colhendo o que plantaram&#8221;. A pior consequ\u00eancia que esse quadro de viol\u00eancia crescente, gerado pela ignor\u00e2ncia, pode trazer \u00e9 que os produtores n\u00e3o colham o que realmente plantaram nesta safra.<\/p>\n<p>\u00c9 um pa\u00eds que ningu\u00e9m quer.<\/p>\n","protected":false},"excerpt":{"rendered":"<p>Problema \u00e9 que a palavra &#8220;ruralista&#8221; est\u00e1 muito inserida nessas discuss\u00f5es<\/p>\n","protected":false},"author":7,"featured_media":97985293,"comment_status":"closed","ping_status":"closed","sticky":false,"template":"","format":"standard","meta":{"footnotes":""},"categories":[6,1],"tags":[],"class_list":["post-97986742","post","type-post","status-publish","format-standard","has-post-thumbnail","hentry","category-destaque","category-noticia"],"yoast_head":"<!-- This site is optimized with the Yoast SEO plugin v24.8.1 - https:\/\/yoast.com\/wordpress\/plugins\/seo\/ -->\n<title>Nessa briga ideol\u00f3gica atual, perdem os produtores - Acrimat<\/title>\n<meta name=\"robots\" content=\"index, follow, max-snippet:-1, max-image-preview:large, max-video-preview:-1\" \/>\n<link rel=\"canonical\" href=\"https:\/\/acrimat.org.br\/portal\/nessa-briga-ideologica-atual-perdem-os-produtores\/\" \/>\n<meta property=\"og:locale\" content=\"pt_BR\" \/>\n<meta property=\"og:type\" content=\"article\" \/>\n<meta property=\"og:title\" content=\"Nessa briga ideol\u00f3gica atual, perdem os produtores - Acrimat\" \/>\n<meta property=\"og:description\" content=\"Problema \u00e9 que a palavra &quot;ruralista&quot; est\u00e1 muito inserida nessas discuss\u00f5es\" \/>\n<meta property=\"og:url\" content=\"https:\/\/acrimat.org.br\/portal\/nessa-briga-ideologica-atual-perdem-os-produtores\/\" \/>\n<meta property=\"og:site_name\" content=\"Acrimat\" \/>\n<meta property=\"article:published_time\" content=\"2018-03-29T14:43:56+00:00\" \/>\n<meta property=\"og:image\" content=\"https:\/\/acrimat.org.br\/portal\/wp-content\/uploads\/2017\/12\/897-pastagem.jpg\" \/>\n\t<meta property=\"og:image:width\" content=\"640\" \/>\n\t<meta property=\"og:image:height\" content=\"480\" \/>\n\t<meta property=\"og:image:type\" content=\"image\/jpeg\" \/>\n<meta name=\"author\" content=\"Assessoria de comunica\u00e7\u00e3o ACRIMAT\" \/>\n<meta name=\"twitter:card\" content=\"summary_large_image\" \/>\n<meta name=\"twitter:label1\" content=\"Escrito por\" \/>\n\t<meta name=\"twitter:data1\" content=\"Assessoria de comunica\u00e7\u00e3o ACRIMAT\" \/>\n\t<meta name=\"twitter:label2\" content=\"Est. tempo de leitura\" \/>\n\t<meta name=\"twitter:data2\" content=\"2 minutos\" \/>\n<script type=\"application\/ld+json\" class=\"yoast-schema-graph\">{\"@context\":\"https:\/\/schema.org\",\"@graph\":[{\"@type\":\"Article\",\"@id\":\"https:\/\/acrimat.org.br\/portal\/nessa-briga-ideologica-atual-perdem-os-produtores\/#article\",\"isPartOf\":{\"@id\":\"https:\/\/acrimat.org.br\/portal\/nessa-briga-ideologica-atual-perdem-os-produtores\/\"},\"author\":{\"name\":\"Assessoria de comunica\u00e7\u00e3o ACRIMAT\",\"@id\":\"https:\/\/acrimat.org.br\/portal\/#\/schema\/person\/a309b9496344ff991e8e1b1d751fdd7b\"},\"headline\":\"Nessa briga ideol\u00f3gica atual, perdem os produtores\",\"datePublished\":\"2018-03-29T14:43:56+00:00\",\"mainEntityOfPage\":{\"@id\":\"https:\/\/acrimat.org.br\/portal\/nessa-briga-ideologica-atual-perdem-os-produtores\/\"},\"wordCount\":393,\"publisher\":{\"@id\":\"https:\/\/acrimat.org.br\/portal\/#organization\"},\"image\":{\"@id\":\"https:\/\/acrimat.org.br\/portal\/nessa-briga-ideologica-atual-perdem-os-produtores\/#primaryimage\"},\"thumbnailUrl\":\"https:\/\/acrimat.org.br\/portal\/wp-content\/uploads\/2017\/12\/897-pastagem.jpg\",\"articleSection\":[\"Destaques\",\"Not\u00edcias\"],\"inLanguage\":\"pt-BR\"},{\"@type\":\"WebPage\",\"@id\":\"https:\/\/acrimat.org.br\/portal\/nessa-briga-ideologica-atual-perdem-os-produtores\/\",\"url\":\"https:\/\/acrimat.org.br\/portal\/nessa-briga-ideologica-atual-perdem-os-produtores\/\",\"name\":\"Nessa briga ideol\u00f3gica atual, perdem os produtores - Acrimat\",\"isPartOf\":{\"@id\":\"https:\/\/acrimat.org.br\/portal\/#website\"},\"primaryImageOfPage\":{\"@id\":\"https:\/\/acrimat.org.br\/portal\/nessa-briga-ideologica-atual-perdem-os-produtores\/#primaryimage\"},\"image\":{\"@id\":\"https:\/\/acrimat.org.br\/portal\/nessa-briga-ideologica-atual-perdem-os-produtores\/#primaryimage\"},\"thumbnailUrl\":\"https:\/\/acrimat.org.br\/portal\/wp-content\/uploads\/2017\/12\/897-pastagem.jpg\",\"datePublished\":\"2018-03-29T14:43:56+00:00\",\"breadcrumb\":{\"@id\":\"https:\/\/acrimat.org.br\/portal\/nessa-briga-ideologica-atual-perdem-os-produtores\/#breadcrumb\"},\"inLanguage\":\"pt-BR\",\"potentialAction\":[{\"@type\":\"ReadAction\",\"target\":[\"https:\/\/acrimat.org.br\/portal\/nessa-briga-ideologica-atual-perdem-os-produtores\/\"]}]},{\"@type\":\"ImageObject\",\"inLanguage\":\"pt-BR\",\"@id\":\"https:\/\/acrimat.org.br\/portal\/nessa-briga-ideologica-atual-perdem-os-produtores\/#primaryimage\",\"url\":\"https:\/\/acrimat.org.br\/portal\/wp-content\/uploads\/2017\/12\/897-pastagem.jpg\",\"contentUrl\":\"https:\/\/acrimat.org.br\/portal\/wp-content\/uploads\/2017\/12\/897-pastagem.jpg\",\"width\":640,\"height\":480},{\"@type\":\"BreadcrumbList\",\"@id\":\"https:\/\/acrimat.org.br\/portal\/nessa-briga-ideologica-atual-perdem-os-produtores\/#breadcrumb\",\"itemListElement\":[{\"@type\":\"ListItem\",\"position\":1,\"name\":\"In\u00edcio\",\"item\":\"https:\/\/acrimat.org.br\/portal\/\"},{\"@type\":\"ListItem\",\"position\":2,\"name\":\"Nessa briga ideol\u00f3gica atual, perdem os produtores\"}]},{\"@type\":\"WebSite\",\"@id\":\"https:\/\/acrimat.org.br\/portal\/#website\",\"url\":\"https:\/\/acrimat.org.br\/portal\/\",\"name\":\"Acrimat\",\"description\":\"Associa\u00e7\u00e3o dos Criadores de Mato Grosso\",\"publisher\":{\"@id\":\"https:\/\/acrimat.org.br\/portal\/#organization\"},\"potentialAction\":[{\"@type\":\"SearchAction\",\"target\":{\"@type\":\"EntryPoint\",\"urlTemplate\":\"https:\/\/acrimat.org.br\/portal\/?s={search_term_string}\"},\"query-input\":{\"@type\":\"PropertyValueSpecification\",\"valueRequired\":true,\"valueName\":\"search_term_string\"}}],\"inLanguage\":\"pt-BR\"},{\"@type\":\"Organization\",\"@id\":\"https:\/\/acrimat.org.br\/portal\/#organization\",\"name\":\"Associa\u00e7\u00e3o dos Criadores de Mato Grosso\",\"url\":\"https:\/\/acrimat.org.br\/portal\/\",\"logo\":{\"@type\":\"ImageObject\",\"inLanguage\":\"pt-BR\",\"@id\":\"https:\/\/acrimat.org.br\/portal\/#\/schema\/logo\/image\/\",\"url\":\"https:\/\/acrimat.org.br\/portal\/wp-content\/uploads\/2018\/03\/logo-peq-original.png\",\"contentUrl\":\"https:\/\/acrimat.org.br\/portal\/wp-content\/uploads\/2018\/03\/logo-peq-original.png\",\"width\":174,\"height\":171,\"caption\":\"Associa\u00e7\u00e3o dos Criadores de Mato Grosso\"},\"image\":{\"@id\":\"https:\/\/acrimat.org.br\/portal\/#\/schema\/logo\/image\/\"}},{\"@type\":\"Person\",\"@id\":\"https:\/\/acrimat.org.br\/portal\/#\/schema\/person\/a309b9496344ff991e8e1b1d751fdd7b\",\"name\":\"Assessoria de comunica\u00e7\u00e3o ACRIMAT\",\"image\":{\"@type\":\"ImageObject\",\"inLanguage\":\"pt-BR\",\"@id\":\"https:\/\/acrimat.org.br\/portal\/#\/schema\/person\/image\/\",\"url\":\"https:\/\/secure.gravatar.com\/avatar\/2f9c28e64c317bcd762b25cb1575f1b4?s=96&d=mm&r=g\",\"contentUrl\":\"https:\/\/secure.gravatar.com\/avatar\/2f9c28e64c317bcd762b25cb1575f1b4?s=96&d=mm&r=g\",\"caption\":\"Assessoria de comunica\u00e7\u00e3o ACRIMAT\"},\"sameAs\":[\"http:\/\/acrimat.org.br\/\"],\"url\":\"https:\/\/acrimat.org.br\/portal\/author\/ascom\/\"}]}<\/script>\n<!-- \/ Yoast SEO plugin. -->","yoast_head_json":{"title":"Nessa briga ideol\u00f3gica atual, perdem os produtores - Acrimat","robots":{"index":"index","follow":"follow","max-snippet":"max-snippet:-1","max-image-preview":"max-image-preview:large","max-video-preview":"max-video-preview:-1"},"canonical":"https:\/\/acrimat.org.br\/portal\/nessa-briga-ideologica-atual-perdem-os-produtores\/","og_locale":"pt_BR","og_type":"article","og_title":"Nessa briga ideol\u00f3gica atual, perdem os produtores - Acrimat","og_description":"Problema \u00e9 que a palavra \"ruralista\" est\u00e1 muito inserida nessas discuss\u00f5es","og_url":"https:\/\/acrimat.org.br\/portal\/nessa-briga-ideologica-atual-perdem-os-produtores\/","og_site_name":"Acrimat","article_published_time":"2018-03-29T14:43:56+00:00","og_image":[{"width":640,"height":480,"url":"https:\/\/acrimat.org.br\/portal\/wp-content\/uploads\/2017\/12\/897-pastagem.jpg","type":"image\/jpeg"}],"author":"Assessoria de comunica\u00e7\u00e3o ACRIMAT","twitter_card":"summary_large_image","twitter_misc":{"Escrito por":"Assessoria de comunica\u00e7\u00e3o ACRIMAT","Est. tempo de leitura":"2 minutos"},"schema":{"@context":"https:\/\/schema.org","@graph":[{"@type":"Article","@id":"https:\/\/acrimat.org.br\/portal\/nessa-briga-ideologica-atual-perdem-os-produtores\/#article","isPartOf":{"@id":"https:\/\/acrimat.org.br\/portal\/nessa-briga-ideologica-atual-perdem-os-produtores\/"},"author":{"name":"Assessoria de comunica\u00e7\u00e3o ACRIMAT","@id":"https:\/\/acrimat.org.br\/portal\/#\/schema\/person\/a309b9496344ff991e8e1b1d751fdd7b"},"headline":"Nessa briga ideol\u00f3gica atual, perdem os produtores","datePublished":"2018-03-29T14:43:56+00:00","mainEntityOfPage":{"@id":"https:\/\/acrimat.org.br\/portal\/nessa-briga-ideologica-atual-perdem-os-produtores\/"},"wordCount":393,"publisher":{"@id":"https:\/\/acrimat.org.br\/portal\/#organization"},"image":{"@id":"https:\/\/acrimat.org.br\/portal\/nessa-briga-ideologica-atual-perdem-os-produtores\/#primaryimage"},"thumbnailUrl":"https:\/\/acrimat.org.br\/portal\/wp-content\/uploads\/2017\/12\/897-pastagem.jpg","articleSection":["Destaques","Not\u00edcias"],"inLanguage":"pt-BR"},{"@type":"WebPage","@id":"https:\/\/acrimat.org.br\/portal\/nessa-briga-ideologica-atual-perdem-os-produtores\/","url":"https:\/\/acrimat.org.br\/portal\/nessa-briga-ideologica-atual-perdem-os-produtores\/","name":"Nessa briga ideol\u00f3gica atual, perdem os produtores - Acrimat","isPartOf":{"@id":"https:\/\/acrimat.org.br\/portal\/#website"},"primaryImageOfPage":{"@id":"https:\/\/acrimat.org.br\/portal\/nessa-briga-ideologica-atual-perdem-os-produtores\/#primaryimage"},"image":{"@id":"https:\/\/acrimat.org.br\/portal\/nessa-briga-ideologica-atual-perdem-os-produtores\/#primaryimage"},"thumbnailUrl":"https:\/\/acrimat.org.br\/portal\/wp-content\/uploads\/2017\/12\/897-pastagem.jpg","datePublished":"2018-03-29T14:43:56+00:00","breadcrumb":{"@id":"https:\/\/acrimat.org.br\/portal\/nessa-briga-ideologica-atual-perdem-os-produtores\/#breadcrumb"},"inLanguage":"pt-BR","potentialAction":[{"@type":"ReadAction","target":["https:\/\/acrimat.org.br\/portal\/nessa-briga-ideologica-atual-perdem-os-produtores\/"]}]},{"@type":"ImageObject","inLanguage":"pt-BR","@id":"https:\/\/acrimat.org.br\/portal\/nessa-briga-ideologica-atual-perdem-os-produtores\/#primaryimage","url":"https:\/\/acrimat.org.br\/portal\/wp-content\/uploads\/2017\/12\/897-pastagem.jpg","contentUrl":"https:\/\/acrimat.org.br\/portal\/wp-content\/uploads\/2017\/12\/897-pastagem.jpg","width":640,"height":480},{"@type":"BreadcrumbList","@id":"https:\/\/acrimat.org.br\/portal\/nessa-briga-ideologica-atual-perdem-os-produtores\/#breadcrumb","itemListElement":[{"@type":"ListItem","position":1,"name":"In\u00edcio","item":"https:\/\/acrimat.org.br\/portal\/"},{"@type":"ListItem","position":2,"name":"Nessa briga ideol\u00f3gica atual, perdem os produtores"}]},{"@type":"WebSite","@id":"https:\/\/acrimat.org.br\/portal\/#website","url":"https:\/\/acrimat.org.br\/portal\/","name":"Acrimat","description":"Associa\u00e7\u00e3o dos Criadores de Mato Grosso","publisher":{"@id":"https:\/\/acrimat.org.br\/portal\/#organization"},"potentialAction":[{"@type":"SearchAction","target":{"@type":"EntryPoint","urlTemplate":"https:\/\/acrimat.org.br\/portal\/?s={search_term_string}"},"query-input":{"@type":"PropertyValueSpecification","valueRequired":true,"valueName":"search_term_string"}}],"inLanguage":"pt-BR"},{"@type":"Organization","@id":"https:\/\/acrimat.org.br\/portal\/#organization","name":"Associa\u00e7\u00e3o dos Criadores de Mato Grosso","url":"https:\/\/acrimat.org.br\/portal\/","logo":{"@type":"ImageObject","inLanguage":"pt-BR","@id":"https:\/\/acrimat.org.br\/portal\/#\/schema\/logo\/image\/","url":"https:\/\/acrimat.org.br\/portal\/wp-content\/uploads\/2018\/03\/logo-peq-original.png","contentUrl":"https:\/\/acrimat.org.br\/portal\/wp-content\/uploads\/2018\/03\/logo-peq-original.png","width":174,"height":171,"caption":"Associa\u00e7\u00e3o dos Criadores de Mato Grosso"},"image":{"@id":"https:\/\/acrimat.org.br\/portal\/#\/schema\/logo\/image\/"}},{"@type":"Person","@id":"https:\/\/acrimat.org.br\/portal\/#\/schema\/person\/a309b9496344ff991e8e1b1d751fdd7b","name":"Assessoria de comunica\u00e7\u00e3o ACRIMAT","image":{"@type":"ImageObject","inLanguage":"pt-BR","@id":"https:\/\/acrimat.org.br\/portal\/#\/schema\/person\/image\/","url":"https:\/\/secure.gravatar.com\/avatar\/2f9c28e64c317bcd762b25cb1575f1b4?s=96&d=mm&r=g","contentUrl":"https:\/\/secure.gravatar.com\/avatar\/2f9c28e64c317bcd762b25cb1575f1b4?s=96&d=mm&r=g","caption":"Assessoria de comunica\u00e7\u00e3o ACRIMAT"},"sameAs":["http:\/\/acrimat.org.br\/"],"url":"https:\/\/acrimat.org.br\/portal\/author\/ascom\/"}]}},"_links":{"self":[{"href":"https:\/\/acrimat.org.br\/portal\/wp-json\/wp\/v2\/posts\/97986742","targetHints":{"allow":["GET"]}}],"collection":[{"href":"https:\/\/acrimat.org.br\/portal\/wp-json\/wp\/v2\/posts"}],"about":[{"href":"https:\/\/acrimat.org.br\/portal\/wp-json\/wp\/v2\/types\/post"}],"author":[{"embeddable":true,"href":"https:\/\/acrimat.org.br\/portal\/wp-json\/wp\/v2\/users\/7"}],"replies":[{"embeddable":true,"href":"https:\/\/acrimat.org.br\/portal\/wp-json\/wp\/v2\/comments?post=97986742"}],"version-history":[{"count":1,"href":"https:\/\/acrimat.org.br\/portal\/wp-json\/wp\/v2\/posts\/97986742\/revisions"}],"predecessor-version":[{"id":97986743,"href":"https:\/\/acrimat.org.br\/portal\/wp-json\/wp\/v2\/posts\/97986742\/revisions\/97986743"}],"wp:featuredmedia":[{"embeddable":true,"href":"https:\/\/acrimat.org.br\/portal\/wp-json\/wp\/v2\/media\/97985293"}],"wp:attachment":[{"href":"https:\/\/acrimat.org.br\/portal\/wp-json\/wp\/v2\/media?parent=97986742"}],"wp:term":[{"taxonomy":"category","embeddable":true,"href":"https:\/\/acrimat.org.br\/portal\/wp-json\/wp\/v2\/categories?post=97986742"},{"taxonomy":"post_tag","embeddable":true,"href":"https:\/\/acrimat.org.br\/portal\/wp-json\/wp\/v2\/tags?post=97986742"}],"curies":[{"name":"wp","href":"https:\/\/api.w.org\/{rel}","templated":true}]}}