{"id":97986747,"date":"2018-03-29T11:48:39","date_gmt":"2018-03-29T14:48:39","guid":{"rendered":"http:\/\/acrimat.org.br\/portal\/?p=97986747"},"modified":"2018-03-29T11:48:39","modified_gmt":"2018-03-29T14:48:39","slug":"mt-foi-o-estado-que-mais-gerou-carne-em-2017","status":"publish","type":"post","link":"https:\/\/acrimat.org.br\/portal\/mt-foi-o-estado-que-mais-gerou-carne-em-2017\/","title":{"rendered":"MT foi o estado que mais gerou carne em 2017"},"content":{"rendered":"<p>Mato Grosso tem os bovinos que mais geraram carne no pa\u00eds em 2017, conforme dados do IBGE e do Instituto Mato-grossense de Economia Agropecu\u00e1ria (Imea). Com acr\u00e9scimo de 0,60% no peso m\u00e9dio dos animais abatidos, o Estado ultrapassou S\u00e3o Paulo e agora \u00e9 destaque tamb\u00e9m em produtividade e n\u00e3o apenas em produ\u00e7\u00e3o.<\/p>\n<p>Conforme avalia\u00e7\u00e3o dos analistas do Imea sobre dados recentes de abates divulgados pelo IBGE, houve um ganho anual no peso m\u00e9dio das carca\u00e7as, elevando \u2013 pelo terceiro ano consecutivo a quantidade de prote\u00edna vermelha por animal abatido, que em 2017 fechou com 17,78 arrobas por cabe\u00e7a, acima de S\u00e3o Paulo e superando a m\u00e9dia de 16,5 arrobas por cabe\u00e7a do peso nacional no per\u00edodo.<\/p>\n<p>Como observam os analistas do Imea, o peso m\u00e9dio da carca\u00e7a \u00e9 a rela\u00e7\u00e3o entre a produ\u00e7\u00e3o de carne e o total de animais abatidos, e mesmo com grande participa\u00e7\u00e3o de vacas \u2013 geralmente menos pesadas que os bois \u2013 na linha de produ\u00e7\u00e3o dos frigor\u00edficos, foi poss\u00edvel conquistar mais esse recorde e diferencial \u00e0 bovinocultura mato-grossense. \u201cCom n\u00famero de vacas abatidas (acima de 24 meses) crescendo quase 22% em rela\u00e7\u00e3o a 2016, era de se esperar uma queda no peso m\u00e9dio de abate dos bovinos, visto que o destino convencional das f\u00eameas e a reprodu\u00e7\u00e3o e n\u00e3o o abate, desta forma a quantidade de prote\u00edna gerada \u00e9 costumeiramente menor. Por\u00e9m, n\u00e3o foi isso o que aconteceu, houve esse ganho anual de 0,60% no peso m\u00e9dio da carca\u00e7a\u201d.<\/p>\n<p>Ainda como frisam os analistas de bovinocultura do Imea, \u201cMato Grosso se destaca em \u00e2mbito nacional na produ\u00e7\u00e3o, como o Estado que mais abate bovinos no Brasil, e agora destaque em produtividade\u201d.<\/p>\n<p>DESEMPENHO \u2013 O IBGE disponibilizou os dados de produ\u00e7\u00e3o de carne bovina em 2017 no Brasil. Os resultados mostram que foram produzidas 7,67 milh\u00f5es de toneladas de carne bovina, uma evolu\u00e7\u00e3o de 4,27% em rela\u00e7\u00e3o a 2016. Outro destaque positivo \u00e9 que Mato Grosso tamb\u00e9m evoluiu em sua produ\u00e7\u00e3o (+ 5,60%), atingindo 1,28 milh\u00e3o de toneladas, representando 16,70% da produ\u00e7\u00e3o brasileira, segundo maior valor da s\u00e9rie hist\u00f3rica. \u201cO crescimento mostra a for\u00e7a do setor mesmo em um ano cheio de instabilidade no \u00e2mbito pol\u00edtico-econ\u00f4mico. O principal vetor desta expans\u00e3o produtiva foi o aumento no n\u00famero de f\u00eameas abatidas, consequ\u00eancia da atual fase do ciclo pecu\u00e1rio. Em 2018, esse cen\u00e1rio de descarte de f\u00eameas d\u00e1 sinais de continuidade, com uma espera por maior estabilidade do setor, este pode ser mais um ano de produ\u00e7\u00e3o crescente\u201d, avaliam os analistas.<\/p>\n<p>Na semana passada, quando o IBGE divulgou os dados, o Di\u00e1rio destacou que o volume dos mais de 30,83 milh\u00f5es de cabe\u00e7as abatidas no pa\u00eds, 4,80 milh\u00f5es haviam sido abatidas em Mato Grosso, Estado que det\u00e9m o maior rebanho nacional, e que por mais um ano, liderou a movimenta\u00e7\u00e3o de animais nos frigor\u00edficos. Entre 2016 e 2016, o abate no Estado cresceu 11,8%.<\/p>\n","protected":false},"excerpt":{"rendered":"<p>Al\u00e9m de produ\u00e7\u00e3o \u2013 ao agregar o maior rebanho do Brasil &#8211; Estado abocanhou mais um recorde na atividade ao bater o maior rendimento m\u00e9dio por carca\u00e7a<\/p>\n","protected":false},"author":7,"featured_media":97985281,"comment_status":"closed","ping_status":"closed","sticky":false,"template":"","format":"standard","meta":{"footnotes":""},"categories":[6,1],"tags":[],"class_list":["post-97986747","post","type-post","status-publish","format-standard","has-post-thumbnail","hentry","category-destaque","category-noticia"],"yoast_head":"<!-- This site is optimized with the Yoast SEO plugin v24.8.1 - https:\/\/yoast.com\/wordpress\/plugins\/seo\/ -->\n<title>MT foi o estado que mais gerou carne em 2017 - Acrimat<\/title>\n<meta name=\"robots\" content=\"index, follow, max-snippet:-1, max-image-preview:large, max-video-preview:-1\" \/>\n<link rel=\"canonical\" href=\"https:\/\/acrimat.org.br\/portal\/mt-foi-o-estado-que-mais-gerou-carne-em-2017\/\" \/>\n<meta property=\"og:locale\" content=\"pt_BR\" \/>\n<meta property=\"og:type\" content=\"article\" \/>\n<meta property=\"og:title\" content=\"MT foi o estado que mais gerou carne em 2017 - Acrimat\" \/>\n<meta property=\"og:description\" content=\"Al\u00e9m de produ\u00e7\u00e3o \u2013 ao agregar o maior rebanho do Brasil - Estado abocanhou mais um recorde na atividade ao bater o maior rendimento m\u00e9dio por carca\u00e7a\" \/>\n<meta property=\"og:url\" content=\"https:\/\/acrimat.org.br\/portal\/mt-foi-o-estado-que-mais-gerou-carne-em-2017\/\" \/>\n<meta property=\"og:site_name\" content=\"Acrimat\" \/>\n<meta property=\"article:published_time\" content=\"2018-03-29T14:48:39+00:00\" \/>\n<meta property=\"og:image\" content=\"https:\/\/acrimat.org.br\/portal\/wp-content\/uploads\/2017\/12\/frigorifico1.jpg\" \/>\n\t<meta property=\"og:image:width\" content=\"730\" \/>\n\t<meta property=\"og:image:height\" content=\"502\" \/>\n\t<meta property=\"og:image:type\" content=\"image\/jpeg\" \/>\n<meta name=\"author\" content=\"Assessoria de comunica\u00e7\u00e3o ACRIMAT\" \/>\n<meta name=\"twitter:card\" content=\"summary_large_image\" \/>\n<meta name=\"twitter:label1\" content=\"Escrito por\" \/>\n\t<meta name=\"twitter:data1\" content=\"Assessoria de comunica\u00e7\u00e3o ACRIMAT\" \/>\n\t<meta name=\"twitter:label2\" content=\"Est. tempo de leitura\" \/>\n\t<meta name=\"twitter:data2\" content=\"3 minutos\" \/>\n<script type=\"application\/ld+json\" class=\"yoast-schema-graph\">{\"@context\":\"https:\/\/schema.org\",\"@graph\":[{\"@type\":\"Article\",\"@id\":\"https:\/\/acrimat.org.br\/portal\/mt-foi-o-estado-que-mais-gerou-carne-em-2017\/#article\",\"isPartOf\":{\"@id\":\"https:\/\/acrimat.org.br\/portal\/mt-foi-o-estado-que-mais-gerou-carne-em-2017\/\"},\"author\":{\"name\":\"Assessoria de comunica\u00e7\u00e3o ACRIMAT\",\"@id\":\"https:\/\/acrimat.org.br\/portal\/#\/schema\/person\/a309b9496344ff991e8e1b1d751fdd7b\"},\"headline\":\"MT foi o estado que mais gerou carne em 2017\",\"datePublished\":\"2018-03-29T14:48:39+00:00\",\"mainEntityOfPage\":{\"@id\":\"https:\/\/acrimat.org.br\/portal\/mt-foi-o-estado-que-mais-gerou-carne-em-2017\/\"},\"wordCount\":519,\"publisher\":{\"@id\":\"https:\/\/acrimat.org.br\/portal\/#organization\"},\"image\":{\"@id\":\"https:\/\/acrimat.org.br\/portal\/mt-foi-o-estado-que-mais-gerou-carne-em-2017\/#primaryimage\"},\"thumbnailUrl\":\"https:\/\/acrimat.org.br\/portal\/wp-content\/uploads\/2017\/12\/frigorifico1.jpg\",\"articleSection\":[\"Destaques\",\"Not\u00edcias\"],\"inLanguage\":\"pt-BR\"},{\"@type\":\"WebPage\",\"@id\":\"https:\/\/acrimat.org.br\/portal\/mt-foi-o-estado-que-mais-gerou-carne-em-2017\/\",\"url\":\"https:\/\/acrimat.org.br\/portal\/mt-foi-o-estado-que-mais-gerou-carne-em-2017\/\",\"name\":\"MT foi o estado que mais gerou carne em 2017 - Acrimat\",\"isPartOf\":{\"@id\":\"https:\/\/acrimat.org.br\/portal\/#website\"},\"primaryImageOfPage\":{\"@id\":\"https:\/\/acrimat.org.br\/portal\/mt-foi-o-estado-que-mais-gerou-carne-em-2017\/#primaryimage\"},\"image\":{\"@id\":\"https:\/\/acrimat.org.br\/portal\/mt-foi-o-estado-que-mais-gerou-carne-em-2017\/#primaryimage\"},\"thumbnailUrl\":\"https:\/\/acrimat.org.br\/portal\/wp-content\/uploads\/2017\/12\/frigorifico1.jpg\",\"datePublished\":\"2018-03-29T14:48:39+00:00\",\"breadcrumb\":{\"@id\":\"https:\/\/acrimat.org.br\/portal\/mt-foi-o-estado-que-mais-gerou-carne-em-2017\/#breadcrumb\"},\"inLanguage\":\"pt-BR\",\"potentialAction\":[{\"@type\":\"ReadAction\",\"target\":[\"https:\/\/acrimat.org.br\/portal\/mt-foi-o-estado-que-mais-gerou-carne-em-2017\/\"]}]},{\"@type\":\"ImageObject\",\"inLanguage\":\"pt-BR\",\"@id\":\"https:\/\/acrimat.org.br\/portal\/mt-foi-o-estado-que-mais-gerou-carne-em-2017\/#primaryimage\",\"url\":\"https:\/\/acrimat.org.br\/portal\/wp-content\/uploads\/2017\/12\/frigorifico1.jpg\",\"contentUrl\":\"https:\/\/acrimat.org.br\/portal\/wp-content\/uploads\/2017\/12\/frigorifico1.jpg\",\"width\":730,\"height\":502},{\"@type\":\"BreadcrumbList\",\"@id\":\"https:\/\/acrimat.org.br\/portal\/mt-foi-o-estado-que-mais-gerou-carne-em-2017\/#breadcrumb\",\"itemListElement\":[{\"@type\":\"ListItem\",\"position\":1,\"name\":\"In\u00edcio\",\"item\":\"https:\/\/acrimat.org.br\/portal\/\"},{\"@type\":\"ListItem\",\"position\":2,\"name\":\"MT foi o estado que mais gerou carne em 2017\"}]},{\"@type\":\"WebSite\",\"@id\":\"https:\/\/acrimat.org.br\/portal\/#website\",\"url\":\"https:\/\/acrimat.org.br\/portal\/\",\"name\":\"Acrimat\",\"description\":\"Associa\u00e7\u00e3o dos Criadores de Mato Grosso\",\"publisher\":{\"@id\":\"https:\/\/acrimat.org.br\/portal\/#organization\"},\"potentialAction\":[{\"@type\":\"SearchAction\",\"target\":{\"@type\":\"EntryPoint\",\"urlTemplate\":\"https:\/\/acrimat.org.br\/portal\/?s={search_term_string}\"},\"query-input\":{\"@type\":\"PropertyValueSpecification\",\"valueRequired\":true,\"valueName\":\"search_term_string\"}}],\"inLanguage\":\"pt-BR\"},{\"@type\":\"Organization\",\"@id\":\"https:\/\/acrimat.org.br\/portal\/#organization\",\"name\":\"Associa\u00e7\u00e3o dos Criadores de Mato Grosso\",\"url\":\"https:\/\/acrimat.org.br\/portal\/\",\"logo\":{\"@type\":\"ImageObject\",\"inLanguage\":\"pt-BR\",\"@id\":\"https:\/\/acrimat.org.br\/portal\/#\/schema\/logo\/image\/\",\"url\":\"https:\/\/acrimat.org.br\/portal\/wp-content\/uploads\/2018\/03\/logo-peq-original.png\",\"contentUrl\":\"https:\/\/acrimat.org.br\/portal\/wp-content\/uploads\/2018\/03\/logo-peq-original.png\",\"width\":174,\"height\":171,\"caption\":\"Associa\u00e7\u00e3o dos Criadores de Mato Grosso\"},\"image\":{\"@id\":\"https:\/\/acrimat.org.br\/portal\/#\/schema\/logo\/image\/\"}},{\"@type\":\"Person\",\"@id\":\"https:\/\/acrimat.org.br\/portal\/#\/schema\/person\/a309b9496344ff991e8e1b1d751fdd7b\",\"name\":\"Assessoria de comunica\u00e7\u00e3o ACRIMAT\",\"image\":{\"@type\":\"ImageObject\",\"inLanguage\":\"pt-BR\",\"@id\":\"https:\/\/acrimat.org.br\/portal\/#\/schema\/person\/image\/\",\"url\":\"https:\/\/secure.gravatar.com\/avatar\/2f9c28e64c317bcd762b25cb1575f1b4?s=96&d=mm&r=g\",\"contentUrl\":\"https:\/\/secure.gravatar.com\/avatar\/2f9c28e64c317bcd762b25cb1575f1b4?s=96&d=mm&r=g\",\"caption\":\"Assessoria de comunica\u00e7\u00e3o ACRIMAT\"},\"sameAs\":[\"http:\/\/acrimat.org.br\/\"],\"url\":\"https:\/\/acrimat.org.br\/portal\/author\/ascom\/\"}]}<\/script>\n<!-- \/ Yoast SEO plugin. -->","yoast_head_json":{"title":"MT foi o estado que mais gerou carne em 2017 - Acrimat","robots":{"index":"index","follow":"follow","max-snippet":"max-snippet:-1","max-image-preview":"max-image-preview:large","max-video-preview":"max-video-preview:-1"},"canonical":"https:\/\/acrimat.org.br\/portal\/mt-foi-o-estado-que-mais-gerou-carne-em-2017\/","og_locale":"pt_BR","og_type":"article","og_title":"MT foi o estado que mais gerou carne em 2017 - Acrimat","og_description":"Al\u00e9m de produ\u00e7\u00e3o \u2013 ao agregar o maior rebanho do Brasil - Estado abocanhou mais um recorde na atividade ao bater o maior rendimento m\u00e9dio por carca\u00e7a","og_url":"https:\/\/acrimat.org.br\/portal\/mt-foi-o-estado-que-mais-gerou-carne-em-2017\/","og_site_name":"Acrimat","article_published_time":"2018-03-29T14:48:39+00:00","og_image":[{"width":730,"height":502,"url":"https:\/\/acrimat.org.br\/portal\/wp-content\/uploads\/2017\/12\/frigorifico1.jpg","type":"image\/jpeg"}],"author":"Assessoria de comunica\u00e7\u00e3o ACRIMAT","twitter_card":"summary_large_image","twitter_misc":{"Escrito por":"Assessoria de comunica\u00e7\u00e3o ACRIMAT","Est. tempo de leitura":"3 minutos"},"schema":{"@context":"https:\/\/schema.org","@graph":[{"@type":"Article","@id":"https:\/\/acrimat.org.br\/portal\/mt-foi-o-estado-que-mais-gerou-carne-em-2017\/#article","isPartOf":{"@id":"https:\/\/acrimat.org.br\/portal\/mt-foi-o-estado-que-mais-gerou-carne-em-2017\/"},"author":{"name":"Assessoria de comunica\u00e7\u00e3o ACRIMAT","@id":"https:\/\/acrimat.org.br\/portal\/#\/schema\/person\/a309b9496344ff991e8e1b1d751fdd7b"},"headline":"MT foi o estado que mais gerou carne em 2017","datePublished":"2018-03-29T14:48:39+00:00","mainEntityOfPage":{"@id":"https:\/\/acrimat.org.br\/portal\/mt-foi-o-estado-que-mais-gerou-carne-em-2017\/"},"wordCount":519,"publisher":{"@id":"https:\/\/acrimat.org.br\/portal\/#organization"},"image":{"@id":"https:\/\/acrimat.org.br\/portal\/mt-foi-o-estado-que-mais-gerou-carne-em-2017\/#primaryimage"},"thumbnailUrl":"https:\/\/acrimat.org.br\/portal\/wp-content\/uploads\/2017\/12\/frigorifico1.jpg","articleSection":["Destaques","Not\u00edcias"],"inLanguage":"pt-BR"},{"@type":"WebPage","@id":"https:\/\/acrimat.org.br\/portal\/mt-foi-o-estado-que-mais-gerou-carne-em-2017\/","url":"https:\/\/acrimat.org.br\/portal\/mt-foi-o-estado-que-mais-gerou-carne-em-2017\/","name":"MT foi o estado que mais gerou carne em 2017 - Acrimat","isPartOf":{"@id":"https:\/\/acrimat.org.br\/portal\/#website"},"primaryImageOfPage":{"@id":"https:\/\/acrimat.org.br\/portal\/mt-foi-o-estado-que-mais-gerou-carne-em-2017\/#primaryimage"},"image":{"@id":"https:\/\/acrimat.org.br\/portal\/mt-foi-o-estado-que-mais-gerou-carne-em-2017\/#primaryimage"},"thumbnailUrl":"https:\/\/acrimat.org.br\/portal\/wp-content\/uploads\/2017\/12\/frigorifico1.jpg","datePublished":"2018-03-29T14:48:39+00:00","breadcrumb":{"@id":"https:\/\/acrimat.org.br\/portal\/mt-foi-o-estado-que-mais-gerou-carne-em-2017\/#breadcrumb"},"inLanguage":"pt-BR","potentialAction":[{"@type":"ReadAction","target":["https:\/\/acrimat.org.br\/portal\/mt-foi-o-estado-que-mais-gerou-carne-em-2017\/"]}]},{"@type":"ImageObject","inLanguage":"pt-BR","@id":"https:\/\/acrimat.org.br\/portal\/mt-foi-o-estado-que-mais-gerou-carne-em-2017\/#primaryimage","url":"https:\/\/acrimat.org.br\/portal\/wp-content\/uploads\/2017\/12\/frigorifico1.jpg","contentUrl":"https:\/\/acrimat.org.br\/portal\/wp-content\/uploads\/2017\/12\/frigorifico1.jpg","width":730,"height":502},{"@type":"BreadcrumbList","@id":"https:\/\/acrimat.org.br\/portal\/mt-foi-o-estado-que-mais-gerou-carne-em-2017\/#breadcrumb","itemListElement":[{"@type":"ListItem","position":1,"name":"In\u00edcio","item":"https:\/\/acrimat.org.br\/portal\/"},{"@type":"ListItem","position":2,"name":"MT foi o estado que mais gerou carne em 2017"}]},{"@type":"WebSite","@id":"https:\/\/acrimat.org.br\/portal\/#website","url":"https:\/\/acrimat.org.br\/portal\/","name":"Acrimat","description":"Associa\u00e7\u00e3o dos Criadores de Mato Grosso","publisher":{"@id":"https:\/\/acrimat.org.br\/portal\/#organization"},"potentialAction":[{"@type":"SearchAction","target":{"@type":"EntryPoint","urlTemplate":"https:\/\/acrimat.org.br\/portal\/?s={search_term_string}"},"query-input":{"@type":"PropertyValueSpecification","valueRequired":true,"valueName":"search_term_string"}}],"inLanguage":"pt-BR"},{"@type":"Organization","@id":"https:\/\/acrimat.org.br\/portal\/#organization","name":"Associa\u00e7\u00e3o dos Criadores de Mato Grosso","url":"https:\/\/acrimat.org.br\/portal\/","logo":{"@type":"ImageObject","inLanguage":"pt-BR","@id":"https:\/\/acrimat.org.br\/portal\/#\/schema\/logo\/image\/","url":"https:\/\/acrimat.org.br\/portal\/wp-content\/uploads\/2018\/03\/logo-peq-original.png","contentUrl":"https:\/\/acrimat.org.br\/portal\/wp-content\/uploads\/2018\/03\/logo-peq-original.png","width":174,"height":171,"caption":"Associa\u00e7\u00e3o dos Criadores de Mato Grosso"},"image":{"@id":"https:\/\/acrimat.org.br\/portal\/#\/schema\/logo\/image\/"}},{"@type":"Person","@id":"https:\/\/acrimat.org.br\/portal\/#\/schema\/person\/a309b9496344ff991e8e1b1d751fdd7b","name":"Assessoria de comunica\u00e7\u00e3o ACRIMAT","image":{"@type":"ImageObject","inLanguage":"pt-BR","@id":"https:\/\/acrimat.org.br\/portal\/#\/schema\/person\/image\/","url":"https:\/\/secure.gravatar.com\/avatar\/2f9c28e64c317bcd762b25cb1575f1b4?s=96&d=mm&r=g","contentUrl":"https:\/\/secure.gravatar.com\/avatar\/2f9c28e64c317bcd762b25cb1575f1b4?s=96&d=mm&r=g","caption":"Assessoria de comunica\u00e7\u00e3o ACRIMAT"},"sameAs":["http:\/\/acrimat.org.br\/"],"url":"https:\/\/acrimat.org.br\/portal\/author\/ascom\/"}]}},"_links":{"self":[{"href":"https:\/\/acrimat.org.br\/portal\/wp-json\/wp\/v2\/posts\/97986747","targetHints":{"allow":["GET"]}}],"collection":[{"href":"https:\/\/acrimat.org.br\/portal\/wp-json\/wp\/v2\/posts"}],"about":[{"href":"https:\/\/acrimat.org.br\/portal\/wp-json\/wp\/v2\/types\/post"}],"author":[{"embeddable":true,"href":"https:\/\/acrimat.org.br\/portal\/wp-json\/wp\/v2\/users\/7"}],"replies":[{"embeddable":true,"href":"https:\/\/acrimat.org.br\/portal\/wp-json\/wp\/v2\/comments?post=97986747"}],"version-history":[{"count":1,"href":"https:\/\/acrimat.org.br\/portal\/wp-json\/wp\/v2\/posts\/97986747\/revisions"}],"predecessor-version":[{"id":97986748,"href":"https:\/\/acrimat.org.br\/portal\/wp-json\/wp\/v2\/posts\/97986747\/revisions\/97986748"}],"wp:featuredmedia":[{"embeddable":true,"href":"https:\/\/acrimat.org.br\/portal\/wp-json\/wp\/v2\/media\/97985281"}],"wp:attachment":[{"href":"https:\/\/acrimat.org.br\/portal\/wp-json\/wp\/v2\/media?parent=97986747"}],"wp:term":[{"taxonomy":"category","embeddable":true,"href":"https:\/\/acrimat.org.br\/portal\/wp-json\/wp\/v2\/categories?post=97986747"},{"taxonomy":"post_tag","embeddable":true,"href":"https:\/\/acrimat.org.br\/portal\/wp-json\/wp\/v2\/tags?post=97986747"}],"curies":[{"name":"wp","href":"https:\/\/api.w.org\/{rel}","templated":true}]}}