{"id":97986749,"date":"2018-03-29T12:04:44","date_gmt":"2018-03-29T15:04:44","guid":{"rendered":"http:\/\/acrimat.org.br\/portal\/?p=97986749"},"modified":"2018-03-29T12:04:44","modified_gmt":"2018-03-29T15:04:44","slug":"producao-com-mais-qualidade-tera-destaque-na-intercorte-cuiaba","status":"publish","type":"post","link":"https:\/\/acrimat.org.br\/portal\/producao-com-mais-qualidade-tera-destaque-na-intercorte-cuiaba\/","title":{"rendered":"Produ\u00e7\u00e3o com mais qualidade ter\u00e1 destaque na InterCorte Cuiab\u00e1"},"content":{"rendered":"<p>A cidade de Cuiab\u00e1 (MT), mais uma vez, ser\u00e1 palco de abertura da InterCorte, evento que vem percorrendo de forma itinerante alguns dos principais polos de pecu\u00e1ria brasileiros para levar informa\u00e7\u00e3o, discuss\u00e3o e tecnologia aos produtores. Na edi\u00e7\u00e3o deste ano, a etapa mato-grossense ser\u00e1 promovida entre os dias 12 e 13 de abril, em novo local, o Cenarium Rural.<\/p>\n<p>Durante os dois dias do evento ser\u00e3o promovidas palestras e apresenta\u00e7\u00e3o cases de produtores da regi\u00e3o, divididos em quatro blocos tem\u00e1ticos: Produzir Mais Carne; Inova\u00e7\u00e3o; Vender Mais e Vender Melhor, e Comunica\u00e7\u00e3o.<\/p>\n<p>O primeiro bloco, com o tema Produzir Mais Carne, demonstrar\u00e1 que a efici\u00eancia t\u00e9cnica gera maiores ganhos a partir do conceito de produzir mais com menos. Dentre as palestras em destaque est\u00e1 a com o tema &#8220;Estrat\u00e9gias de nutri\u00e7\u00e3o para maximiza\u00e7\u00e3o de resultados&#8221;. A apresenta\u00e7\u00e3o, que ser\u00e1 ministrada pelo gerente t\u00e9cnico da Connan, Marcio Bonin e que contar\u00e1 com a presen\u00e7a do Prof. Dr. Gustavo Rezende Siqueira, pesquisador da APTA-Colina, que focar\u00e1 na nutri\u00e7\u00e3o de bovinos, apresentando inova\u00e7\u00f5es, pesquisas recentes, testes, al\u00e9m do que h\u00e1 de mais moderno nessa \u00e1rea para a pecu\u00e1ria.<\/p>\n<p>&#8220;Em nossa palestra tra\u00e7aremos os melhores caminhos nutricionais e econ\u00f4micos para que o produtor conquiste melhores resultados. Iremos determinar a nutri\u00e7\u00e3o adequada, melhor condi\u00e7\u00e3o de pasto e suplementa\u00e7\u00e3o para que o criador consiga alcan\u00e7ar, com diferentes tipos de animais, a melhor receita poss\u00edvel para ele e para sua atividade&#8221;, resume Gustavo.<\/p>\n<p>O painel ainda contar\u00e1 com uma palestra com o tema &#8220;Resultados superiores atrav\u00e9s de uma gen\u00e9tica de qualidade&#8221;, que ser\u00e1 ministrada por Alexandre Zadra, supervisor regional AC, MT, MS, RO e Juliana Ferragute, a gerente de produto corte, ambos da GENEX (novo nome da CRI Gen\u00e9tica). O painel ter\u00e1 tamb\u00e9m a palestra de Rog\u00e9rio Fonseca Peres, gerente de contas chaves corte da Am\u00e9rica Latina da ABS Pecplan, al\u00e9m de um case do produtor Marcos Jacinto. O encerramento do painel ter\u00e1 um debate com os palestrantes e ser\u00e1 mediado por Diede Loureiro.<\/p>\n<p><strong>Inova\u00e7\u00e3o na pecu\u00e1ria<\/strong><\/p>\n<p>O uso de solu\u00e7\u00f5es tecnol\u00f3gicas tem se tornado, cada vez mais, um grande aliado do homem do campo. Na pecu\u00e1ria, a ado\u00e7\u00e3o de novas tecnologias \u00e9 um movimento que tem crescido ano a ano, gra\u00e7as \u00e0s facilidades que os aplicativos e equipamentos oferecem no controle da alimenta\u00e7\u00e3o do animal, por exemplo.<\/p>\n<p>Tendo em vista a crescente presen\u00e7a das inova\u00e7\u00f5es no setor, a InterCorte Cuiab\u00e1 contar\u00e1 com um painel que abordar\u00e1 junto ao produtor m\u00e9todos e novas t\u00e9cnicas da chamada quarta revolu\u00e7\u00e3o, por meio de palestras e apresenta\u00e7\u00f5es de cases de sucesso.<\/p>\n<p>Dentre as palestras do painel est\u00e1 a que ser\u00e1 ministrada pelo s\u00f3cio-diretor da SP Ventures, Francisco Jardim com o tema &#8220;Tecnologias digitais v\u00e3o transformar o agroneg\u00f3cio&#8221;. &#8220;Estamos acompanhando uma s\u00e9rie de revolu\u00e7\u00f5es tecnol\u00f3gicas, que j\u00e1 causaram rupturas nos outros setores e j\u00e1 impactam o agroneg\u00f3cio brasileiro. Boa parte dessas inova\u00e7\u00f5es chega ao setor por startups, que promovem mudan\u00e7as importantes na forma com que o agroneg\u00f3cio passou a interagir com as inova\u00e7\u00f5es e ferramentas&#8221;, explica o palestrante.<\/p>\n<p>A Integra\u00e7\u00e3o Lavoura-Pecu\u00e1ria-Floresta (ILPF) como aliada da inova\u00e7\u00e3o de produ\u00e7\u00e3o e rentabilidade da pecu\u00e1ria tamb\u00e9m ser\u00e1 tema de uma das apresenta\u00e7\u00f5es do painel, que detalhar\u00e1 o aspecto inovativo da ILPF e como a pecu\u00e1ria pode se beneficiar dele. &#8220;A maior dificuldade do setor, quando falamos em tecnologias, est\u00e1 em unir as solu\u00e7\u00f5es dispon\u00edveis e, a partir disso, conseguir melhorar os resultados da propriedade. \u00c9 preciso entender a tecnologia como uma grande aliada do setor para superar alguns desafios, como acesso ao cr\u00e9dito, por exemplo&#8221;, ressalta o palestrante \u00c9lder Jos\u00e9 de Mello Bruno, Head de Canais e Alian\u00e7as da JetBov.<\/p>\n<p>Ainda no painel, o tema &#8220;A evolu\u00e7\u00e3o tecnol\u00f3gica na comercializa\u00e7\u00e3o e na produ\u00e7\u00e3o da pecu\u00e1ria&#8221; ser\u00e1 apresentado pelo presidente da Fazen, Vasco Oliveira Neto. A palestra &#8220;Otimiza\u00e7\u00e3o do lucro em engorda intensiva a partir do monitoramento eletr\u00f4nico e di\u00e1rio dos animais&#8221; ser\u00e1 ministrada por Marcelo Ribas, da Intergado. Ainda no painel Inova\u00e7\u00e3o, Paulo Marcelo, da Gest\u00e3o Agropecu\u00e1ria, falar\u00e1 sobre &#8220;Zootecnia de Precis\u00e3o com tecnologia 4.0 aplicada em confinamentos de bovinos&#8221;, al\u00e9m do case de sucesso do produtor Gustavo Martini, seguido por um debate entre os palestrantes, mediado pelo diretor-executivo da Acrimat, Luciano Vacari.<\/p>\n<p><strong>Feira de neg\u00f3cios <\/strong><\/p>\n<p>Al\u00e9m do workshop, a InterCorte Cuiab\u00e1 ter\u00e1 uma feira de neg\u00f3cios com a participa\u00e7\u00e3o de empresas de refer\u00eancia na pecu\u00e1ria, que apresentam suas inova\u00e7\u00f5es para os produtores. Estar\u00e3o no evento as empresas Fazen, Marfrig, Minerva Foods, Nutron, Ourofino Sa\u00fade Animal, Tortuga &#8211; DSM, Trouw Nutrition, ABS, Acrivale, Agroceres Novanis, Allflex, Bayer, Beckhauser, Biog\u00e9nesis Bag\u00f3, Brutale, Campo Nutri\u00e7\u00e3o Animal, Celeiro Carnes Especiais, Coimma, Connan, Est\u00e2ncia Bahia Leil\u00f5es, Exacta Balan\u00e7as, GENEX, MSD Sa\u00fade Animal, Multbovinos, Oligo Basics, Panucci Pr\u00e9 Moldados, Real H, Rubber Tank, Sistema Famato, Hedge Agro, Programa Leil\u00f5es e Senepol da Conquista.<\/p>\n<p>\u201dA InterCorte \u00e9 um espa\u00e7o democr\u00e1tico em que pesquisadores, produtores e empresas podem expor suas experi\u00eancias e resultados, com o \u00fanico objetivo de promover a pecu\u00e1ria brasileira. Nossa ideia central \u00e9 sempre estimular o setor a analisar e refletir sobre como melhorar o seu neg\u00f3cio&#8221;, afirma Carla Tuccilio, diretora do Terraviva Eventos, empresa respons\u00e1vel pela realiza\u00e7\u00e3o da InterCorte.<\/p>\n<p>&#8220;Temos muitas possibilidades que ainda n\u00e3o s\u00e3o de conhecimento dos produtores e que ser\u00e3o colocadas em pauta durante a InterCorte. Temos que pensar em novos rumos para nossa atividade. Para isso, precisamos agregar valor ao nosso produto, melhorar a qualidade da nossa carne e atingir outros mercados que pagam mais por isso. Temos que ter produtos para todos os p\u00fablicos&#8221;, enfatiza Marco T\u00falio Duarte Soares, presidente da Acrimat &#8211; Associa\u00e7\u00e3o dos Criadores de Mato Grosso, que realiza a InterCorte em conjunto com o Terraviva Eventos.<\/p>\n<p>\u201dA InterCorte \u00e9 uma grande oportunidade para os pecuaristas de Mato Grosso se atualizarem sobre as tend\u00eancias da pecu\u00e1ria estadual e brasileira. \u00c9 tamb\u00e9m um momento de encontro entre os pecuaristas para troca de informa\u00e7\u00f5es e conhecimentos. O Sistema Famato apoia o evento por acreditar que \u00e9 por meio dessa troca de experi\u00eancias que temos condi\u00e7\u00f5es de produzir mais e contribuir para o desenvolvimento econ\u00f4mico e sustent\u00e1vel do pa\u00eds&#8221;, ressalta Normando Corral, presidente do Sistema Famato.<\/p>\n<p><strong>Sobre a InterCorte<\/strong><\/p>\n<p>Desde a sua cria\u00e7\u00e3o em 2012, a InterCorte j\u00e1 contou com a participa\u00e7\u00e3o de mais de 27 mil pessoas, a maior parte pecuaristas, em eventos que percorrem algumas das principais regi\u00f5es pecu\u00e1rias do Pa\u00eds para levar informa\u00e7\u00e3o, conhecimento e tecnologia.<\/p>\n<p>Al\u00e9m de Cuiab\u00e1, a edi\u00e7\u00e3o de 2018 passar\u00e1 por Marab\u00e1 (PA) em maio e S\u00e3o Paulo (SP) em novembro.<\/p>\n<p>A InterCorte faz parte do &#8220;Integrar para Crescer&#8221;, plataforma de comunica\u00e7\u00e3o que envolve eventos e a\u00e7\u00f5es com o intuito de disseminar informa\u00e7\u00e3o de qualidade, reverberando os temas e discuss\u00f5es relevantes ao setor. Al\u00e9m da InterCorte, a plataforma ainda promove a\u00e7\u00f5es como o movimento #SomosdaCarne, a Beef Week, Interconf e Caminho do Boi, visando sempre o crescimento e fortalecimento do agroneg\u00f3cio no Brasil. As informa\u00e7\u00f5es partem da assessoria de imprensa da InterCorte.<\/p>\n","protected":false},"excerpt":{"rendered":"<p>Evento que vem percorrendo de forma itinerante alguns dos principais polos de pecu\u00e1ria brasileiros para levar informa\u00e7\u00e3o, discuss\u00e3o e tecnologia aos produtores<\/p>\n","protected":false},"author":7,"featured_media":97986201,"comment_status":"closed","ping_status":"closed","sticky":false,"template":"","format":"standard","meta":{"footnotes":""},"categories":[6,1],"tags":[],"class_list":["post-97986749","post","type-post","status-publish","format-standard","has-post-thumbnail","hentry","category-destaque","category-noticia"],"yoast_head":"<!-- This site is optimized with the Yoast SEO plugin v24.8.1 - https:\/\/yoast.com\/wordpress\/plugins\/seo\/ -->\n<title>Produ\u00e7\u00e3o com mais qualidade ter\u00e1 destaque na InterCorte Cuiab\u00e1 - Acrimat<\/title>\n<meta name=\"robots\" content=\"index, follow, max-snippet:-1, max-image-preview:large, max-video-preview:-1\" \/>\n<link rel=\"canonical\" href=\"https:\/\/acrimat.org.br\/portal\/producao-com-mais-qualidade-tera-destaque-na-intercorte-cuiaba\/\" \/>\n<meta property=\"og:locale\" content=\"pt_BR\" \/>\n<meta property=\"og:type\" content=\"article\" \/>\n<meta property=\"og:title\" content=\"Produ\u00e7\u00e3o com mais qualidade ter\u00e1 destaque na InterCorte Cuiab\u00e1 - Acrimat\" \/>\n<meta property=\"og:description\" content=\"Evento que vem percorrendo de forma itinerante alguns dos principais polos de pecu\u00e1ria brasileiros para levar informa\u00e7\u00e3o, discuss\u00e3o e tecnologia aos produtores\" \/>\n<meta property=\"og:url\" content=\"https:\/\/acrimat.org.br\/portal\/producao-com-mais-qualidade-tera-destaque-na-intercorte-cuiaba\/\" \/>\n<meta property=\"og:site_name\" content=\"Acrimat\" \/>\n<meta property=\"article:published_time\" content=\"2018-03-29T15:04:44+00:00\" \/>\n<meta property=\"og:image\" content=\"https:\/\/acrimat.org.br\/portal\/wp-content\/uploads\/2018\/03\/elf2421-e1519929424313.jpg\" \/>\n\t<meta property=\"og:image:width\" content=\"2016\" \/>\n\t<meta property=\"og:image:height\" content=\"1346\" \/>\n\t<meta property=\"og:image:type\" content=\"image\/jpeg\" \/>\n<meta name=\"author\" content=\"Assessoria de comunica\u00e7\u00e3o ACRIMAT\" \/>\n<meta name=\"twitter:card\" content=\"summary_large_image\" \/>\n<meta name=\"twitter:label1\" content=\"Escrito por\" \/>\n\t<meta name=\"twitter:data1\" content=\"Assessoria de comunica\u00e7\u00e3o ACRIMAT\" \/>\n\t<meta name=\"twitter:label2\" content=\"Est. tempo de leitura\" \/>\n\t<meta name=\"twitter:data2\" content=\"6 minutos\" \/>\n<script type=\"application\/ld+json\" class=\"yoast-schema-graph\">{\"@context\":\"https:\/\/schema.org\",\"@graph\":[{\"@type\":\"Article\",\"@id\":\"https:\/\/acrimat.org.br\/portal\/producao-com-mais-qualidade-tera-destaque-na-intercorte-cuiaba\/#article\",\"isPartOf\":{\"@id\":\"https:\/\/acrimat.org.br\/portal\/producao-com-mais-qualidade-tera-destaque-na-intercorte-cuiaba\/\"},\"author\":{\"name\":\"Assessoria de comunica\u00e7\u00e3o ACRIMAT\",\"@id\":\"https:\/\/acrimat.org.br\/portal\/#\/schema\/person\/a309b9496344ff991e8e1b1d751fdd7b\"},\"headline\":\"Produ\u00e7\u00e3o com mais qualidade ter\u00e1 destaque na InterCorte Cuiab\u00e1\",\"datePublished\":\"2018-03-29T15:04:44+00:00\",\"mainEntityOfPage\":{\"@id\":\"https:\/\/acrimat.org.br\/portal\/producao-com-mais-qualidade-tera-destaque-na-intercorte-cuiaba\/\"},\"wordCount\":1273,\"publisher\":{\"@id\":\"https:\/\/acrimat.org.br\/portal\/#organization\"},\"image\":{\"@id\":\"https:\/\/acrimat.org.br\/portal\/producao-com-mais-qualidade-tera-destaque-na-intercorte-cuiaba\/#primaryimage\"},\"thumbnailUrl\":\"https:\/\/acrimat.org.br\/portal\/wp-content\/uploads\/2018\/03\/elf2421-e1519929424313.jpg\",\"articleSection\":[\"Destaques\",\"Not\u00edcias\"],\"inLanguage\":\"pt-BR\"},{\"@type\":\"WebPage\",\"@id\":\"https:\/\/acrimat.org.br\/portal\/producao-com-mais-qualidade-tera-destaque-na-intercorte-cuiaba\/\",\"url\":\"https:\/\/acrimat.org.br\/portal\/producao-com-mais-qualidade-tera-destaque-na-intercorte-cuiaba\/\",\"name\":\"Produ\u00e7\u00e3o com mais qualidade ter\u00e1 destaque na InterCorte Cuiab\u00e1 - Acrimat\",\"isPartOf\":{\"@id\":\"https:\/\/acrimat.org.br\/portal\/#website\"},\"primaryImageOfPage\":{\"@id\":\"https:\/\/acrimat.org.br\/portal\/producao-com-mais-qualidade-tera-destaque-na-intercorte-cuiaba\/#primaryimage\"},\"image\":{\"@id\":\"https:\/\/acrimat.org.br\/portal\/producao-com-mais-qualidade-tera-destaque-na-intercorte-cuiaba\/#primaryimage\"},\"thumbnailUrl\":\"https:\/\/acrimat.org.br\/portal\/wp-content\/uploads\/2018\/03\/elf2421-e1519929424313.jpg\",\"datePublished\":\"2018-03-29T15:04:44+00:00\",\"breadcrumb\":{\"@id\":\"https:\/\/acrimat.org.br\/portal\/producao-com-mais-qualidade-tera-destaque-na-intercorte-cuiaba\/#breadcrumb\"},\"inLanguage\":\"pt-BR\",\"potentialAction\":[{\"@type\":\"ReadAction\",\"target\":[\"https:\/\/acrimat.org.br\/portal\/producao-com-mais-qualidade-tera-destaque-na-intercorte-cuiaba\/\"]}]},{\"@type\":\"ImageObject\",\"inLanguage\":\"pt-BR\",\"@id\":\"https:\/\/acrimat.org.br\/portal\/producao-com-mais-qualidade-tera-destaque-na-intercorte-cuiaba\/#primaryimage\",\"url\":\"https:\/\/acrimat.org.br\/portal\/wp-content\/uploads\/2018\/03\/elf2421-e1519929424313.jpg\",\"contentUrl\":\"https:\/\/acrimat.org.br\/portal\/wp-content\/uploads\/2018\/03\/elf2421-e1519929424313.jpg\",\"width\":2016,\"height\":1346},{\"@type\":\"BreadcrumbList\",\"@id\":\"https:\/\/acrimat.org.br\/portal\/producao-com-mais-qualidade-tera-destaque-na-intercorte-cuiaba\/#breadcrumb\",\"itemListElement\":[{\"@type\":\"ListItem\",\"position\":1,\"name\":\"In\u00edcio\",\"item\":\"https:\/\/acrimat.org.br\/portal\/\"},{\"@type\":\"ListItem\",\"position\":2,\"name\":\"Produ\u00e7\u00e3o com mais qualidade ter\u00e1 destaque na InterCorte Cuiab\u00e1\"}]},{\"@type\":\"WebSite\",\"@id\":\"https:\/\/acrimat.org.br\/portal\/#website\",\"url\":\"https:\/\/acrimat.org.br\/portal\/\",\"name\":\"Acrimat\",\"description\":\"Associa\u00e7\u00e3o dos Criadores de Mato Grosso\",\"publisher\":{\"@id\":\"https:\/\/acrimat.org.br\/portal\/#organization\"},\"potentialAction\":[{\"@type\":\"SearchAction\",\"target\":{\"@type\":\"EntryPoint\",\"urlTemplate\":\"https:\/\/acrimat.org.br\/portal\/?s={search_term_string}\"},\"query-input\":{\"@type\":\"PropertyValueSpecification\",\"valueRequired\":true,\"valueName\":\"search_term_string\"}}],\"inLanguage\":\"pt-BR\"},{\"@type\":\"Organization\",\"@id\":\"https:\/\/acrimat.org.br\/portal\/#organization\",\"name\":\"Associa\u00e7\u00e3o dos Criadores de Mato Grosso\",\"url\":\"https:\/\/acrimat.org.br\/portal\/\",\"logo\":{\"@type\":\"ImageObject\",\"inLanguage\":\"pt-BR\",\"@id\":\"https:\/\/acrimat.org.br\/portal\/#\/schema\/logo\/image\/\",\"url\":\"https:\/\/acrimat.org.br\/portal\/wp-content\/uploads\/2018\/03\/logo-peq-original.png\",\"contentUrl\":\"https:\/\/acrimat.org.br\/portal\/wp-content\/uploads\/2018\/03\/logo-peq-original.png\",\"width\":174,\"height\":171,\"caption\":\"Associa\u00e7\u00e3o dos Criadores de Mato Grosso\"},\"image\":{\"@id\":\"https:\/\/acrimat.org.br\/portal\/#\/schema\/logo\/image\/\"}},{\"@type\":\"Person\",\"@id\":\"https:\/\/acrimat.org.br\/portal\/#\/schema\/person\/a309b9496344ff991e8e1b1d751fdd7b\",\"name\":\"Assessoria de comunica\u00e7\u00e3o ACRIMAT\",\"image\":{\"@type\":\"ImageObject\",\"inLanguage\":\"pt-BR\",\"@id\":\"https:\/\/acrimat.org.br\/portal\/#\/schema\/person\/image\/\",\"url\":\"https:\/\/secure.gravatar.com\/avatar\/2f9c28e64c317bcd762b25cb1575f1b4?s=96&d=mm&r=g\",\"contentUrl\":\"https:\/\/secure.gravatar.com\/avatar\/2f9c28e64c317bcd762b25cb1575f1b4?s=96&d=mm&r=g\",\"caption\":\"Assessoria de comunica\u00e7\u00e3o ACRIMAT\"},\"sameAs\":[\"http:\/\/acrimat.org.br\/\"],\"url\":\"https:\/\/acrimat.org.br\/portal\/author\/ascom\/\"}]}<\/script>\n<!-- \/ Yoast SEO plugin. -->","yoast_head_json":{"title":"Produ\u00e7\u00e3o com mais qualidade ter\u00e1 destaque na InterCorte Cuiab\u00e1 - Acrimat","robots":{"index":"index","follow":"follow","max-snippet":"max-snippet:-1","max-image-preview":"max-image-preview:large","max-video-preview":"max-video-preview:-1"},"canonical":"https:\/\/acrimat.org.br\/portal\/producao-com-mais-qualidade-tera-destaque-na-intercorte-cuiaba\/","og_locale":"pt_BR","og_type":"article","og_title":"Produ\u00e7\u00e3o com mais qualidade ter\u00e1 destaque na InterCorte Cuiab\u00e1 - Acrimat","og_description":"Evento que vem percorrendo de forma itinerante alguns dos principais polos de pecu\u00e1ria brasileiros para levar informa\u00e7\u00e3o, discuss\u00e3o e tecnologia aos produtores","og_url":"https:\/\/acrimat.org.br\/portal\/producao-com-mais-qualidade-tera-destaque-na-intercorte-cuiaba\/","og_site_name":"Acrimat","article_published_time":"2018-03-29T15:04:44+00:00","og_image":[{"width":2016,"height":1346,"url":"https:\/\/acrimat.org.br\/portal\/wp-content\/uploads\/2018\/03\/elf2421-e1519929424313.jpg","type":"image\/jpeg"}],"author":"Assessoria de comunica\u00e7\u00e3o ACRIMAT","twitter_card":"summary_large_image","twitter_misc":{"Escrito por":"Assessoria de comunica\u00e7\u00e3o ACRIMAT","Est. tempo de leitura":"6 minutos"},"schema":{"@context":"https:\/\/schema.org","@graph":[{"@type":"Article","@id":"https:\/\/acrimat.org.br\/portal\/producao-com-mais-qualidade-tera-destaque-na-intercorte-cuiaba\/#article","isPartOf":{"@id":"https:\/\/acrimat.org.br\/portal\/producao-com-mais-qualidade-tera-destaque-na-intercorte-cuiaba\/"},"author":{"name":"Assessoria de comunica\u00e7\u00e3o ACRIMAT","@id":"https:\/\/acrimat.org.br\/portal\/#\/schema\/person\/a309b9496344ff991e8e1b1d751fdd7b"},"headline":"Produ\u00e7\u00e3o com mais qualidade ter\u00e1 destaque na InterCorte Cuiab\u00e1","datePublished":"2018-03-29T15:04:44+00:00","mainEntityOfPage":{"@id":"https:\/\/acrimat.org.br\/portal\/producao-com-mais-qualidade-tera-destaque-na-intercorte-cuiaba\/"},"wordCount":1273,"publisher":{"@id":"https:\/\/acrimat.org.br\/portal\/#organization"},"image":{"@id":"https:\/\/acrimat.org.br\/portal\/producao-com-mais-qualidade-tera-destaque-na-intercorte-cuiaba\/#primaryimage"},"thumbnailUrl":"https:\/\/acrimat.org.br\/portal\/wp-content\/uploads\/2018\/03\/elf2421-e1519929424313.jpg","articleSection":["Destaques","Not\u00edcias"],"inLanguage":"pt-BR"},{"@type":"WebPage","@id":"https:\/\/acrimat.org.br\/portal\/producao-com-mais-qualidade-tera-destaque-na-intercorte-cuiaba\/","url":"https:\/\/acrimat.org.br\/portal\/producao-com-mais-qualidade-tera-destaque-na-intercorte-cuiaba\/","name":"Produ\u00e7\u00e3o com mais qualidade ter\u00e1 destaque na InterCorte Cuiab\u00e1 - Acrimat","isPartOf":{"@id":"https:\/\/acrimat.org.br\/portal\/#website"},"primaryImageOfPage":{"@id":"https:\/\/acrimat.org.br\/portal\/producao-com-mais-qualidade-tera-destaque-na-intercorte-cuiaba\/#primaryimage"},"image":{"@id":"https:\/\/acrimat.org.br\/portal\/producao-com-mais-qualidade-tera-destaque-na-intercorte-cuiaba\/#primaryimage"},"thumbnailUrl":"https:\/\/acrimat.org.br\/portal\/wp-content\/uploads\/2018\/03\/elf2421-e1519929424313.jpg","datePublished":"2018-03-29T15:04:44+00:00","breadcrumb":{"@id":"https:\/\/acrimat.org.br\/portal\/producao-com-mais-qualidade-tera-destaque-na-intercorte-cuiaba\/#breadcrumb"},"inLanguage":"pt-BR","potentialAction":[{"@type":"ReadAction","target":["https:\/\/acrimat.org.br\/portal\/producao-com-mais-qualidade-tera-destaque-na-intercorte-cuiaba\/"]}]},{"@type":"ImageObject","inLanguage":"pt-BR","@id":"https:\/\/acrimat.org.br\/portal\/producao-com-mais-qualidade-tera-destaque-na-intercorte-cuiaba\/#primaryimage","url":"https:\/\/acrimat.org.br\/portal\/wp-content\/uploads\/2018\/03\/elf2421-e1519929424313.jpg","contentUrl":"https:\/\/acrimat.org.br\/portal\/wp-content\/uploads\/2018\/03\/elf2421-e1519929424313.jpg","width":2016,"height":1346},{"@type":"BreadcrumbList","@id":"https:\/\/acrimat.org.br\/portal\/producao-com-mais-qualidade-tera-destaque-na-intercorte-cuiaba\/#breadcrumb","itemListElement":[{"@type":"ListItem","position":1,"name":"In\u00edcio","item":"https:\/\/acrimat.org.br\/portal\/"},{"@type":"ListItem","position":2,"name":"Produ\u00e7\u00e3o com mais qualidade ter\u00e1 destaque na InterCorte Cuiab\u00e1"}]},{"@type":"WebSite","@id":"https:\/\/acrimat.org.br\/portal\/#website","url":"https:\/\/acrimat.org.br\/portal\/","name":"Acrimat","description":"Associa\u00e7\u00e3o dos Criadores de Mato Grosso","publisher":{"@id":"https:\/\/acrimat.org.br\/portal\/#organization"},"potentialAction":[{"@type":"SearchAction","target":{"@type":"EntryPoint","urlTemplate":"https:\/\/acrimat.org.br\/portal\/?s={search_term_string}"},"query-input":{"@type":"PropertyValueSpecification","valueRequired":true,"valueName":"search_term_string"}}],"inLanguage":"pt-BR"},{"@type":"Organization","@id":"https:\/\/acrimat.org.br\/portal\/#organization","name":"Associa\u00e7\u00e3o dos Criadores de Mato Grosso","url":"https:\/\/acrimat.org.br\/portal\/","logo":{"@type":"ImageObject","inLanguage":"pt-BR","@id":"https:\/\/acrimat.org.br\/portal\/#\/schema\/logo\/image\/","url":"https:\/\/acrimat.org.br\/portal\/wp-content\/uploads\/2018\/03\/logo-peq-original.png","contentUrl":"https:\/\/acrimat.org.br\/portal\/wp-content\/uploads\/2018\/03\/logo-peq-original.png","width":174,"height":171,"caption":"Associa\u00e7\u00e3o dos Criadores de Mato Grosso"},"image":{"@id":"https:\/\/acrimat.org.br\/portal\/#\/schema\/logo\/image\/"}},{"@type":"Person","@id":"https:\/\/acrimat.org.br\/portal\/#\/schema\/person\/a309b9496344ff991e8e1b1d751fdd7b","name":"Assessoria de comunica\u00e7\u00e3o ACRIMAT","image":{"@type":"ImageObject","inLanguage":"pt-BR","@id":"https:\/\/acrimat.org.br\/portal\/#\/schema\/person\/image\/","url":"https:\/\/secure.gravatar.com\/avatar\/2f9c28e64c317bcd762b25cb1575f1b4?s=96&d=mm&r=g","contentUrl":"https:\/\/secure.gravatar.com\/avatar\/2f9c28e64c317bcd762b25cb1575f1b4?s=96&d=mm&r=g","caption":"Assessoria de comunica\u00e7\u00e3o ACRIMAT"},"sameAs":["http:\/\/acrimat.org.br\/"],"url":"https:\/\/acrimat.org.br\/portal\/author\/ascom\/"}]}},"_links":{"self":[{"href":"https:\/\/acrimat.org.br\/portal\/wp-json\/wp\/v2\/posts\/97986749","targetHints":{"allow":["GET"]}}],"collection":[{"href":"https:\/\/acrimat.org.br\/portal\/wp-json\/wp\/v2\/posts"}],"about":[{"href":"https:\/\/acrimat.org.br\/portal\/wp-json\/wp\/v2\/types\/post"}],"author":[{"embeddable":true,"href":"https:\/\/acrimat.org.br\/portal\/wp-json\/wp\/v2\/users\/7"}],"replies":[{"embeddable":true,"href":"https:\/\/acrimat.org.br\/portal\/wp-json\/wp\/v2\/comments?post=97986749"}],"version-history":[{"count":1,"href":"https:\/\/acrimat.org.br\/portal\/wp-json\/wp\/v2\/posts\/97986749\/revisions"}],"predecessor-version":[{"id":97986750,"href":"https:\/\/acrimat.org.br\/portal\/wp-json\/wp\/v2\/posts\/97986749\/revisions\/97986750"}],"wp:featuredmedia":[{"embeddable":true,"href":"https:\/\/acrimat.org.br\/portal\/wp-json\/wp\/v2\/media\/97986201"}],"wp:attachment":[{"href":"https:\/\/acrimat.org.br\/portal\/wp-json\/wp\/v2\/media?parent=97986749"}],"wp:term":[{"taxonomy":"category","embeddable":true,"href":"https:\/\/acrimat.org.br\/portal\/wp-json\/wp\/v2\/categories?post=97986749"},{"taxonomy":"post_tag","embeddable":true,"href":"https:\/\/acrimat.org.br\/portal\/wp-json\/wp\/v2\/tags?post=97986749"}],"curies":[{"name":"wp","href":"https:\/\/api.w.org\/{rel}","templated":true}]}}