{"id":97986865,"date":"2018-04-02T16:41:02","date_gmt":"2018-04-02T19:41:02","guid":{"rendered":"http:\/\/acrimat.org.br\/portal\/?p=97986865"},"modified":"2018-04-02T16:41:02","modified_gmt":"2018-04-02T19:41:02","slug":"embarques-de-carne-bovina-devem-crescer","status":"publish","type":"post","link":"https:\/\/acrimat.org.br\/portal\/embarques-de-carne-bovina-devem-crescer\/","title":{"rendered":"Embarques de carne bovina devem crescer"},"content":{"rendered":"<p>As exporta\u00e7\u00f5es brasileiras de carne bovina devem crescer entre 5% e 7% neste ano, amparadas por uma elevada demanda pela prote\u00edna animal no mercado internacional, principalmente nos EUA, estima a consultoria Agrifatto.<\/p>\n<p>\u201cEstamos vendo sinais claros de que est\u00e1 acontecendo uma \u2018super demanda\u2019 novamente, devido \u00e0 recupera\u00e7\u00e3o norte-americana, o que mexe com a economia global como um todo\u201d, avalia a s\u00f3cia diretora da consultoria, Lygia Pimentel. Segundo ela, esse cen\u00e1rio \u00e9 raro, dura entre dois e tr\u00eas anos e ocorreu pela \u00faltima vez entre 2009 e 2012.<\/p>\n<p>Caso a perspectiva se concretize, os embarques devem somar at\u00e9 1,6 milh\u00e3o de toneladas, ante 1,5 milh\u00e3o de toneladas embarcadas no ano passado. Em 2017, a receita com as exporta\u00e7\u00f5es de carne bovina somou US$ 6,2 bilh\u00f5es. Para atender a essa demanda, Lygia projeta um aumento de mais de 10% para os abates, que encerraram o ano passado com alta de 3,7%, para 30,8 milh\u00f5es de cabe\u00e7as.<\/p>\n<p>Na avalia\u00e7\u00e3o de Lygia, a recupera\u00e7\u00e3o lenta da economia brasileira \u2013 que, segundo ela, deve crescer at\u00e9 3,5%, acima das previs\u00f5es do Banco Central \u2013 e a oferta maior de frango deixam o mercado vol\u00e1til.<\/p>\n<p>No segundo semestre, por\u00e9m, ela espera uma melhora, com a entrada de recursos na economia devido \u00e0s elei\u00e7\u00f5es. \u201cA ind\u00fastria de aves se reajusta muito r\u00e1pido e teremos uma alta de pre\u00e7os das carnes devido \u00e0 entressafra\u201d, acrescenta.<\/p>\n<p>Para o diretor da consultoria Informa FNP, Jos\u00e9 Vicente Ferraz, embora a economia tenda a crescer neste ano, ser\u00e1 um incremento modesto e sobre uma base pequena. \u201cPara haver aumento de consumo, \u00e9 preciso ter aumento de renda e tenho d\u00favidas se isso vai acontecer\u201d, opina.<\/p>\n<p>Ele argumenta que as empresas podem retomar volumes de produ\u00e7\u00e3o, o que n\u00e3o necessariamente vai gerar mais emprego. \u201cOs investimentos dificilmente v\u00e3o se recuperar antes de meados de 2019\u201d, observa.<\/p>\n","protected":false},"excerpt":{"rendered":"<p>As exporta\u00e7\u00f5es brasileiras de carne bovina devem crescer entre 5% e 7% neste ano, amparadas por uma elevada demanda pela prote\u00edna animal no mercado internacional, principalmente nos EUA, estima a consultoria Agrifatto.<\/p>\n","protected":false},"author":7,"featured_media":97985261,"comment_status":"closed","ping_status":"closed","sticky":false,"template":"","format":"standard","meta":{"footnotes":""},"categories":[6,1],"tags":[],"class_list":["post-97986865","post","type-post","status-publish","format-standard","has-post-thumbnail","hentry","category-destaque","category-noticia"],"yoast_head":"<!-- This site is optimized with the Yoast SEO plugin v24.8.1 - https:\/\/yoast.com\/wordpress\/plugins\/seo\/ -->\n<title>Embarques de carne bovina devem crescer - Acrimat<\/title>\n<meta name=\"robots\" content=\"index, follow, max-snippet:-1, max-image-preview:large, max-video-preview:-1\" \/>\n<link rel=\"canonical\" href=\"https:\/\/acrimat.org.br\/portal\/embarques-de-carne-bovina-devem-crescer\/\" \/>\n<meta property=\"og:locale\" content=\"pt_BR\" \/>\n<meta property=\"og:type\" content=\"article\" \/>\n<meta property=\"og:title\" content=\"Embarques de carne bovina devem crescer - Acrimat\" \/>\n<meta property=\"og:description\" content=\"As exporta\u00e7\u00f5es brasileiras de carne bovina devem crescer entre 5% e 7% neste ano, amparadas por uma elevada demanda pela prote\u00edna animal no mercado internacional, principalmente nos EUA, estima a consultoria Agrifatto.\" \/>\n<meta property=\"og:url\" content=\"https:\/\/acrimat.org.br\/portal\/embarques-de-carne-bovina-devem-crescer\/\" \/>\n<meta property=\"og:site_name\" content=\"Acrimat\" \/>\n<meta property=\"article:published_time\" content=\"2018-04-02T19:41:02+00:00\" \/>\n<meta property=\"og:image\" content=\"https:\/\/acrimat.org.br\/portal\/wp-content\/uploads\/2017\/12\/exportacoes3.jpg\" \/>\n\t<meta property=\"og:image:width\" content=\"730\" \/>\n\t<meta property=\"og:image:height\" content=\"502\" \/>\n\t<meta property=\"og:image:type\" content=\"image\/jpeg\" \/>\n<meta name=\"author\" content=\"Assessoria de comunica\u00e7\u00e3o ACRIMAT\" \/>\n<meta name=\"twitter:card\" content=\"summary_large_image\" \/>\n<meta name=\"twitter:label1\" content=\"Escrito por\" \/>\n\t<meta name=\"twitter:data1\" content=\"Assessoria de comunica\u00e7\u00e3o ACRIMAT\" \/>\n\t<meta name=\"twitter:label2\" content=\"Est. tempo de leitura\" \/>\n\t<meta name=\"twitter:data2\" content=\"2 minutos\" \/>\n<script type=\"application\/ld+json\" class=\"yoast-schema-graph\">{\"@context\":\"https:\/\/schema.org\",\"@graph\":[{\"@type\":\"Article\",\"@id\":\"https:\/\/acrimat.org.br\/portal\/embarques-de-carne-bovina-devem-crescer\/#article\",\"isPartOf\":{\"@id\":\"https:\/\/acrimat.org.br\/portal\/embarques-de-carne-bovina-devem-crescer\/\"},\"author\":{\"name\":\"Assessoria de comunica\u00e7\u00e3o ACRIMAT\",\"@id\":\"https:\/\/acrimat.org.br\/portal\/#\/schema\/person\/a309b9496344ff991e8e1b1d751fdd7b\"},\"headline\":\"Embarques de carne bovina devem crescer\",\"datePublished\":\"2018-04-02T19:41:02+00:00\",\"mainEntityOfPage\":{\"@id\":\"https:\/\/acrimat.org.br\/portal\/embarques-de-carne-bovina-devem-crescer\/\"},\"wordCount\":315,\"publisher\":{\"@id\":\"https:\/\/acrimat.org.br\/portal\/#organization\"},\"image\":{\"@id\":\"https:\/\/acrimat.org.br\/portal\/embarques-de-carne-bovina-devem-crescer\/#primaryimage\"},\"thumbnailUrl\":\"https:\/\/acrimat.org.br\/portal\/wp-content\/uploads\/2017\/12\/exportacoes3.jpg\",\"articleSection\":[\"Destaques\",\"Not\u00edcias\"],\"inLanguage\":\"pt-BR\"},{\"@type\":\"WebPage\",\"@id\":\"https:\/\/acrimat.org.br\/portal\/embarques-de-carne-bovina-devem-crescer\/\",\"url\":\"https:\/\/acrimat.org.br\/portal\/embarques-de-carne-bovina-devem-crescer\/\",\"name\":\"Embarques de carne bovina devem crescer - Acrimat\",\"isPartOf\":{\"@id\":\"https:\/\/acrimat.org.br\/portal\/#website\"},\"primaryImageOfPage\":{\"@id\":\"https:\/\/acrimat.org.br\/portal\/embarques-de-carne-bovina-devem-crescer\/#primaryimage\"},\"image\":{\"@id\":\"https:\/\/acrimat.org.br\/portal\/embarques-de-carne-bovina-devem-crescer\/#primaryimage\"},\"thumbnailUrl\":\"https:\/\/acrimat.org.br\/portal\/wp-content\/uploads\/2017\/12\/exportacoes3.jpg\",\"datePublished\":\"2018-04-02T19:41:02+00:00\",\"breadcrumb\":{\"@id\":\"https:\/\/acrimat.org.br\/portal\/embarques-de-carne-bovina-devem-crescer\/#breadcrumb\"},\"inLanguage\":\"pt-BR\",\"potentialAction\":[{\"@type\":\"ReadAction\",\"target\":[\"https:\/\/acrimat.org.br\/portal\/embarques-de-carne-bovina-devem-crescer\/\"]}]},{\"@type\":\"ImageObject\",\"inLanguage\":\"pt-BR\",\"@id\":\"https:\/\/acrimat.org.br\/portal\/embarques-de-carne-bovina-devem-crescer\/#primaryimage\",\"url\":\"https:\/\/acrimat.org.br\/portal\/wp-content\/uploads\/2017\/12\/exportacoes3.jpg\",\"contentUrl\":\"https:\/\/acrimat.org.br\/portal\/wp-content\/uploads\/2017\/12\/exportacoes3.jpg\",\"width\":730,\"height\":502},{\"@type\":\"BreadcrumbList\",\"@id\":\"https:\/\/acrimat.org.br\/portal\/embarques-de-carne-bovina-devem-crescer\/#breadcrumb\",\"itemListElement\":[{\"@type\":\"ListItem\",\"position\":1,\"name\":\"In\u00edcio\",\"item\":\"https:\/\/acrimat.org.br\/portal\/\"},{\"@type\":\"ListItem\",\"position\":2,\"name\":\"Embarques de carne bovina devem crescer\"}]},{\"@type\":\"WebSite\",\"@id\":\"https:\/\/acrimat.org.br\/portal\/#website\",\"url\":\"https:\/\/acrimat.org.br\/portal\/\",\"name\":\"Acrimat\",\"description\":\"Associa\u00e7\u00e3o dos Criadores de Mato Grosso\",\"publisher\":{\"@id\":\"https:\/\/acrimat.org.br\/portal\/#organization\"},\"potentialAction\":[{\"@type\":\"SearchAction\",\"target\":{\"@type\":\"EntryPoint\",\"urlTemplate\":\"https:\/\/acrimat.org.br\/portal\/?s={search_term_string}\"},\"query-input\":{\"@type\":\"PropertyValueSpecification\",\"valueRequired\":true,\"valueName\":\"search_term_string\"}}],\"inLanguage\":\"pt-BR\"},{\"@type\":\"Organization\",\"@id\":\"https:\/\/acrimat.org.br\/portal\/#organization\",\"name\":\"Associa\u00e7\u00e3o dos Criadores de Mato Grosso\",\"url\":\"https:\/\/acrimat.org.br\/portal\/\",\"logo\":{\"@type\":\"ImageObject\",\"inLanguage\":\"pt-BR\",\"@id\":\"https:\/\/acrimat.org.br\/portal\/#\/schema\/logo\/image\/\",\"url\":\"https:\/\/acrimat.org.br\/portal\/wp-content\/uploads\/2018\/03\/logo-peq-original.png\",\"contentUrl\":\"https:\/\/acrimat.org.br\/portal\/wp-content\/uploads\/2018\/03\/logo-peq-original.png\",\"width\":174,\"height\":171,\"caption\":\"Associa\u00e7\u00e3o dos Criadores de Mato Grosso\"},\"image\":{\"@id\":\"https:\/\/acrimat.org.br\/portal\/#\/schema\/logo\/image\/\"}},{\"@type\":\"Person\",\"@id\":\"https:\/\/acrimat.org.br\/portal\/#\/schema\/person\/a309b9496344ff991e8e1b1d751fdd7b\",\"name\":\"Assessoria de comunica\u00e7\u00e3o ACRIMAT\",\"image\":{\"@type\":\"ImageObject\",\"inLanguage\":\"pt-BR\",\"@id\":\"https:\/\/acrimat.org.br\/portal\/#\/schema\/person\/image\/\",\"url\":\"https:\/\/secure.gravatar.com\/avatar\/2f9c28e64c317bcd762b25cb1575f1b4?s=96&d=mm&r=g\",\"contentUrl\":\"https:\/\/secure.gravatar.com\/avatar\/2f9c28e64c317bcd762b25cb1575f1b4?s=96&d=mm&r=g\",\"caption\":\"Assessoria de comunica\u00e7\u00e3o ACRIMAT\"},\"sameAs\":[\"http:\/\/acrimat.org.br\/\"],\"url\":\"https:\/\/acrimat.org.br\/portal\/author\/ascom\/\"}]}<\/script>\n<!-- \/ Yoast SEO plugin. -->","yoast_head_json":{"title":"Embarques de carne bovina devem crescer - Acrimat","robots":{"index":"index","follow":"follow","max-snippet":"max-snippet:-1","max-image-preview":"max-image-preview:large","max-video-preview":"max-video-preview:-1"},"canonical":"https:\/\/acrimat.org.br\/portal\/embarques-de-carne-bovina-devem-crescer\/","og_locale":"pt_BR","og_type":"article","og_title":"Embarques de carne bovina devem crescer - Acrimat","og_description":"As exporta\u00e7\u00f5es brasileiras de carne bovina devem crescer entre 5% e 7% neste ano, amparadas por uma elevada demanda pela prote\u00edna animal no mercado internacional, principalmente nos EUA, estima a consultoria Agrifatto.","og_url":"https:\/\/acrimat.org.br\/portal\/embarques-de-carne-bovina-devem-crescer\/","og_site_name":"Acrimat","article_published_time":"2018-04-02T19:41:02+00:00","og_image":[{"width":730,"height":502,"url":"https:\/\/acrimat.org.br\/portal\/wp-content\/uploads\/2017\/12\/exportacoes3.jpg","type":"image\/jpeg"}],"author":"Assessoria de comunica\u00e7\u00e3o ACRIMAT","twitter_card":"summary_large_image","twitter_misc":{"Escrito por":"Assessoria de comunica\u00e7\u00e3o ACRIMAT","Est. tempo de leitura":"2 minutos"},"schema":{"@context":"https:\/\/schema.org","@graph":[{"@type":"Article","@id":"https:\/\/acrimat.org.br\/portal\/embarques-de-carne-bovina-devem-crescer\/#article","isPartOf":{"@id":"https:\/\/acrimat.org.br\/portal\/embarques-de-carne-bovina-devem-crescer\/"},"author":{"name":"Assessoria de comunica\u00e7\u00e3o ACRIMAT","@id":"https:\/\/acrimat.org.br\/portal\/#\/schema\/person\/a309b9496344ff991e8e1b1d751fdd7b"},"headline":"Embarques de carne bovina devem crescer","datePublished":"2018-04-02T19:41:02+00:00","mainEntityOfPage":{"@id":"https:\/\/acrimat.org.br\/portal\/embarques-de-carne-bovina-devem-crescer\/"},"wordCount":315,"publisher":{"@id":"https:\/\/acrimat.org.br\/portal\/#organization"},"image":{"@id":"https:\/\/acrimat.org.br\/portal\/embarques-de-carne-bovina-devem-crescer\/#primaryimage"},"thumbnailUrl":"https:\/\/acrimat.org.br\/portal\/wp-content\/uploads\/2017\/12\/exportacoes3.jpg","articleSection":["Destaques","Not\u00edcias"],"inLanguage":"pt-BR"},{"@type":"WebPage","@id":"https:\/\/acrimat.org.br\/portal\/embarques-de-carne-bovina-devem-crescer\/","url":"https:\/\/acrimat.org.br\/portal\/embarques-de-carne-bovina-devem-crescer\/","name":"Embarques de carne bovina devem crescer - Acrimat","isPartOf":{"@id":"https:\/\/acrimat.org.br\/portal\/#website"},"primaryImageOfPage":{"@id":"https:\/\/acrimat.org.br\/portal\/embarques-de-carne-bovina-devem-crescer\/#primaryimage"},"image":{"@id":"https:\/\/acrimat.org.br\/portal\/embarques-de-carne-bovina-devem-crescer\/#primaryimage"},"thumbnailUrl":"https:\/\/acrimat.org.br\/portal\/wp-content\/uploads\/2017\/12\/exportacoes3.jpg","datePublished":"2018-04-02T19:41:02+00:00","breadcrumb":{"@id":"https:\/\/acrimat.org.br\/portal\/embarques-de-carne-bovina-devem-crescer\/#breadcrumb"},"inLanguage":"pt-BR","potentialAction":[{"@type":"ReadAction","target":["https:\/\/acrimat.org.br\/portal\/embarques-de-carne-bovina-devem-crescer\/"]}]},{"@type":"ImageObject","inLanguage":"pt-BR","@id":"https:\/\/acrimat.org.br\/portal\/embarques-de-carne-bovina-devem-crescer\/#primaryimage","url":"https:\/\/acrimat.org.br\/portal\/wp-content\/uploads\/2017\/12\/exportacoes3.jpg","contentUrl":"https:\/\/acrimat.org.br\/portal\/wp-content\/uploads\/2017\/12\/exportacoes3.jpg","width":730,"height":502},{"@type":"BreadcrumbList","@id":"https:\/\/acrimat.org.br\/portal\/embarques-de-carne-bovina-devem-crescer\/#breadcrumb","itemListElement":[{"@type":"ListItem","position":1,"name":"In\u00edcio","item":"https:\/\/acrimat.org.br\/portal\/"},{"@type":"ListItem","position":2,"name":"Embarques de carne bovina devem crescer"}]},{"@type":"WebSite","@id":"https:\/\/acrimat.org.br\/portal\/#website","url":"https:\/\/acrimat.org.br\/portal\/","name":"Acrimat","description":"Associa\u00e7\u00e3o dos Criadores de Mato Grosso","publisher":{"@id":"https:\/\/acrimat.org.br\/portal\/#organization"},"potentialAction":[{"@type":"SearchAction","target":{"@type":"EntryPoint","urlTemplate":"https:\/\/acrimat.org.br\/portal\/?s={search_term_string}"},"query-input":{"@type":"PropertyValueSpecification","valueRequired":true,"valueName":"search_term_string"}}],"inLanguage":"pt-BR"},{"@type":"Organization","@id":"https:\/\/acrimat.org.br\/portal\/#organization","name":"Associa\u00e7\u00e3o dos Criadores de Mato Grosso","url":"https:\/\/acrimat.org.br\/portal\/","logo":{"@type":"ImageObject","inLanguage":"pt-BR","@id":"https:\/\/acrimat.org.br\/portal\/#\/schema\/logo\/image\/","url":"https:\/\/acrimat.org.br\/portal\/wp-content\/uploads\/2018\/03\/logo-peq-original.png","contentUrl":"https:\/\/acrimat.org.br\/portal\/wp-content\/uploads\/2018\/03\/logo-peq-original.png","width":174,"height":171,"caption":"Associa\u00e7\u00e3o dos Criadores de Mato Grosso"},"image":{"@id":"https:\/\/acrimat.org.br\/portal\/#\/schema\/logo\/image\/"}},{"@type":"Person","@id":"https:\/\/acrimat.org.br\/portal\/#\/schema\/person\/a309b9496344ff991e8e1b1d751fdd7b","name":"Assessoria de comunica\u00e7\u00e3o ACRIMAT","image":{"@type":"ImageObject","inLanguage":"pt-BR","@id":"https:\/\/acrimat.org.br\/portal\/#\/schema\/person\/image\/","url":"https:\/\/secure.gravatar.com\/avatar\/2f9c28e64c317bcd762b25cb1575f1b4?s=96&d=mm&r=g","contentUrl":"https:\/\/secure.gravatar.com\/avatar\/2f9c28e64c317bcd762b25cb1575f1b4?s=96&d=mm&r=g","caption":"Assessoria de comunica\u00e7\u00e3o ACRIMAT"},"sameAs":["http:\/\/acrimat.org.br\/"],"url":"https:\/\/acrimat.org.br\/portal\/author\/ascom\/"}]}},"_links":{"self":[{"href":"https:\/\/acrimat.org.br\/portal\/wp-json\/wp\/v2\/posts\/97986865","targetHints":{"allow":["GET"]}}],"collection":[{"href":"https:\/\/acrimat.org.br\/portal\/wp-json\/wp\/v2\/posts"}],"about":[{"href":"https:\/\/acrimat.org.br\/portal\/wp-json\/wp\/v2\/types\/post"}],"author":[{"embeddable":true,"href":"https:\/\/acrimat.org.br\/portal\/wp-json\/wp\/v2\/users\/7"}],"replies":[{"embeddable":true,"href":"https:\/\/acrimat.org.br\/portal\/wp-json\/wp\/v2\/comments?post=97986865"}],"version-history":[{"count":1,"href":"https:\/\/acrimat.org.br\/portal\/wp-json\/wp\/v2\/posts\/97986865\/revisions"}],"predecessor-version":[{"id":97986866,"href":"https:\/\/acrimat.org.br\/portal\/wp-json\/wp\/v2\/posts\/97986865\/revisions\/97986866"}],"wp:featuredmedia":[{"embeddable":true,"href":"https:\/\/acrimat.org.br\/portal\/wp-json\/wp\/v2\/media\/97985261"}],"wp:attachment":[{"href":"https:\/\/acrimat.org.br\/portal\/wp-json\/wp\/v2\/media?parent=97986865"}],"wp:term":[{"taxonomy":"category","embeddable":true,"href":"https:\/\/acrimat.org.br\/portal\/wp-json\/wp\/v2\/categories?post=97986865"},{"taxonomy":"post_tag","embeddable":true,"href":"https:\/\/acrimat.org.br\/portal\/wp-json\/wp\/v2\/tags?post=97986865"}],"curies":[{"name":"wp","href":"https:\/\/api.w.org\/{rel}","templated":true}]}}