{"id":97986869,"date":"2018-04-02T16:52:36","date_gmt":"2018-04-02T19:52:36","guid":{"rendered":"http:\/\/acrimat.org.br\/portal\/?p=97986869"},"modified":"2018-04-02T16:52:36","modified_gmt":"2018-04-02T19:52:36","slug":"produzir-e-inovar-na-pecuaria","status":"publish","type":"post","link":"https:\/\/acrimat.org.br\/portal\/produzir-e-inovar-na-pecuaria\/","title":{"rendered":"Produzir e inovar na pecu\u00e1ria"},"content":{"rendered":"<p>A capital de Mato Grosso, estado com o maior rebanho bovino do pa\u00eds, volta a abrir a InterCorte. Este ano, os pecuaristas receber\u00e3o informa\u00e7\u00f5es, participar\u00e3o de discuss\u00f5es e ter\u00e3o contato com tecnologia para melhorar a produtividade e qualidade da carne bovina. Durante 2 dias, 12 e 13 de abril, ser\u00e3o promovidas palestras e apresenta\u00e7\u00f5es de casos bem-sucedidos de produtores locais. Os debates acontecer\u00e3o no Cenarium Rural e ser\u00e3o divididos em 4 blocos tem\u00e1ticos: Produzir Mais Carne; Vender Mais e Vender Melhor; Inova\u00e7\u00e3o e Comunica\u00e7\u00e3o.<\/p>\n<p>Durante o 1\u00ba bloco, com o tema Produzir Mais Carne, ser\u00e1 demonstrada a efici\u00eancia t\u00e9cnica como geradora de ganhos a partir do conceito de produzir mais com menos. Dentre as palestras programadas destaca-se a que abordar\u00e1 o tema \u201cEstrat\u00e9gias de nutri\u00e7\u00e3o para maximiza\u00e7\u00e3o de resultados\u201d. Ficar\u00e1 ao encargo do gerente t\u00e9cnico da Connan, Marcio Bonin, e contar\u00e1 com a presen\u00e7a do especialista Gustavo Rezende Siqueira, pesquisador da APTA- Colina, que focar\u00e1 na nutri\u00e7\u00e3o de bovinos, mostrando inova\u00e7\u00f5es, pesquisas recentes e testes sobre as mais modernas t\u00e9cnicas na pecu\u00e1ria. \u201cEm nossa palestra tra\u00e7aremos os melhores caminhos nutricionais e econ\u00f4micos para que o produtor conquiste melhores resultados. Iremos determinar a nutri\u00e7\u00e3o adequada, melhor condi\u00e7\u00e3o de pasto e suplementa\u00e7\u00e3o para que o criador consiga alcan\u00e7ar, com diferentes tipos de animais, a melhor receita poss\u00edvel para ele e sua atividade\u201d, resume Siqueira.<\/p>\n<p>O painel ainda contar\u00e1 com a palestra \u201cResultados superiores atrav\u00e9s de uma gen\u00e9tica de qualidade\u201d, ministrada por Alexandre Zadra, supervisor regional da Genex em Mato Grosso, Mato Grosso do Sul, Acre e Rond\u00f4nia, com apoio Juliana Ferragute, gerente de produto corte da empresa.<\/p>\n<p>Inova\u00e7\u00e3o na pecu\u00e1ria<\/p>\n<p>O uso de solu\u00e7\u00f5es tecnol\u00f3gicas tem se tornado grande aliado do homem do campo. Na pecu\u00e1ria, a ado\u00e7\u00e3o de novas tecnologias \u00e9 um movimento que tem crescido ano a ano, gra\u00e7as \u00e0s facilidades que os aplicativos e equipamentos oferecem no controle da alimenta\u00e7\u00e3o do animal. Nesse sentido, a InterCorte Cuiab\u00e1 ter\u00e1 painel que abordar\u00e1 m\u00e9todos e novas t\u00e9cnicas da chamada 4a revolu\u00e7\u00e3o. Dentre as palestras inseridas est\u00e1 uma que abordar\u00e1 o tema \u201cTecnologias digitais v\u00e3o transformar o agroneg\u00f3cio\u201d, proferida pelo s\u00f3cio-diretor da SP Ventures, Francisco Jardim. \u201cEstamos acompanhando uma s\u00e9rie de revolu\u00e7\u00f5es tecnol\u00f3gicas, que j\u00e1 causaram rupturas nos outros setores e j\u00e1 impactam o agroneg\u00f3cio brasileiro. Boa parte dessas inova\u00e7\u00f5es chega ao setor por startups, que promovem mudan\u00e7as importantes na forma com que o agroneg\u00f3cio passou a interagir com as inova\u00e7\u00f5es e ferramentas\u201d.<\/p>\n<p>A Integra\u00e7\u00e3o-Lavoura-Pecu\u00e1ria- Floresta (ILPF) como aliada da inova\u00e7\u00e3o de produ\u00e7\u00e3o e rentabilidade da pecu\u00e1ria tamb\u00e9m ser\u00e1 tema de uma das apresenta\u00e7\u00f5es do painel, que detalhar\u00e1 o aspecto inovativo da ILPF e como a pecu\u00e1ria pode se beneficiar dele. \u201cA maior dificuldade do setor, quando falamos em tecnologias, est\u00e1 em unir as solu\u00e7\u00f5es dispon\u00edveis e, a partir disso, conseguir melhorar os resultados da propriedade. \u00c9 preciso entender a tecnologia como uma grande aliada do setor para superar alguns desafios, como acesso ao cr\u00e9dito, por exemplo\u201d, ressalta o palestrante \u00c9lder Jos\u00e9 de Mello Bruno, Head de Canais e Alian\u00e7as da JetBov. Ainda no painel, o tema \u201cA evolu\u00e7\u00e3o tecnol\u00f3gica na comercializa\u00e7\u00e3o e na produ\u00e7\u00e3o da pecu\u00e1ria\u201d ser\u00e1 apresentado pelo presidente da Fazen, Vasco Oliveira Neto. A palestra \u201cOtimiza\u00e7\u00e3o do lucro em engorda intensiva a partir do monitoramento eletr\u00f4nico e di\u00e1rio dos animais\u201d ser\u00e1 ministrada por Marcelo Ribas, da Intergado. Paulo Marcelo, da Gest\u00e3o Agropecu\u00e1ria, falar\u00e1 sobre \u201cZootecnia de Precis\u00e3o com tecnologia 4.0 aplicada em confinamentos de bovinos\u201d e tamb\u00e9m ser\u00e1 apresentado o case de sucesso do produtor Gustavo Martini, seguido por um debate entre os palestrantes, mediado pelo diretor-executivo da Associa\u00e7\u00e3o dos Criadores de Mato Grosso (Acrimat), Luciano Vacari.<\/p>\n<p><strong>Feira de neg\u00f3cios<\/strong><\/p>\n<p>Al\u00e9m do workshop, a InterCorte Cuiab\u00e1 ter\u00e1 uma feira de neg\u00f3cios com a participa\u00e7\u00e3o de empresas de refer\u00eancia na pecu\u00e1ria, que apresentam suas inova\u00e7\u00f5es para os produtores. \u201cTemos muitas possibilidades que ainda n\u00e3o s\u00e3o de conhecimento dos produtores e que ser\u00e3o colocadas em pauta durante a InterCorte. Temos que pensar em novos rumos para nossa atividade. Para isso, precisamos agregar valor ao nosso produto, melhorar a qualidade da nossa carne e atingir outros mercados que pagam mais por isso. Temos que ter produtos para todos os p\u00fablicos\u201d, enfatiza Marco T\u00falio Duarte Soares, presidente da Acrimat, realizadora da InterCorte em conjunto com o Terraviva Eventos. \u201cA InterCorte \u00e9 uma grande oportunidade para os pecuaristas de Mato Grosso se atualizarem sobre as tend\u00eancias da pecu\u00e1ria estadual e brasileira. \u00c9 tamb\u00e9m um momento de encontro entre os pecuaristas para troca de informa\u00e7\u00f5es e conhecimentos\u201d, ressalta Normando Corral, presidente do Sistema Famato.<\/p>\n<p><strong>Sobre a InterCorte<\/strong><\/p>\n<p>Desde a sua cria\u00e7\u00e3o em 2012, a InterCorte j\u00e1 contou com a participa\u00e7\u00e3o de mais de 27 mil pessoas, a maior parte pecuaristas, em eventos que percorrem algumas das principais regi\u00f5es pecu\u00e1rias do pa\u00eds para levar informa\u00e7\u00e3o, conhecimento e tecnologia. Al\u00e9m de Cuiab\u00e1, a edi\u00e7\u00e3o de 2018 passar\u00e1 por Marab\u00e1 (PA) em maio e S\u00e3o Paulo (SP) em novembro. A InterCorte faz parte do \u201cIntegrar para Crescer\u201d, plataforma de comunica\u00e7\u00e3o que envolve eventos e a\u00e7\u00f5es com o intuito de disseminar informa\u00e7\u00e3o de qualidade, reverberando os temas e discuss\u00f5es relevantes ao setor. Al\u00e9m da InterCorte, a plataforma ainda promove a\u00e7\u00f5es como o movimento #SomosdaCarne, a Beef Week, Interconf e Caminho do Boi, visando sempre o crescimento e fortalecimento do agroneg\u00f3cio no Brasil.<\/p>\n","protected":false},"excerpt":{"rendered":"<p>A capital de Mato Grosso, estado com o maior rebanho bovino do pa\u00eds, volta a abrir a InterCorte<\/p>\n","protected":false},"author":7,"featured_media":97986201,"comment_status":"closed","ping_status":"closed","sticky":false,"template":"","format":"standard","meta":{"footnotes":""},"categories":[6,1],"tags":[],"class_list":["post-97986869","post","type-post","status-publish","format-standard","has-post-thumbnail","hentry","category-destaque","category-noticia"],"yoast_head":"<!-- This site is optimized with the Yoast SEO plugin v24.8.1 - https:\/\/yoast.com\/wordpress\/plugins\/seo\/ -->\n<title>Produzir e inovar na pecu\u00e1ria - Acrimat<\/title>\n<meta name=\"robots\" content=\"index, follow, max-snippet:-1, max-image-preview:large, max-video-preview:-1\" \/>\n<link rel=\"canonical\" href=\"https:\/\/acrimat.org.br\/portal\/produzir-e-inovar-na-pecuaria\/\" \/>\n<meta property=\"og:locale\" content=\"pt_BR\" \/>\n<meta property=\"og:type\" content=\"article\" \/>\n<meta property=\"og:title\" content=\"Produzir e inovar na pecu\u00e1ria - Acrimat\" \/>\n<meta property=\"og:description\" content=\"A capital de Mato Grosso, estado com o maior rebanho bovino do pa\u00eds, volta a abrir a InterCorte\" \/>\n<meta property=\"og:url\" content=\"https:\/\/acrimat.org.br\/portal\/produzir-e-inovar-na-pecuaria\/\" \/>\n<meta property=\"og:site_name\" content=\"Acrimat\" \/>\n<meta property=\"article:published_time\" content=\"2018-04-02T19:52:36+00:00\" \/>\n<meta property=\"og:image\" content=\"https:\/\/acrimat.org.br\/portal\/wp-content\/uploads\/2018\/03\/elf2421-e1519929424313.jpg\" \/>\n\t<meta property=\"og:image:width\" content=\"2016\" \/>\n\t<meta property=\"og:image:height\" content=\"1346\" \/>\n\t<meta property=\"og:image:type\" content=\"image\/jpeg\" \/>\n<meta name=\"author\" content=\"Assessoria de comunica\u00e7\u00e3o ACRIMAT\" \/>\n<meta name=\"twitter:card\" content=\"summary_large_image\" \/>\n<meta name=\"twitter:label1\" content=\"Escrito por\" \/>\n\t<meta name=\"twitter:data1\" content=\"Assessoria de comunica\u00e7\u00e3o ACRIMAT\" \/>\n\t<meta name=\"twitter:label2\" content=\"Est. tempo de leitura\" \/>\n\t<meta name=\"twitter:data2\" content=\"5 minutos\" \/>\n<script type=\"application\/ld+json\" class=\"yoast-schema-graph\">{\"@context\":\"https:\/\/schema.org\",\"@graph\":[{\"@type\":\"Article\",\"@id\":\"https:\/\/acrimat.org.br\/portal\/produzir-e-inovar-na-pecuaria\/#article\",\"isPartOf\":{\"@id\":\"https:\/\/acrimat.org.br\/portal\/produzir-e-inovar-na-pecuaria\/\"},\"author\":{\"name\":\"Assessoria de comunica\u00e7\u00e3o ACRIMAT\",\"@id\":\"https:\/\/acrimat.org.br\/portal\/#\/schema\/person\/a309b9496344ff991e8e1b1d751fdd7b\"},\"headline\":\"Produzir e inovar na pecu\u00e1ria\",\"datePublished\":\"2018-04-02T19:52:36+00:00\",\"mainEntityOfPage\":{\"@id\":\"https:\/\/acrimat.org.br\/portal\/produzir-e-inovar-na-pecuaria\/\"},\"wordCount\":979,\"publisher\":{\"@id\":\"https:\/\/acrimat.org.br\/portal\/#organization\"},\"image\":{\"@id\":\"https:\/\/acrimat.org.br\/portal\/produzir-e-inovar-na-pecuaria\/#primaryimage\"},\"thumbnailUrl\":\"https:\/\/acrimat.org.br\/portal\/wp-content\/uploads\/2018\/03\/elf2421-e1519929424313.jpg\",\"articleSection\":[\"Destaques\",\"Not\u00edcias\"],\"inLanguage\":\"pt-BR\"},{\"@type\":\"WebPage\",\"@id\":\"https:\/\/acrimat.org.br\/portal\/produzir-e-inovar-na-pecuaria\/\",\"url\":\"https:\/\/acrimat.org.br\/portal\/produzir-e-inovar-na-pecuaria\/\",\"name\":\"Produzir e inovar na pecu\u00e1ria - Acrimat\",\"isPartOf\":{\"@id\":\"https:\/\/acrimat.org.br\/portal\/#website\"},\"primaryImageOfPage\":{\"@id\":\"https:\/\/acrimat.org.br\/portal\/produzir-e-inovar-na-pecuaria\/#primaryimage\"},\"image\":{\"@id\":\"https:\/\/acrimat.org.br\/portal\/produzir-e-inovar-na-pecuaria\/#primaryimage\"},\"thumbnailUrl\":\"https:\/\/acrimat.org.br\/portal\/wp-content\/uploads\/2018\/03\/elf2421-e1519929424313.jpg\",\"datePublished\":\"2018-04-02T19:52:36+00:00\",\"breadcrumb\":{\"@id\":\"https:\/\/acrimat.org.br\/portal\/produzir-e-inovar-na-pecuaria\/#breadcrumb\"},\"inLanguage\":\"pt-BR\",\"potentialAction\":[{\"@type\":\"ReadAction\",\"target\":[\"https:\/\/acrimat.org.br\/portal\/produzir-e-inovar-na-pecuaria\/\"]}]},{\"@type\":\"ImageObject\",\"inLanguage\":\"pt-BR\",\"@id\":\"https:\/\/acrimat.org.br\/portal\/produzir-e-inovar-na-pecuaria\/#primaryimage\",\"url\":\"https:\/\/acrimat.org.br\/portal\/wp-content\/uploads\/2018\/03\/elf2421-e1519929424313.jpg\",\"contentUrl\":\"https:\/\/acrimat.org.br\/portal\/wp-content\/uploads\/2018\/03\/elf2421-e1519929424313.jpg\",\"width\":2016,\"height\":1346},{\"@type\":\"BreadcrumbList\",\"@id\":\"https:\/\/acrimat.org.br\/portal\/produzir-e-inovar-na-pecuaria\/#breadcrumb\",\"itemListElement\":[{\"@type\":\"ListItem\",\"position\":1,\"name\":\"In\u00edcio\",\"item\":\"https:\/\/acrimat.org.br\/portal\/\"},{\"@type\":\"ListItem\",\"position\":2,\"name\":\"Produzir e inovar na pecu\u00e1ria\"}]},{\"@type\":\"WebSite\",\"@id\":\"https:\/\/acrimat.org.br\/portal\/#website\",\"url\":\"https:\/\/acrimat.org.br\/portal\/\",\"name\":\"Acrimat\",\"description\":\"Associa\u00e7\u00e3o dos Criadores de Mato Grosso\",\"publisher\":{\"@id\":\"https:\/\/acrimat.org.br\/portal\/#organization\"},\"potentialAction\":[{\"@type\":\"SearchAction\",\"target\":{\"@type\":\"EntryPoint\",\"urlTemplate\":\"https:\/\/acrimat.org.br\/portal\/?s={search_term_string}\"},\"query-input\":{\"@type\":\"PropertyValueSpecification\",\"valueRequired\":true,\"valueName\":\"search_term_string\"}}],\"inLanguage\":\"pt-BR\"},{\"@type\":\"Organization\",\"@id\":\"https:\/\/acrimat.org.br\/portal\/#organization\",\"name\":\"Associa\u00e7\u00e3o dos Criadores de Mato Grosso\",\"url\":\"https:\/\/acrimat.org.br\/portal\/\",\"logo\":{\"@type\":\"ImageObject\",\"inLanguage\":\"pt-BR\",\"@id\":\"https:\/\/acrimat.org.br\/portal\/#\/schema\/logo\/image\/\",\"url\":\"https:\/\/acrimat.org.br\/portal\/wp-content\/uploads\/2018\/03\/logo-peq-original.png\",\"contentUrl\":\"https:\/\/acrimat.org.br\/portal\/wp-content\/uploads\/2018\/03\/logo-peq-original.png\",\"width\":174,\"height\":171,\"caption\":\"Associa\u00e7\u00e3o dos Criadores de Mato Grosso\"},\"image\":{\"@id\":\"https:\/\/acrimat.org.br\/portal\/#\/schema\/logo\/image\/\"}},{\"@type\":\"Person\",\"@id\":\"https:\/\/acrimat.org.br\/portal\/#\/schema\/person\/a309b9496344ff991e8e1b1d751fdd7b\",\"name\":\"Assessoria de comunica\u00e7\u00e3o ACRIMAT\",\"image\":{\"@type\":\"ImageObject\",\"inLanguage\":\"pt-BR\",\"@id\":\"https:\/\/acrimat.org.br\/portal\/#\/schema\/person\/image\/\",\"url\":\"https:\/\/secure.gravatar.com\/avatar\/2f9c28e64c317bcd762b25cb1575f1b4?s=96&d=mm&r=g\",\"contentUrl\":\"https:\/\/secure.gravatar.com\/avatar\/2f9c28e64c317bcd762b25cb1575f1b4?s=96&d=mm&r=g\",\"caption\":\"Assessoria de comunica\u00e7\u00e3o ACRIMAT\"},\"sameAs\":[\"http:\/\/acrimat.org.br\/\"],\"url\":\"https:\/\/acrimat.org.br\/portal\/author\/ascom\/\"}]}<\/script>\n<!-- \/ Yoast SEO plugin. -->","yoast_head_json":{"title":"Produzir e inovar na pecu\u00e1ria - Acrimat","robots":{"index":"index","follow":"follow","max-snippet":"max-snippet:-1","max-image-preview":"max-image-preview:large","max-video-preview":"max-video-preview:-1"},"canonical":"https:\/\/acrimat.org.br\/portal\/produzir-e-inovar-na-pecuaria\/","og_locale":"pt_BR","og_type":"article","og_title":"Produzir e inovar na pecu\u00e1ria - Acrimat","og_description":"A capital de Mato Grosso, estado com o maior rebanho bovino do pa\u00eds, volta a abrir a InterCorte","og_url":"https:\/\/acrimat.org.br\/portal\/produzir-e-inovar-na-pecuaria\/","og_site_name":"Acrimat","article_published_time":"2018-04-02T19:52:36+00:00","og_image":[{"width":2016,"height":1346,"url":"https:\/\/acrimat.org.br\/portal\/wp-content\/uploads\/2018\/03\/elf2421-e1519929424313.jpg","type":"image\/jpeg"}],"author":"Assessoria de comunica\u00e7\u00e3o ACRIMAT","twitter_card":"summary_large_image","twitter_misc":{"Escrito por":"Assessoria de comunica\u00e7\u00e3o ACRIMAT","Est. tempo de leitura":"5 minutos"},"schema":{"@context":"https:\/\/schema.org","@graph":[{"@type":"Article","@id":"https:\/\/acrimat.org.br\/portal\/produzir-e-inovar-na-pecuaria\/#article","isPartOf":{"@id":"https:\/\/acrimat.org.br\/portal\/produzir-e-inovar-na-pecuaria\/"},"author":{"name":"Assessoria de comunica\u00e7\u00e3o ACRIMAT","@id":"https:\/\/acrimat.org.br\/portal\/#\/schema\/person\/a309b9496344ff991e8e1b1d751fdd7b"},"headline":"Produzir e inovar na pecu\u00e1ria","datePublished":"2018-04-02T19:52:36+00:00","mainEntityOfPage":{"@id":"https:\/\/acrimat.org.br\/portal\/produzir-e-inovar-na-pecuaria\/"},"wordCount":979,"publisher":{"@id":"https:\/\/acrimat.org.br\/portal\/#organization"},"image":{"@id":"https:\/\/acrimat.org.br\/portal\/produzir-e-inovar-na-pecuaria\/#primaryimage"},"thumbnailUrl":"https:\/\/acrimat.org.br\/portal\/wp-content\/uploads\/2018\/03\/elf2421-e1519929424313.jpg","articleSection":["Destaques","Not\u00edcias"],"inLanguage":"pt-BR"},{"@type":"WebPage","@id":"https:\/\/acrimat.org.br\/portal\/produzir-e-inovar-na-pecuaria\/","url":"https:\/\/acrimat.org.br\/portal\/produzir-e-inovar-na-pecuaria\/","name":"Produzir e inovar na pecu\u00e1ria - Acrimat","isPartOf":{"@id":"https:\/\/acrimat.org.br\/portal\/#website"},"primaryImageOfPage":{"@id":"https:\/\/acrimat.org.br\/portal\/produzir-e-inovar-na-pecuaria\/#primaryimage"},"image":{"@id":"https:\/\/acrimat.org.br\/portal\/produzir-e-inovar-na-pecuaria\/#primaryimage"},"thumbnailUrl":"https:\/\/acrimat.org.br\/portal\/wp-content\/uploads\/2018\/03\/elf2421-e1519929424313.jpg","datePublished":"2018-04-02T19:52:36+00:00","breadcrumb":{"@id":"https:\/\/acrimat.org.br\/portal\/produzir-e-inovar-na-pecuaria\/#breadcrumb"},"inLanguage":"pt-BR","potentialAction":[{"@type":"ReadAction","target":["https:\/\/acrimat.org.br\/portal\/produzir-e-inovar-na-pecuaria\/"]}]},{"@type":"ImageObject","inLanguage":"pt-BR","@id":"https:\/\/acrimat.org.br\/portal\/produzir-e-inovar-na-pecuaria\/#primaryimage","url":"https:\/\/acrimat.org.br\/portal\/wp-content\/uploads\/2018\/03\/elf2421-e1519929424313.jpg","contentUrl":"https:\/\/acrimat.org.br\/portal\/wp-content\/uploads\/2018\/03\/elf2421-e1519929424313.jpg","width":2016,"height":1346},{"@type":"BreadcrumbList","@id":"https:\/\/acrimat.org.br\/portal\/produzir-e-inovar-na-pecuaria\/#breadcrumb","itemListElement":[{"@type":"ListItem","position":1,"name":"In\u00edcio","item":"https:\/\/acrimat.org.br\/portal\/"},{"@type":"ListItem","position":2,"name":"Produzir e inovar na pecu\u00e1ria"}]},{"@type":"WebSite","@id":"https:\/\/acrimat.org.br\/portal\/#website","url":"https:\/\/acrimat.org.br\/portal\/","name":"Acrimat","description":"Associa\u00e7\u00e3o dos Criadores de Mato Grosso","publisher":{"@id":"https:\/\/acrimat.org.br\/portal\/#organization"},"potentialAction":[{"@type":"SearchAction","target":{"@type":"EntryPoint","urlTemplate":"https:\/\/acrimat.org.br\/portal\/?s={search_term_string}"},"query-input":{"@type":"PropertyValueSpecification","valueRequired":true,"valueName":"search_term_string"}}],"inLanguage":"pt-BR"},{"@type":"Organization","@id":"https:\/\/acrimat.org.br\/portal\/#organization","name":"Associa\u00e7\u00e3o dos Criadores de Mato Grosso","url":"https:\/\/acrimat.org.br\/portal\/","logo":{"@type":"ImageObject","inLanguage":"pt-BR","@id":"https:\/\/acrimat.org.br\/portal\/#\/schema\/logo\/image\/","url":"https:\/\/acrimat.org.br\/portal\/wp-content\/uploads\/2018\/03\/logo-peq-original.png","contentUrl":"https:\/\/acrimat.org.br\/portal\/wp-content\/uploads\/2018\/03\/logo-peq-original.png","width":174,"height":171,"caption":"Associa\u00e7\u00e3o dos Criadores de Mato Grosso"},"image":{"@id":"https:\/\/acrimat.org.br\/portal\/#\/schema\/logo\/image\/"}},{"@type":"Person","@id":"https:\/\/acrimat.org.br\/portal\/#\/schema\/person\/a309b9496344ff991e8e1b1d751fdd7b","name":"Assessoria de comunica\u00e7\u00e3o ACRIMAT","image":{"@type":"ImageObject","inLanguage":"pt-BR","@id":"https:\/\/acrimat.org.br\/portal\/#\/schema\/person\/image\/","url":"https:\/\/secure.gravatar.com\/avatar\/2f9c28e64c317bcd762b25cb1575f1b4?s=96&d=mm&r=g","contentUrl":"https:\/\/secure.gravatar.com\/avatar\/2f9c28e64c317bcd762b25cb1575f1b4?s=96&d=mm&r=g","caption":"Assessoria de comunica\u00e7\u00e3o ACRIMAT"},"sameAs":["http:\/\/acrimat.org.br\/"],"url":"https:\/\/acrimat.org.br\/portal\/author\/ascom\/"}]}},"_links":{"self":[{"href":"https:\/\/acrimat.org.br\/portal\/wp-json\/wp\/v2\/posts\/97986869","targetHints":{"allow":["GET"]}}],"collection":[{"href":"https:\/\/acrimat.org.br\/portal\/wp-json\/wp\/v2\/posts"}],"about":[{"href":"https:\/\/acrimat.org.br\/portal\/wp-json\/wp\/v2\/types\/post"}],"author":[{"embeddable":true,"href":"https:\/\/acrimat.org.br\/portal\/wp-json\/wp\/v2\/users\/7"}],"replies":[{"embeddable":true,"href":"https:\/\/acrimat.org.br\/portal\/wp-json\/wp\/v2\/comments?post=97986869"}],"version-history":[{"count":1,"href":"https:\/\/acrimat.org.br\/portal\/wp-json\/wp\/v2\/posts\/97986869\/revisions"}],"predecessor-version":[{"id":97986870,"href":"https:\/\/acrimat.org.br\/portal\/wp-json\/wp\/v2\/posts\/97986869\/revisions\/97986870"}],"wp:featuredmedia":[{"embeddable":true,"href":"https:\/\/acrimat.org.br\/portal\/wp-json\/wp\/v2\/media\/97986201"}],"wp:attachment":[{"href":"https:\/\/acrimat.org.br\/portal\/wp-json\/wp\/v2\/media?parent=97986869"}],"wp:term":[{"taxonomy":"category","embeddable":true,"href":"https:\/\/acrimat.org.br\/portal\/wp-json\/wp\/v2\/categories?post=97986869"},{"taxonomy":"post_tag","embeddable":true,"href":"https:\/\/acrimat.org.br\/portal\/wp-json\/wp\/v2\/tags?post=97986869"}],"curies":[{"name":"wp","href":"https:\/\/api.w.org\/{rel}","templated":true}]}}