{"id":97986886,"date":"2018-04-03T11:57:50","date_gmt":"2018-04-03T14:57:50","guid":{"rendered":"http:\/\/acrimat.org.br\/portal\/?p=97986886"},"modified":"2018-04-03T11:57:50","modified_gmt":"2018-04-03T14:57:50","slug":"15-dos-animais-sao-abatidos-com-menos-de-24-meses-e-peso-medio-de-17-arrobas","status":"publish","type":"post","link":"https:\/\/acrimat.org.br\/portal\/15-dos-animais-sao-abatidos-com-menos-de-24-meses-e-peso-medio-de-17-arrobas\/","title":{"rendered":"15% dos animais s\u00e3o abatidos com menos de 24 meses e peso m\u00e9dio de 17 arrobas"},"content":{"rendered":"<p>Em dez anos, o percentual de animais abatidos com menos de 24 meses passou de 4% para 15% do total em Mato Grosso. Em contrapartida, o peso m\u00e9dio dos animais abatidos teve um incremento de 16%, saindo de 15,1 arrobas em 2006 para 17,7 arrobas em 2016, tamb\u00e9m em Mato Grosso.<\/p>\n<p>\u201cOs investimentos em tecnologia proporcionaram um ganho produtivo importante para pecu\u00e1ria de corte nos \u00faltimos anos, indispens\u00e1vel para a continuidade da atividade. Agora, os produtores est\u00e3o em busca de agregar valor ao que produzem, e isso tamb\u00e9m passa pela tecnologia e pelo planejamento, que devem estar presentes em todas as etapas da produ\u00e7\u00e3o\u201d, explica o engenheiro agr\u00f4nomo Marco Tulio Habib Silva.<\/p>\n<p>Marco Tulio, consultor da Scot Consultoria, ser\u00e1 palestrante no projeto \u201cAcrimat em A\u00e7\u00e3o 2018\u201d que d\u00e1 in\u00edcio \u00e0 Rota 3 nesta segunda (2) e vai passar por seis munic\u00edpios da regi\u00e3o norte de Mato Grosso.<\/p>\n<p>O consultor vai apresentar aos produtores a evolu\u00e7\u00e3o da pecu\u00e1ria de corte nos \u00faltimos tempos, grande parte em decorr\u00eancia do melhoramento cont\u00ednuo nos sistemas produtivos. Tais investimentos proporcionaram aumento de produtividade por \u00e1rea, redu\u00e7\u00e3o da idade m\u00e9dia de abate e aumento do peso m\u00e9dio de abate.<\/p>\n<p><strong>Acrimat em A\u00e7\u00e3o<\/strong><\/p>\n<p>Com foco na agrega\u00e7\u00e3o de valor na pecu\u00e1ria de corte, Associa\u00e7\u00e3o dos Criadores de Mato Grosso (Acrimat), realizadora do Acrimat em A\u00e7\u00e3o, visita nesta etapa Guarant\u00e3 do Norte (2), Col\u00edder (3), Apiac\u00e1s (4), Nova Bandeirantes (5), Nova Monte Verde (6) e Alta Floresta (7).<\/p>\n<p>Para atender a uma demanda atual do segmento, o \u201cAcrimat em A\u00e7\u00e3o 2018\u201d coloca em pauta os m\u00e9todos e as ferramentas dispon\u00edveis para aumentar a rentabilidade por meio da agrega\u00e7\u00e3o de valor. Ou seja, como \u00e9 poss\u00edvel melhorar a qualidade do produto ofertado no mercado e ganhar mais por isso.<\/p>\n<p>Para o presidente do Sindicato Rural de Nova Bandeirantes, Andelino Ant\u00f4nio Rossi, o uso de tecnologias \u00e9 um caminho sem volta. Ele explica que os produtores da regi\u00e3o norte est\u00e3o cada vez mais usando ferramentas para melhorar os \u00edndices pecu\u00e1rios. \u201cAqui na regi\u00e3o temos muitas fazendas que fazem recria e engorda e est\u00e3o buscando acelerar este processo. O Acrimat em A\u00e7\u00e3o sempre vem para trazer mais informa\u00e7\u00f5es para os produtores daqui\u201d.<\/p>\n<p>Os seis munic\u00edpios a serem percorridos na regi\u00e3o norte somam um rebanho de 2,4 milh\u00f5es de bovinos e munic\u00edpios como Alta Floresta e Col\u00edder t\u00eam, juntos, mais de um milh\u00e3o de cabe\u00e7as.<\/p>\n<p>At\u00e9 o momento, o principal projeto itinerante da pecu\u00e1ria de corte mato-grossense mobilizou 2 mil produtores nos 15 munic\u00edpios visitados nas rotas 1 e 2. Em sete edi\u00e7\u00f5es, o \u201cAcrimat em A\u00e7\u00e3o\u201d j\u00e1 mobilizou cerca de 30 mil pecuaristas de todas as regi\u00f5es produtoras do Estado, se consolidando como uma refer\u00eancia na troca de informa\u00e7\u00f5es t\u00e9cnicas dentro da cadeia produtiva da carne.<\/p>\n<p>O presidente da Acrimat, Marco T\u00falio Duarte Soares, acredita que o futuro da pecu\u00e1ria passa pelo melhoramento da produ\u00e7\u00e3o para atender as demandas do mercado. \u201cO Brasil tem condi\u00e7\u00f5es n\u00e3o somente de aumentar o volume de carne produzido, mas tamb\u00e9m a qualidade do produto. Assim, vamos atingir mercados mais exigentes e que pagam melhor por isso\u201d, afirma Marco Tulio Duarte Soares.<\/p>\n<p><strong>Parceiros<\/strong><\/p>\n<p>O \u201cAcrimat em A\u00e7\u00e3o 2018\u201d conta com apoio de parceiros que investem no melhoramento da produ\u00e7\u00e3o de prote\u00edna vermelha e no fortalecimento do agroneg\u00f3cio mato-grossense. Participam da oitava edi\u00e7\u00e3o do projeto o Servi\u00e7o Nacional da Aprendizagem Rural de Mato Grosso (Senar-MT), Sicredi, concession\u00e1rias Trescinco e Ariel e Scot Consultoria.<\/p>\n<p>As tr\u00eas rotas finais contemplam as regi\u00f5es norte, nordeste, noroeste e parte do sudeste do Estado. Ap\u00f3s a\u00a0 Rota 3, que come\u00e7a na segunda, a Rota 4 ter\u00e1 in\u00edcio em Barra do Gar\u00e7as (23), Ribeir\u00e3o Cascalheira (24), Vila Rica (25), Canarana (26), \u00c1gua Boa (27) e Cocalinho (28).<\/p>\n<p>J\u00e1 em maio, a \u00faltima, Rota 5, percorre o noroeste do Estado passando por Castanheira (4), Ju\u00edna (5), Cotrigua\u00e7u (7), Colniza (8) e Aripuan\u00e3 (9). O projeto \u00e9 encerrado em Rondon\u00f3polis em 4 de junho. (<em>Com\u00a0 Assessoria<\/em>)<\/p>\n","protected":false},"excerpt":{"rendered":"<p>Com foco na agrega\u00e7\u00e3o de valor na pecu\u00e1ria de corte, Acrimat em A\u00e7\u00e3o visita 6 munic\u00edpios de MT nesse in\u00edcio de Abril<\/p>\n","protected":false},"author":7,"featured_media":97985934,"comment_status":"closed","ping_status":"closed","sticky":false,"template":"","format":"standard","meta":{"footnotes":""},"categories":[6,1],"tags":[],"class_list":["post-97986886","post","type-post","status-publish","format-standard","has-post-thumbnail","hentry","category-destaque","category-noticia"],"yoast_head":"<!-- This site is optimized with the Yoast SEO plugin v24.8.1 - https:\/\/yoast.com\/wordpress\/plugins\/seo\/ -->\n<title>15% dos animais s\u00e3o abatidos com menos de 24 meses e peso m\u00e9dio de 17 arrobas - Acrimat<\/title>\n<meta name=\"robots\" content=\"index, follow, max-snippet:-1, max-image-preview:large, max-video-preview:-1\" \/>\n<link rel=\"canonical\" href=\"https:\/\/acrimat.org.br\/portal\/15-dos-animais-sao-abatidos-com-menos-de-24-meses-e-peso-medio-de-17-arrobas\/\" \/>\n<meta property=\"og:locale\" content=\"pt_BR\" \/>\n<meta property=\"og:type\" content=\"article\" \/>\n<meta property=\"og:title\" content=\"15% dos animais s\u00e3o abatidos com menos de 24 meses e peso m\u00e9dio de 17 arrobas - Acrimat\" \/>\n<meta property=\"og:description\" content=\"Com foco na agrega\u00e7\u00e3o de valor na pecu\u00e1ria de corte, Acrimat em A\u00e7\u00e3o visita 6 munic\u00edpios de MT nesse in\u00edcio de Abril\" \/>\n<meta property=\"og:url\" content=\"https:\/\/acrimat.org.br\/portal\/15-dos-animais-sao-abatidos-com-menos-de-24-meses-e-peso-medio-de-17-arrobas\/\" \/>\n<meta property=\"og:site_name\" content=\"Acrimat\" \/>\n<meta property=\"article:published_time\" content=\"2018-04-03T14:57:50+00:00\" \/>\n<meta property=\"og:image\" content=\"https:\/\/acrimat.org.br\/portal\/wp-content\/uploads\/2018\/02\/geral.jpeg\" \/>\n\t<meta property=\"og:image:width\" content=\"1280\" \/>\n\t<meta property=\"og:image:height\" content=\"720\" \/>\n\t<meta property=\"og:image:type\" content=\"image\/jpeg\" \/>\n<meta name=\"author\" content=\"Assessoria de comunica\u00e7\u00e3o ACRIMAT\" \/>\n<meta name=\"twitter:card\" content=\"summary_large_image\" \/>\n<meta name=\"twitter:label1\" content=\"Escrito por\" \/>\n\t<meta name=\"twitter:data1\" content=\"Assessoria de comunica\u00e7\u00e3o ACRIMAT\" \/>\n\t<meta name=\"twitter:label2\" content=\"Est. tempo de leitura\" \/>\n\t<meta name=\"twitter:data2\" content=\"3 minutos\" \/>\n<script type=\"application\/ld+json\" class=\"yoast-schema-graph\">{\"@context\":\"https:\/\/schema.org\",\"@graph\":[{\"@type\":\"Article\",\"@id\":\"https:\/\/acrimat.org.br\/portal\/15-dos-animais-sao-abatidos-com-menos-de-24-meses-e-peso-medio-de-17-arrobas\/#article\",\"isPartOf\":{\"@id\":\"https:\/\/acrimat.org.br\/portal\/15-dos-animais-sao-abatidos-com-menos-de-24-meses-e-peso-medio-de-17-arrobas\/\"},\"author\":{\"name\":\"Assessoria de comunica\u00e7\u00e3o ACRIMAT\",\"@id\":\"https:\/\/acrimat.org.br\/portal\/#\/schema\/person\/a309b9496344ff991e8e1b1d751fdd7b\"},\"headline\":\"15% dos animais s\u00e3o abatidos com menos de 24 meses e peso m\u00e9dio de 17 arrobas\",\"datePublished\":\"2018-04-03T14:57:50+00:00\",\"mainEntityOfPage\":{\"@id\":\"https:\/\/acrimat.org.br\/portal\/15-dos-animais-sao-abatidos-com-menos-de-24-meses-e-peso-medio-de-17-arrobas\/\"},\"wordCount\":700,\"publisher\":{\"@id\":\"https:\/\/acrimat.org.br\/portal\/#organization\"},\"image\":{\"@id\":\"https:\/\/acrimat.org.br\/portal\/15-dos-animais-sao-abatidos-com-menos-de-24-meses-e-peso-medio-de-17-arrobas\/#primaryimage\"},\"thumbnailUrl\":\"https:\/\/acrimat.org.br\/portal\/wp-content\/uploads\/2018\/02\/geral.jpeg\",\"articleSection\":[\"Destaques\",\"Not\u00edcias\"],\"inLanguage\":\"pt-BR\"},{\"@type\":\"WebPage\",\"@id\":\"https:\/\/acrimat.org.br\/portal\/15-dos-animais-sao-abatidos-com-menos-de-24-meses-e-peso-medio-de-17-arrobas\/\",\"url\":\"https:\/\/acrimat.org.br\/portal\/15-dos-animais-sao-abatidos-com-menos-de-24-meses-e-peso-medio-de-17-arrobas\/\",\"name\":\"15% dos animais s\u00e3o abatidos com menos de 24 meses e peso m\u00e9dio de 17 arrobas - Acrimat\",\"isPartOf\":{\"@id\":\"https:\/\/acrimat.org.br\/portal\/#website\"},\"primaryImageOfPage\":{\"@id\":\"https:\/\/acrimat.org.br\/portal\/15-dos-animais-sao-abatidos-com-menos-de-24-meses-e-peso-medio-de-17-arrobas\/#primaryimage\"},\"image\":{\"@id\":\"https:\/\/acrimat.org.br\/portal\/15-dos-animais-sao-abatidos-com-menos-de-24-meses-e-peso-medio-de-17-arrobas\/#primaryimage\"},\"thumbnailUrl\":\"https:\/\/acrimat.org.br\/portal\/wp-content\/uploads\/2018\/02\/geral.jpeg\",\"datePublished\":\"2018-04-03T14:57:50+00:00\",\"breadcrumb\":{\"@id\":\"https:\/\/acrimat.org.br\/portal\/15-dos-animais-sao-abatidos-com-menos-de-24-meses-e-peso-medio-de-17-arrobas\/#breadcrumb\"},\"inLanguage\":\"pt-BR\",\"potentialAction\":[{\"@type\":\"ReadAction\",\"target\":[\"https:\/\/acrimat.org.br\/portal\/15-dos-animais-sao-abatidos-com-menos-de-24-meses-e-peso-medio-de-17-arrobas\/\"]}]},{\"@type\":\"ImageObject\",\"inLanguage\":\"pt-BR\",\"@id\":\"https:\/\/acrimat.org.br\/portal\/15-dos-animais-sao-abatidos-com-menos-de-24-meses-e-peso-medio-de-17-arrobas\/#primaryimage\",\"url\":\"https:\/\/acrimat.org.br\/portal\/wp-content\/uploads\/2018\/02\/geral.jpeg\",\"contentUrl\":\"https:\/\/acrimat.org.br\/portal\/wp-content\/uploads\/2018\/02\/geral.jpeg\",\"width\":1280,\"height\":720},{\"@type\":\"BreadcrumbList\",\"@id\":\"https:\/\/acrimat.org.br\/portal\/15-dos-animais-sao-abatidos-com-menos-de-24-meses-e-peso-medio-de-17-arrobas\/#breadcrumb\",\"itemListElement\":[{\"@type\":\"ListItem\",\"position\":1,\"name\":\"In\u00edcio\",\"item\":\"https:\/\/acrimat.org.br\/portal\/\"},{\"@type\":\"ListItem\",\"position\":2,\"name\":\"15% dos animais s\u00e3o abatidos com menos de 24 meses e peso m\u00e9dio de 17 arrobas\"}]},{\"@type\":\"WebSite\",\"@id\":\"https:\/\/acrimat.org.br\/portal\/#website\",\"url\":\"https:\/\/acrimat.org.br\/portal\/\",\"name\":\"Acrimat\",\"description\":\"Associa\u00e7\u00e3o dos Criadores de Mato Grosso\",\"publisher\":{\"@id\":\"https:\/\/acrimat.org.br\/portal\/#organization\"},\"potentialAction\":[{\"@type\":\"SearchAction\",\"target\":{\"@type\":\"EntryPoint\",\"urlTemplate\":\"https:\/\/acrimat.org.br\/portal\/?s={search_term_string}\"},\"query-input\":{\"@type\":\"PropertyValueSpecification\",\"valueRequired\":true,\"valueName\":\"search_term_string\"}}],\"inLanguage\":\"pt-BR\"},{\"@type\":\"Organization\",\"@id\":\"https:\/\/acrimat.org.br\/portal\/#organization\",\"name\":\"Associa\u00e7\u00e3o dos Criadores de Mato Grosso\",\"url\":\"https:\/\/acrimat.org.br\/portal\/\",\"logo\":{\"@type\":\"ImageObject\",\"inLanguage\":\"pt-BR\",\"@id\":\"https:\/\/acrimat.org.br\/portal\/#\/schema\/logo\/image\/\",\"url\":\"https:\/\/acrimat.org.br\/portal\/wp-content\/uploads\/2018\/03\/logo-peq-original.png\",\"contentUrl\":\"https:\/\/acrimat.org.br\/portal\/wp-content\/uploads\/2018\/03\/logo-peq-original.png\",\"width\":174,\"height\":171,\"caption\":\"Associa\u00e7\u00e3o dos Criadores de Mato Grosso\"},\"image\":{\"@id\":\"https:\/\/acrimat.org.br\/portal\/#\/schema\/logo\/image\/\"}},{\"@type\":\"Person\",\"@id\":\"https:\/\/acrimat.org.br\/portal\/#\/schema\/person\/a309b9496344ff991e8e1b1d751fdd7b\",\"name\":\"Assessoria de comunica\u00e7\u00e3o ACRIMAT\",\"image\":{\"@type\":\"ImageObject\",\"inLanguage\":\"pt-BR\",\"@id\":\"https:\/\/acrimat.org.br\/portal\/#\/schema\/person\/image\/\",\"url\":\"https:\/\/secure.gravatar.com\/avatar\/2f9c28e64c317bcd762b25cb1575f1b4?s=96&d=mm&r=g\",\"contentUrl\":\"https:\/\/secure.gravatar.com\/avatar\/2f9c28e64c317bcd762b25cb1575f1b4?s=96&d=mm&r=g\",\"caption\":\"Assessoria de comunica\u00e7\u00e3o ACRIMAT\"},\"sameAs\":[\"http:\/\/acrimat.org.br\/\"],\"url\":\"https:\/\/acrimat.org.br\/portal\/author\/ascom\/\"}]}<\/script>\n<!-- \/ Yoast SEO plugin. -->","yoast_head_json":{"title":"15% dos animais s\u00e3o abatidos com menos de 24 meses e peso m\u00e9dio de 17 arrobas - Acrimat","robots":{"index":"index","follow":"follow","max-snippet":"max-snippet:-1","max-image-preview":"max-image-preview:large","max-video-preview":"max-video-preview:-1"},"canonical":"https:\/\/acrimat.org.br\/portal\/15-dos-animais-sao-abatidos-com-menos-de-24-meses-e-peso-medio-de-17-arrobas\/","og_locale":"pt_BR","og_type":"article","og_title":"15% dos animais s\u00e3o abatidos com menos de 24 meses e peso m\u00e9dio de 17 arrobas - Acrimat","og_description":"Com foco na agrega\u00e7\u00e3o de valor na pecu\u00e1ria de corte, Acrimat em A\u00e7\u00e3o visita 6 munic\u00edpios de MT nesse in\u00edcio de Abril","og_url":"https:\/\/acrimat.org.br\/portal\/15-dos-animais-sao-abatidos-com-menos-de-24-meses-e-peso-medio-de-17-arrobas\/","og_site_name":"Acrimat","article_published_time":"2018-04-03T14:57:50+00:00","og_image":[{"width":1280,"height":720,"url":"https:\/\/acrimat.org.br\/portal\/wp-content\/uploads\/2018\/02\/geral.jpeg","type":"image\/jpeg"}],"author":"Assessoria de comunica\u00e7\u00e3o ACRIMAT","twitter_card":"summary_large_image","twitter_misc":{"Escrito por":"Assessoria de comunica\u00e7\u00e3o ACRIMAT","Est. tempo de leitura":"3 minutos"},"schema":{"@context":"https:\/\/schema.org","@graph":[{"@type":"Article","@id":"https:\/\/acrimat.org.br\/portal\/15-dos-animais-sao-abatidos-com-menos-de-24-meses-e-peso-medio-de-17-arrobas\/#article","isPartOf":{"@id":"https:\/\/acrimat.org.br\/portal\/15-dos-animais-sao-abatidos-com-menos-de-24-meses-e-peso-medio-de-17-arrobas\/"},"author":{"name":"Assessoria de comunica\u00e7\u00e3o ACRIMAT","@id":"https:\/\/acrimat.org.br\/portal\/#\/schema\/person\/a309b9496344ff991e8e1b1d751fdd7b"},"headline":"15% dos animais s\u00e3o abatidos com menos de 24 meses e peso m\u00e9dio de 17 arrobas","datePublished":"2018-04-03T14:57:50+00:00","mainEntityOfPage":{"@id":"https:\/\/acrimat.org.br\/portal\/15-dos-animais-sao-abatidos-com-menos-de-24-meses-e-peso-medio-de-17-arrobas\/"},"wordCount":700,"publisher":{"@id":"https:\/\/acrimat.org.br\/portal\/#organization"},"image":{"@id":"https:\/\/acrimat.org.br\/portal\/15-dos-animais-sao-abatidos-com-menos-de-24-meses-e-peso-medio-de-17-arrobas\/#primaryimage"},"thumbnailUrl":"https:\/\/acrimat.org.br\/portal\/wp-content\/uploads\/2018\/02\/geral.jpeg","articleSection":["Destaques","Not\u00edcias"],"inLanguage":"pt-BR"},{"@type":"WebPage","@id":"https:\/\/acrimat.org.br\/portal\/15-dos-animais-sao-abatidos-com-menos-de-24-meses-e-peso-medio-de-17-arrobas\/","url":"https:\/\/acrimat.org.br\/portal\/15-dos-animais-sao-abatidos-com-menos-de-24-meses-e-peso-medio-de-17-arrobas\/","name":"15% dos animais s\u00e3o abatidos com menos de 24 meses e peso m\u00e9dio de 17 arrobas - Acrimat","isPartOf":{"@id":"https:\/\/acrimat.org.br\/portal\/#website"},"primaryImageOfPage":{"@id":"https:\/\/acrimat.org.br\/portal\/15-dos-animais-sao-abatidos-com-menos-de-24-meses-e-peso-medio-de-17-arrobas\/#primaryimage"},"image":{"@id":"https:\/\/acrimat.org.br\/portal\/15-dos-animais-sao-abatidos-com-menos-de-24-meses-e-peso-medio-de-17-arrobas\/#primaryimage"},"thumbnailUrl":"https:\/\/acrimat.org.br\/portal\/wp-content\/uploads\/2018\/02\/geral.jpeg","datePublished":"2018-04-03T14:57:50+00:00","breadcrumb":{"@id":"https:\/\/acrimat.org.br\/portal\/15-dos-animais-sao-abatidos-com-menos-de-24-meses-e-peso-medio-de-17-arrobas\/#breadcrumb"},"inLanguage":"pt-BR","potentialAction":[{"@type":"ReadAction","target":["https:\/\/acrimat.org.br\/portal\/15-dos-animais-sao-abatidos-com-menos-de-24-meses-e-peso-medio-de-17-arrobas\/"]}]},{"@type":"ImageObject","inLanguage":"pt-BR","@id":"https:\/\/acrimat.org.br\/portal\/15-dos-animais-sao-abatidos-com-menos-de-24-meses-e-peso-medio-de-17-arrobas\/#primaryimage","url":"https:\/\/acrimat.org.br\/portal\/wp-content\/uploads\/2018\/02\/geral.jpeg","contentUrl":"https:\/\/acrimat.org.br\/portal\/wp-content\/uploads\/2018\/02\/geral.jpeg","width":1280,"height":720},{"@type":"BreadcrumbList","@id":"https:\/\/acrimat.org.br\/portal\/15-dos-animais-sao-abatidos-com-menos-de-24-meses-e-peso-medio-de-17-arrobas\/#breadcrumb","itemListElement":[{"@type":"ListItem","position":1,"name":"In\u00edcio","item":"https:\/\/acrimat.org.br\/portal\/"},{"@type":"ListItem","position":2,"name":"15% dos animais s\u00e3o abatidos com menos de 24 meses e peso m\u00e9dio de 17 arrobas"}]},{"@type":"WebSite","@id":"https:\/\/acrimat.org.br\/portal\/#website","url":"https:\/\/acrimat.org.br\/portal\/","name":"Acrimat","description":"Associa\u00e7\u00e3o dos Criadores de Mato Grosso","publisher":{"@id":"https:\/\/acrimat.org.br\/portal\/#organization"},"potentialAction":[{"@type":"SearchAction","target":{"@type":"EntryPoint","urlTemplate":"https:\/\/acrimat.org.br\/portal\/?s={search_term_string}"},"query-input":{"@type":"PropertyValueSpecification","valueRequired":true,"valueName":"search_term_string"}}],"inLanguage":"pt-BR"},{"@type":"Organization","@id":"https:\/\/acrimat.org.br\/portal\/#organization","name":"Associa\u00e7\u00e3o dos Criadores de Mato Grosso","url":"https:\/\/acrimat.org.br\/portal\/","logo":{"@type":"ImageObject","inLanguage":"pt-BR","@id":"https:\/\/acrimat.org.br\/portal\/#\/schema\/logo\/image\/","url":"https:\/\/acrimat.org.br\/portal\/wp-content\/uploads\/2018\/03\/logo-peq-original.png","contentUrl":"https:\/\/acrimat.org.br\/portal\/wp-content\/uploads\/2018\/03\/logo-peq-original.png","width":174,"height":171,"caption":"Associa\u00e7\u00e3o dos Criadores de Mato Grosso"},"image":{"@id":"https:\/\/acrimat.org.br\/portal\/#\/schema\/logo\/image\/"}},{"@type":"Person","@id":"https:\/\/acrimat.org.br\/portal\/#\/schema\/person\/a309b9496344ff991e8e1b1d751fdd7b","name":"Assessoria de comunica\u00e7\u00e3o ACRIMAT","image":{"@type":"ImageObject","inLanguage":"pt-BR","@id":"https:\/\/acrimat.org.br\/portal\/#\/schema\/person\/image\/","url":"https:\/\/secure.gravatar.com\/avatar\/2f9c28e64c317bcd762b25cb1575f1b4?s=96&d=mm&r=g","contentUrl":"https:\/\/secure.gravatar.com\/avatar\/2f9c28e64c317bcd762b25cb1575f1b4?s=96&d=mm&r=g","caption":"Assessoria de comunica\u00e7\u00e3o ACRIMAT"},"sameAs":["http:\/\/acrimat.org.br\/"],"url":"https:\/\/acrimat.org.br\/portal\/author\/ascom\/"}]}},"_links":{"self":[{"href":"https:\/\/acrimat.org.br\/portal\/wp-json\/wp\/v2\/posts\/97986886","targetHints":{"allow":["GET"]}}],"collection":[{"href":"https:\/\/acrimat.org.br\/portal\/wp-json\/wp\/v2\/posts"}],"about":[{"href":"https:\/\/acrimat.org.br\/portal\/wp-json\/wp\/v2\/types\/post"}],"author":[{"embeddable":true,"href":"https:\/\/acrimat.org.br\/portal\/wp-json\/wp\/v2\/users\/7"}],"replies":[{"embeddable":true,"href":"https:\/\/acrimat.org.br\/portal\/wp-json\/wp\/v2\/comments?post=97986886"}],"version-history":[{"count":1,"href":"https:\/\/acrimat.org.br\/portal\/wp-json\/wp\/v2\/posts\/97986886\/revisions"}],"predecessor-version":[{"id":97986887,"href":"https:\/\/acrimat.org.br\/portal\/wp-json\/wp\/v2\/posts\/97986886\/revisions\/97986887"}],"wp:featuredmedia":[{"embeddable":true,"href":"https:\/\/acrimat.org.br\/portal\/wp-json\/wp\/v2\/media\/97985934"}],"wp:attachment":[{"href":"https:\/\/acrimat.org.br\/portal\/wp-json\/wp\/v2\/media?parent=97986886"}],"wp:term":[{"taxonomy":"category","embeddable":true,"href":"https:\/\/acrimat.org.br\/portal\/wp-json\/wp\/v2\/categories?post=97986886"},{"taxonomy":"post_tag","embeddable":true,"href":"https:\/\/acrimat.org.br\/portal\/wp-json\/wp\/v2\/tags?post=97986886"}],"curies":[{"name":"wp","href":"https:\/\/api.w.org\/{rel}","templated":true}]}}