{"id":97986904,"date":"2018-04-04T17:38:10","date_gmt":"2018-04-04T20:38:10","guid":{"rendered":"http:\/\/acrimat.org.br\/portal\/?p=97986904"},"modified":"2018-04-04T17:38:10","modified_gmt":"2018-04-04T20:38:10","slug":"cna-recebe-europeus-que-devem-vistoriar-frigorificos-no-pais","status":"publish","type":"post","link":"https:\/\/acrimat.org.br\/portal\/cna-recebe-europeus-que-devem-vistoriar-frigorificos-no-pais\/","title":{"rendered":"CNA recebe europeus que devem vistoriar frigor\u00edficos no pa\u00eds"},"content":{"rendered":"<p>A Confedera\u00e7\u00e3o da Agricultura e Pecu\u00e1ria do Brasil (CNA) recebeu hoje, em Bras\u00edlia, representantes do Parlamento Europeu que est\u00e3o no Pa\u00eds para conhecer o sistema de produ\u00e7\u00e3o de carne bovina. &#8220;Tivemos a oportunidade de dialogar e mostrar a qualidade dos produtos brasileiros. Certamente, vamos colher bons frutos&#8221;, disse, em nota, o presidente da CNA, Jo\u00e3o Martins. No ano passado, a Opera\u00e7\u00e3o Carne Fraca afetou as exporta\u00e7\u00f5es brasileiras para a Uni\u00e3o Europeia. Est\u00e3o no Pa\u00eds parlamentares da Pol\u00f4nia, Fran\u00e7a, Portugal, Reino Unido, Alemanha, Espanha, e It\u00e1lia.<\/p>\n<p>Conforme a CNA, o chefe da delega\u00e7\u00e3o, o polon\u00eas Czeslaw Adam Siekierski, disse ter ficado &#8220;muito satisfeito&#8221; com as informa\u00e7\u00f5es recebidas sobre os procedimentos de produ\u00e7\u00e3o agr\u00edcola. Para a superintendente de Rela\u00e7\u00f5es Internacionais da CNA, L\u00edgia Dutra, a aproxima\u00e7\u00e3o e o di\u00e1logo s\u00e3o importantes para a rela\u00e7\u00e3o comercial. &#8220;A Uni\u00e3o Europeia \u00e9 nosso segundo parceiro comercial, ent\u00e3o temos que ter um di\u00e1logo cada vez mais aberto e transparente com eles.&#8221;<\/p>\n<p>O presidente da Embrapa, Maur\u00edcio Lopes, que esteve com a comitiva hoje, aprovou a visita. &#8220;Foi uma oportunidade para ampliarmos o di\u00e1logo com o Parlamento Europeu sobre quest\u00f5es relacionadas ao agroneg\u00f3cio brasileiro e \u00e0s nossas exporta\u00e7\u00f5es para a Europa, al\u00e9m de tratarmos de outros assuntos como o acordo Uni\u00e3o Europeia-Mercosul.&#8221;<\/p>\n<p>Conforme a CNA, na quarta-feira (4) os parlamentares v\u00e3o a Mato Grosso visitar duas propriedades rurais que s\u00e3o certificadas a exportar para a Uni\u00e3o Europeia. Na quinta, visitam frigor\u00edficos e se re\u00fanem com o presidente da Federa\u00e7\u00e3o de Agricultura e Pecu\u00e1ria do Estado de Mato Grosso (Famato), Normando Corral.<\/p>\n","protected":false},"excerpt":{"rendered":"<p>A Confedera\u00e7\u00e3o da Agricultura e Pecu\u00e1ria do Brasil (CNA) recebeu hoje, em Bras\u00edlia, representantes do Parlamento Europeu que est\u00e3o no Pa\u00eds para conhecer o sistema de produ\u00e7\u00e3o de carne bovina<\/p>\n","protected":false},"author":7,"featured_media":97984854,"comment_status":"closed","ping_status":"closed","sticky":false,"template":"","format":"standard","meta":{"footnotes":""},"categories":[6,1],"tags":[],"class_list":["post-97986904","post","type-post","status-publish","format-standard","has-post-thumbnail","hentry","category-destaque","category-noticia"],"yoast_head":"<!-- This site is optimized with the Yoast SEO plugin v24.8.1 - https:\/\/yoast.com\/wordpress\/plugins\/seo\/ -->\n<title>CNA recebe europeus que devem vistoriar frigor\u00edficos no pa\u00eds - Acrimat<\/title>\n<meta name=\"robots\" content=\"index, follow, max-snippet:-1, max-image-preview:large, max-video-preview:-1\" \/>\n<link rel=\"canonical\" href=\"https:\/\/acrimat.org.br\/portal\/cna-recebe-europeus-que-devem-vistoriar-frigorificos-no-pais\/\" \/>\n<meta property=\"og:locale\" content=\"pt_BR\" \/>\n<meta property=\"og:type\" content=\"article\" \/>\n<meta property=\"og:title\" content=\"CNA recebe europeus que devem vistoriar frigor\u00edficos no pa\u00eds - Acrimat\" \/>\n<meta property=\"og:description\" content=\"A Confedera\u00e7\u00e3o da Agricultura e Pecu\u00e1ria do Brasil (CNA) recebeu hoje, em Bras\u00edlia, representantes do Parlamento Europeu que est\u00e3o no Pa\u00eds para conhecer o sistema de produ\u00e7\u00e3o de carne bovina\" \/>\n<meta property=\"og:url\" content=\"https:\/\/acrimat.org.br\/portal\/cna-recebe-europeus-que-devem-vistoriar-frigorificos-no-pais\/\" \/>\n<meta property=\"og:site_name\" content=\"Acrimat\" \/>\n<meta property=\"article:published_time\" content=\"2018-04-04T20:38:10+00:00\" \/>\n<meta property=\"og:image\" content=\"https:\/\/acrimat.org.br\/portal\/wp-content\/uploads\/2017\/11\/897-pastagem.jpg\" \/>\n\t<meta property=\"og:image:width\" content=\"640\" \/>\n\t<meta property=\"og:image:height\" content=\"480\" \/>\n\t<meta property=\"og:image:type\" content=\"image\/jpeg\" \/>\n<meta name=\"author\" content=\"Assessoria de comunica\u00e7\u00e3o ACRIMAT\" \/>\n<meta name=\"twitter:card\" content=\"summary_large_image\" \/>\n<meta name=\"twitter:label1\" content=\"Escrito por\" \/>\n\t<meta name=\"twitter:data1\" content=\"Assessoria de comunica\u00e7\u00e3o ACRIMAT\" \/>\n\t<meta name=\"twitter:label2\" content=\"Est. tempo de leitura\" \/>\n\t<meta name=\"twitter:data2\" content=\"1 minuto\" \/>\n<script type=\"application\/ld+json\" class=\"yoast-schema-graph\">{\"@context\":\"https:\/\/schema.org\",\"@graph\":[{\"@type\":\"Article\",\"@id\":\"https:\/\/acrimat.org.br\/portal\/cna-recebe-europeus-que-devem-vistoriar-frigorificos-no-pais\/#article\",\"isPartOf\":{\"@id\":\"https:\/\/acrimat.org.br\/portal\/cna-recebe-europeus-que-devem-vistoriar-frigorificos-no-pais\/\"},\"author\":{\"name\":\"Assessoria de comunica\u00e7\u00e3o ACRIMAT\",\"@id\":\"https:\/\/acrimat.org.br\/portal\/#\/schema\/person\/a309b9496344ff991e8e1b1d751fdd7b\"},\"headline\":\"CNA recebe europeus que devem vistoriar frigor\u00edficos no pa\u00eds\",\"datePublished\":\"2018-04-04T20:38:10+00:00\",\"mainEntityOfPage\":{\"@id\":\"https:\/\/acrimat.org.br\/portal\/cna-recebe-europeus-que-devem-vistoriar-frigorificos-no-pais\/\"},\"wordCount\":306,\"publisher\":{\"@id\":\"https:\/\/acrimat.org.br\/portal\/#organization\"},\"image\":{\"@id\":\"https:\/\/acrimat.org.br\/portal\/cna-recebe-europeus-que-devem-vistoriar-frigorificos-no-pais\/#primaryimage\"},\"thumbnailUrl\":\"https:\/\/acrimat.org.br\/portal\/wp-content\/uploads\/2017\/11\/897-pastagem.jpg\",\"articleSection\":[\"Destaques\",\"Not\u00edcias\"],\"inLanguage\":\"pt-BR\"},{\"@type\":\"WebPage\",\"@id\":\"https:\/\/acrimat.org.br\/portal\/cna-recebe-europeus-que-devem-vistoriar-frigorificos-no-pais\/\",\"url\":\"https:\/\/acrimat.org.br\/portal\/cna-recebe-europeus-que-devem-vistoriar-frigorificos-no-pais\/\",\"name\":\"CNA recebe europeus que devem vistoriar frigor\u00edficos no pa\u00eds - Acrimat\",\"isPartOf\":{\"@id\":\"https:\/\/acrimat.org.br\/portal\/#website\"},\"primaryImageOfPage\":{\"@id\":\"https:\/\/acrimat.org.br\/portal\/cna-recebe-europeus-que-devem-vistoriar-frigorificos-no-pais\/#primaryimage\"},\"image\":{\"@id\":\"https:\/\/acrimat.org.br\/portal\/cna-recebe-europeus-que-devem-vistoriar-frigorificos-no-pais\/#primaryimage\"},\"thumbnailUrl\":\"https:\/\/acrimat.org.br\/portal\/wp-content\/uploads\/2017\/11\/897-pastagem.jpg\",\"datePublished\":\"2018-04-04T20:38:10+00:00\",\"breadcrumb\":{\"@id\":\"https:\/\/acrimat.org.br\/portal\/cna-recebe-europeus-que-devem-vistoriar-frigorificos-no-pais\/#breadcrumb\"},\"inLanguage\":\"pt-BR\",\"potentialAction\":[{\"@type\":\"ReadAction\",\"target\":[\"https:\/\/acrimat.org.br\/portal\/cna-recebe-europeus-que-devem-vistoriar-frigorificos-no-pais\/\"]}]},{\"@type\":\"ImageObject\",\"inLanguage\":\"pt-BR\",\"@id\":\"https:\/\/acrimat.org.br\/portal\/cna-recebe-europeus-que-devem-vistoriar-frigorificos-no-pais\/#primaryimage\",\"url\":\"https:\/\/acrimat.org.br\/portal\/wp-content\/uploads\/2017\/11\/897-pastagem.jpg\",\"contentUrl\":\"https:\/\/acrimat.org.br\/portal\/wp-content\/uploads\/2017\/11\/897-pastagem.jpg\",\"width\":640,\"height\":480},{\"@type\":\"BreadcrumbList\",\"@id\":\"https:\/\/acrimat.org.br\/portal\/cna-recebe-europeus-que-devem-vistoriar-frigorificos-no-pais\/#breadcrumb\",\"itemListElement\":[{\"@type\":\"ListItem\",\"position\":1,\"name\":\"In\u00edcio\",\"item\":\"https:\/\/acrimat.org.br\/portal\/\"},{\"@type\":\"ListItem\",\"position\":2,\"name\":\"CNA recebe europeus que devem vistoriar frigor\u00edficos no pa\u00eds\"}]},{\"@type\":\"WebSite\",\"@id\":\"https:\/\/acrimat.org.br\/portal\/#website\",\"url\":\"https:\/\/acrimat.org.br\/portal\/\",\"name\":\"Acrimat\",\"description\":\"Associa\u00e7\u00e3o dos Criadores de Mato Grosso\",\"publisher\":{\"@id\":\"https:\/\/acrimat.org.br\/portal\/#organization\"},\"potentialAction\":[{\"@type\":\"SearchAction\",\"target\":{\"@type\":\"EntryPoint\",\"urlTemplate\":\"https:\/\/acrimat.org.br\/portal\/?s={search_term_string}\"},\"query-input\":{\"@type\":\"PropertyValueSpecification\",\"valueRequired\":true,\"valueName\":\"search_term_string\"}}],\"inLanguage\":\"pt-BR\"},{\"@type\":\"Organization\",\"@id\":\"https:\/\/acrimat.org.br\/portal\/#organization\",\"name\":\"Associa\u00e7\u00e3o dos Criadores de Mato Grosso\",\"url\":\"https:\/\/acrimat.org.br\/portal\/\",\"logo\":{\"@type\":\"ImageObject\",\"inLanguage\":\"pt-BR\",\"@id\":\"https:\/\/acrimat.org.br\/portal\/#\/schema\/logo\/image\/\",\"url\":\"https:\/\/acrimat.org.br\/portal\/wp-content\/uploads\/2018\/03\/logo-peq-original.png\",\"contentUrl\":\"https:\/\/acrimat.org.br\/portal\/wp-content\/uploads\/2018\/03\/logo-peq-original.png\",\"width\":174,\"height\":171,\"caption\":\"Associa\u00e7\u00e3o dos Criadores de Mato Grosso\"},\"image\":{\"@id\":\"https:\/\/acrimat.org.br\/portal\/#\/schema\/logo\/image\/\"}},{\"@type\":\"Person\",\"@id\":\"https:\/\/acrimat.org.br\/portal\/#\/schema\/person\/a309b9496344ff991e8e1b1d751fdd7b\",\"name\":\"Assessoria de comunica\u00e7\u00e3o ACRIMAT\",\"image\":{\"@type\":\"ImageObject\",\"inLanguage\":\"pt-BR\",\"@id\":\"https:\/\/acrimat.org.br\/portal\/#\/schema\/person\/image\/\",\"url\":\"https:\/\/secure.gravatar.com\/avatar\/2f9c28e64c317bcd762b25cb1575f1b4?s=96&d=mm&r=g\",\"contentUrl\":\"https:\/\/secure.gravatar.com\/avatar\/2f9c28e64c317bcd762b25cb1575f1b4?s=96&d=mm&r=g\",\"caption\":\"Assessoria de comunica\u00e7\u00e3o ACRIMAT\"},\"sameAs\":[\"http:\/\/acrimat.org.br\/\"],\"url\":\"https:\/\/acrimat.org.br\/portal\/author\/ascom\/\"}]}<\/script>\n<!-- \/ Yoast SEO plugin. -->","yoast_head_json":{"title":"CNA recebe europeus que devem vistoriar frigor\u00edficos no pa\u00eds - Acrimat","robots":{"index":"index","follow":"follow","max-snippet":"max-snippet:-1","max-image-preview":"max-image-preview:large","max-video-preview":"max-video-preview:-1"},"canonical":"https:\/\/acrimat.org.br\/portal\/cna-recebe-europeus-que-devem-vistoriar-frigorificos-no-pais\/","og_locale":"pt_BR","og_type":"article","og_title":"CNA recebe europeus que devem vistoriar frigor\u00edficos no pa\u00eds - Acrimat","og_description":"A Confedera\u00e7\u00e3o da Agricultura e Pecu\u00e1ria do Brasil (CNA) recebeu hoje, em Bras\u00edlia, representantes do Parlamento Europeu que est\u00e3o no Pa\u00eds para conhecer o sistema de produ\u00e7\u00e3o de carne bovina","og_url":"https:\/\/acrimat.org.br\/portal\/cna-recebe-europeus-que-devem-vistoriar-frigorificos-no-pais\/","og_site_name":"Acrimat","article_published_time":"2018-04-04T20:38:10+00:00","og_image":[{"width":640,"height":480,"url":"https:\/\/acrimat.org.br\/portal\/wp-content\/uploads\/2017\/11\/897-pastagem.jpg","type":"image\/jpeg"}],"author":"Assessoria de comunica\u00e7\u00e3o ACRIMAT","twitter_card":"summary_large_image","twitter_misc":{"Escrito por":"Assessoria de comunica\u00e7\u00e3o ACRIMAT","Est. tempo de leitura":"1 minuto"},"schema":{"@context":"https:\/\/schema.org","@graph":[{"@type":"Article","@id":"https:\/\/acrimat.org.br\/portal\/cna-recebe-europeus-que-devem-vistoriar-frigorificos-no-pais\/#article","isPartOf":{"@id":"https:\/\/acrimat.org.br\/portal\/cna-recebe-europeus-que-devem-vistoriar-frigorificos-no-pais\/"},"author":{"name":"Assessoria de comunica\u00e7\u00e3o ACRIMAT","@id":"https:\/\/acrimat.org.br\/portal\/#\/schema\/person\/a309b9496344ff991e8e1b1d751fdd7b"},"headline":"CNA recebe europeus que devem vistoriar frigor\u00edficos no pa\u00eds","datePublished":"2018-04-04T20:38:10+00:00","mainEntityOfPage":{"@id":"https:\/\/acrimat.org.br\/portal\/cna-recebe-europeus-que-devem-vistoriar-frigorificos-no-pais\/"},"wordCount":306,"publisher":{"@id":"https:\/\/acrimat.org.br\/portal\/#organization"},"image":{"@id":"https:\/\/acrimat.org.br\/portal\/cna-recebe-europeus-que-devem-vistoriar-frigorificos-no-pais\/#primaryimage"},"thumbnailUrl":"https:\/\/acrimat.org.br\/portal\/wp-content\/uploads\/2017\/11\/897-pastagem.jpg","articleSection":["Destaques","Not\u00edcias"],"inLanguage":"pt-BR"},{"@type":"WebPage","@id":"https:\/\/acrimat.org.br\/portal\/cna-recebe-europeus-que-devem-vistoriar-frigorificos-no-pais\/","url":"https:\/\/acrimat.org.br\/portal\/cna-recebe-europeus-que-devem-vistoriar-frigorificos-no-pais\/","name":"CNA recebe europeus que devem vistoriar frigor\u00edficos no pa\u00eds - Acrimat","isPartOf":{"@id":"https:\/\/acrimat.org.br\/portal\/#website"},"primaryImageOfPage":{"@id":"https:\/\/acrimat.org.br\/portal\/cna-recebe-europeus-que-devem-vistoriar-frigorificos-no-pais\/#primaryimage"},"image":{"@id":"https:\/\/acrimat.org.br\/portal\/cna-recebe-europeus-que-devem-vistoriar-frigorificos-no-pais\/#primaryimage"},"thumbnailUrl":"https:\/\/acrimat.org.br\/portal\/wp-content\/uploads\/2017\/11\/897-pastagem.jpg","datePublished":"2018-04-04T20:38:10+00:00","breadcrumb":{"@id":"https:\/\/acrimat.org.br\/portal\/cna-recebe-europeus-que-devem-vistoriar-frigorificos-no-pais\/#breadcrumb"},"inLanguage":"pt-BR","potentialAction":[{"@type":"ReadAction","target":["https:\/\/acrimat.org.br\/portal\/cna-recebe-europeus-que-devem-vistoriar-frigorificos-no-pais\/"]}]},{"@type":"ImageObject","inLanguage":"pt-BR","@id":"https:\/\/acrimat.org.br\/portal\/cna-recebe-europeus-que-devem-vistoriar-frigorificos-no-pais\/#primaryimage","url":"https:\/\/acrimat.org.br\/portal\/wp-content\/uploads\/2017\/11\/897-pastagem.jpg","contentUrl":"https:\/\/acrimat.org.br\/portal\/wp-content\/uploads\/2017\/11\/897-pastagem.jpg","width":640,"height":480},{"@type":"BreadcrumbList","@id":"https:\/\/acrimat.org.br\/portal\/cna-recebe-europeus-que-devem-vistoriar-frigorificos-no-pais\/#breadcrumb","itemListElement":[{"@type":"ListItem","position":1,"name":"In\u00edcio","item":"https:\/\/acrimat.org.br\/portal\/"},{"@type":"ListItem","position":2,"name":"CNA recebe europeus que devem vistoriar frigor\u00edficos no pa\u00eds"}]},{"@type":"WebSite","@id":"https:\/\/acrimat.org.br\/portal\/#website","url":"https:\/\/acrimat.org.br\/portal\/","name":"Acrimat","description":"Associa\u00e7\u00e3o dos Criadores de Mato Grosso","publisher":{"@id":"https:\/\/acrimat.org.br\/portal\/#organization"},"potentialAction":[{"@type":"SearchAction","target":{"@type":"EntryPoint","urlTemplate":"https:\/\/acrimat.org.br\/portal\/?s={search_term_string}"},"query-input":{"@type":"PropertyValueSpecification","valueRequired":true,"valueName":"search_term_string"}}],"inLanguage":"pt-BR"},{"@type":"Organization","@id":"https:\/\/acrimat.org.br\/portal\/#organization","name":"Associa\u00e7\u00e3o dos Criadores de Mato Grosso","url":"https:\/\/acrimat.org.br\/portal\/","logo":{"@type":"ImageObject","inLanguage":"pt-BR","@id":"https:\/\/acrimat.org.br\/portal\/#\/schema\/logo\/image\/","url":"https:\/\/acrimat.org.br\/portal\/wp-content\/uploads\/2018\/03\/logo-peq-original.png","contentUrl":"https:\/\/acrimat.org.br\/portal\/wp-content\/uploads\/2018\/03\/logo-peq-original.png","width":174,"height":171,"caption":"Associa\u00e7\u00e3o dos Criadores de Mato Grosso"},"image":{"@id":"https:\/\/acrimat.org.br\/portal\/#\/schema\/logo\/image\/"}},{"@type":"Person","@id":"https:\/\/acrimat.org.br\/portal\/#\/schema\/person\/a309b9496344ff991e8e1b1d751fdd7b","name":"Assessoria de comunica\u00e7\u00e3o ACRIMAT","image":{"@type":"ImageObject","inLanguage":"pt-BR","@id":"https:\/\/acrimat.org.br\/portal\/#\/schema\/person\/image\/","url":"https:\/\/secure.gravatar.com\/avatar\/2f9c28e64c317bcd762b25cb1575f1b4?s=96&d=mm&r=g","contentUrl":"https:\/\/secure.gravatar.com\/avatar\/2f9c28e64c317bcd762b25cb1575f1b4?s=96&d=mm&r=g","caption":"Assessoria de comunica\u00e7\u00e3o ACRIMAT"},"sameAs":["http:\/\/acrimat.org.br\/"],"url":"https:\/\/acrimat.org.br\/portal\/author\/ascom\/"}]}},"_links":{"self":[{"href":"https:\/\/acrimat.org.br\/portal\/wp-json\/wp\/v2\/posts\/97986904","targetHints":{"allow":["GET"]}}],"collection":[{"href":"https:\/\/acrimat.org.br\/portal\/wp-json\/wp\/v2\/posts"}],"about":[{"href":"https:\/\/acrimat.org.br\/portal\/wp-json\/wp\/v2\/types\/post"}],"author":[{"embeddable":true,"href":"https:\/\/acrimat.org.br\/portal\/wp-json\/wp\/v2\/users\/7"}],"replies":[{"embeddable":true,"href":"https:\/\/acrimat.org.br\/portal\/wp-json\/wp\/v2\/comments?post=97986904"}],"version-history":[{"count":1,"href":"https:\/\/acrimat.org.br\/portal\/wp-json\/wp\/v2\/posts\/97986904\/revisions"}],"predecessor-version":[{"id":97986905,"href":"https:\/\/acrimat.org.br\/portal\/wp-json\/wp\/v2\/posts\/97986904\/revisions\/97986905"}],"wp:featuredmedia":[{"embeddable":true,"href":"https:\/\/acrimat.org.br\/portal\/wp-json\/wp\/v2\/media\/97984854"}],"wp:attachment":[{"href":"https:\/\/acrimat.org.br\/portal\/wp-json\/wp\/v2\/media?parent=97986904"}],"wp:term":[{"taxonomy":"category","embeddable":true,"href":"https:\/\/acrimat.org.br\/portal\/wp-json\/wp\/v2\/categories?post=97986904"},{"taxonomy":"post_tag","embeddable":true,"href":"https:\/\/acrimat.org.br\/portal\/wp-json\/wp\/v2\/tags?post=97986904"}],"curies":[{"name":"wp","href":"https:\/\/api.w.org\/{rel}","templated":true}]}}