{"id":97986906,"date":"2018-04-04T17:44:21","date_gmt":"2018-04-04T20:44:21","guid":{"rendered":"http:\/\/acrimat.org.br\/portal\/?p=97986906"},"modified":"2018-04-04T17:44:21","modified_gmt":"2018-04-04T20:44:21","slug":"conheca-os-vencedores-do-top-farm-mt","status":"publish","type":"post","link":"https:\/\/acrimat.org.br\/portal\/conheca-os-vencedores-do-top-farm-mt\/","title":{"rendered":"Conhe\u00e7a os vencedores do Top Farm MT"},"content":{"rendered":"<div id=\"attachment_97986907\" style=\"width: 650px\" class=\"wp-caption aligncenter\"><a href=\"http:\/\/acrimat.org.br\/portal\/wp-content\/uploads\/2018\/04\/1522764008201.jpg\"><img fetchpriority=\"high\" decoding=\"async\" aria-describedby=\"caption-attachment-97986907\" class=\"wp-image-97986907 size-full\" src=\"http:\/\/acrimat.org.br\/portal\/wp-content\/uploads\/2018\/04\/1522764008201.jpg\" alt=\"\" width=\"640\" height=\"479\" srcset=\"https:\/\/acrimat.org.br\/portal\/wp-content\/uploads\/2018\/04\/1522764008201.jpg 640w, https:\/\/acrimat.org.br\/portal\/wp-content\/uploads\/2018\/04\/1522764008201-300x225.jpg 300w, https:\/\/acrimat.org.br\/portal\/wp-content\/uploads\/2018\/04\/1522764008201-250x187.jpg 250w, https:\/\/acrimat.org.br\/portal\/wp-content\/uploads\/2018\/04\/1522764008201-550x412.jpg 550w, https:\/\/acrimat.org.br\/portal\/wp-content\/uploads\/2018\/04\/1522764008201-241x180.jpg 241w, https:\/\/acrimat.org.br\/portal\/wp-content\/uploads\/2018\/04\/1522764008201-401x300.jpg 401w\" sizes=\"(max-width: 640px) 100vw, 640px\" \/><\/a><p id=\"caption-attachment-97986907\" class=\"wp-caption-text\">Imagem: Divulga\u00e7\u00e3o\/ Canal Rural<\/p><\/div>\n<p>Os produtores rurais de Mato Grosso que mais se destacaram na atividade foram premiados na noite desta segunda-feira, dia 2, pelo Top Farm MT. O evento homenageou ainda o ministro da Agricultura, Blairo Maggi, com o Pr\u00eamio Especial Farm Show.<\/p>\n<p>Idealizada pelo Sindicato Rural de Primavera do Leste, em parceria com o Canal Rural, o governo do Mato Grosso e a Cooperativa de Cr\u00e9dito Rural de Primavera, a cerim\u00f4nia contou com a presen\u00e7a de 600 convidados, entre eles, autoridades, executivos das principais empresas agropecu\u00e1rias, produtores agr\u00edcolas, pecuaristas e representantes do setor.<\/p>\n<p>No total, 41 personalidades do agroneg\u00f3cio de Mato Grosso concorreram em 17 categorias, incluindo agricultura familiar, algod\u00e3o, arroz, leite, piscicultura, entre outras. As indica\u00e7\u00f5es foram feitas por uma comiss\u00e3o julgadora formada por dirigentes do Canal Rural, representantes do Sindicato Rural de Primavera do Leste, Secretaria da Agricultura e Secretaria da Agricultura Familiar do Mato Grosso, Senar-MT, Aprosoja-MT, Famato, Imea e Acrimat.<\/p>\n<p><strong><em>\u00a0<\/em><\/strong><\/p>\n<p><strong><em>Veja como foi a premia\u00e7\u00e3o<\/em><\/strong><\/p>\n<p><strong>\u00a0<\/strong><\/p>\n<p><strong>VENCEDORES<\/strong><\/p>\n<p><strong>Agricultura familiar<\/strong><\/p>\n<p>Odair Piccini<\/p>\n<p><strong>Algod\u00e3o<\/strong><\/p>\n<p>Grupo Nativa<\/p>\n<p><strong>Bioenergia<\/strong><\/p>\n<p>FS Bioenergia<\/p>\n<p><strong>Feij\u00e3o e pulses<\/strong><\/p>\n<p>Moacir Tomazetti<\/p>\n<p><strong>Integra\u00e7\u00e3o lavoura-pecu\u00e1ria<\/strong><\/p>\n<p>M\u00e1rio Wolf Filho<\/p>\n<p><strong>Leite<\/strong><\/p>\n<p>Nivaldo Michetti<\/p>\n<p><strong>Milho<\/strong><\/p>\n<p>Marcos Roberto Bravin<\/p>\n<p><strong>Mulher destaque<\/strong><\/p>\n<p>Norma Gatto<\/p>\n<p><strong>Pecu\u00e1ria de corte<\/strong><\/p>\n<p>Amarildo Merotti<\/p>\n<p><strong>Piscicultura\u00a0\u00a0<\/strong><\/p>\n<p>Casa do Peixe<\/p>\n<p><strong>Soja<\/strong><\/p>\n<p>Gilberto Goellner<\/p>\n<p><strong>Suinocultura<\/strong><\/p>\n<p>Paulo Lucion<\/p>\n<p><strong>\u00a0<\/strong><\/p>\n<p><strong>HOMENAGENS<\/strong><\/p>\n<p><strong>Arroz<\/strong><\/p>\n<p>Ricardo Roberto Weissheimer<\/p>\n<p><strong>Florestal<\/strong><\/p>\n<p>Haroldo Klein<\/p>\n<p><strong>Girassol e milho-pipoca<\/strong><\/p>\n<p>S\u00e9rgio Stefanello<\/p>\n<p><strong>Irriga\u00e7\u00e3o<\/strong><\/p>\n<p>Iraldo Ebertz<\/p>\n<p><strong>Mel<\/strong><\/p>\n<p>Casa do Roncador<\/p>\n<p><strong>\u00a0<\/strong><\/p>\n<p><strong>PR\u00caMIOS ESPECIAIS<\/strong><\/p>\n<p><strong>Pr\u00eamio Pesquisa Dario Minoru Hiromoto<\/strong><\/p>\n<p>Hort\u00eancio Paro<\/p>\n<p><strong>Pr\u00eamio Especial Farm Show<\/strong><\/p>\n<p>Blairo Maggi<\/p>\n","protected":false},"excerpt":{"rendered":"<p>Os produtores rurais de Mato Grosso que mais se destacaram na atividade foram premiados na noite desta segunda-feira, dia 2, pelo Top Farm MT. O evento homenageou ainda o ministro da Agricultura, Blairo Maggi, com o Pr\u00eamio Especial Farm Show. Idealizada pelo Sindicato Rural de Primavera do Leste, em parceria com o Canal Rural, o [&hellip;]<\/p>\n","protected":false},"author":7,"featured_media":97986907,"comment_status":"closed","ping_status":"closed","sticky":false,"template":"","format":"standard","meta":{"footnotes":""},"categories":[6,1],"tags":[],"class_list":["post-97986906","post","type-post","status-publish","format-standard","has-post-thumbnail","hentry","category-destaque","category-noticia"],"yoast_head":"<!-- This site is optimized with the Yoast SEO plugin v24.8.1 - https:\/\/yoast.com\/wordpress\/plugins\/seo\/ -->\n<title>Conhe\u00e7a os vencedores do Top Farm MT - Acrimat<\/title>\n<meta name=\"robots\" content=\"index, follow, max-snippet:-1, max-image-preview:large, max-video-preview:-1\" \/>\n<link rel=\"canonical\" href=\"https:\/\/acrimat.org.br\/portal\/conheca-os-vencedores-do-top-farm-mt\/\" \/>\n<meta property=\"og:locale\" content=\"pt_BR\" \/>\n<meta property=\"og:type\" content=\"article\" \/>\n<meta property=\"og:title\" content=\"Conhe\u00e7a os vencedores do Top Farm MT - Acrimat\" \/>\n<meta property=\"og:description\" content=\"Os produtores rurais de Mato Grosso que mais se destacaram na atividade foram premiados na noite desta segunda-feira, dia 2, pelo Top Farm MT. O evento homenageou ainda o ministro da Agricultura, Blairo Maggi, com o Pr\u00eamio Especial Farm Show. Idealizada pelo Sindicato Rural de Primavera do Leste, em parceria com o Canal Rural, o [&hellip;]\" \/>\n<meta property=\"og:url\" content=\"https:\/\/acrimat.org.br\/portal\/conheca-os-vencedores-do-top-farm-mt\/\" \/>\n<meta property=\"og:site_name\" content=\"Acrimat\" \/>\n<meta property=\"article:published_time\" content=\"2018-04-04T20:44:21+00:00\" \/>\n<meta property=\"og:image\" content=\"https:\/\/acrimat.org.br\/portal\/wp-content\/uploads\/2018\/04\/1522764008201.jpg\" \/>\n\t<meta property=\"og:image:width\" content=\"640\" \/>\n\t<meta property=\"og:image:height\" content=\"479\" \/>\n\t<meta property=\"og:image:type\" content=\"image\/jpeg\" \/>\n<meta name=\"author\" content=\"Assessoria de comunica\u00e7\u00e3o ACRIMAT\" \/>\n<meta name=\"twitter:card\" content=\"summary_large_image\" \/>\n<meta name=\"twitter:label1\" content=\"Escrito por\" \/>\n\t<meta name=\"twitter:data1\" content=\"Assessoria de comunica\u00e7\u00e3o ACRIMAT\" \/>\n\t<meta name=\"twitter:label2\" content=\"Est. tempo de leitura\" \/>\n\t<meta name=\"twitter:data2\" content=\"1 minuto\" \/>\n<script type=\"application\/ld+json\" class=\"yoast-schema-graph\">{\"@context\":\"https:\/\/schema.org\",\"@graph\":[{\"@type\":\"Article\",\"@id\":\"https:\/\/acrimat.org.br\/portal\/conheca-os-vencedores-do-top-farm-mt\/#article\",\"isPartOf\":{\"@id\":\"https:\/\/acrimat.org.br\/portal\/conheca-os-vencedores-do-top-farm-mt\/\"},\"author\":{\"name\":\"Assessoria de comunica\u00e7\u00e3o ACRIMAT\",\"@id\":\"https:\/\/acrimat.org.br\/portal\/#\/schema\/person\/a309b9496344ff991e8e1b1d751fdd7b\"},\"headline\":\"Conhe\u00e7a os vencedores do Top Farm MT\",\"datePublished\":\"2018-04-04T20:44:21+00:00\",\"mainEntityOfPage\":{\"@id\":\"https:\/\/acrimat.org.br\/portal\/conheca-os-vencedores-do-top-farm-mt\/\"},\"wordCount\":278,\"publisher\":{\"@id\":\"https:\/\/acrimat.org.br\/portal\/#organization\"},\"image\":{\"@id\":\"https:\/\/acrimat.org.br\/portal\/conheca-os-vencedores-do-top-farm-mt\/#primaryimage\"},\"thumbnailUrl\":\"https:\/\/acrimat.org.br\/portal\/wp-content\/uploads\/2018\/04\/1522764008201.jpg\",\"articleSection\":[\"Destaques\",\"Not\u00edcias\"],\"inLanguage\":\"pt-BR\"},{\"@type\":\"WebPage\",\"@id\":\"https:\/\/acrimat.org.br\/portal\/conheca-os-vencedores-do-top-farm-mt\/\",\"url\":\"https:\/\/acrimat.org.br\/portal\/conheca-os-vencedores-do-top-farm-mt\/\",\"name\":\"Conhe\u00e7a os vencedores do Top Farm MT - Acrimat\",\"isPartOf\":{\"@id\":\"https:\/\/acrimat.org.br\/portal\/#website\"},\"primaryImageOfPage\":{\"@id\":\"https:\/\/acrimat.org.br\/portal\/conheca-os-vencedores-do-top-farm-mt\/#primaryimage\"},\"image\":{\"@id\":\"https:\/\/acrimat.org.br\/portal\/conheca-os-vencedores-do-top-farm-mt\/#primaryimage\"},\"thumbnailUrl\":\"https:\/\/acrimat.org.br\/portal\/wp-content\/uploads\/2018\/04\/1522764008201.jpg\",\"datePublished\":\"2018-04-04T20:44:21+00:00\",\"breadcrumb\":{\"@id\":\"https:\/\/acrimat.org.br\/portal\/conheca-os-vencedores-do-top-farm-mt\/#breadcrumb\"},\"inLanguage\":\"pt-BR\",\"potentialAction\":[{\"@type\":\"ReadAction\",\"target\":[\"https:\/\/acrimat.org.br\/portal\/conheca-os-vencedores-do-top-farm-mt\/\"]}]},{\"@type\":\"ImageObject\",\"inLanguage\":\"pt-BR\",\"@id\":\"https:\/\/acrimat.org.br\/portal\/conheca-os-vencedores-do-top-farm-mt\/#primaryimage\",\"url\":\"https:\/\/acrimat.org.br\/portal\/wp-content\/uploads\/2018\/04\/1522764008201.jpg\",\"contentUrl\":\"https:\/\/acrimat.org.br\/portal\/wp-content\/uploads\/2018\/04\/1522764008201.jpg\",\"width\":640,\"height\":479},{\"@type\":\"BreadcrumbList\",\"@id\":\"https:\/\/acrimat.org.br\/portal\/conheca-os-vencedores-do-top-farm-mt\/#breadcrumb\",\"itemListElement\":[{\"@type\":\"ListItem\",\"position\":1,\"name\":\"In\u00edcio\",\"item\":\"https:\/\/acrimat.org.br\/portal\/\"},{\"@type\":\"ListItem\",\"position\":2,\"name\":\"Conhe\u00e7a os vencedores do Top Farm MT\"}]},{\"@type\":\"WebSite\",\"@id\":\"https:\/\/acrimat.org.br\/portal\/#website\",\"url\":\"https:\/\/acrimat.org.br\/portal\/\",\"name\":\"Acrimat\",\"description\":\"Associa\u00e7\u00e3o dos Criadores de Mato Grosso\",\"publisher\":{\"@id\":\"https:\/\/acrimat.org.br\/portal\/#organization\"},\"potentialAction\":[{\"@type\":\"SearchAction\",\"target\":{\"@type\":\"EntryPoint\",\"urlTemplate\":\"https:\/\/acrimat.org.br\/portal\/?s={search_term_string}\"},\"query-input\":{\"@type\":\"PropertyValueSpecification\",\"valueRequired\":true,\"valueName\":\"search_term_string\"}}],\"inLanguage\":\"pt-BR\"},{\"@type\":\"Organization\",\"@id\":\"https:\/\/acrimat.org.br\/portal\/#organization\",\"name\":\"Associa\u00e7\u00e3o dos Criadores de Mato Grosso\",\"url\":\"https:\/\/acrimat.org.br\/portal\/\",\"logo\":{\"@type\":\"ImageObject\",\"inLanguage\":\"pt-BR\",\"@id\":\"https:\/\/acrimat.org.br\/portal\/#\/schema\/logo\/image\/\",\"url\":\"https:\/\/acrimat.org.br\/portal\/wp-content\/uploads\/2018\/03\/logo-peq-original.png\",\"contentUrl\":\"https:\/\/acrimat.org.br\/portal\/wp-content\/uploads\/2018\/03\/logo-peq-original.png\",\"width\":174,\"height\":171,\"caption\":\"Associa\u00e7\u00e3o dos Criadores de Mato Grosso\"},\"image\":{\"@id\":\"https:\/\/acrimat.org.br\/portal\/#\/schema\/logo\/image\/\"}},{\"@type\":\"Person\",\"@id\":\"https:\/\/acrimat.org.br\/portal\/#\/schema\/person\/a309b9496344ff991e8e1b1d751fdd7b\",\"name\":\"Assessoria de comunica\u00e7\u00e3o ACRIMAT\",\"image\":{\"@type\":\"ImageObject\",\"inLanguage\":\"pt-BR\",\"@id\":\"https:\/\/acrimat.org.br\/portal\/#\/schema\/person\/image\/\",\"url\":\"https:\/\/secure.gravatar.com\/avatar\/2f9c28e64c317bcd762b25cb1575f1b4?s=96&d=mm&r=g\",\"contentUrl\":\"https:\/\/secure.gravatar.com\/avatar\/2f9c28e64c317bcd762b25cb1575f1b4?s=96&d=mm&r=g\",\"caption\":\"Assessoria de comunica\u00e7\u00e3o ACRIMAT\"},\"sameAs\":[\"http:\/\/acrimat.org.br\/\"],\"url\":\"https:\/\/acrimat.org.br\/portal\/author\/ascom\/\"}]}<\/script>\n<!-- \/ Yoast SEO plugin. -->","yoast_head_json":{"title":"Conhe\u00e7a os vencedores do Top Farm MT - Acrimat","robots":{"index":"index","follow":"follow","max-snippet":"max-snippet:-1","max-image-preview":"max-image-preview:large","max-video-preview":"max-video-preview:-1"},"canonical":"https:\/\/acrimat.org.br\/portal\/conheca-os-vencedores-do-top-farm-mt\/","og_locale":"pt_BR","og_type":"article","og_title":"Conhe\u00e7a os vencedores do Top Farm MT - Acrimat","og_description":"Os produtores rurais de Mato Grosso que mais se destacaram na atividade foram premiados na noite desta segunda-feira, dia 2, pelo Top Farm MT. O evento homenageou ainda o ministro da Agricultura, Blairo Maggi, com o Pr\u00eamio Especial Farm Show. Idealizada pelo Sindicato Rural de Primavera do Leste, em parceria com o Canal Rural, o [&hellip;]","og_url":"https:\/\/acrimat.org.br\/portal\/conheca-os-vencedores-do-top-farm-mt\/","og_site_name":"Acrimat","article_published_time":"2018-04-04T20:44:21+00:00","og_image":[{"width":640,"height":479,"url":"https:\/\/acrimat.org.br\/portal\/wp-content\/uploads\/2018\/04\/1522764008201.jpg","type":"image\/jpeg"}],"author":"Assessoria de comunica\u00e7\u00e3o ACRIMAT","twitter_card":"summary_large_image","twitter_misc":{"Escrito por":"Assessoria de comunica\u00e7\u00e3o ACRIMAT","Est. tempo de leitura":"1 minuto"},"schema":{"@context":"https:\/\/schema.org","@graph":[{"@type":"Article","@id":"https:\/\/acrimat.org.br\/portal\/conheca-os-vencedores-do-top-farm-mt\/#article","isPartOf":{"@id":"https:\/\/acrimat.org.br\/portal\/conheca-os-vencedores-do-top-farm-mt\/"},"author":{"name":"Assessoria de comunica\u00e7\u00e3o ACRIMAT","@id":"https:\/\/acrimat.org.br\/portal\/#\/schema\/person\/a309b9496344ff991e8e1b1d751fdd7b"},"headline":"Conhe\u00e7a os vencedores do Top Farm MT","datePublished":"2018-04-04T20:44:21+00:00","mainEntityOfPage":{"@id":"https:\/\/acrimat.org.br\/portal\/conheca-os-vencedores-do-top-farm-mt\/"},"wordCount":278,"publisher":{"@id":"https:\/\/acrimat.org.br\/portal\/#organization"},"image":{"@id":"https:\/\/acrimat.org.br\/portal\/conheca-os-vencedores-do-top-farm-mt\/#primaryimage"},"thumbnailUrl":"https:\/\/acrimat.org.br\/portal\/wp-content\/uploads\/2018\/04\/1522764008201.jpg","articleSection":["Destaques","Not\u00edcias"],"inLanguage":"pt-BR"},{"@type":"WebPage","@id":"https:\/\/acrimat.org.br\/portal\/conheca-os-vencedores-do-top-farm-mt\/","url":"https:\/\/acrimat.org.br\/portal\/conheca-os-vencedores-do-top-farm-mt\/","name":"Conhe\u00e7a os vencedores do Top Farm MT - Acrimat","isPartOf":{"@id":"https:\/\/acrimat.org.br\/portal\/#website"},"primaryImageOfPage":{"@id":"https:\/\/acrimat.org.br\/portal\/conheca-os-vencedores-do-top-farm-mt\/#primaryimage"},"image":{"@id":"https:\/\/acrimat.org.br\/portal\/conheca-os-vencedores-do-top-farm-mt\/#primaryimage"},"thumbnailUrl":"https:\/\/acrimat.org.br\/portal\/wp-content\/uploads\/2018\/04\/1522764008201.jpg","datePublished":"2018-04-04T20:44:21+00:00","breadcrumb":{"@id":"https:\/\/acrimat.org.br\/portal\/conheca-os-vencedores-do-top-farm-mt\/#breadcrumb"},"inLanguage":"pt-BR","potentialAction":[{"@type":"ReadAction","target":["https:\/\/acrimat.org.br\/portal\/conheca-os-vencedores-do-top-farm-mt\/"]}]},{"@type":"ImageObject","inLanguage":"pt-BR","@id":"https:\/\/acrimat.org.br\/portal\/conheca-os-vencedores-do-top-farm-mt\/#primaryimage","url":"https:\/\/acrimat.org.br\/portal\/wp-content\/uploads\/2018\/04\/1522764008201.jpg","contentUrl":"https:\/\/acrimat.org.br\/portal\/wp-content\/uploads\/2018\/04\/1522764008201.jpg","width":640,"height":479},{"@type":"BreadcrumbList","@id":"https:\/\/acrimat.org.br\/portal\/conheca-os-vencedores-do-top-farm-mt\/#breadcrumb","itemListElement":[{"@type":"ListItem","position":1,"name":"In\u00edcio","item":"https:\/\/acrimat.org.br\/portal\/"},{"@type":"ListItem","position":2,"name":"Conhe\u00e7a os vencedores do Top Farm MT"}]},{"@type":"WebSite","@id":"https:\/\/acrimat.org.br\/portal\/#website","url":"https:\/\/acrimat.org.br\/portal\/","name":"Acrimat","description":"Associa\u00e7\u00e3o dos Criadores de Mato Grosso","publisher":{"@id":"https:\/\/acrimat.org.br\/portal\/#organization"},"potentialAction":[{"@type":"SearchAction","target":{"@type":"EntryPoint","urlTemplate":"https:\/\/acrimat.org.br\/portal\/?s={search_term_string}"},"query-input":{"@type":"PropertyValueSpecification","valueRequired":true,"valueName":"search_term_string"}}],"inLanguage":"pt-BR"},{"@type":"Organization","@id":"https:\/\/acrimat.org.br\/portal\/#organization","name":"Associa\u00e7\u00e3o dos Criadores de Mato Grosso","url":"https:\/\/acrimat.org.br\/portal\/","logo":{"@type":"ImageObject","inLanguage":"pt-BR","@id":"https:\/\/acrimat.org.br\/portal\/#\/schema\/logo\/image\/","url":"https:\/\/acrimat.org.br\/portal\/wp-content\/uploads\/2018\/03\/logo-peq-original.png","contentUrl":"https:\/\/acrimat.org.br\/portal\/wp-content\/uploads\/2018\/03\/logo-peq-original.png","width":174,"height":171,"caption":"Associa\u00e7\u00e3o dos Criadores de Mato Grosso"},"image":{"@id":"https:\/\/acrimat.org.br\/portal\/#\/schema\/logo\/image\/"}},{"@type":"Person","@id":"https:\/\/acrimat.org.br\/portal\/#\/schema\/person\/a309b9496344ff991e8e1b1d751fdd7b","name":"Assessoria de comunica\u00e7\u00e3o ACRIMAT","image":{"@type":"ImageObject","inLanguage":"pt-BR","@id":"https:\/\/acrimat.org.br\/portal\/#\/schema\/person\/image\/","url":"https:\/\/secure.gravatar.com\/avatar\/2f9c28e64c317bcd762b25cb1575f1b4?s=96&d=mm&r=g","contentUrl":"https:\/\/secure.gravatar.com\/avatar\/2f9c28e64c317bcd762b25cb1575f1b4?s=96&d=mm&r=g","caption":"Assessoria de comunica\u00e7\u00e3o ACRIMAT"},"sameAs":["http:\/\/acrimat.org.br\/"],"url":"https:\/\/acrimat.org.br\/portal\/author\/ascom\/"}]}},"_links":{"self":[{"href":"https:\/\/acrimat.org.br\/portal\/wp-json\/wp\/v2\/posts\/97986906","targetHints":{"allow":["GET"]}}],"collection":[{"href":"https:\/\/acrimat.org.br\/portal\/wp-json\/wp\/v2\/posts"}],"about":[{"href":"https:\/\/acrimat.org.br\/portal\/wp-json\/wp\/v2\/types\/post"}],"author":[{"embeddable":true,"href":"https:\/\/acrimat.org.br\/portal\/wp-json\/wp\/v2\/users\/7"}],"replies":[{"embeddable":true,"href":"https:\/\/acrimat.org.br\/portal\/wp-json\/wp\/v2\/comments?post=97986906"}],"version-history":[{"count":1,"href":"https:\/\/acrimat.org.br\/portal\/wp-json\/wp\/v2\/posts\/97986906\/revisions"}],"predecessor-version":[{"id":97986908,"href":"https:\/\/acrimat.org.br\/portal\/wp-json\/wp\/v2\/posts\/97986906\/revisions\/97986908"}],"wp:featuredmedia":[{"embeddable":true,"href":"https:\/\/acrimat.org.br\/portal\/wp-json\/wp\/v2\/media\/97986907"}],"wp:attachment":[{"href":"https:\/\/acrimat.org.br\/portal\/wp-json\/wp\/v2\/media?parent=97986906"}],"wp:term":[{"taxonomy":"category","embeddable":true,"href":"https:\/\/acrimat.org.br\/portal\/wp-json\/wp\/v2\/categories?post=97986906"},{"taxonomy":"post_tag","embeddable":true,"href":"https:\/\/acrimat.org.br\/portal\/wp-json\/wp\/v2\/tags?post=97986906"}],"curies":[{"name":"wp","href":"https:\/\/api.w.org\/{rel}","templated":true}]}}