{"id":97986909,"date":"2018-04-04T17:47:24","date_gmt":"2018-04-04T20:47:24","guid":{"rendered":"http:\/\/acrimat.org.br\/portal\/?p=97986909"},"modified":"2018-04-04T17:47:24","modified_gmt":"2018-04-04T20:47:24","slug":"mato-grosso-celebra-brasil-livre-de-febre-aftosa-2","status":"publish","type":"post","link":"https:\/\/acrimat.org.br\/portal\/mato-grosso-celebra-brasil-livre-de-febre-aftosa-2\/","title":{"rendered":"Mato Grosso celebra \u201cBrasil Livre de Febre Aftosa\u201d"},"content":{"rendered":"<p>Em maio deste ano, o Brasil ser\u00e1 reconhecido pela Organiza\u00e7\u00e3o Mundial de Sa\u00fade Animal (OIE), como pa\u00eds livre de febre aftosa com vacina\u00e7\u00e3o. Isso se deve \u00e0 certifica\u00e7\u00e3o que ser\u00e1 entregue aos estados do Amap\u00e1, Amazonas, Roraima e parte do Par\u00e1, \u00e1reas que ainda n\u00e3o possuem o reconhecimento internacional.<\/p>\n<p>Por essa raz\u00e3o, ser\u00e1 promovida no \u00e2mbito nacional uma s\u00e9rie de atividades comemorativas no per\u00edodo de 02 a 05 de abril de 2018. Em Mato Grosso o evento \u201cBrasil Livre de febre aftosa\u201d, ser\u00e1 realizado no dia 05 de abril, em Cuiab\u00e1, um encontro voltado para todos os agentes envolvidos nessa conquista.<\/p>\n<p>O evento \u00e9 uma realiza\u00e7\u00e3o do Minist\u00e9rio da Agricultura, Pecu\u00e1ria e Abastecimento (Mapa), Governo de Mato Grosso por meio do Instituto de Defesa Agropecu\u00e1ria (Indea-MT), Federa\u00e7\u00e3o da Agricultura e Pecu\u00e1ria do Estado de Mato Grosso (Famato), Associa\u00e7\u00e3o dos Criadores de Mato Grosso (Acrimat), Sindicato das Ind\u00fastrias de Frigor\u00edficos do Estado de Mato Grosso (Sindifrigo), com o apoio do Fundo Emergencial de Sa\u00fade Animal do Estado de Mato Grosso (Fesa-MT).<\/p>\n<p>Na ocasi\u00e3o ser\u00e3o apresentados os caminhos e desafios enfrentados pelo Brasil e por Mato Grosso para reconhecimento de \u00e1rea livre de febre aftosa com vacina\u00e7\u00e3o. E ainda os desafios para avan\u00e7armos com a retirada da vacina\u00e7\u00e3o. Algumas personalidades que atuaram e contribu\u00edram para a conquista mato-grossense ser\u00e3o homenageadas.<\/p>\n","protected":false},"excerpt":{"rendered":"<p>Em maio deste ano, o Brasil ser\u00e1 reconhecido pela Organiza\u00e7\u00e3o Mundial de Sa\u00fade Animal (OIE), como pa\u00eds livre de febre aftosa com vacina\u00e7\u00e3o<\/p>\n","protected":false},"author":7,"featured_media":97985474,"comment_status":"closed","ping_status":"closed","sticky":false,"template":"","format":"standard","meta":{"footnotes":""},"categories":[6,1],"tags":[],"class_list":["post-97986909","post","type-post","status-publish","format-standard","has-post-thumbnail","hentry","category-destaque","category-noticia"],"yoast_head":"<!-- This site is optimized with the Yoast SEO plugin v24.8.1 - https:\/\/yoast.com\/wordpress\/plugins\/seo\/ -->\n<title>Mato Grosso celebra \u201cBrasil Livre de Febre Aftosa\u201d - Acrimat<\/title>\n<meta name=\"robots\" content=\"index, follow, max-snippet:-1, max-image-preview:large, max-video-preview:-1\" \/>\n<link rel=\"canonical\" href=\"https:\/\/acrimat.org.br\/portal\/mato-grosso-celebra-brasil-livre-de-febre-aftosa-2\/\" \/>\n<meta property=\"og:locale\" content=\"pt_BR\" \/>\n<meta property=\"og:type\" content=\"article\" \/>\n<meta property=\"og:title\" content=\"Mato Grosso celebra \u201cBrasil Livre de Febre Aftosa\u201d - Acrimat\" \/>\n<meta property=\"og:description\" content=\"Em maio deste ano, o Brasil ser\u00e1 reconhecido pela Organiza\u00e7\u00e3o Mundial de Sa\u00fade Animal (OIE), como pa\u00eds livre de febre aftosa com vacina\u00e7\u00e3o\" \/>\n<meta property=\"og:url\" content=\"https:\/\/acrimat.org.br\/portal\/mato-grosso-celebra-brasil-livre-de-febre-aftosa-2\/\" \/>\n<meta property=\"og:site_name\" content=\"Acrimat\" \/>\n<meta property=\"article:published_time\" content=\"2018-04-04T20:47:24+00:00\" \/>\n<meta property=\"og:image\" content=\"https:\/\/acrimat.org.br\/portal\/wp-content\/uploads\/2018\/01\/boi.jpg\" \/>\n\t<meta property=\"og:image:width\" content=\"600\" \/>\n\t<meta property=\"og:image:height\" content=\"390\" \/>\n\t<meta property=\"og:image:type\" content=\"image\/jpeg\" \/>\n<meta name=\"author\" content=\"Assessoria de comunica\u00e7\u00e3o ACRIMAT\" \/>\n<meta name=\"twitter:card\" content=\"summary_large_image\" \/>\n<meta name=\"twitter:label1\" content=\"Escrito por\" \/>\n\t<meta name=\"twitter:data1\" content=\"Assessoria de comunica\u00e7\u00e3o ACRIMAT\" \/>\n\t<meta name=\"twitter:label2\" content=\"Est. tempo de leitura\" \/>\n\t<meta name=\"twitter:data2\" content=\"1 minuto\" \/>\n<script type=\"application\/ld+json\" class=\"yoast-schema-graph\">{\"@context\":\"https:\/\/schema.org\",\"@graph\":[{\"@type\":\"Article\",\"@id\":\"https:\/\/acrimat.org.br\/portal\/mato-grosso-celebra-brasil-livre-de-febre-aftosa-2\/#article\",\"isPartOf\":{\"@id\":\"https:\/\/acrimat.org.br\/portal\/mato-grosso-celebra-brasil-livre-de-febre-aftosa-2\/\"},\"author\":{\"name\":\"Assessoria de comunica\u00e7\u00e3o ACRIMAT\",\"@id\":\"https:\/\/acrimat.org.br\/portal\/#\/schema\/person\/a309b9496344ff991e8e1b1d751fdd7b\"},\"headline\":\"Mato Grosso celebra \u201cBrasil Livre de Febre Aftosa\u201d\",\"datePublished\":\"2018-04-04T20:47:24+00:00\",\"mainEntityOfPage\":{\"@id\":\"https:\/\/acrimat.org.br\/portal\/mato-grosso-celebra-brasil-livre-de-febre-aftosa-2\/\"},\"wordCount\":246,\"publisher\":{\"@id\":\"https:\/\/acrimat.org.br\/portal\/#organization\"},\"image\":{\"@id\":\"https:\/\/acrimat.org.br\/portal\/mato-grosso-celebra-brasil-livre-de-febre-aftosa-2\/#primaryimage\"},\"thumbnailUrl\":\"https:\/\/acrimat.org.br\/portal\/wp-content\/uploads\/2018\/01\/boi.jpg\",\"articleSection\":[\"Destaques\",\"Not\u00edcias\"],\"inLanguage\":\"pt-BR\"},{\"@type\":\"WebPage\",\"@id\":\"https:\/\/acrimat.org.br\/portal\/mato-grosso-celebra-brasil-livre-de-febre-aftosa-2\/\",\"url\":\"https:\/\/acrimat.org.br\/portal\/mato-grosso-celebra-brasil-livre-de-febre-aftosa-2\/\",\"name\":\"Mato Grosso celebra \u201cBrasil Livre de Febre Aftosa\u201d - Acrimat\",\"isPartOf\":{\"@id\":\"https:\/\/acrimat.org.br\/portal\/#website\"},\"primaryImageOfPage\":{\"@id\":\"https:\/\/acrimat.org.br\/portal\/mato-grosso-celebra-brasil-livre-de-febre-aftosa-2\/#primaryimage\"},\"image\":{\"@id\":\"https:\/\/acrimat.org.br\/portal\/mato-grosso-celebra-brasil-livre-de-febre-aftosa-2\/#primaryimage\"},\"thumbnailUrl\":\"https:\/\/acrimat.org.br\/portal\/wp-content\/uploads\/2018\/01\/boi.jpg\",\"datePublished\":\"2018-04-04T20:47:24+00:00\",\"breadcrumb\":{\"@id\":\"https:\/\/acrimat.org.br\/portal\/mato-grosso-celebra-brasil-livre-de-febre-aftosa-2\/#breadcrumb\"},\"inLanguage\":\"pt-BR\",\"potentialAction\":[{\"@type\":\"ReadAction\",\"target\":[\"https:\/\/acrimat.org.br\/portal\/mato-grosso-celebra-brasil-livre-de-febre-aftosa-2\/\"]}]},{\"@type\":\"ImageObject\",\"inLanguage\":\"pt-BR\",\"@id\":\"https:\/\/acrimat.org.br\/portal\/mato-grosso-celebra-brasil-livre-de-febre-aftosa-2\/#primaryimage\",\"url\":\"https:\/\/acrimat.org.br\/portal\/wp-content\/uploads\/2018\/01\/boi.jpg\",\"contentUrl\":\"https:\/\/acrimat.org.br\/portal\/wp-content\/uploads\/2018\/01\/boi.jpg\",\"width\":600,\"height\":390},{\"@type\":\"BreadcrumbList\",\"@id\":\"https:\/\/acrimat.org.br\/portal\/mato-grosso-celebra-brasil-livre-de-febre-aftosa-2\/#breadcrumb\",\"itemListElement\":[{\"@type\":\"ListItem\",\"position\":1,\"name\":\"In\u00edcio\",\"item\":\"https:\/\/acrimat.org.br\/portal\/\"},{\"@type\":\"ListItem\",\"position\":2,\"name\":\"Mato Grosso celebra \u201cBrasil Livre de Febre Aftosa\u201d\"}]},{\"@type\":\"WebSite\",\"@id\":\"https:\/\/acrimat.org.br\/portal\/#website\",\"url\":\"https:\/\/acrimat.org.br\/portal\/\",\"name\":\"Acrimat\",\"description\":\"Associa\u00e7\u00e3o dos Criadores de Mato Grosso\",\"publisher\":{\"@id\":\"https:\/\/acrimat.org.br\/portal\/#organization\"},\"potentialAction\":[{\"@type\":\"SearchAction\",\"target\":{\"@type\":\"EntryPoint\",\"urlTemplate\":\"https:\/\/acrimat.org.br\/portal\/?s={search_term_string}\"},\"query-input\":{\"@type\":\"PropertyValueSpecification\",\"valueRequired\":true,\"valueName\":\"search_term_string\"}}],\"inLanguage\":\"pt-BR\"},{\"@type\":\"Organization\",\"@id\":\"https:\/\/acrimat.org.br\/portal\/#organization\",\"name\":\"Associa\u00e7\u00e3o dos Criadores de Mato Grosso\",\"url\":\"https:\/\/acrimat.org.br\/portal\/\",\"logo\":{\"@type\":\"ImageObject\",\"inLanguage\":\"pt-BR\",\"@id\":\"https:\/\/acrimat.org.br\/portal\/#\/schema\/logo\/image\/\",\"url\":\"https:\/\/acrimat.org.br\/portal\/wp-content\/uploads\/2018\/03\/logo-peq-original.png\",\"contentUrl\":\"https:\/\/acrimat.org.br\/portal\/wp-content\/uploads\/2018\/03\/logo-peq-original.png\",\"width\":174,\"height\":171,\"caption\":\"Associa\u00e7\u00e3o dos Criadores de Mato Grosso\"},\"image\":{\"@id\":\"https:\/\/acrimat.org.br\/portal\/#\/schema\/logo\/image\/\"}},{\"@type\":\"Person\",\"@id\":\"https:\/\/acrimat.org.br\/portal\/#\/schema\/person\/a309b9496344ff991e8e1b1d751fdd7b\",\"name\":\"Assessoria de comunica\u00e7\u00e3o ACRIMAT\",\"image\":{\"@type\":\"ImageObject\",\"inLanguage\":\"pt-BR\",\"@id\":\"https:\/\/acrimat.org.br\/portal\/#\/schema\/person\/image\/\",\"url\":\"https:\/\/secure.gravatar.com\/avatar\/2f9c28e64c317bcd762b25cb1575f1b4?s=96&d=mm&r=g\",\"contentUrl\":\"https:\/\/secure.gravatar.com\/avatar\/2f9c28e64c317bcd762b25cb1575f1b4?s=96&d=mm&r=g\",\"caption\":\"Assessoria de comunica\u00e7\u00e3o ACRIMAT\"},\"sameAs\":[\"http:\/\/acrimat.org.br\/\"],\"url\":\"https:\/\/acrimat.org.br\/portal\/author\/ascom\/\"}]}<\/script>\n<!-- \/ Yoast SEO plugin. -->","yoast_head_json":{"title":"Mato Grosso celebra \u201cBrasil Livre de Febre Aftosa\u201d - Acrimat","robots":{"index":"index","follow":"follow","max-snippet":"max-snippet:-1","max-image-preview":"max-image-preview:large","max-video-preview":"max-video-preview:-1"},"canonical":"https:\/\/acrimat.org.br\/portal\/mato-grosso-celebra-brasil-livre-de-febre-aftosa-2\/","og_locale":"pt_BR","og_type":"article","og_title":"Mato Grosso celebra \u201cBrasil Livre de Febre Aftosa\u201d - Acrimat","og_description":"Em maio deste ano, o Brasil ser\u00e1 reconhecido pela Organiza\u00e7\u00e3o Mundial de Sa\u00fade Animal (OIE), como pa\u00eds livre de febre aftosa com vacina\u00e7\u00e3o","og_url":"https:\/\/acrimat.org.br\/portal\/mato-grosso-celebra-brasil-livre-de-febre-aftosa-2\/","og_site_name":"Acrimat","article_published_time":"2018-04-04T20:47:24+00:00","og_image":[{"width":600,"height":390,"url":"https:\/\/acrimat.org.br\/portal\/wp-content\/uploads\/2018\/01\/boi.jpg","type":"image\/jpeg"}],"author":"Assessoria de comunica\u00e7\u00e3o ACRIMAT","twitter_card":"summary_large_image","twitter_misc":{"Escrito por":"Assessoria de comunica\u00e7\u00e3o ACRIMAT","Est. tempo de leitura":"1 minuto"},"schema":{"@context":"https:\/\/schema.org","@graph":[{"@type":"Article","@id":"https:\/\/acrimat.org.br\/portal\/mato-grosso-celebra-brasil-livre-de-febre-aftosa-2\/#article","isPartOf":{"@id":"https:\/\/acrimat.org.br\/portal\/mato-grosso-celebra-brasil-livre-de-febre-aftosa-2\/"},"author":{"name":"Assessoria de comunica\u00e7\u00e3o ACRIMAT","@id":"https:\/\/acrimat.org.br\/portal\/#\/schema\/person\/a309b9496344ff991e8e1b1d751fdd7b"},"headline":"Mato Grosso celebra \u201cBrasil Livre de Febre Aftosa\u201d","datePublished":"2018-04-04T20:47:24+00:00","mainEntityOfPage":{"@id":"https:\/\/acrimat.org.br\/portal\/mato-grosso-celebra-brasil-livre-de-febre-aftosa-2\/"},"wordCount":246,"publisher":{"@id":"https:\/\/acrimat.org.br\/portal\/#organization"},"image":{"@id":"https:\/\/acrimat.org.br\/portal\/mato-grosso-celebra-brasil-livre-de-febre-aftosa-2\/#primaryimage"},"thumbnailUrl":"https:\/\/acrimat.org.br\/portal\/wp-content\/uploads\/2018\/01\/boi.jpg","articleSection":["Destaques","Not\u00edcias"],"inLanguage":"pt-BR"},{"@type":"WebPage","@id":"https:\/\/acrimat.org.br\/portal\/mato-grosso-celebra-brasil-livre-de-febre-aftosa-2\/","url":"https:\/\/acrimat.org.br\/portal\/mato-grosso-celebra-brasil-livre-de-febre-aftosa-2\/","name":"Mato Grosso celebra \u201cBrasil Livre de Febre Aftosa\u201d - Acrimat","isPartOf":{"@id":"https:\/\/acrimat.org.br\/portal\/#website"},"primaryImageOfPage":{"@id":"https:\/\/acrimat.org.br\/portal\/mato-grosso-celebra-brasil-livre-de-febre-aftosa-2\/#primaryimage"},"image":{"@id":"https:\/\/acrimat.org.br\/portal\/mato-grosso-celebra-brasil-livre-de-febre-aftosa-2\/#primaryimage"},"thumbnailUrl":"https:\/\/acrimat.org.br\/portal\/wp-content\/uploads\/2018\/01\/boi.jpg","datePublished":"2018-04-04T20:47:24+00:00","breadcrumb":{"@id":"https:\/\/acrimat.org.br\/portal\/mato-grosso-celebra-brasil-livre-de-febre-aftosa-2\/#breadcrumb"},"inLanguage":"pt-BR","potentialAction":[{"@type":"ReadAction","target":["https:\/\/acrimat.org.br\/portal\/mato-grosso-celebra-brasil-livre-de-febre-aftosa-2\/"]}]},{"@type":"ImageObject","inLanguage":"pt-BR","@id":"https:\/\/acrimat.org.br\/portal\/mato-grosso-celebra-brasil-livre-de-febre-aftosa-2\/#primaryimage","url":"https:\/\/acrimat.org.br\/portal\/wp-content\/uploads\/2018\/01\/boi.jpg","contentUrl":"https:\/\/acrimat.org.br\/portal\/wp-content\/uploads\/2018\/01\/boi.jpg","width":600,"height":390},{"@type":"BreadcrumbList","@id":"https:\/\/acrimat.org.br\/portal\/mato-grosso-celebra-brasil-livre-de-febre-aftosa-2\/#breadcrumb","itemListElement":[{"@type":"ListItem","position":1,"name":"In\u00edcio","item":"https:\/\/acrimat.org.br\/portal\/"},{"@type":"ListItem","position":2,"name":"Mato Grosso celebra \u201cBrasil Livre de Febre Aftosa\u201d"}]},{"@type":"WebSite","@id":"https:\/\/acrimat.org.br\/portal\/#website","url":"https:\/\/acrimat.org.br\/portal\/","name":"Acrimat","description":"Associa\u00e7\u00e3o dos Criadores de Mato Grosso","publisher":{"@id":"https:\/\/acrimat.org.br\/portal\/#organization"},"potentialAction":[{"@type":"SearchAction","target":{"@type":"EntryPoint","urlTemplate":"https:\/\/acrimat.org.br\/portal\/?s={search_term_string}"},"query-input":{"@type":"PropertyValueSpecification","valueRequired":true,"valueName":"search_term_string"}}],"inLanguage":"pt-BR"},{"@type":"Organization","@id":"https:\/\/acrimat.org.br\/portal\/#organization","name":"Associa\u00e7\u00e3o dos Criadores de Mato Grosso","url":"https:\/\/acrimat.org.br\/portal\/","logo":{"@type":"ImageObject","inLanguage":"pt-BR","@id":"https:\/\/acrimat.org.br\/portal\/#\/schema\/logo\/image\/","url":"https:\/\/acrimat.org.br\/portal\/wp-content\/uploads\/2018\/03\/logo-peq-original.png","contentUrl":"https:\/\/acrimat.org.br\/portal\/wp-content\/uploads\/2018\/03\/logo-peq-original.png","width":174,"height":171,"caption":"Associa\u00e7\u00e3o dos Criadores de Mato Grosso"},"image":{"@id":"https:\/\/acrimat.org.br\/portal\/#\/schema\/logo\/image\/"}},{"@type":"Person","@id":"https:\/\/acrimat.org.br\/portal\/#\/schema\/person\/a309b9496344ff991e8e1b1d751fdd7b","name":"Assessoria de comunica\u00e7\u00e3o ACRIMAT","image":{"@type":"ImageObject","inLanguage":"pt-BR","@id":"https:\/\/acrimat.org.br\/portal\/#\/schema\/person\/image\/","url":"https:\/\/secure.gravatar.com\/avatar\/2f9c28e64c317bcd762b25cb1575f1b4?s=96&d=mm&r=g","contentUrl":"https:\/\/secure.gravatar.com\/avatar\/2f9c28e64c317bcd762b25cb1575f1b4?s=96&d=mm&r=g","caption":"Assessoria de comunica\u00e7\u00e3o ACRIMAT"},"sameAs":["http:\/\/acrimat.org.br\/"],"url":"https:\/\/acrimat.org.br\/portal\/author\/ascom\/"}]}},"_links":{"self":[{"href":"https:\/\/acrimat.org.br\/portal\/wp-json\/wp\/v2\/posts\/97986909","targetHints":{"allow":["GET"]}}],"collection":[{"href":"https:\/\/acrimat.org.br\/portal\/wp-json\/wp\/v2\/posts"}],"about":[{"href":"https:\/\/acrimat.org.br\/portal\/wp-json\/wp\/v2\/types\/post"}],"author":[{"embeddable":true,"href":"https:\/\/acrimat.org.br\/portal\/wp-json\/wp\/v2\/users\/7"}],"replies":[{"embeddable":true,"href":"https:\/\/acrimat.org.br\/portal\/wp-json\/wp\/v2\/comments?post=97986909"}],"version-history":[{"count":1,"href":"https:\/\/acrimat.org.br\/portal\/wp-json\/wp\/v2\/posts\/97986909\/revisions"}],"predecessor-version":[{"id":97986910,"href":"https:\/\/acrimat.org.br\/portal\/wp-json\/wp\/v2\/posts\/97986909\/revisions\/97986910"}],"wp:featuredmedia":[{"embeddable":true,"href":"https:\/\/acrimat.org.br\/portal\/wp-json\/wp\/v2\/media\/97985474"}],"wp:attachment":[{"href":"https:\/\/acrimat.org.br\/portal\/wp-json\/wp\/v2\/media?parent=97986909"}],"wp:term":[{"taxonomy":"category","embeddable":true,"href":"https:\/\/acrimat.org.br\/portal\/wp-json\/wp\/v2\/categories?post=97986909"},{"taxonomy":"post_tag","embeddable":true,"href":"https:\/\/acrimat.org.br\/portal\/wp-json\/wp\/v2\/tags?post=97986909"}],"curies":[{"name":"wp","href":"https:\/\/api.w.org\/{rel}","templated":true}]}}