{"id":97986911,"date":"2018-04-04T17:49:55","date_gmt":"2018-04-04T20:49:55","guid":{"rendered":"http:\/\/acrimat.org.br\/portal\/?p=97986911"},"modified":"2018-04-04T18:01:41","modified_gmt":"2018-04-04T21:01:41","slug":"ex-presidente-do-indea-assume-instituto-mato-grossense-da-carne","status":"publish","type":"post","link":"https:\/\/acrimat.org.br\/portal\/ex-presidente-do-indea-assume-instituto-mato-grossense-da-carne\/","title":{"rendered":"Ex-presidente do Indea assume Instituto Mato-grossense da Carne"},"content":{"rendered":"<p>Ex-presidente do Instituto de Defesa Agropecu\u00e1ria (Indea), Guilherme Nolasco, assumiu o comando do Instituto Mato-grossense da Carne (Imac) e \u00e9 o terceiro presidente da entidade criada em fevereiro de 2016 com intuito de certificar a qualidade da carne bovina produzida em Mato Grosso. Durante a posse na sede do Grupo Bom Futuro, em Cuiab\u00e1, o novo presidente anunciou que o instituto ter\u00e1 o or\u00e7amento de R$ 10 milh\u00f5es para 2018. Os recursos ser\u00e3o aplicados em pesquisas, prospec\u00e7\u00e3o de novos mercados para a carne mato-grossense, al\u00e9m do controle de pesagem nas unidades frigor\u00edficas.<\/p>\n<p>\u201cVamos come\u00e7ar do zero, vamos apresentar ao Conselho Deliberativo do Imac, que \u00e9 presidido pelo secret\u00e1rio de Estado de Desenvolvimento Econ\u00f4mico, a estrutura\u00e7\u00e3o da entidade\u201d, disse Nolasco.<\/p>\n<p>Apesar de ter sido criada h\u00e1 dois anos, a entidade n\u00e3o tinha ainda conseguido criar o selo de qualidade da carne de Mato Grosso, pois faltou aporte financeiro, j\u00e1 que havia limitador de gasto com pessoal de at\u00e9 20% do or\u00e7amento do Imac. \u201cAgora h\u00e1 uma nova possibilidade de investimento cont\u00ednuo e com a nova diretoria, ele volta com recursos para dar andamento nesse projeto. N\u00e3o basta apenas colocar selo no r\u00f3tulo. \u00c9 necess\u00e1rio ter um padr\u00e3o junto ao Minist\u00e9rio da Agricultura e ser estabelecido crit\u00e9rios e registros pr\u00f3prios para o selo\u201d.<\/p>\n<p>Por meio do decreto n\u00ba 1.260\/2017, que regulamenta a Lei n\u00ba 10.486, estabeleceu-se os recursos que seriam destinados ao Imac. O dinheiro, vindo do Fundo Emergencial de Sa\u00fade Animal do Estado do Mato Grosso (Fesa-MT), corresponderia a 30% da arrecada\u00e7\u00e3o e na \u00e9poca, n\u00e3o houve consenso entre os envolvidos na cadeia sobre o tema. Por este motivo, o governador reeditou o decreto e estabeleceu novas regras para o custeio. Al\u00e9m da defini\u00e7\u00e3o de al\u00edquotas igualit\u00e1rias para todos os envolvidos.<\/p>\n<p>O governador de Mato Grosso, Pedro Taques, explica que o objetivo da gest\u00e3o \u00e9 usar o Imac como ferramenta para prospec\u00e7\u00e3o de mercados internacionais. \u201cMuitos pa\u00edses ainda t\u00eam preconceito com rela\u00e7\u00e3o \u00e0 carne brasileira, mas podemos superar isto com aparato t\u00e9cnico. O Imac \u00e9 importante para Mato Grosso, apenas Uruguai, Argentina, Nova Zel\u00e2ndia e Austr\u00e1lia tem instituto semelhante. Este selo de qualidade \u00e9 importante para vendermos cada dia mais a carne de Mato Grosso\u201d, disse o governador Pedro Taques.<\/p>\n<p>Taques ainda ponderou que ainda h\u00e1 muito preconceito com o setor produtivo de Mato Grosso e destacou que os \u00edndices revelam queda no desmatamento no Estado e o papel do Imac ser\u00e1 fundamental para mudar esse cen\u00e1rio. \u201cAqui n\u00e3o h\u00e1 desmatadores. De 2004 a 2014 reduziu em 90%, reduzimos os \u00edndices de desmatamento na nossa gest\u00e3o em todos os anos. Os nossos produtores podem produzir bem e legalmente em 7 milh\u00f5es de hectares\u201d, disse o governador.<\/p>\n<p>Representantes do setor produtivo comemoraram o retorno do Imac, ap\u00f3s um per\u00edodo de atividades paralisadas. \u201cPrestigiamos a posse da diretoria do Instituto Mato-Grossense da Carne &#8211; IMAC, que agora tem como presidente nosso companheiro, Guilherme Nolasco, e como diretor de marketing, o produtor Caio Penido. Um projeto que visa a padroniza\u00e7\u00e3o dos projetos industriais e a transpar\u00eancia do processo produtivo na certa tem tudo para levar o nome da Carne de Mato Grosso mundo afora. O governador Pedro Taques teve a vis\u00e3o e a consci\u00eancia da import\u00e2ncia de toda cadeia da pecu\u00e1ria com essa retomada do Instituto\u201d, disse o presidente do Sindicato Rural de Cuiab\u00e1, Jorge Pires de Miranda.<\/p>\n<p>De acordo com o presidente da Associa\u00e7\u00e3o de Criadores de Mato Grosso (Acrimat), Marco Tulio Duarte, a categoria est\u00e1 vislumbrando a valoriza\u00e7\u00e3o do produto e espera que a gest\u00e3o dentro das fazendas ganhe notoriedade tamb\u00e9m fora das porteiras, permitindo assim melhores resultados.<\/p>\n","protected":false},"excerpt":{"rendered":"<p>Ex-presidente do Indea, Guilherme Nolasco, assumiu o comando do Instituto Mato-grossense da Carne (Imac)<\/p>\n","protected":false},"author":7,"featured_media":97986891,"comment_status":"closed","ping_status":"closed","sticky":false,"template":"","format":"standard","meta":{"footnotes":""},"categories":[6,1],"tags":[],"class_list":["post-97986911","post","type-post","status-publish","format-standard","has-post-thumbnail","hentry","category-destaque","category-noticia"],"yoast_head":"<!-- This site is optimized with the Yoast SEO plugin v24.8.1 - https:\/\/yoast.com\/wordpress\/plugins\/seo\/ -->\n<title>Ex-presidente do Indea assume Instituto Mato-grossense da Carne - Acrimat<\/title>\n<meta name=\"robots\" content=\"index, follow, max-snippet:-1, max-image-preview:large, max-video-preview:-1\" \/>\n<link rel=\"canonical\" href=\"https:\/\/acrimat.org.br\/portal\/ex-presidente-do-indea-assume-instituto-mato-grossense-da-carne\/\" \/>\n<meta property=\"og:locale\" content=\"pt_BR\" \/>\n<meta property=\"og:type\" content=\"article\" \/>\n<meta property=\"og:title\" content=\"Ex-presidente do Indea assume Instituto Mato-grossense da Carne - Acrimat\" \/>\n<meta property=\"og:description\" content=\"Ex-presidente do Indea, Guilherme Nolasco, assumiu o comando do Instituto Mato-grossense da Carne (Imac)\" \/>\n<meta property=\"og:url\" content=\"https:\/\/acrimat.org.br\/portal\/ex-presidente-do-indea-assume-instituto-mato-grossense-da-carne\/\" \/>\n<meta property=\"og:site_name\" content=\"Acrimat\" \/>\n<meta property=\"article:published_time\" content=\"2018-04-04T20:49:55+00:00\" \/>\n<meta property=\"article:modified_time\" content=\"2018-04-04T21:01:41+00:00\" \/>\n<meta property=\"og:image\" content=\"https:\/\/acrimat.org.br\/portal\/wp-content\/uploads\/2018\/04\/gcom.jpg\" \/>\n\t<meta property=\"og:image:width\" content=\"2480\" \/>\n\t<meta property=\"og:image:height\" content=\"1653\" \/>\n\t<meta property=\"og:image:type\" content=\"image\/jpeg\" \/>\n<meta name=\"author\" content=\"Assessoria de comunica\u00e7\u00e3o ACRIMAT\" \/>\n<meta name=\"twitter:card\" content=\"summary_large_image\" \/>\n<meta name=\"twitter:label1\" content=\"Escrito por\" \/>\n\t<meta name=\"twitter:data1\" content=\"Assessoria de comunica\u00e7\u00e3o ACRIMAT\" \/>\n\t<meta name=\"twitter:label2\" content=\"Est. tempo de leitura\" \/>\n\t<meta name=\"twitter:data2\" content=\"3 minutos\" \/>\n<script type=\"application\/ld+json\" class=\"yoast-schema-graph\">{\"@context\":\"https:\/\/schema.org\",\"@graph\":[{\"@type\":\"Article\",\"@id\":\"https:\/\/acrimat.org.br\/portal\/ex-presidente-do-indea-assume-instituto-mato-grossense-da-carne\/#article\",\"isPartOf\":{\"@id\":\"https:\/\/acrimat.org.br\/portal\/ex-presidente-do-indea-assume-instituto-mato-grossense-da-carne\/\"},\"author\":{\"name\":\"Assessoria de comunica\u00e7\u00e3o ACRIMAT\",\"@id\":\"https:\/\/acrimat.org.br\/portal\/#\/schema\/person\/a309b9496344ff991e8e1b1d751fdd7b\"},\"headline\":\"Ex-presidente do Indea assume Instituto Mato-grossense da Carne\",\"datePublished\":\"2018-04-04T20:49:55+00:00\",\"dateModified\":\"2018-04-04T21:01:41+00:00\",\"mainEntityOfPage\":{\"@id\":\"https:\/\/acrimat.org.br\/portal\/ex-presidente-do-indea-assume-instituto-mato-grossense-da-carne\/\"},\"wordCount\":638,\"publisher\":{\"@id\":\"https:\/\/acrimat.org.br\/portal\/#organization\"},\"image\":{\"@id\":\"https:\/\/acrimat.org.br\/portal\/ex-presidente-do-indea-assume-instituto-mato-grossense-da-carne\/#primaryimage\"},\"thumbnailUrl\":\"https:\/\/acrimat.org.br\/portal\/wp-content\/uploads\/2018\/04\/gcom.jpg\",\"articleSection\":[\"Destaques\",\"Not\u00edcias\"],\"inLanguage\":\"pt-BR\"},{\"@type\":\"WebPage\",\"@id\":\"https:\/\/acrimat.org.br\/portal\/ex-presidente-do-indea-assume-instituto-mato-grossense-da-carne\/\",\"url\":\"https:\/\/acrimat.org.br\/portal\/ex-presidente-do-indea-assume-instituto-mato-grossense-da-carne\/\",\"name\":\"Ex-presidente do Indea assume Instituto Mato-grossense da Carne - Acrimat\",\"isPartOf\":{\"@id\":\"https:\/\/acrimat.org.br\/portal\/#website\"},\"primaryImageOfPage\":{\"@id\":\"https:\/\/acrimat.org.br\/portal\/ex-presidente-do-indea-assume-instituto-mato-grossense-da-carne\/#primaryimage\"},\"image\":{\"@id\":\"https:\/\/acrimat.org.br\/portal\/ex-presidente-do-indea-assume-instituto-mato-grossense-da-carne\/#primaryimage\"},\"thumbnailUrl\":\"https:\/\/acrimat.org.br\/portal\/wp-content\/uploads\/2018\/04\/gcom.jpg\",\"datePublished\":\"2018-04-04T20:49:55+00:00\",\"dateModified\":\"2018-04-04T21:01:41+00:00\",\"breadcrumb\":{\"@id\":\"https:\/\/acrimat.org.br\/portal\/ex-presidente-do-indea-assume-instituto-mato-grossense-da-carne\/#breadcrumb\"},\"inLanguage\":\"pt-BR\",\"potentialAction\":[{\"@type\":\"ReadAction\",\"target\":[\"https:\/\/acrimat.org.br\/portal\/ex-presidente-do-indea-assume-instituto-mato-grossense-da-carne\/\"]}]},{\"@type\":\"ImageObject\",\"inLanguage\":\"pt-BR\",\"@id\":\"https:\/\/acrimat.org.br\/portal\/ex-presidente-do-indea-assume-instituto-mato-grossense-da-carne\/#primaryimage\",\"url\":\"https:\/\/acrimat.org.br\/portal\/wp-content\/uploads\/2018\/04\/gcom.jpg\",\"contentUrl\":\"https:\/\/acrimat.org.br\/portal\/wp-content\/uploads\/2018\/04\/gcom.jpg\",\"width\":2480,\"height\":1653,\"caption\":\"Cr\u00e9dito: Mayke Toscano (GCom)\"},{\"@type\":\"BreadcrumbList\",\"@id\":\"https:\/\/acrimat.org.br\/portal\/ex-presidente-do-indea-assume-instituto-mato-grossense-da-carne\/#breadcrumb\",\"itemListElement\":[{\"@type\":\"ListItem\",\"position\":1,\"name\":\"In\u00edcio\",\"item\":\"https:\/\/acrimat.org.br\/portal\/\"},{\"@type\":\"ListItem\",\"position\":2,\"name\":\"Ex-presidente do Indea assume Instituto Mato-grossense da Carne\"}]},{\"@type\":\"WebSite\",\"@id\":\"https:\/\/acrimat.org.br\/portal\/#website\",\"url\":\"https:\/\/acrimat.org.br\/portal\/\",\"name\":\"Acrimat\",\"description\":\"Associa\u00e7\u00e3o dos Criadores de Mato Grosso\",\"publisher\":{\"@id\":\"https:\/\/acrimat.org.br\/portal\/#organization\"},\"potentialAction\":[{\"@type\":\"SearchAction\",\"target\":{\"@type\":\"EntryPoint\",\"urlTemplate\":\"https:\/\/acrimat.org.br\/portal\/?s={search_term_string}\"},\"query-input\":{\"@type\":\"PropertyValueSpecification\",\"valueRequired\":true,\"valueName\":\"search_term_string\"}}],\"inLanguage\":\"pt-BR\"},{\"@type\":\"Organization\",\"@id\":\"https:\/\/acrimat.org.br\/portal\/#organization\",\"name\":\"Associa\u00e7\u00e3o dos Criadores de Mato Grosso\",\"url\":\"https:\/\/acrimat.org.br\/portal\/\",\"logo\":{\"@type\":\"ImageObject\",\"inLanguage\":\"pt-BR\",\"@id\":\"https:\/\/acrimat.org.br\/portal\/#\/schema\/logo\/image\/\",\"url\":\"https:\/\/acrimat.org.br\/portal\/wp-content\/uploads\/2018\/03\/logo-peq-original.png\",\"contentUrl\":\"https:\/\/acrimat.org.br\/portal\/wp-content\/uploads\/2018\/03\/logo-peq-original.png\",\"width\":174,\"height\":171,\"caption\":\"Associa\u00e7\u00e3o dos Criadores de Mato Grosso\"},\"image\":{\"@id\":\"https:\/\/acrimat.org.br\/portal\/#\/schema\/logo\/image\/\"}},{\"@type\":\"Person\",\"@id\":\"https:\/\/acrimat.org.br\/portal\/#\/schema\/person\/a309b9496344ff991e8e1b1d751fdd7b\",\"name\":\"Assessoria de comunica\u00e7\u00e3o ACRIMAT\",\"image\":{\"@type\":\"ImageObject\",\"inLanguage\":\"pt-BR\",\"@id\":\"https:\/\/acrimat.org.br\/portal\/#\/schema\/person\/image\/\",\"url\":\"https:\/\/secure.gravatar.com\/avatar\/2f9c28e64c317bcd762b25cb1575f1b4?s=96&d=mm&r=g\",\"contentUrl\":\"https:\/\/secure.gravatar.com\/avatar\/2f9c28e64c317bcd762b25cb1575f1b4?s=96&d=mm&r=g\",\"caption\":\"Assessoria de comunica\u00e7\u00e3o ACRIMAT\"},\"sameAs\":[\"http:\/\/acrimat.org.br\/\"],\"url\":\"https:\/\/acrimat.org.br\/portal\/author\/ascom\/\"}]}<\/script>\n<!-- \/ Yoast SEO plugin. -->","yoast_head_json":{"title":"Ex-presidente do Indea assume Instituto Mato-grossense da Carne - Acrimat","robots":{"index":"index","follow":"follow","max-snippet":"max-snippet:-1","max-image-preview":"max-image-preview:large","max-video-preview":"max-video-preview:-1"},"canonical":"https:\/\/acrimat.org.br\/portal\/ex-presidente-do-indea-assume-instituto-mato-grossense-da-carne\/","og_locale":"pt_BR","og_type":"article","og_title":"Ex-presidente do Indea assume Instituto Mato-grossense da Carne - Acrimat","og_description":"Ex-presidente do Indea, Guilherme Nolasco, assumiu o comando do Instituto Mato-grossense da Carne (Imac)","og_url":"https:\/\/acrimat.org.br\/portal\/ex-presidente-do-indea-assume-instituto-mato-grossense-da-carne\/","og_site_name":"Acrimat","article_published_time":"2018-04-04T20:49:55+00:00","article_modified_time":"2018-04-04T21:01:41+00:00","og_image":[{"width":2480,"height":1653,"url":"https:\/\/acrimat.org.br\/portal\/wp-content\/uploads\/2018\/04\/gcom.jpg","type":"image\/jpeg"}],"author":"Assessoria de comunica\u00e7\u00e3o ACRIMAT","twitter_card":"summary_large_image","twitter_misc":{"Escrito por":"Assessoria de comunica\u00e7\u00e3o ACRIMAT","Est. tempo de leitura":"3 minutos"},"schema":{"@context":"https:\/\/schema.org","@graph":[{"@type":"Article","@id":"https:\/\/acrimat.org.br\/portal\/ex-presidente-do-indea-assume-instituto-mato-grossense-da-carne\/#article","isPartOf":{"@id":"https:\/\/acrimat.org.br\/portal\/ex-presidente-do-indea-assume-instituto-mato-grossense-da-carne\/"},"author":{"name":"Assessoria de comunica\u00e7\u00e3o ACRIMAT","@id":"https:\/\/acrimat.org.br\/portal\/#\/schema\/person\/a309b9496344ff991e8e1b1d751fdd7b"},"headline":"Ex-presidente do Indea assume Instituto Mato-grossense da Carne","datePublished":"2018-04-04T20:49:55+00:00","dateModified":"2018-04-04T21:01:41+00:00","mainEntityOfPage":{"@id":"https:\/\/acrimat.org.br\/portal\/ex-presidente-do-indea-assume-instituto-mato-grossense-da-carne\/"},"wordCount":638,"publisher":{"@id":"https:\/\/acrimat.org.br\/portal\/#organization"},"image":{"@id":"https:\/\/acrimat.org.br\/portal\/ex-presidente-do-indea-assume-instituto-mato-grossense-da-carne\/#primaryimage"},"thumbnailUrl":"https:\/\/acrimat.org.br\/portal\/wp-content\/uploads\/2018\/04\/gcom.jpg","articleSection":["Destaques","Not\u00edcias"],"inLanguage":"pt-BR"},{"@type":"WebPage","@id":"https:\/\/acrimat.org.br\/portal\/ex-presidente-do-indea-assume-instituto-mato-grossense-da-carne\/","url":"https:\/\/acrimat.org.br\/portal\/ex-presidente-do-indea-assume-instituto-mato-grossense-da-carne\/","name":"Ex-presidente do Indea assume Instituto Mato-grossense da Carne - Acrimat","isPartOf":{"@id":"https:\/\/acrimat.org.br\/portal\/#website"},"primaryImageOfPage":{"@id":"https:\/\/acrimat.org.br\/portal\/ex-presidente-do-indea-assume-instituto-mato-grossense-da-carne\/#primaryimage"},"image":{"@id":"https:\/\/acrimat.org.br\/portal\/ex-presidente-do-indea-assume-instituto-mato-grossense-da-carne\/#primaryimage"},"thumbnailUrl":"https:\/\/acrimat.org.br\/portal\/wp-content\/uploads\/2018\/04\/gcom.jpg","datePublished":"2018-04-04T20:49:55+00:00","dateModified":"2018-04-04T21:01:41+00:00","breadcrumb":{"@id":"https:\/\/acrimat.org.br\/portal\/ex-presidente-do-indea-assume-instituto-mato-grossense-da-carne\/#breadcrumb"},"inLanguage":"pt-BR","potentialAction":[{"@type":"ReadAction","target":["https:\/\/acrimat.org.br\/portal\/ex-presidente-do-indea-assume-instituto-mato-grossense-da-carne\/"]}]},{"@type":"ImageObject","inLanguage":"pt-BR","@id":"https:\/\/acrimat.org.br\/portal\/ex-presidente-do-indea-assume-instituto-mato-grossense-da-carne\/#primaryimage","url":"https:\/\/acrimat.org.br\/portal\/wp-content\/uploads\/2018\/04\/gcom.jpg","contentUrl":"https:\/\/acrimat.org.br\/portal\/wp-content\/uploads\/2018\/04\/gcom.jpg","width":2480,"height":1653,"caption":"Cr\u00e9dito: Mayke Toscano (GCom)"},{"@type":"BreadcrumbList","@id":"https:\/\/acrimat.org.br\/portal\/ex-presidente-do-indea-assume-instituto-mato-grossense-da-carne\/#breadcrumb","itemListElement":[{"@type":"ListItem","position":1,"name":"In\u00edcio","item":"https:\/\/acrimat.org.br\/portal\/"},{"@type":"ListItem","position":2,"name":"Ex-presidente do Indea assume Instituto Mato-grossense da Carne"}]},{"@type":"WebSite","@id":"https:\/\/acrimat.org.br\/portal\/#website","url":"https:\/\/acrimat.org.br\/portal\/","name":"Acrimat","description":"Associa\u00e7\u00e3o dos Criadores de Mato Grosso","publisher":{"@id":"https:\/\/acrimat.org.br\/portal\/#organization"},"potentialAction":[{"@type":"SearchAction","target":{"@type":"EntryPoint","urlTemplate":"https:\/\/acrimat.org.br\/portal\/?s={search_term_string}"},"query-input":{"@type":"PropertyValueSpecification","valueRequired":true,"valueName":"search_term_string"}}],"inLanguage":"pt-BR"},{"@type":"Organization","@id":"https:\/\/acrimat.org.br\/portal\/#organization","name":"Associa\u00e7\u00e3o dos Criadores de Mato Grosso","url":"https:\/\/acrimat.org.br\/portal\/","logo":{"@type":"ImageObject","inLanguage":"pt-BR","@id":"https:\/\/acrimat.org.br\/portal\/#\/schema\/logo\/image\/","url":"https:\/\/acrimat.org.br\/portal\/wp-content\/uploads\/2018\/03\/logo-peq-original.png","contentUrl":"https:\/\/acrimat.org.br\/portal\/wp-content\/uploads\/2018\/03\/logo-peq-original.png","width":174,"height":171,"caption":"Associa\u00e7\u00e3o dos Criadores de Mato Grosso"},"image":{"@id":"https:\/\/acrimat.org.br\/portal\/#\/schema\/logo\/image\/"}},{"@type":"Person","@id":"https:\/\/acrimat.org.br\/portal\/#\/schema\/person\/a309b9496344ff991e8e1b1d751fdd7b","name":"Assessoria de comunica\u00e7\u00e3o ACRIMAT","image":{"@type":"ImageObject","inLanguage":"pt-BR","@id":"https:\/\/acrimat.org.br\/portal\/#\/schema\/person\/image\/","url":"https:\/\/secure.gravatar.com\/avatar\/2f9c28e64c317bcd762b25cb1575f1b4?s=96&d=mm&r=g","contentUrl":"https:\/\/secure.gravatar.com\/avatar\/2f9c28e64c317bcd762b25cb1575f1b4?s=96&d=mm&r=g","caption":"Assessoria de comunica\u00e7\u00e3o ACRIMAT"},"sameAs":["http:\/\/acrimat.org.br\/"],"url":"https:\/\/acrimat.org.br\/portal\/author\/ascom\/"}]}},"_links":{"self":[{"href":"https:\/\/acrimat.org.br\/portal\/wp-json\/wp\/v2\/posts\/97986911","targetHints":{"allow":["GET"]}}],"collection":[{"href":"https:\/\/acrimat.org.br\/portal\/wp-json\/wp\/v2\/posts"}],"about":[{"href":"https:\/\/acrimat.org.br\/portal\/wp-json\/wp\/v2\/types\/post"}],"author":[{"embeddable":true,"href":"https:\/\/acrimat.org.br\/portal\/wp-json\/wp\/v2\/users\/7"}],"replies":[{"embeddable":true,"href":"https:\/\/acrimat.org.br\/portal\/wp-json\/wp\/v2\/comments?post=97986911"}],"version-history":[{"count":1,"href":"https:\/\/acrimat.org.br\/portal\/wp-json\/wp\/v2\/posts\/97986911\/revisions"}],"predecessor-version":[{"id":97986912,"href":"https:\/\/acrimat.org.br\/portal\/wp-json\/wp\/v2\/posts\/97986911\/revisions\/97986912"}],"wp:featuredmedia":[{"embeddable":true,"href":"https:\/\/acrimat.org.br\/portal\/wp-json\/wp\/v2\/media\/97986891"}],"wp:attachment":[{"href":"https:\/\/acrimat.org.br\/portal\/wp-json\/wp\/v2\/media?parent=97986911"}],"wp:term":[{"taxonomy":"category","embeddable":true,"href":"https:\/\/acrimat.org.br\/portal\/wp-json\/wp\/v2\/categories?post=97986911"},{"taxonomy":"post_tag","embeddable":true,"href":"https:\/\/acrimat.org.br\/portal\/wp-json\/wp\/v2\/tags?post=97986911"}],"curies":[{"name":"wp","href":"https:\/\/api.w.org\/{rel}","templated":true}]}}