{"id":97986923,"date":"2018-04-05T16:57:36","date_gmt":"2018-04-05T19:57:36","guid":{"rendered":"http:\/\/acrimat.org.br\/portal\/?p=97986923"},"modified":"2018-04-05T16:57:36","modified_gmt":"2018-04-05T19:57:36","slug":"intercorte-cuiaba-discute-estrategias-para-vender-mais-e-melhor-na-pecuaria","status":"publish","type":"post","link":"https:\/\/acrimat.org.br\/portal\/intercorte-cuiaba-discute-estrategias-para-vender-mais-e-melhor-na-pecuaria\/","title":{"rendered":"InterCorte Cuiab\u00e1 discute estrat\u00e9gias para vender mais e melhor na pecu\u00e1ria"},"content":{"rendered":"<p>A InterCorte, evento que percorre de forma itinerante h\u00e1 seis anos os principais polos de produ\u00e7\u00e3o pecu\u00e1ria do Brasil, chega mais uma vez a capital mato-grossense. O estado, que possui o maior n\u00famero de bovinos no pa\u00eds, cerca de 14% do total brasileiro, recebe o evento nos dias 12 e 13 de abril, em novo local, o Cenarium Rural, em Cuiab\u00e1 (MT).<\/p>\n<p>Um dos pain\u00e9is no segundo dia do evento abordar\u00e1 o tema \u201cVender Mais e Vender Melhor\u201d, que pretende apresentar ao produtor meios e subs\u00eddios para melhorar o mercado da carne. \u201cNosso objetivo \u00e9 sempre apresentar ao produtor ferramentas e exemplos que os ajudem a evoluir em suas propriedades. Este ano nosso foco \u00e9 o mercado, por isso optamos por trazer temas que estimulem o setor a crescer em produ\u00e7\u00e3o, mas tamb\u00e9m em qualidade\u201d, destaca Carla Tuccilio, diretora do Terraviva Eventos, empresa respons\u00e1vel pela realiza\u00e7\u00e3o da InterCorte.<\/p>\n<p>No painel, o professor da Universidade estadual de Goi\u00e1s &#8211; UEG, Renato Dib, que ministra a palestra \u201cImpacto dos animais de melhor qualidade no sucesso da comercializa\u00e7\u00e3o de bovinos\u201d, focar\u00e1 sua palestra no calend\u00e1rio profissional para uma pecu\u00e1ria eficiente. \u201cEsse calend\u00e1rio possibilita trabalhar a nutri\u00e7\u00e3o aliada \u00e0s esta\u00e7\u00f5es do ano para que o produtor possa alcan\u00e7ar a efici\u00eancia t\u00e9cnica em produtividade de arrobas, n\u00e3o s\u00f3 por unidade animal, mas tamb\u00e9m por hectare, proporcionando, dessa maneira, o ganho em efici\u00eancia econ\u00f4mica\u201d, destaca Dib.<\/p>\n<p>O gerente executivo de compra de gado da Minerva Foods, Fabiano Tito apresentar\u00e1 a atual conjuntura do mercado do boi, o que esperar e como ser mais eficiente na negocia\u00e7\u00e3o dos animais para o abate. \u201cEstamos num per\u00edodo de abates elevados, o que mant\u00e9m o mercado da carne pressionado, j\u00e1 que o consumo interno est\u00e1 apenas iniciando a sua recupera\u00e7\u00e3o e as exporta\u00e7\u00f5es est\u00e3o relativamente fortes. Nesse sentido, vou apresentar as exig\u00eancias de alguns mercados, destacando a necessidade de produzirmos animais cada vez mais jovens, bem terminados e de forma respons\u00e1vel no que diz respeito ao bem-estar animal, sustentabilidade socioambiental e controle de res\u00edduos\u201d, explica.<\/p>\n<p>O painel ter\u00e1 ainda palestras de Maur\u00edcio Tonh\u00e1, Ant\u00f4nio Ricardo Sechis, Michel Torteli, Ivan Wedekin e um case apresentado pelo produtor Luciomar Machado.<\/p>\n<p>Ainda no painel \u201cVender Mais e Vender Melhor\u201d, na parte da tarde, Miguel Cavalcanti conduzir\u00e1 a apresenta\u00e7\u00e3o \u201cComo lucrar na pecu\u00e1ria de corte\u201d seguida do estudo de caso de fazenda de gado de corte, com gest\u00e3o no lucro no MT, por Rafael Sguissardi.<\/p>\n<p><strong>A import\u00e2ncia da comunica\u00e7\u00e3o com a sociedade<\/strong><\/p>\n<p>Na tarde do segundo dia, o painel ser\u00e1 dedicado \u00e0 Comunica\u00e7\u00e3o, com o objetivo de promover o debate com o produtor sobre a sua habilidade de comunica\u00e7\u00e3o, como ele divulga seus resultados e a\u00e7\u00f5es, e como a sociedade enxerga o agroneg\u00f3cio. \u201cEntendemos que um dos gargalos da atividade \u00e9 a forma com que o produtor se comunica com a sociedade. Precisamos entender juntos qual a melhor forma de contar ao p\u00fablico em geral como funciona nossa atividade\u201d, explica Carla.<\/p>\n<p>Essa problem\u00e1tica ser\u00e1 abordada pelo jornalista e publicit\u00e1rio, Jos\u00e9 Luiz Tejon, uma das principais refer\u00eancias em Marketing do Brasil e discutida com profissionais da comunica\u00e7\u00e3o, como Mauro Zafalon, da Folha de S. Paulo, Miguel Cavalcanti, do Beef Point e Tobias Ferraz, do canal Terraviva. Fechando o bloco, o produtor Ricardo Arioli compartilhar\u00e1 com o p\u00fablico os resultados do seu trabalho na pecu\u00e1ria.<\/p>\n<p>\u201cSer\u00e1 uma oportunidade para o p\u00fablico interagir, tirar d\u00favidas e entender melhor como funcionam os ve\u00edculos de comunica\u00e7\u00e3o para pensar em estrat\u00e9gias que melhorem a percep\u00e7\u00e3o do p\u00fablico sobre a pecu\u00e1ria\u201d, ressalta Carla.<\/p>\n<p><strong>Condi\u00e7\u00f5es especiais para neg\u00f3cios na feira<\/strong><\/p>\n<p>Al\u00e9m do workshop, a InterCorte Cuiab\u00e1 ter\u00e1 uma feira de neg\u00f3cios com a participa\u00e7\u00e3o de mais de 30 empresas de refer\u00eancia na pecu\u00e1ria, que apresentam suas inova\u00e7\u00f5es para os produtores. Para essa edi\u00e7\u00e3o, quatro empresas prepararam condi\u00e7\u00f5es especiais para compra de produtos durante a InterCorte. A Rubber Tank dar\u00e1 20% de desconto na compra de bebedouros feitos a partir de pneus reciclados de 2.000 litros. A Beckhauser conceder\u00e1 descontos para os primeiros produtores que adquirirem a linha TotalFlex vers\u00e3o automa\u00e7\u00e3o, que ser\u00e1 lan\u00e7ada em primeira m\u00e3o na InterCorte Cuiab\u00e1. A Ourofino Sa\u00fade Animal dar\u00e1 como bonifica\u00e7\u00e3o 100 ml do endectocida Master LP para quem adquirir 1 litro. A GENEX preparou combos com pre\u00e7os promocionais com s\u00eamen para pecu\u00e1ria de corte.<\/p>\n<p>Al\u00e9m dessas empresas, estar\u00e3o presentes na InterCorte Cuiab\u00e1 a Fazen, Marfrig, Minerva Foods, Nutron, Tortuga \u2013 DSM, Trouw Nutrition, ABS, Acrivale, Agroceres Novanis, Allflex, Bayer, Biog\u00e9nesis Bag\u00f3, Brutale, Campo Nutri\u00e7\u00e3o Animal, Celeiro Carnes Especiais, Coimma, Connan, Est\u00e2ncia Bahia Leil\u00f5es, Exacta Balan\u00e7as, MSD Sa\u00fade Animal, Multbovinos, Oligo Basics, Panucci Pr\u00e9 Moldados, Real H, Sistema Famato, Hedge Agro, Programa Leil\u00f5es e Senepol da Conquista.<\/p>\n<p><strong>Beef Hour<\/strong><\/p>\n<p>Para promover a confraterniza\u00e7\u00e3o entre os participantes da InterCorte e celebrar a grande estrela do evento, que \u00e9 a carne bovina, ao final do primeiro dia de programa\u00e7\u00e3o ser\u00e1 promovida a Beef Hour, com degusta\u00e7\u00e3o de cortes da Celeiros Carnes Especiais, Minerva Foods e Senepol da Conquista.<\/p>\n<p><strong>Festival Braseiro<\/strong><\/p>\n<p>A InterCorte culminar\u00e1 com a realiza\u00e7\u00e3o da quarta edi\u00e7\u00e3o do Festival Braseiro, no dia 14 de abril, no Rancho Dourado, em Cuiab\u00e1 (MT). O evento mobilizar\u00e1 cerca de 300 churrasqueiros para comandar 40 esta\u00e7\u00f5es de preparo de carnes na capital mato-grossense com a miss\u00e3o de assar cerca de quatro toneladas de cortes especiais de bovinos, su\u00ednos, aves, peixes e cordeiros.<\/p>\n<p>Mais de tr\u00eas mil pessoas s\u00e3o aguardadas no Festival Braseiro, que funciona no sistema open food e open bar. Ou seja, todas as pessoas que comprarem ingressos poder\u00e3o comer \u00e0 vontade e ter\u00e3o acesso livre ao bar de chopp Louvada.<\/p>\n<p><strong>Sobre a InterCorte<\/strong><\/p>\n<p>Desde a sua cria\u00e7\u00e3o em 2012, a InterCorte j\u00e1 contou com a participa\u00e7\u00e3o de mais de 27 mil pessoas, a maior parte pecuaristas, em eventos que percorrem algumas das principais regi\u00f5es pecu\u00e1rias do Pa\u00eds para levar informa\u00e7\u00e3o, conhecimento e tecnologia.<\/p>\n<p>Al\u00e9m de Cuiab\u00e1, a edi\u00e7\u00e3o de 2018 passar\u00e1 por Marab\u00e1 (PA) em maio e S\u00e3o Paulo (SP) em novembro.<\/p>\n<p>A InterCorte faz parte do \u201cIntegrar para Crescer\u201d, plataforma de comunica\u00e7\u00e3o que envolve eventos e a\u00e7\u00f5es com o intuito de disseminar informa\u00e7\u00e3o de qualidade, reverberando os temas e discuss\u00f5es relevantes ao setor. Al\u00e9m da InterCorte, a plataforma ainda promove a\u00e7\u00f5es como o movimento #SomosdaCarne, a Beef Week, Interconf e Caminho do Boi, visando sempre o crescimento e fortalecimento do agroneg\u00f3cio no Brasil.<\/p>\n<p>Mais informa\u00e7\u00f5es e inscri\u00e7\u00f5es pelo site:\u00a0<a href=\"http:\/\/www.intercorte.com.br\/cuiaba\" target=\"_blank\" rel=\"noopener noreferrer\">www.intercorte.com.br\/cuiaba<\/a>.<\/p>\n<p><strong>Informa\u00e7\u00f5es para a imprensa<\/strong><\/p>\n<p>Attuale Comunica\u00e7\u00e3o \u2013 11 4022 6824<br \/>\nMariele Previdi &#8211; 11 99954 4626 \u2013\u00a0<a href=\"mailto:mariele@attualecomunicacao.com.br\">mariele@attualecomunicacao.com.br<br \/>\n<\/a>Ana Fl\u00e1via Gimenes \u2013 11 9 9590-4699 \u2013\u00a0<a href=\"mailto:anaflavia@attualecomunicacao.com.br\">anaflavia@attualecomunicacao.com.br<\/a><\/p>\n<p><a href=\"mailto:mariele@attualecomunicacao.com.br\"><br \/>\n<\/a>Acrimat &#8211; 65 3622 2970<br \/>\nLa\u00eds Costa Marques &#8211; 65 9946 5644 \u2013\u00a0<a href=\"mailto:imprensa@acrimat.org.br\">ascom@acrimat.org.br<\/a><\/p>\n","protected":false},"excerpt":{"rendered":"<p>Evento re\u00fane produtores, pesquisadores e empresas para debater como melhorar a comercializa\u00e7\u00e3o e a comunica\u00e7\u00e3o com a sociedade<\/p>\n","protected":false},"author":7,"featured_media":97986201,"comment_status":"closed","ping_status":"closed","sticky":false,"template":"","format":"standard","meta":{"footnotes":""},"categories":[6,1],"tags":[],"class_list":["post-97986923","post","type-post","status-publish","format-standard","has-post-thumbnail","hentry","category-destaque","category-noticia"],"yoast_head":"<!-- This site is optimized with the Yoast SEO plugin v24.8.1 - https:\/\/yoast.com\/wordpress\/plugins\/seo\/ -->\n<title>InterCorte Cuiab\u00e1 discute estrat\u00e9gias para vender mais e melhor na pecu\u00e1ria - Acrimat<\/title>\n<meta name=\"robots\" content=\"index, follow, max-snippet:-1, max-image-preview:large, max-video-preview:-1\" \/>\n<link rel=\"canonical\" href=\"https:\/\/acrimat.org.br\/portal\/intercorte-cuiaba-discute-estrategias-para-vender-mais-e-melhor-na-pecuaria\/\" \/>\n<meta property=\"og:locale\" content=\"pt_BR\" \/>\n<meta property=\"og:type\" content=\"article\" \/>\n<meta property=\"og:title\" content=\"InterCorte Cuiab\u00e1 discute estrat\u00e9gias para vender mais e melhor na pecu\u00e1ria - Acrimat\" \/>\n<meta property=\"og:description\" content=\"Evento re\u00fane produtores, pesquisadores e empresas para debater como melhorar a comercializa\u00e7\u00e3o e a comunica\u00e7\u00e3o com a sociedade\" \/>\n<meta property=\"og:url\" content=\"https:\/\/acrimat.org.br\/portal\/intercorte-cuiaba-discute-estrategias-para-vender-mais-e-melhor-na-pecuaria\/\" \/>\n<meta property=\"og:site_name\" content=\"Acrimat\" \/>\n<meta property=\"article:published_time\" content=\"2018-04-05T19:57:36+00:00\" \/>\n<meta property=\"og:image\" content=\"https:\/\/acrimat.org.br\/portal\/wp-content\/uploads\/2018\/03\/elf2421-e1519929424313.jpg\" \/>\n\t<meta property=\"og:image:width\" content=\"2016\" \/>\n\t<meta property=\"og:image:height\" content=\"1346\" \/>\n\t<meta property=\"og:image:type\" content=\"image\/jpeg\" \/>\n<meta name=\"author\" content=\"Assessoria de comunica\u00e7\u00e3o ACRIMAT\" \/>\n<meta name=\"twitter:card\" content=\"summary_large_image\" \/>\n<meta name=\"twitter:label1\" content=\"Escrito por\" \/>\n\t<meta name=\"twitter:data1\" content=\"Assessoria de comunica\u00e7\u00e3o ACRIMAT\" \/>\n\t<meta name=\"twitter:label2\" content=\"Est. tempo de leitura\" \/>\n\t<meta name=\"twitter:data2\" content=\"6 minutos\" \/>\n<script type=\"application\/ld+json\" class=\"yoast-schema-graph\">{\"@context\":\"https:\/\/schema.org\",\"@graph\":[{\"@type\":\"Article\",\"@id\":\"https:\/\/acrimat.org.br\/portal\/intercorte-cuiaba-discute-estrategias-para-vender-mais-e-melhor-na-pecuaria\/#article\",\"isPartOf\":{\"@id\":\"https:\/\/acrimat.org.br\/portal\/intercorte-cuiaba-discute-estrategias-para-vender-mais-e-melhor-na-pecuaria\/\"},\"author\":{\"name\":\"Assessoria de comunica\u00e7\u00e3o ACRIMAT\",\"@id\":\"https:\/\/acrimat.org.br\/portal\/#\/schema\/person\/a309b9496344ff991e8e1b1d751fdd7b\"},\"headline\":\"InterCorte Cuiab\u00e1 discute estrat\u00e9gias para vender mais e melhor na pecu\u00e1ria\",\"datePublished\":\"2018-04-05T19:57:36+00:00\",\"mainEntityOfPage\":{\"@id\":\"https:\/\/acrimat.org.br\/portal\/intercorte-cuiaba-discute-estrategias-para-vender-mais-e-melhor-na-pecuaria\/\"},\"wordCount\":1200,\"publisher\":{\"@id\":\"https:\/\/acrimat.org.br\/portal\/#organization\"},\"image\":{\"@id\":\"https:\/\/acrimat.org.br\/portal\/intercorte-cuiaba-discute-estrategias-para-vender-mais-e-melhor-na-pecuaria\/#primaryimage\"},\"thumbnailUrl\":\"https:\/\/acrimat.org.br\/portal\/wp-content\/uploads\/2018\/03\/elf2421-e1519929424313.jpg\",\"articleSection\":[\"Destaques\",\"Not\u00edcias\"],\"inLanguage\":\"pt-BR\"},{\"@type\":\"WebPage\",\"@id\":\"https:\/\/acrimat.org.br\/portal\/intercorte-cuiaba-discute-estrategias-para-vender-mais-e-melhor-na-pecuaria\/\",\"url\":\"https:\/\/acrimat.org.br\/portal\/intercorte-cuiaba-discute-estrategias-para-vender-mais-e-melhor-na-pecuaria\/\",\"name\":\"InterCorte Cuiab\u00e1 discute estrat\u00e9gias para vender mais e melhor na pecu\u00e1ria - Acrimat\",\"isPartOf\":{\"@id\":\"https:\/\/acrimat.org.br\/portal\/#website\"},\"primaryImageOfPage\":{\"@id\":\"https:\/\/acrimat.org.br\/portal\/intercorte-cuiaba-discute-estrategias-para-vender-mais-e-melhor-na-pecuaria\/#primaryimage\"},\"image\":{\"@id\":\"https:\/\/acrimat.org.br\/portal\/intercorte-cuiaba-discute-estrategias-para-vender-mais-e-melhor-na-pecuaria\/#primaryimage\"},\"thumbnailUrl\":\"https:\/\/acrimat.org.br\/portal\/wp-content\/uploads\/2018\/03\/elf2421-e1519929424313.jpg\",\"datePublished\":\"2018-04-05T19:57:36+00:00\",\"breadcrumb\":{\"@id\":\"https:\/\/acrimat.org.br\/portal\/intercorte-cuiaba-discute-estrategias-para-vender-mais-e-melhor-na-pecuaria\/#breadcrumb\"},\"inLanguage\":\"pt-BR\",\"potentialAction\":[{\"@type\":\"ReadAction\",\"target\":[\"https:\/\/acrimat.org.br\/portal\/intercorte-cuiaba-discute-estrategias-para-vender-mais-e-melhor-na-pecuaria\/\"]}]},{\"@type\":\"ImageObject\",\"inLanguage\":\"pt-BR\",\"@id\":\"https:\/\/acrimat.org.br\/portal\/intercorte-cuiaba-discute-estrategias-para-vender-mais-e-melhor-na-pecuaria\/#primaryimage\",\"url\":\"https:\/\/acrimat.org.br\/portal\/wp-content\/uploads\/2018\/03\/elf2421-e1519929424313.jpg\",\"contentUrl\":\"https:\/\/acrimat.org.br\/portal\/wp-content\/uploads\/2018\/03\/elf2421-e1519929424313.jpg\",\"width\":2016,\"height\":1346},{\"@type\":\"BreadcrumbList\",\"@id\":\"https:\/\/acrimat.org.br\/portal\/intercorte-cuiaba-discute-estrategias-para-vender-mais-e-melhor-na-pecuaria\/#breadcrumb\",\"itemListElement\":[{\"@type\":\"ListItem\",\"position\":1,\"name\":\"In\u00edcio\",\"item\":\"https:\/\/acrimat.org.br\/portal\/\"},{\"@type\":\"ListItem\",\"position\":2,\"name\":\"InterCorte Cuiab\u00e1 discute estrat\u00e9gias para vender mais e melhor na pecu\u00e1ria\"}]},{\"@type\":\"WebSite\",\"@id\":\"https:\/\/acrimat.org.br\/portal\/#website\",\"url\":\"https:\/\/acrimat.org.br\/portal\/\",\"name\":\"Acrimat\",\"description\":\"Associa\u00e7\u00e3o dos Criadores de Mato Grosso\",\"publisher\":{\"@id\":\"https:\/\/acrimat.org.br\/portal\/#organization\"},\"potentialAction\":[{\"@type\":\"SearchAction\",\"target\":{\"@type\":\"EntryPoint\",\"urlTemplate\":\"https:\/\/acrimat.org.br\/portal\/?s={search_term_string}\"},\"query-input\":{\"@type\":\"PropertyValueSpecification\",\"valueRequired\":true,\"valueName\":\"search_term_string\"}}],\"inLanguage\":\"pt-BR\"},{\"@type\":\"Organization\",\"@id\":\"https:\/\/acrimat.org.br\/portal\/#organization\",\"name\":\"Associa\u00e7\u00e3o dos Criadores de Mato Grosso\",\"url\":\"https:\/\/acrimat.org.br\/portal\/\",\"logo\":{\"@type\":\"ImageObject\",\"inLanguage\":\"pt-BR\",\"@id\":\"https:\/\/acrimat.org.br\/portal\/#\/schema\/logo\/image\/\",\"url\":\"https:\/\/acrimat.org.br\/portal\/wp-content\/uploads\/2018\/03\/logo-peq-original.png\",\"contentUrl\":\"https:\/\/acrimat.org.br\/portal\/wp-content\/uploads\/2018\/03\/logo-peq-original.png\",\"width\":174,\"height\":171,\"caption\":\"Associa\u00e7\u00e3o dos Criadores de Mato Grosso\"},\"image\":{\"@id\":\"https:\/\/acrimat.org.br\/portal\/#\/schema\/logo\/image\/\"}},{\"@type\":\"Person\",\"@id\":\"https:\/\/acrimat.org.br\/portal\/#\/schema\/person\/a309b9496344ff991e8e1b1d751fdd7b\",\"name\":\"Assessoria de comunica\u00e7\u00e3o ACRIMAT\",\"image\":{\"@type\":\"ImageObject\",\"inLanguage\":\"pt-BR\",\"@id\":\"https:\/\/acrimat.org.br\/portal\/#\/schema\/person\/image\/\",\"url\":\"https:\/\/secure.gravatar.com\/avatar\/2f9c28e64c317bcd762b25cb1575f1b4?s=96&d=mm&r=g\",\"contentUrl\":\"https:\/\/secure.gravatar.com\/avatar\/2f9c28e64c317bcd762b25cb1575f1b4?s=96&d=mm&r=g\",\"caption\":\"Assessoria de comunica\u00e7\u00e3o ACRIMAT\"},\"sameAs\":[\"http:\/\/acrimat.org.br\/\"],\"url\":\"https:\/\/acrimat.org.br\/portal\/author\/ascom\/\"}]}<\/script>\n<!-- \/ Yoast SEO plugin. -->","yoast_head_json":{"title":"InterCorte Cuiab\u00e1 discute estrat\u00e9gias para vender mais e melhor na pecu\u00e1ria - Acrimat","robots":{"index":"index","follow":"follow","max-snippet":"max-snippet:-1","max-image-preview":"max-image-preview:large","max-video-preview":"max-video-preview:-1"},"canonical":"https:\/\/acrimat.org.br\/portal\/intercorte-cuiaba-discute-estrategias-para-vender-mais-e-melhor-na-pecuaria\/","og_locale":"pt_BR","og_type":"article","og_title":"InterCorte Cuiab\u00e1 discute estrat\u00e9gias para vender mais e melhor na pecu\u00e1ria - Acrimat","og_description":"Evento re\u00fane produtores, pesquisadores e empresas para debater como melhorar a comercializa\u00e7\u00e3o e a comunica\u00e7\u00e3o com a sociedade","og_url":"https:\/\/acrimat.org.br\/portal\/intercorte-cuiaba-discute-estrategias-para-vender-mais-e-melhor-na-pecuaria\/","og_site_name":"Acrimat","article_published_time":"2018-04-05T19:57:36+00:00","og_image":[{"width":2016,"height":1346,"url":"https:\/\/acrimat.org.br\/portal\/wp-content\/uploads\/2018\/03\/elf2421-e1519929424313.jpg","type":"image\/jpeg"}],"author":"Assessoria de comunica\u00e7\u00e3o ACRIMAT","twitter_card":"summary_large_image","twitter_misc":{"Escrito por":"Assessoria de comunica\u00e7\u00e3o ACRIMAT","Est. tempo de leitura":"6 minutos"},"schema":{"@context":"https:\/\/schema.org","@graph":[{"@type":"Article","@id":"https:\/\/acrimat.org.br\/portal\/intercorte-cuiaba-discute-estrategias-para-vender-mais-e-melhor-na-pecuaria\/#article","isPartOf":{"@id":"https:\/\/acrimat.org.br\/portal\/intercorte-cuiaba-discute-estrategias-para-vender-mais-e-melhor-na-pecuaria\/"},"author":{"name":"Assessoria de comunica\u00e7\u00e3o ACRIMAT","@id":"https:\/\/acrimat.org.br\/portal\/#\/schema\/person\/a309b9496344ff991e8e1b1d751fdd7b"},"headline":"InterCorte Cuiab\u00e1 discute estrat\u00e9gias para vender mais e melhor na pecu\u00e1ria","datePublished":"2018-04-05T19:57:36+00:00","mainEntityOfPage":{"@id":"https:\/\/acrimat.org.br\/portal\/intercorte-cuiaba-discute-estrategias-para-vender-mais-e-melhor-na-pecuaria\/"},"wordCount":1200,"publisher":{"@id":"https:\/\/acrimat.org.br\/portal\/#organization"},"image":{"@id":"https:\/\/acrimat.org.br\/portal\/intercorte-cuiaba-discute-estrategias-para-vender-mais-e-melhor-na-pecuaria\/#primaryimage"},"thumbnailUrl":"https:\/\/acrimat.org.br\/portal\/wp-content\/uploads\/2018\/03\/elf2421-e1519929424313.jpg","articleSection":["Destaques","Not\u00edcias"],"inLanguage":"pt-BR"},{"@type":"WebPage","@id":"https:\/\/acrimat.org.br\/portal\/intercorte-cuiaba-discute-estrategias-para-vender-mais-e-melhor-na-pecuaria\/","url":"https:\/\/acrimat.org.br\/portal\/intercorte-cuiaba-discute-estrategias-para-vender-mais-e-melhor-na-pecuaria\/","name":"InterCorte Cuiab\u00e1 discute estrat\u00e9gias para vender mais e melhor na pecu\u00e1ria - Acrimat","isPartOf":{"@id":"https:\/\/acrimat.org.br\/portal\/#website"},"primaryImageOfPage":{"@id":"https:\/\/acrimat.org.br\/portal\/intercorte-cuiaba-discute-estrategias-para-vender-mais-e-melhor-na-pecuaria\/#primaryimage"},"image":{"@id":"https:\/\/acrimat.org.br\/portal\/intercorte-cuiaba-discute-estrategias-para-vender-mais-e-melhor-na-pecuaria\/#primaryimage"},"thumbnailUrl":"https:\/\/acrimat.org.br\/portal\/wp-content\/uploads\/2018\/03\/elf2421-e1519929424313.jpg","datePublished":"2018-04-05T19:57:36+00:00","breadcrumb":{"@id":"https:\/\/acrimat.org.br\/portal\/intercorte-cuiaba-discute-estrategias-para-vender-mais-e-melhor-na-pecuaria\/#breadcrumb"},"inLanguage":"pt-BR","potentialAction":[{"@type":"ReadAction","target":["https:\/\/acrimat.org.br\/portal\/intercorte-cuiaba-discute-estrategias-para-vender-mais-e-melhor-na-pecuaria\/"]}]},{"@type":"ImageObject","inLanguage":"pt-BR","@id":"https:\/\/acrimat.org.br\/portal\/intercorte-cuiaba-discute-estrategias-para-vender-mais-e-melhor-na-pecuaria\/#primaryimage","url":"https:\/\/acrimat.org.br\/portal\/wp-content\/uploads\/2018\/03\/elf2421-e1519929424313.jpg","contentUrl":"https:\/\/acrimat.org.br\/portal\/wp-content\/uploads\/2018\/03\/elf2421-e1519929424313.jpg","width":2016,"height":1346},{"@type":"BreadcrumbList","@id":"https:\/\/acrimat.org.br\/portal\/intercorte-cuiaba-discute-estrategias-para-vender-mais-e-melhor-na-pecuaria\/#breadcrumb","itemListElement":[{"@type":"ListItem","position":1,"name":"In\u00edcio","item":"https:\/\/acrimat.org.br\/portal\/"},{"@type":"ListItem","position":2,"name":"InterCorte Cuiab\u00e1 discute estrat\u00e9gias para vender mais e melhor na pecu\u00e1ria"}]},{"@type":"WebSite","@id":"https:\/\/acrimat.org.br\/portal\/#website","url":"https:\/\/acrimat.org.br\/portal\/","name":"Acrimat","description":"Associa\u00e7\u00e3o dos Criadores de Mato Grosso","publisher":{"@id":"https:\/\/acrimat.org.br\/portal\/#organization"},"potentialAction":[{"@type":"SearchAction","target":{"@type":"EntryPoint","urlTemplate":"https:\/\/acrimat.org.br\/portal\/?s={search_term_string}"},"query-input":{"@type":"PropertyValueSpecification","valueRequired":true,"valueName":"search_term_string"}}],"inLanguage":"pt-BR"},{"@type":"Organization","@id":"https:\/\/acrimat.org.br\/portal\/#organization","name":"Associa\u00e7\u00e3o dos Criadores de Mato Grosso","url":"https:\/\/acrimat.org.br\/portal\/","logo":{"@type":"ImageObject","inLanguage":"pt-BR","@id":"https:\/\/acrimat.org.br\/portal\/#\/schema\/logo\/image\/","url":"https:\/\/acrimat.org.br\/portal\/wp-content\/uploads\/2018\/03\/logo-peq-original.png","contentUrl":"https:\/\/acrimat.org.br\/portal\/wp-content\/uploads\/2018\/03\/logo-peq-original.png","width":174,"height":171,"caption":"Associa\u00e7\u00e3o dos Criadores de Mato Grosso"},"image":{"@id":"https:\/\/acrimat.org.br\/portal\/#\/schema\/logo\/image\/"}},{"@type":"Person","@id":"https:\/\/acrimat.org.br\/portal\/#\/schema\/person\/a309b9496344ff991e8e1b1d751fdd7b","name":"Assessoria de comunica\u00e7\u00e3o ACRIMAT","image":{"@type":"ImageObject","inLanguage":"pt-BR","@id":"https:\/\/acrimat.org.br\/portal\/#\/schema\/person\/image\/","url":"https:\/\/secure.gravatar.com\/avatar\/2f9c28e64c317bcd762b25cb1575f1b4?s=96&d=mm&r=g","contentUrl":"https:\/\/secure.gravatar.com\/avatar\/2f9c28e64c317bcd762b25cb1575f1b4?s=96&d=mm&r=g","caption":"Assessoria de comunica\u00e7\u00e3o ACRIMAT"},"sameAs":["http:\/\/acrimat.org.br\/"],"url":"https:\/\/acrimat.org.br\/portal\/author\/ascom\/"}]}},"_links":{"self":[{"href":"https:\/\/acrimat.org.br\/portal\/wp-json\/wp\/v2\/posts\/97986923","targetHints":{"allow":["GET"]}}],"collection":[{"href":"https:\/\/acrimat.org.br\/portal\/wp-json\/wp\/v2\/posts"}],"about":[{"href":"https:\/\/acrimat.org.br\/portal\/wp-json\/wp\/v2\/types\/post"}],"author":[{"embeddable":true,"href":"https:\/\/acrimat.org.br\/portal\/wp-json\/wp\/v2\/users\/7"}],"replies":[{"embeddable":true,"href":"https:\/\/acrimat.org.br\/portal\/wp-json\/wp\/v2\/comments?post=97986923"}],"version-history":[{"count":1,"href":"https:\/\/acrimat.org.br\/portal\/wp-json\/wp\/v2\/posts\/97986923\/revisions"}],"predecessor-version":[{"id":97986924,"href":"https:\/\/acrimat.org.br\/portal\/wp-json\/wp\/v2\/posts\/97986923\/revisions\/97986924"}],"wp:featuredmedia":[{"embeddable":true,"href":"https:\/\/acrimat.org.br\/portal\/wp-json\/wp\/v2\/media\/97986201"}],"wp:attachment":[{"href":"https:\/\/acrimat.org.br\/portal\/wp-json\/wp\/v2\/media?parent=97986923"}],"wp:term":[{"taxonomy":"category","embeddable":true,"href":"https:\/\/acrimat.org.br\/portal\/wp-json\/wp\/v2\/categories?post=97986923"},{"taxonomy":"post_tag","embeddable":true,"href":"https:\/\/acrimat.org.br\/portal\/wp-json\/wp\/v2\/tags?post=97986923"}],"curies":[{"name":"wp","href":"https:\/\/api.w.org\/{rel}","templated":true}]}}