{"id":97986932,"date":"2018-04-06T09:34:42","date_gmt":"2018-04-06T12:34:42","guid":{"rendered":"http:\/\/acrimat.org.br\/portal\/?p=97986932"},"modified":"2018-04-06T11:51:34","modified_gmt":"2018-04-06T14:51:34","slug":"embarque-de-carne-bovina-no-1o-trimestre-surpreende-mercado","status":"publish","type":"post","link":"https:\/\/acrimat.org.br\/portal\/embarque-de-carne-bovina-no-1o-trimestre-surpreende-mercado\/","title":{"rendered":"Embarque de carne bovina no 1\u00ba trimestre surpreende mercado"},"content":{"rendered":"<p>Com o consumo dom\u00e9stico de carne bovina enfraquecido, o mercado externo continua sendo um importante canal de escoamento do produto brasileiro neste ano e, consequentemente, um fator de sustenta\u00e7\u00e3o aos pre\u00e7os internos da arroba do boi.<\/p>\n<p>De janeiro a mar\u00e7o de 2018, o volume de carne bovina in natura exportado e a receita obtida com as vendas foram recordes para um primeiro trimestre. De acordo com dados da Secretaria de Com\u00e9rcio Exterior (Secex), o Brasil embarcou 319,05 mil toneladas do produto no primeiro trimestre deste ano, 20,5% acima do volume exportado no mesmo per\u00edodo do ano passado. Quanto \u00e0 receita, somou R$ 4,217 bilh\u00f5es no per\u00edodo, 24% superior \u00e0 obtida entre janeiro e mar\u00e7o de 2017.<\/p>\n<p>Segundo o Centro de Estudos Avan\u00e7ados em Economia Aplicada (Cepea), as exporta\u00e7\u00f5es t\u00eam sustentado os valores internos da arroba do boi, \u00e0 medida que enxuga a disponibilidade dom\u00e9stica. Desde o in\u00edcio deste ano, o indicador do boi gordo Esalq\/BM&amp;FBovespa, com refer\u00eancia em S\u00e3o Paulo, registra ligeira queda de 1,16%, oscilando entre R$ 143 (em 28 de mar\u00e7o) e R$ 148,70 (em 10 de janeiro).<\/p>\n","protected":false},"excerpt":{"rendered":"<p>De acordo com a Secretaria de Com\u00e9rcio Exterior (Secex), a alta nas exporta\u00e7\u00f5es foi de 20,5% em rela\u00e7\u00e3o ao mesmo per\u00edodo do ano passado<\/p>\n","protected":false},"author":7,"featured_media":97985038,"comment_status":"closed","ping_status":"closed","sticky":false,"template":"","format":"standard","meta":{"footnotes":""},"categories":[6,1],"tags":[],"class_list":["post-97986932","post","type-post","status-publish","format-standard","has-post-thumbnail","hentry","category-destaque","category-noticia"],"yoast_head":"<!-- This site is optimized with the Yoast SEO plugin v24.8.1 - https:\/\/yoast.com\/wordpress\/plugins\/seo\/ -->\n<title>Embarque de carne bovina no 1\u00ba trimestre surpreende mercado - Acrimat<\/title>\n<meta name=\"robots\" content=\"index, follow, max-snippet:-1, max-image-preview:large, max-video-preview:-1\" \/>\n<link rel=\"canonical\" href=\"https:\/\/acrimat.org.br\/portal\/embarque-de-carne-bovina-no-1o-trimestre-surpreende-mercado\/\" \/>\n<meta property=\"og:locale\" content=\"pt_BR\" \/>\n<meta property=\"og:type\" content=\"article\" \/>\n<meta property=\"og:title\" content=\"Embarque de carne bovina no 1\u00ba trimestre surpreende mercado - Acrimat\" \/>\n<meta property=\"og:description\" content=\"De acordo com a Secretaria de Com\u00e9rcio Exterior (Secex), a alta nas exporta\u00e7\u00f5es foi de 20,5% em rela\u00e7\u00e3o ao mesmo per\u00edodo do ano passado\" \/>\n<meta property=\"og:url\" content=\"https:\/\/acrimat.org.br\/portal\/embarque-de-carne-bovina-no-1o-trimestre-surpreende-mercado\/\" \/>\n<meta property=\"og:site_name\" content=\"Acrimat\" \/>\n<meta property=\"article:published_time\" content=\"2018-04-06T12:34:42+00:00\" \/>\n<meta property=\"article:modified_time\" content=\"2018-04-06T14:51:34+00:00\" \/>\n<meta property=\"og:image\" content=\"https:\/\/acrimat.org.br\/portal\/wp-content\/uploads\/2017\/11\/carne-mercado3.jpg\" \/>\n\t<meta property=\"og:image:width\" content=\"730\" \/>\n\t<meta property=\"og:image:height\" content=\"502\" \/>\n\t<meta property=\"og:image:type\" content=\"image\/jpeg\" \/>\n<meta name=\"author\" content=\"Assessoria de comunica\u00e7\u00e3o ACRIMAT\" \/>\n<meta name=\"twitter:card\" content=\"summary_large_image\" \/>\n<meta name=\"twitter:label1\" content=\"Escrito por\" \/>\n\t<meta name=\"twitter:data1\" content=\"Assessoria de comunica\u00e7\u00e3o ACRIMAT\" \/>\n\t<meta name=\"twitter:label2\" content=\"Est. tempo de leitura\" \/>\n\t<meta name=\"twitter:data2\" content=\"1 minuto\" \/>\n<script type=\"application\/ld+json\" class=\"yoast-schema-graph\">{\"@context\":\"https:\/\/schema.org\",\"@graph\":[{\"@type\":\"Article\",\"@id\":\"https:\/\/acrimat.org.br\/portal\/embarque-de-carne-bovina-no-1o-trimestre-surpreende-mercado\/#article\",\"isPartOf\":{\"@id\":\"https:\/\/acrimat.org.br\/portal\/embarque-de-carne-bovina-no-1o-trimestre-surpreende-mercado\/\"},\"author\":{\"name\":\"Assessoria de comunica\u00e7\u00e3o ACRIMAT\",\"@id\":\"https:\/\/acrimat.org.br\/portal\/#\/schema\/person\/a309b9496344ff991e8e1b1d751fdd7b\"},\"headline\":\"Embarque de carne bovina no 1\u00ba trimestre surpreende mercado\",\"datePublished\":\"2018-04-06T12:34:42+00:00\",\"dateModified\":\"2018-04-06T14:51:34+00:00\",\"mainEntityOfPage\":{\"@id\":\"https:\/\/acrimat.org.br\/portal\/embarque-de-carne-bovina-no-1o-trimestre-surpreende-mercado\/\"},\"wordCount\":194,\"publisher\":{\"@id\":\"https:\/\/acrimat.org.br\/portal\/#organization\"},\"image\":{\"@id\":\"https:\/\/acrimat.org.br\/portal\/embarque-de-carne-bovina-no-1o-trimestre-surpreende-mercado\/#primaryimage\"},\"thumbnailUrl\":\"https:\/\/acrimat.org.br\/portal\/wp-content\/uploads\/2017\/11\/carne-mercado3.jpg\",\"articleSection\":[\"Destaques\",\"Not\u00edcias\"],\"inLanguage\":\"pt-BR\"},{\"@type\":\"WebPage\",\"@id\":\"https:\/\/acrimat.org.br\/portal\/embarque-de-carne-bovina-no-1o-trimestre-surpreende-mercado\/\",\"url\":\"https:\/\/acrimat.org.br\/portal\/embarque-de-carne-bovina-no-1o-trimestre-surpreende-mercado\/\",\"name\":\"Embarque de carne bovina no 1\u00ba trimestre surpreende mercado - Acrimat\",\"isPartOf\":{\"@id\":\"https:\/\/acrimat.org.br\/portal\/#website\"},\"primaryImageOfPage\":{\"@id\":\"https:\/\/acrimat.org.br\/portal\/embarque-de-carne-bovina-no-1o-trimestre-surpreende-mercado\/#primaryimage\"},\"image\":{\"@id\":\"https:\/\/acrimat.org.br\/portal\/embarque-de-carne-bovina-no-1o-trimestre-surpreende-mercado\/#primaryimage\"},\"thumbnailUrl\":\"https:\/\/acrimat.org.br\/portal\/wp-content\/uploads\/2017\/11\/carne-mercado3.jpg\",\"datePublished\":\"2018-04-06T12:34:42+00:00\",\"dateModified\":\"2018-04-06T14:51:34+00:00\",\"breadcrumb\":{\"@id\":\"https:\/\/acrimat.org.br\/portal\/embarque-de-carne-bovina-no-1o-trimestre-surpreende-mercado\/#breadcrumb\"},\"inLanguage\":\"pt-BR\",\"potentialAction\":[{\"@type\":\"ReadAction\",\"target\":[\"https:\/\/acrimat.org.br\/portal\/embarque-de-carne-bovina-no-1o-trimestre-surpreende-mercado\/\"]}]},{\"@type\":\"ImageObject\",\"inLanguage\":\"pt-BR\",\"@id\":\"https:\/\/acrimat.org.br\/portal\/embarque-de-carne-bovina-no-1o-trimestre-surpreende-mercado\/#primaryimage\",\"url\":\"https:\/\/acrimat.org.br\/portal\/wp-content\/uploads\/2017\/11\/carne-mercado3.jpg\",\"contentUrl\":\"https:\/\/acrimat.org.br\/portal\/wp-content\/uploads\/2017\/11\/carne-mercado3.jpg\",\"width\":730,\"height\":502},{\"@type\":\"BreadcrumbList\",\"@id\":\"https:\/\/acrimat.org.br\/portal\/embarque-de-carne-bovina-no-1o-trimestre-surpreende-mercado\/#breadcrumb\",\"itemListElement\":[{\"@type\":\"ListItem\",\"position\":1,\"name\":\"In\u00edcio\",\"item\":\"https:\/\/acrimat.org.br\/portal\/\"},{\"@type\":\"ListItem\",\"position\":2,\"name\":\"Embarque de carne bovina no 1\u00ba trimestre surpreende mercado\"}]},{\"@type\":\"WebSite\",\"@id\":\"https:\/\/acrimat.org.br\/portal\/#website\",\"url\":\"https:\/\/acrimat.org.br\/portal\/\",\"name\":\"Acrimat\",\"description\":\"Associa\u00e7\u00e3o dos Criadores de Mato Grosso\",\"publisher\":{\"@id\":\"https:\/\/acrimat.org.br\/portal\/#organization\"},\"potentialAction\":[{\"@type\":\"SearchAction\",\"target\":{\"@type\":\"EntryPoint\",\"urlTemplate\":\"https:\/\/acrimat.org.br\/portal\/?s={search_term_string}\"},\"query-input\":{\"@type\":\"PropertyValueSpecification\",\"valueRequired\":true,\"valueName\":\"search_term_string\"}}],\"inLanguage\":\"pt-BR\"},{\"@type\":\"Organization\",\"@id\":\"https:\/\/acrimat.org.br\/portal\/#organization\",\"name\":\"Associa\u00e7\u00e3o dos Criadores de Mato Grosso\",\"url\":\"https:\/\/acrimat.org.br\/portal\/\",\"logo\":{\"@type\":\"ImageObject\",\"inLanguage\":\"pt-BR\",\"@id\":\"https:\/\/acrimat.org.br\/portal\/#\/schema\/logo\/image\/\",\"url\":\"https:\/\/acrimat.org.br\/portal\/wp-content\/uploads\/2018\/03\/logo-peq-original.png\",\"contentUrl\":\"https:\/\/acrimat.org.br\/portal\/wp-content\/uploads\/2018\/03\/logo-peq-original.png\",\"width\":174,\"height\":171,\"caption\":\"Associa\u00e7\u00e3o dos Criadores de Mato Grosso\"},\"image\":{\"@id\":\"https:\/\/acrimat.org.br\/portal\/#\/schema\/logo\/image\/\"}},{\"@type\":\"Person\",\"@id\":\"https:\/\/acrimat.org.br\/portal\/#\/schema\/person\/a309b9496344ff991e8e1b1d751fdd7b\",\"name\":\"Assessoria de comunica\u00e7\u00e3o ACRIMAT\",\"image\":{\"@type\":\"ImageObject\",\"inLanguage\":\"pt-BR\",\"@id\":\"https:\/\/acrimat.org.br\/portal\/#\/schema\/person\/image\/\",\"url\":\"https:\/\/secure.gravatar.com\/avatar\/2f9c28e64c317bcd762b25cb1575f1b4?s=96&d=mm&r=g\",\"contentUrl\":\"https:\/\/secure.gravatar.com\/avatar\/2f9c28e64c317bcd762b25cb1575f1b4?s=96&d=mm&r=g\",\"caption\":\"Assessoria de comunica\u00e7\u00e3o ACRIMAT\"},\"sameAs\":[\"http:\/\/acrimat.org.br\/\"],\"url\":\"https:\/\/acrimat.org.br\/portal\/author\/ascom\/\"}]}<\/script>\n<!-- \/ Yoast SEO plugin. -->","yoast_head_json":{"title":"Embarque de carne bovina no 1\u00ba trimestre surpreende mercado - Acrimat","robots":{"index":"index","follow":"follow","max-snippet":"max-snippet:-1","max-image-preview":"max-image-preview:large","max-video-preview":"max-video-preview:-1"},"canonical":"https:\/\/acrimat.org.br\/portal\/embarque-de-carne-bovina-no-1o-trimestre-surpreende-mercado\/","og_locale":"pt_BR","og_type":"article","og_title":"Embarque de carne bovina no 1\u00ba trimestre surpreende mercado - Acrimat","og_description":"De acordo com a Secretaria de Com\u00e9rcio Exterior (Secex), a alta nas exporta\u00e7\u00f5es foi de 20,5% em rela\u00e7\u00e3o ao mesmo per\u00edodo do ano passado","og_url":"https:\/\/acrimat.org.br\/portal\/embarque-de-carne-bovina-no-1o-trimestre-surpreende-mercado\/","og_site_name":"Acrimat","article_published_time":"2018-04-06T12:34:42+00:00","article_modified_time":"2018-04-06T14:51:34+00:00","og_image":[{"width":730,"height":502,"url":"https:\/\/acrimat.org.br\/portal\/wp-content\/uploads\/2017\/11\/carne-mercado3.jpg","type":"image\/jpeg"}],"author":"Assessoria de comunica\u00e7\u00e3o ACRIMAT","twitter_card":"summary_large_image","twitter_misc":{"Escrito por":"Assessoria de comunica\u00e7\u00e3o ACRIMAT","Est. tempo de leitura":"1 minuto"},"schema":{"@context":"https:\/\/schema.org","@graph":[{"@type":"Article","@id":"https:\/\/acrimat.org.br\/portal\/embarque-de-carne-bovina-no-1o-trimestre-surpreende-mercado\/#article","isPartOf":{"@id":"https:\/\/acrimat.org.br\/portal\/embarque-de-carne-bovina-no-1o-trimestre-surpreende-mercado\/"},"author":{"name":"Assessoria de comunica\u00e7\u00e3o ACRIMAT","@id":"https:\/\/acrimat.org.br\/portal\/#\/schema\/person\/a309b9496344ff991e8e1b1d751fdd7b"},"headline":"Embarque de carne bovina no 1\u00ba trimestre surpreende mercado","datePublished":"2018-04-06T12:34:42+00:00","dateModified":"2018-04-06T14:51:34+00:00","mainEntityOfPage":{"@id":"https:\/\/acrimat.org.br\/portal\/embarque-de-carne-bovina-no-1o-trimestre-surpreende-mercado\/"},"wordCount":194,"publisher":{"@id":"https:\/\/acrimat.org.br\/portal\/#organization"},"image":{"@id":"https:\/\/acrimat.org.br\/portal\/embarque-de-carne-bovina-no-1o-trimestre-surpreende-mercado\/#primaryimage"},"thumbnailUrl":"https:\/\/acrimat.org.br\/portal\/wp-content\/uploads\/2017\/11\/carne-mercado3.jpg","articleSection":["Destaques","Not\u00edcias"],"inLanguage":"pt-BR"},{"@type":"WebPage","@id":"https:\/\/acrimat.org.br\/portal\/embarque-de-carne-bovina-no-1o-trimestre-surpreende-mercado\/","url":"https:\/\/acrimat.org.br\/portal\/embarque-de-carne-bovina-no-1o-trimestre-surpreende-mercado\/","name":"Embarque de carne bovina no 1\u00ba trimestre surpreende mercado - Acrimat","isPartOf":{"@id":"https:\/\/acrimat.org.br\/portal\/#website"},"primaryImageOfPage":{"@id":"https:\/\/acrimat.org.br\/portal\/embarque-de-carne-bovina-no-1o-trimestre-surpreende-mercado\/#primaryimage"},"image":{"@id":"https:\/\/acrimat.org.br\/portal\/embarque-de-carne-bovina-no-1o-trimestre-surpreende-mercado\/#primaryimage"},"thumbnailUrl":"https:\/\/acrimat.org.br\/portal\/wp-content\/uploads\/2017\/11\/carne-mercado3.jpg","datePublished":"2018-04-06T12:34:42+00:00","dateModified":"2018-04-06T14:51:34+00:00","breadcrumb":{"@id":"https:\/\/acrimat.org.br\/portal\/embarque-de-carne-bovina-no-1o-trimestre-surpreende-mercado\/#breadcrumb"},"inLanguage":"pt-BR","potentialAction":[{"@type":"ReadAction","target":["https:\/\/acrimat.org.br\/portal\/embarque-de-carne-bovina-no-1o-trimestre-surpreende-mercado\/"]}]},{"@type":"ImageObject","inLanguage":"pt-BR","@id":"https:\/\/acrimat.org.br\/portal\/embarque-de-carne-bovina-no-1o-trimestre-surpreende-mercado\/#primaryimage","url":"https:\/\/acrimat.org.br\/portal\/wp-content\/uploads\/2017\/11\/carne-mercado3.jpg","contentUrl":"https:\/\/acrimat.org.br\/portal\/wp-content\/uploads\/2017\/11\/carne-mercado3.jpg","width":730,"height":502},{"@type":"BreadcrumbList","@id":"https:\/\/acrimat.org.br\/portal\/embarque-de-carne-bovina-no-1o-trimestre-surpreende-mercado\/#breadcrumb","itemListElement":[{"@type":"ListItem","position":1,"name":"In\u00edcio","item":"https:\/\/acrimat.org.br\/portal\/"},{"@type":"ListItem","position":2,"name":"Embarque de carne bovina no 1\u00ba trimestre surpreende mercado"}]},{"@type":"WebSite","@id":"https:\/\/acrimat.org.br\/portal\/#website","url":"https:\/\/acrimat.org.br\/portal\/","name":"Acrimat","description":"Associa\u00e7\u00e3o dos Criadores de Mato Grosso","publisher":{"@id":"https:\/\/acrimat.org.br\/portal\/#organization"},"potentialAction":[{"@type":"SearchAction","target":{"@type":"EntryPoint","urlTemplate":"https:\/\/acrimat.org.br\/portal\/?s={search_term_string}"},"query-input":{"@type":"PropertyValueSpecification","valueRequired":true,"valueName":"search_term_string"}}],"inLanguage":"pt-BR"},{"@type":"Organization","@id":"https:\/\/acrimat.org.br\/portal\/#organization","name":"Associa\u00e7\u00e3o dos Criadores de Mato Grosso","url":"https:\/\/acrimat.org.br\/portal\/","logo":{"@type":"ImageObject","inLanguage":"pt-BR","@id":"https:\/\/acrimat.org.br\/portal\/#\/schema\/logo\/image\/","url":"https:\/\/acrimat.org.br\/portal\/wp-content\/uploads\/2018\/03\/logo-peq-original.png","contentUrl":"https:\/\/acrimat.org.br\/portal\/wp-content\/uploads\/2018\/03\/logo-peq-original.png","width":174,"height":171,"caption":"Associa\u00e7\u00e3o dos Criadores de Mato Grosso"},"image":{"@id":"https:\/\/acrimat.org.br\/portal\/#\/schema\/logo\/image\/"}},{"@type":"Person","@id":"https:\/\/acrimat.org.br\/portal\/#\/schema\/person\/a309b9496344ff991e8e1b1d751fdd7b","name":"Assessoria de comunica\u00e7\u00e3o ACRIMAT","image":{"@type":"ImageObject","inLanguage":"pt-BR","@id":"https:\/\/acrimat.org.br\/portal\/#\/schema\/person\/image\/","url":"https:\/\/secure.gravatar.com\/avatar\/2f9c28e64c317bcd762b25cb1575f1b4?s=96&d=mm&r=g","contentUrl":"https:\/\/secure.gravatar.com\/avatar\/2f9c28e64c317bcd762b25cb1575f1b4?s=96&d=mm&r=g","caption":"Assessoria de comunica\u00e7\u00e3o ACRIMAT"},"sameAs":["http:\/\/acrimat.org.br\/"],"url":"https:\/\/acrimat.org.br\/portal\/author\/ascom\/"}]}},"_links":{"self":[{"href":"https:\/\/acrimat.org.br\/portal\/wp-json\/wp\/v2\/posts\/97986932","targetHints":{"allow":["GET"]}}],"collection":[{"href":"https:\/\/acrimat.org.br\/portal\/wp-json\/wp\/v2\/posts"}],"about":[{"href":"https:\/\/acrimat.org.br\/portal\/wp-json\/wp\/v2\/types\/post"}],"author":[{"embeddable":true,"href":"https:\/\/acrimat.org.br\/portal\/wp-json\/wp\/v2\/users\/7"}],"replies":[{"embeddable":true,"href":"https:\/\/acrimat.org.br\/portal\/wp-json\/wp\/v2\/comments?post=97986932"}],"version-history":[{"count":1,"href":"https:\/\/acrimat.org.br\/portal\/wp-json\/wp\/v2\/posts\/97986932\/revisions"}],"predecessor-version":[{"id":97986934,"href":"https:\/\/acrimat.org.br\/portal\/wp-json\/wp\/v2\/posts\/97986932\/revisions\/97986934"}],"wp:featuredmedia":[{"embeddable":true,"href":"https:\/\/acrimat.org.br\/portal\/wp-json\/wp\/v2\/media\/97985038"}],"wp:attachment":[{"href":"https:\/\/acrimat.org.br\/portal\/wp-json\/wp\/v2\/media?parent=97986932"}],"wp:term":[{"taxonomy":"category","embeddable":true,"href":"https:\/\/acrimat.org.br\/portal\/wp-json\/wp\/v2\/categories?post=97986932"},{"taxonomy":"post_tag","embeddable":true,"href":"https:\/\/acrimat.org.br\/portal\/wp-json\/wp\/v2\/tags?post=97986932"}],"curies":[{"name":"wp","href":"https:\/\/api.w.org\/{rel}","templated":true}]}}