{"id":97986974,"date":"2018-04-06T11:27:13","date_gmt":"2018-04-06T14:27:13","guid":{"rendered":"http:\/\/acrimat.org.br\/portal\/?p=97986974"},"modified":"2018-04-06T11:27:13","modified_gmt":"2018-04-06T14:27:13","slug":"mais-uma-semana-de-queda-no-mercado-atacadista-de-carne-bovina-sem-osso","status":"publish","type":"post","link":"https:\/\/acrimat.org.br\/portal\/mais-uma-semana-de-queda-no-mercado-atacadista-de-carne-bovina-sem-osso\/","title":{"rendered":"Mais uma semana de queda no mercado atacadista de carne bovina sem osso"},"content":{"rendered":"<p style=\"font-weight: 400;\">Das quatorze semanas do ano, o mercado atacadista de carne bovina sem osso apresentou alta em apenas duas delas.<\/p>\n<p style=\"font-weight: 400;\">Nem o in\u00edcio do m\u00eas, quando normalmente temos melhora quanto a demanda, com o recebimento dos sal\u00e1rios e melhora no poder aquisitivo da popula\u00e7\u00e3o, resultou em alta nas cota\u00e7\u00f5es.<\/p>\n<p style=\"font-weight: 400;\">Os pre\u00e7os ficaram praticamente est\u00e1veis nos \u00faltimos sete dias, com varia\u00e7\u00e3o negativa em 0,3%. Nos \u00faltimos trinta dias, a queda acumulada \u00e9 de 1,5%.<\/p>\n<p style=\"font-weight: 400;\">A queda foi puxada principalmente pelos cortes do traseiro que tiveram recuo de 0,5% na semana. J\u00e1 os cortes do dianteiro, que apresentam menor valor agregado quando comparado ao traseiro, apresentaram alta de 0,4%.<\/p>\n<p style=\"font-weight: 400;\">Entre os cortes, destaque para a picanha que teve queda de 2,3%.<\/p>\n<p style=\"font-weight: 400;\">O aumento no volume de abates nos dois primeiros meses do ano foi o principal fator que colaborou para um desequil\u00edbrio entre a oferta e a demanda por carne bovina.<\/p>\n<p style=\"font-weight: 400;\">Entretanto, o que se observa nos \u00faltimos dias \u00e9 uma mudan\u00e7a na estrat\u00e9gia dos frigor\u00edficos, no intuito de controlar seus estoques. As ind\u00fastrias est\u00e3o diminuindo os abates di\u00e1rios ou pulando dias de escala.<\/p>\n<p style=\"font-weight: 400;\">Assim, vale a aten\u00e7\u00e3o do pecuarista quanto a esse comportamento, j\u00e1 que a expectativa para os pr\u00f3ximos meses \u00e9 de diminui\u00e7\u00e3o nas chuvas que pode resultar em aumento na oferta de animais dispon\u00edveis.<\/p>\n<p style=\"font-weight: 400;\">Com a demanda enfraquecida e o aumento de oferta, quedas para o mercado do boi gordo n\u00e3o est\u00e3o descartadas.<\/p>\n","protected":false},"excerpt":{"rendered":"<p>Das quatorze semanas do ano, o mercado atacadista de carne bovina sem osso apresentou alta em apenas duas delas.<\/p>\n","protected":false},"author":7,"featured_media":97984003,"comment_status":"closed","ping_status":"closed","sticky":false,"template":"","format":"standard","meta":{"footnotes":""},"categories":[6,1],"tags":[],"class_list":["post-97986974","post","type-post","status-publish","format-standard","has-post-thumbnail","hentry","category-destaque","category-noticia"],"yoast_head":"<!-- This site is optimized with the Yoast SEO plugin v24.8.1 - https:\/\/yoast.com\/wordpress\/plugins\/seo\/ -->\n<title>Mais uma semana de queda no mercado atacadista de carne bovina sem osso - Acrimat<\/title>\n<meta name=\"robots\" content=\"index, follow, max-snippet:-1, max-image-preview:large, max-video-preview:-1\" \/>\n<link rel=\"canonical\" href=\"https:\/\/acrimat.org.br\/portal\/mais-uma-semana-de-queda-no-mercado-atacadista-de-carne-bovina-sem-osso\/\" \/>\n<meta property=\"og:locale\" content=\"pt_BR\" \/>\n<meta property=\"og:type\" content=\"article\" \/>\n<meta property=\"og:title\" content=\"Mais uma semana de queda no mercado atacadista de carne bovina sem osso - Acrimat\" \/>\n<meta property=\"og:description\" content=\"Das quatorze semanas do ano, o mercado atacadista de carne bovina sem osso apresentou alta em apenas duas delas.\" \/>\n<meta property=\"og:url\" content=\"https:\/\/acrimat.org.br\/portal\/mais-uma-semana-de-queda-no-mercado-atacadista-de-carne-bovina-sem-osso\/\" \/>\n<meta property=\"og:site_name\" content=\"Acrimat\" \/>\n<meta property=\"article:published_time\" content=\"2018-04-06T14:27:13+00:00\" \/>\n<meta property=\"og:image\" content=\"https:\/\/acrimat.org.br\/portal\/wp-content\/uploads\/2017\/10\/carne-bovina-exportacao-672x372.jpg\" \/>\n\t<meta property=\"og:image:width\" content=\"672\" \/>\n\t<meta property=\"og:image:height\" content=\"372\" \/>\n\t<meta property=\"og:image:type\" content=\"image\/jpeg\" \/>\n<meta name=\"author\" content=\"Assessoria de comunica\u00e7\u00e3o ACRIMAT\" \/>\n<meta name=\"twitter:card\" content=\"summary_large_image\" \/>\n<meta name=\"twitter:label1\" content=\"Escrito por\" \/>\n\t<meta name=\"twitter:data1\" content=\"Assessoria de comunica\u00e7\u00e3o ACRIMAT\" \/>\n\t<meta name=\"twitter:label2\" content=\"Est. tempo de leitura\" \/>\n\t<meta name=\"twitter:data2\" content=\"1 minuto\" \/>\n<script type=\"application\/ld+json\" class=\"yoast-schema-graph\">{\"@context\":\"https:\/\/schema.org\",\"@graph\":[{\"@type\":\"Article\",\"@id\":\"https:\/\/acrimat.org.br\/portal\/mais-uma-semana-de-queda-no-mercado-atacadista-de-carne-bovina-sem-osso\/#article\",\"isPartOf\":{\"@id\":\"https:\/\/acrimat.org.br\/portal\/mais-uma-semana-de-queda-no-mercado-atacadista-de-carne-bovina-sem-osso\/\"},\"author\":{\"name\":\"Assessoria de comunica\u00e7\u00e3o ACRIMAT\",\"@id\":\"https:\/\/acrimat.org.br\/portal\/#\/schema\/person\/a309b9496344ff991e8e1b1d751fdd7b\"},\"headline\":\"Mais uma semana de queda no mercado atacadista de carne bovina sem osso\",\"datePublished\":\"2018-04-06T14:27:13+00:00\",\"mainEntityOfPage\":{\"@id\":\"https:\/\/acrimat.org.br\/portal\/mais-uma-semana-de-queda-no-mercado-atacadista-de-carne-bovina-sem-osso\/\"},\"wordCount\":259,\"publisher\":{\"@id\":\"https:\/\/acrimat.org.br\/portal\/#organization\"},\"image\":{\"@id\":\"https:\/\/acrimat.org.br\/portal\/mais-uma-semana-de-queda-no-mercado-atacadista-de-carne-bovina-sem-osso\/#primaryimage\"},\"thumbnailUrl\":\"https:\/\/acrimat.org.br\/portal\/wp-content\/uploads\/2017\/10\/carne-bovina-exportacao-672x372.jpg\",\"articleSection\":[\"Destaques\",\"Not\u00edcias\"],\"inLanguage\":\"pt-BR\"},{\"@type\":\"WebPage\",\"@id\":\"https:\/\/acrimat.org.br\/portal\/mais-uma-semana-de-queda-no-mercado-atacadista-de-carne-bovina-sem-osso\/\",\"url\":\"https:\/\/acrimat.org.br\/portal\/mais-uma-semana-de-queda-no-mercado-atacadista-de-carne-bovina-sem-osso\/\",\"name\":\"Mais uma semana de queda no mercado atacadista de carne bovina sem osso - Acrimat\",\"isPartOf\":{\"@id\":\"https:\/\/acrimat.org.br\/portal\/#website\"},\"primaryImageOfPage\":{\"@id\":\"https:\/\/acrimat.org.br\/portal\/mais-uma-semana-de-queda-no-mercado-atacadista-de-carne-bovina-sem-osso\/#primaryimage\"},\"image\":{\"@id\":\"https:\/\/acrimat.org.br\/portal\/mais-uma-semana-de-queda-no-mercado-atacadista-de-carne-bovina-sem-osso\/#primaryimage\"},\"thumbnailUrl\":\"https:\/\/acrimat.org.br\/portal\/wp-content\/uploads\/2017\/10\/carne-bovina-exportacao-672x372.jpg\",\"datePublished\":\"2018-04-06T14:27:13+00:00\",\"breadcrumb\":{\"@id\":\"https:\/\/acrimat.org.br\/portal\/mais-uma-semana-de-queda-no-mercado-atacadista-de-carne-bovina-sem-osso\/#breadcrumb\"},\"inLanguage\":\"pt-BR\",\"potentialAction\":[{\"@type\":\"ReadAction\",\"target\":[\"https:\/\/acrimat.org.br\/portal\/mais-uma-semana-de-queda-no-mercado-atacadista-de-carne-bovina-sem-osso\/\"]}]},{\"@type\":\"ImageObject\",\"inLanguage\":\"pt-BR\",\"@id\":\"https:\/\/acrimat.org.br\/portal\/mais-uma-semana-de-queda-no-mercado-atacadista-de-carne-bovina-sem-osso\/#primaryimage\",\"url\":\"https:\/\/acrimat.org.br\/portal\/wp-content\/uploads\/2017\/10\/carne-bovina-exportacao-672x372.jpg\",\"contentUrl\":\"https:\/\/acrimat.org.br\/portal\/wp-content\/uploads\/2017\/10\/carne-bovina-exportacao-672x372.jpg\",\"width\":672,\"height\":372},{\"@type\":\"BreadcrumbList\",\"@id\":\"https:\/\/acrimat.org.br\/portal\/mais-uma-semana-de-queda-no-mercado-atacadista-de-carne-bovina-sem-osso\/#breadcrumb\",\"itemListElement\":[{\"@type\":\"ListItem\",\"position\":1,\"name\":\"In\u00edcio\",\"item\":\"https:\/\/acrimat.org.br\/portal\/\"},{\"@type\":\"ListItem\",\"position\":2,\"name\":\"Mais uma semana de queda no mercado atacadista de carne bovina sem osso\"}]},{\"@type\":\"WebSite\",\"@id\":\"https:\/\/acrimat.org.br\/portal\/#website\",\"url\":\"https:\/\/acrimat.org.br\/portal\/\",\"name\":\"Acrimat\",\"description\":\"Associa\u00e7\u00e3o dos Criadores de Mato Grosso\",\"publisher\":{\"@id\":\"https:\/\/acrimat.org.br\/portal\/#organization\"},\"potentialAction\":[{\"@type\":\"SearchAction\",\"target\":{\"@type\":\"EntryPoint\",\"urlTemplate\":\"https:\/\/acrimat.org.br\/portal\/?s={search_term_string}\"},\"query-input\":{\"@type\":\"PropertyValueSpecification\",\"valueRequired\":true,\"valueName\":\"search_term_string\"}}],\"inLanguage\":\"pt-BR\"},{\"@type\":\"Organization\",\"@id\":\"https:\/\/acrimat.org.br\/portal\/#organization\",\"name\":\"Associa\u00e7\u00e3o dos Criadores de Mato Grosso\",\"url\":\"https:\/\/acrimat.org.br\/portal\/\",\"logo\":{\"@type\":\"ImageObject\",\"inLanguage\":\"pt-BR\",\"@id\":\"https:\/\/acrimat.org.br\/portal\/#\/schema\/logo\/image\/\",\"url\":\"https:\/\/acrimat.org.br\/portal\/wp-content\/uploads\/2018\/03\/logo-peq-original.png\",\"contentUrl\":\"https:\/\/acrimat.org.br\/portal\/wp-content\/uploads\/2018\/03\/logo-peq-original.png\",\"width\":174,\"height\":171,\"caption\":\"Associa\u00e7\u00e3o dos Criadores de Mato Grosso\"},\"image\":{\"@id\":\"https:\/\/acrimat.org.br\/portal\/#\/schema\/logo\/image\/\"}},{\"@type\":\"Person\",\"@id\":\"https:\/\/acrimat.org.br\/portal\/#\/schema\/person\/a309b9496344ff991e8e1b1d751fdd7b\",\"name\":\"Assessoria de comunica\u00e7\u00e3o ACRIMAT\",\"image\":{\"@type\":\"ImageObject\",\"inLanguage\":\"pt-BR\",\"@id\":\"https:\/\/acrimat.org.br\/portal\/#\/schema\/person\/image\/\",\"url\":\"https:\/\/secure.gravatar.com\/avatar\/2f9c28e64c317bcd762b25cb1575f1b4?s=96&d=mm&r=g\",\"contentUrl\":\"https:\/\/secure.gravatar.com\/avatar\/2f9c28e64c317bcd762b25cb1575f1b4?s=96&d=mm&r=g\",\"caption\":\"Assessoria de comunica\u00e7\u00e3o ACRIMAT\"},\"sameAs\":[\"http:\/\/acrimat.org.br\/\"],\"url\":\"https:\/\/acrimat.org.br\/portal\/author\/ascom\/\"}]}<\/script>\n<!-- \/ Yoast SEO plugin. -->","yoast_head_json":{"title":"Mais uma semana de queda no mercado atacadista de carne bovina sem osso - Acrimat","robots":{"index":"index","follow":"follow","max-snippet":"max-snippet:-1","max-image-preview":"max-image-preview:large","max-video-preview":"max-video-preview:-1"},"canonical":"https:\/\/acrimat.org.br\/portal\/mais-uma-semana-de-queda-no-mercado-atacadista-de-carne-bovina-sem-osso\/","og_locale":"pt_BR","og_type":"article","og_title":"Mais uma semana de queda no mercado atacadista de carne bovina sem osso - Acrimat","og_description":"Das quatorze semanas do ano, o mercado atacadista de carne bovina sem osso apresentou alta em apenas duas delas.","og_url":"https:\/\/acrimat.org.br\/portal\/mais-uma-semana-de-queda-no-mercado-atacadista-de-carne-bovina-sem-osso\/","og_site_name":"Acrimat","article_published_time":"2018-04-06T14:27:13+00:00","og_image":[{"width":672,"height":372,"url":"https:\/\/acrimat.org.br\/portal\/wp-content\/uploads\/2017\/10\/carne-bovina-exportacao-672x372.jpg","type":"image\/jpeg"}],"author":"Assessoria de comunica\u00e7\u00e3o ACRIMAT","twitter_card":"summary_large_image","twitter_misc":{"Escrito por":"Assessoria de comunica\u00e7\u00e3o ACRIMAT","Est. tempo de leitura":"1 minuto"},"schema":{"@context":"https:\/\/schema.org","@graph":[{"@type":"Article","@id":"https:\/\/acrimat.org.br\/portal\/mais-uma-semana-de-queda-no-mercado-atacadista-de-carne-bovina-sem-osso\/#article","isPartOf":{"@id":"https:\/\/acrimat.org.br\/portal\/mais-uma-semana-de-queda-no-mercado-atacadista-de-carne-bovina-sem-osso\/"},"author":{"name":"Assessoria de comunica\u00e7\u00e3o ACRIMAT","@id":"https:\/\/acrimat.org.br\/portal\/#\/schema\/person\/a309b9496344ff991e8e1b1d751fdd7b"},"headline":"Mais uma semana de queda no mercado atacadista de carne bovina sem osso","datePublished":"2018-04-06T14:27:13+00:00","mainEntityOfPage":{"@id":"https:\/\/acrimat.org.br\/portal\/mais-uma-semana-de-queda-no-mercado-atacadista-de-carne-bovina-sem-osso\/"},"wordCount":259,"publisher":{"@id":"https:\/\/acrimat.org.br\/portal\/#organization"},"image":{"@id":"https:\/\/acrimat.org.br\/portal\/mais-uma-semana-de-queda-no-mercado-atacadista-de-carne-bovina-sem-osso\/#primaryimage"},"thumbnailUrl":"https:\/\/acrimat.org.br\/portal\/wp-content\/uploads\/2017\/10\/carne-bovina-exportacao-672x372.jpg","articleSection":["Destaques","Not\u00edcias"],"inLanguage":"pt-BR"},{"@type":"WebPage","@id":"https:\/\/acrimat.org.br\/portal\/mais-uma-semana-de-queda-no-mercado-atacadista-de-carne-bovina-sem-osso\/","url":"https:\/\/acrimat.org.br\/portal\/mais-uma-semana-de-queda-no-mercado-atacadista-de-carne-bovina-sem-osso\/","name":"Mais uma semana de queda no mercado atacadista de carne bovina sem osso - Acrimat","isPartOf":{"@id":"https:\/\/acrimat.org.br\/portal\/#website"},"primaryImageOfPage":{"@id":"https:\/\/acrimat.org.br\/portal\/mais-uma-semana-de-queda-no-mercado-atacadista-de-carne-bovina-sem-osso\/#primaryimage"},"image":{"@id":"https:\/\/acrimat.org.br\/portal\/mais-uma-semana-de-queda-no-mercado-atacadista-de-carne-bovina-sem-osso\/#primaryimage"},"thumbnailUrl":"https:\/\/acrimat.org.br\/portal\/wp-content\/uploads\/2017\/10\/carne-bovina-exportacao-672x372.jpg","datePublished":"2018-04-06T14:27:13+00:00","breadcrumb":{"@id":"https:\/\/acrimat.org.br\/portal\/mais-uma-semana-de-queda-no-mercado-atacadista-de-carne-bovina-sem-osso\/#breadcrumb"},"inLanguage":"pt-BR","potentialAction":[{"@type":"ReadAction","target":["https:\/\/acrimat.org.br\/portal\/mais-uma-semana-de-queda-no-mercado-atacadista-de-carne-bovina-sem-osso\/"]}]},{"@type":"ImageObject","inLanguage":"pt-BR","@id":"https:\/\/acrimat.org.br\/portal\/mais-uma-semana-de-queda-no-mercado-atacadista-de-carne-bovina-sem-osso\/#primaryimage","url":"https:\/\/acrimat.org.br\/portal\/wp-content\/uploads\/2017\/10\/carne-bovina-exportacao-672x372.jpg","contentUrl":"https:\/\/acrimat.org.br\/portal\/wp-content\/uploads\/2017\/10\/carne-bovina-exportacao-672x372.jpg","width":672,"height":372},{"@type":"BreadcrumbList","@id":"https:\/\/acrimat.org.br\/portal\/mais-uma-semana-de-queda-no-mercado-atacadista-de-carne-bovina-sem-osso\/#breadcrumb","itemListElement":[{"@type":"ListItem","position":1,"name":"In\u00edcio","item":"https:\/\/acrimat.org.br\/portal\/"},{"@type":"ListItem","position":2,"name":"Mais uma semana de queda no mercado atacadista de carne bovina sem osso"}]},{"@type":"WebSite","@id":"https:\/\/acrimat.org.br\/portal\/#website","url":"https:\/\/acrimat.org.br\/portal\/","name":"Acrimat","description":"Associa\u00e7\u00e3o dos Criadores de Mato Grosso","publisher":{"@id":"https:\/\/acrimat.org.br\/portal\/#organization"},"potentialAction":[{"@type":"SearchAction","target":{"@type":"EntryPoint","urlTemplate":"https:\/\/acrimat.org.br\/portal\/?s={search_term_string}"},"query-input":{"@type":"PropertyValueSpecification","valueRequired":true,"valueName":"search_term_string"}}],"inLanguage":"pt-BR"},{"@type":"Organization","@id":"https:\/\/acrimat.org.br\/portal\/#organization","name":"Associa\u00e7\u00e3o dos Criadores de Mato Grosso","url":"https:\/\/acrimat.org.br\/portal\/","logo":{"@type":"ImageObject","inLanguage":"pt-BR","@id":"https:\/\/acrimat.org.br\/portal\/#\/schema\/logo\/image\/","url":"https:\/\/acrimat.org.br\/portal\/wp-content\/uploads\/2018\/03\/logo-peq-original.png","contentUrl":"https:\/\/acrimat.org.br\/portal\/wp-content\/uploads\/2018\/03\/logo-peq-original.png","width":174,"height":171,"caption":"Associa\u00e7\u00e3o dos Criadores de Mato Grosso"},"image":{"@id":"https:\/\/acrimat.org.br\/portal\/#\/schema\/logo\/image\/"}},{"@type":"Person","@id":"https:\/\/acrimat.org.br\/portal\/#\/schema\/person\/a309b9496344ff991e8e1b1d751fdd7b","name":"Assessoria de comunica\u00e7\u00e3o ACRIMAT","image":{"@type":"ImageObject","inLanguage":"pt-BR","@id":"https:\/\/acrimat.org.br\/portal\/#\/schema\/person\/image\/","url":"https:\/\/secure.gravatar.com\/avatar\/2f9c28e64c317bcd762b25cb1575f1b4?s=96&d=mm&r=g","contentUrl":"https:\/\/secure.gravatar.com\/avatar\/2f9c28e64c317bcd762b25cb1575f1b4?s=96&d=mm&r=g","caption":"Assessoria de comunica\u00e7\u00e3o ACRIMAT"},"sameAs":["http:\/\/acrimat.org.br\/"],"url":"https:\/\/acrimat.org.br\/portal\/author\/ascom\/"}]}},"_links":{"self":[{"href":"https:\/\/acrimat.org.br\/portal\/wp-json\/wp\/v2\/posts\/97986974","targetHints":{"allow":["GET"]}}],"collection":[{"href":"https:\/\/acrimat.org.br\/portal\/wp-json\/wp\/v2\/posts"}],"about":[{"href":"https:\/\/acrimat.org.br\/portal\/wp-json\/wp\/v2\/types\/post"}],"author":[{"embeddable":true,"href":"https:\/\/acrimat.org.br\/portal\/wp-json\/wp\/v2\/users\/7"}],"replies":[{"embeddable":true,"href":"https:\/\/acrimat.org.br\/portal\/wp-json\/wp\/v2\/comments?post=97986974"}],"version-history":[{"count":1,"href":"https:\/\/acrimat.org.br\/portal\/wp-json\/wp\/v2\/posts\/97986974\/revisions"}],"predecessor-version":[{"id":97986975,"href":"https:\/\/acrimat.org.br\/portal\/wp-json\/wp\/v2\/posts\/97986974\/revisions\/97986975"}],"wp:featuredmedia":[{"embeddable":true,"href":"https:\/\/acrimat.org.br\/portal\/wp-json\/wp\/v2\/media\/97984003"}],"wp:attachment":[{"href":"https:\/\/acrimat.org.br\/portal\/wp-json\/wp\/v2\/media?parent=97986974"}],"wp:term":[{"taxonomy":"category","embeddable":true,"href":"https:\/\/acrimat.org.br\/portal\/wp-json\/wp\/v2\/categories?post=97986974"},{"taxonomy":"post_tag","embeddable":true,"href":"https:\/\/acrimat.org.br\/portal\/wp-json\/wp\/v2\/tags?post=97986974"}],"curies":[{"name":"wp","href":"https:\/\/api.w.org\/{rel}","templated":true}]}}