{"id":97986976,"date":"2018-04-06T11:32:44","date_gmt":"2018-04-06T14:32:44","guid":{"rendered":"http:\/\/acrimat.org.br\/portal\/?p=97986976"},"modified":"2018-04-06T11:50:20","modified_gmt":"2018-04-06T14:50:20","slug":"brasil-deve-ampliar-mercado-para-carne-bovina-com-certificado-de-eliminacao-da-aftosa-diz-ministro","status":"publish","type":"post","link":"https:\/\/acrimat.org.br\/portal\/brasil-deve-ampliar-mercado-para-carne-bovina-com-certificado-de-eliminacao-da-aftosa-diz-ministro\/","title":{"rendered":"Com certificado de elimina\u00e7\u00e3o da aftosa, Brasil deve ampliar mercado"},"content":{"rendered":"<div class=\"mc-column content-text active-extra-styles active-capital-letter\" data-block-type=\"unstyled\" data-block-weight=\"52\" data-block-id=\"1\">\n<p class=\"content-text__container theme-color-primary-first-letter\" data-track-category=\"Link no Texto\" data-track-links=\"\">O ministro da Agricultura, Blairo Maggi (PP-MT), afirmou, nesta quinta-feira (5), que o Brasil deve abrir novos mercados com a conquista do t\u00edtulo de pa\u00eds livre de aftosa com vacina\u00e7\u00e3o. O reconhecimento internacional da Organiza\u00e7\u00e3o Mundial de Sa\u00fade Animal (OIE) ser\u00e1 oficializado entre os dias 20 e 25 de maio, em Paris.<\/p>\n<\/div>\n<div class=\"mc-column content-text active-extra-styles \" data-block-type=\"unstyled\" data-block-weight=\"41\" data-block-id=\"2\">\n<p class=\"content-text__container \" data-track-category=\"Link no Texto\" data-track-links=\"\">Blairo participou de cerim\u00f4nia de sobre a erradica\u00e7\u00e3o plena da aftosa na Embrapa (Empresa Brasileira de Pesquisa Agropecu\u00e1ria), com a presen\u00e7a do presidente Michel Temer. O governo federal lan\u00e7ou um selo comemorativo dos Correios com o logo: &#8220;Brasil, Livre de Aftosa&#8221;.<\/p>\n<\/div>\n<div class=\"mc-column content-text active-extra-styles \" data-block-type=\"unstyled\" data-block-weight=\"34\" data-block-id=\"3\">\n<p class=\"content-text__container \" data-track-category=\"Link no Texto\" data-track-links=\"\">&#8220;Com essa certifica\u00e7\u00e3o, vamos conseguir frequentar outros pa\u00edses, que s\u00e3o mais r\u00edgidos e pagam melhor pela carne. O simbolismo \u00e9 muito grande e vai trazer um novo status para o pa\u00eds\u201d, afirmou o ministro.<\/p>\n<\/div>\n<div class=\"mc-column content-text active-extra-styles \" data-block-type=\"unstyled\" data-block-weight=\"73\" data-block-id=\"4\">\n<p class=\"content-text__container \" data-track-category=\"Link no Texto\" data-track-links=\"\">Durante o evento, Blairo Maggi anunciou um plano estrat\u00e9gico para a retirada da vacina\u00e7\u00e3o contra febre aftosa. A partir de 2019, o trabalho come\u00e7a no Norte e segue em dire\u00e7\u00e3o ao Sul, at\u00e9 alcan\u00e7ar todo o pa\u00eds, em 2023. Em 5 anos, o governo federal quer eliminar a imuniza\u00e7\u00e3o animal contra a doen\u00e7a e, assim, receber um novo t\u00edtulo de pa\u00eds livre de aftosa sem vacina\u00e7\u00e3o. Hoje, apenas Santa Catarina tem este reconhecimento.<\/p>\n<\/div>\n<div class=\"mc-column content-text active-extra-styles \" data-block-type=\"unstyled\" data-block-weight=\"55\" data-block-id=\"5\">\n<p class=\"content-text__container \" data-track-category=\"Link no Texto\" data-track-links=\"\">\u201cInicialmente, come\u00e7a com Amap\u00e1, depois vem Acre, Amazonas, Roraima e vem descendo. Isso porque, o Minist\u00e9rio da Agricultura fez um grande estudo dos fluxos sobre os locais onde os animais vivos transitam. Esses fluxos s\u00e3o sempre das zonas de menor volume de produ\u00e7\u00e3o para regi\u00e3o de maior produ\u00e7\u00e3o para abates e mercado\u201d, esclareceu Blairo Maggi.<\/p>\n<\/div>\n<div class=\"mc-column content-text active-extra-styles \" data-block-type=\"unstyled\" data-block-weight=\"36\" data-block-id=\"6\">\n<p class=\"content-text__container \" data-track-category=\"Link no Texto\" data-track-links=\"\">De acordo com o Minist\u00e9rio da Agricultura, estados como Paran\u00e1, Mato Grosso, Mato Grosso do Sul e Rio Grande do Sul querem acelerar o processo e apresentar planos paralelos ao governo para a retirada da vacina.<\/p>\n<\/div>\n<div class=\"mc-column content-text active-extra-styles \" data-block-type=\"unstyled\" data-block-weight=\"70\" data-block-id=\"7\">\n<p class=\"content-text__container \" data-track-category=\"Link no Texto\" data-track-links=\"\">O presidente Michel Temer afirmou que um poss\u00edvel mercado novo para o Brasil \u00e9 o Jap\u00e3o. &#8220;Num encontro com japoneses, muito se falou sobre produtos brasileiros. Acho que podemos ampliar o mercado de carne no Jap\u00e3o, que hoje s\u00f3 importante um tipo de carne&#8221;, afirmou Temer. Segundo o presidente, a erradica\u00e7\u00e3o da aftosa \u00e9 um combate em conjunto e sem o apoio dos pecuaristas n\u00e3o seria poss\u00edvel combater a doen\u00e7a.<\/p>\n<\/div>\n<div class=\"content-ads content-ads--reveal\" data-block-type=\"ads\" data-block-id=\"8\"><\/div>\n<div class=\"content-ads content-ads--reveal\" data-block-type=\"ads\" data-block-id=\"8\"><strong>Aftosa no Brasil<\/strong><\/div>\n<div class=\"mc-column content-text active-extra-styles \" data-block-type=\"unstyled\" data-block-weight=\"37\" data-block-id=\"10\">\n<p class=\"content-text__container \" data-track-category=\"Link no Texto\" data-track-links=\"\">O primeiro registro oficial de febre aftosa no Brasil foi no Tri\u00e2ngulo Mineiro, em 1895. Os focos na Am\u00e9rica do Sul coincidiram com a importa\u00e7\u00e3o de animais da Europa e com surgimento da ind\u00fastria frigor\u00edfica no Brasil.<\/p>\n<\/div>\n<div class=\"mc-column content-text active-extra-styles \" data-block-type=\"unstyled\" data-block-weight=\"50\" data-block-id=\"11\">\n<p class=\"content-text__container \" data-track-category=\"Link no Texto\" data-track-links=\"\">Em 1951, foi criado o Centro Pan Americano da Aftosa e reconhecida a necessidade de a\u00e7\u00f5es conjuntas entre os pa\u00edses do continente. J\u00e1 em 1992, o Minist\u00e9rio da Agricultura criou o Programa Nacional de Erradica\u00e7\u00e3o da Febre Aftosa, com a ado\u00e7\u00e3o de medidas regionais e da campanha sistem\u00e1tica da vacina\u00e7\u00e3o.<\/p>\n<\/div>\n<div class=\"mc-column content-text active-extra-styles \" data-block-type=\"unstyled\" data-block-weight=\"45\" data-block-id=\"12\">\n<p class=\"content-text__container \" data-track-category=\"Link no Texto\" data-track-links=\"\">O \u00faltimo foco de aftosa foi registrado no munic\u00edpio de Japor\u00e3, Mato Grosso do Sul, em 14 abril de 2006. Por outro lado, em 2007, o estado de Santa Catarina foi reconhecido pela OIE como a primeira zona livre da aftosa sem vacina\u00e7\u00e3o do pa\u00eds.<\/p>\n<\/div>\n<div class=\"mc-column content-text active-extra-styles \" data-block-type=\"unstyled\" data-block-weight=\"33\" data-block-id=\"13\">\n<p class=\"content-text__container \" data-track-category=\"Link no Texto\" data-track-links=\"\">Hoje, o Brasil tem o maior rebanho comercial do mundo, com 218,7 milh\u00f5es de cabe\u00e7as de bovinos e b\u00fafalos. \u00c9 tamb\u00e9m o maior exportador de carne com vendas para mais de 140 pa\u00edses.<\/p>\n<p class=\"content-text__container \" data-track-category=\"Link no Texto\" data-track-links=\"\"><strong>O que \u00e9 febre aftosa<\/strong><\/p>\n<\/div>\n<div class=\"mc-column content-text active-extra-styles \" data-block-type=\"unstyled\" data-block-weight=\"64\" data-block-id=\"15\">\n<p class=\"content-text__container \" data-track-category=\"Link no Texto\" data-track-links=\"\">A febre aftosa \u00e9 uma doen\u00e7a infecciosa aguda que causa febre e, em seguida, provoca o aparecimento de aftas, principalmente na boca e nos p\u00e9s de animais de casco fendido. A doen\u00e7a afeta bovinos, ovinos, su\u00ednos e caprinos, sendo causada por um v\u00edrus, altamente contagioso, que est\u00e1 presente em grande quantidade na saliva, no leite, nas fezes e at\u00e9 no sangue dos animais contaminados.<\/p>\n<\/div>\n<div data-track-category=\"fim do conteudo\" data-track-action=\"ultimo chunk conteudo\" data-track-noninteraction=\"false\" data-track-scroll=\"entrada completa viewport\">\n<div class=\"mc-column content-text active-extra-styles \" data-block-type=\"unstyled\" data-block-weight=\"29\" data-block-id=\"16\">\n<p class=\"content-text__container \" data-track-category=\"Link no Texto\" data-track-links=\"\">O principal efeito da febre aftosa \u00e9 comercial. A ocorr\u00eancia da doen\u00e7a imp\u00f5e barreiras ao com\u00e9rcio de produtos de origem animais e ainda afeta a abertura de novos mercados.<\/p>\n<\/div>\n<\/div>\n","protected":false},"excerpt":{"rendered":"<p>T\u00edtulo de pa\u00eds livre de aftosa com vacina\u00e7\u00e3o ser\u00e1 entregue ao Brasil em maio pela Organiza\u00e7\u00e3o Mundial de Sa\u00fade Animal (OIE).<\/p>\n","protected":false},"author":7,"featured_media":97986977,"comment_status":"closed","ping_status":"closed","sticky":false,"template":"","format":"standard","meta":{"footnotes":""},"categories":[6,1],"tags":[],"class_list":["post-97986976","post","type-post","status-publish","format-standard","has-post-thumbnail","hentry","category-destaque","category-noticia"],"yoast_head":"<!-- This site is optimized with the Yoast SEO plugin v24.8.1 - https:\/\/yoast.com\/wordpress\/plugins\/seo\/ -->\n<title>Com certificado de elimina\u00e7\u00e3o da aftosa, Brasil deve ampliar mercado - Acrimat<\/title>\n<meta name=\"robots\" content=\"index, follow, max-snippet:-1, max-image-preview:large, max-video-preview:-1\" \/>\n<link rel=\"canonical\" href=\"https:\/\/acrimat.org.br\/portal\/brasil-deve-ampliar-mercado-para-carne-bovina-com-certificado-de-eliminacao-da-aftosa-diz-ministro\/\" \/>\n<meta property=\"og:locale\" content=\"pt_BR\" \/>\n<meta property=\"og:type\" content=\"article\" \/>\n<meta property=\"og:title\" content=\"Com certificado de elimina\u00e7\u00e3o da aftosa, Brasil deve ampliar mercado - Acrimat\" \/>\n<meta property=\"og:description\" content=\"T\u00edtulo de pa\u00eds livre de aftosa com vacina\u00e7\u00e3o ser\u00e1 entregue ao Brasil em maio pela Organiza\u00e7\u00e3o Mundial de Sa\u00fade Animal (OIE).\" \/>\n<meta property=\"og:url\" content=\"https:\/\/acrimat.org.br\/portal\/brasil-deve-ampliar-mercado-para-carne-bovina-com-certificado-de-eliminacao-da-aftosa-diz-ministro\/\" \/>\n<meta property=\"og:site_name\" content=\"Acrimat\" \/>\n<meta property=\"article:published_time\" content=\"2018-04-06T14:32:44+00:00\" \/>\n<meta property=\"article:modified_time\" content=\"2018-04-06T14:50:20+00:00\" \/>\n<meta property=\"og:image\" content=\"https:\/\/acrimat.org.br\/portal\/wp-content\/uploads\/2018\/04\/livre-da-aftosa.png\" \/>\n\t<meta property=\"og:image:width\" content=\"960\" \/>\n\t<meta property=\"og:image:height\" content=\"760\" \/>\n\t<meta property=\"og:image:type\" content=\"image\/png\" \/>\n<meta name=\"author\" content=\"Assessoria de comunica\u00e7\u00e3o ACRIMAT\" \/>\n<meta name=\"twitter:card\" content=\"summary_large_image\" \/>\n<meta name=\"twitter:label1\" content=\"Escrito por\" \/>\n\t<meta name=\"twitter:data1\" content=\"Assessoria de comunica\u00e7\u00e3o ACRIMAT\" \/>\n\t<meta name=\"twitter:label2\" content=\"Est. tempo de leitura\" \/>\n\t<meta name=\"twitter:data2\" content=\"3 minutos\" \/>\n<script type=\"application\/ld+json\" class=\"yoast-schema-graph\">{\"@context\":\"https:\/\/schema.org\",\"@graph\":[{\"@type\":\"Article\",\"@id\":\"https:\/\/acrimat.org.br\/portal\/brasil-deve-ampliar-mercado-para-carne-bovina-com-certificado-de-eliminacao-da-aftosa-diz-ministro\/#article\",\"isPartOf\":{\"@id\":\"https:\/\/acrimat.org.br\/portal\/brasil-deve-ampliar-mercado-para-carne-bovina-com-certificado-de-eliminacao-da-aftosa-diz-ministro\/\"},\"author\":{\"name\":\"Assessoria de comunica\u00e7\u00e3o ACRIMAT\",\"@id\":\"https:\/\/acrimat.org.br\/portal\/#\/schema\/person\/a309b9496344ff991e8e1b1d751fdd7b\"},\"headline\":\"Com certificado de elimina\u00e7\u00e3o da aftosa, Brasil deve ampliar mercado\",\"datePublished\":\"2018-04-06T14:32:44+00:00\",\"dateModified\":\"2018-04-06T14:50:20+00:00\",\"mainEntityOfPage\":{\"@id\":\"https:\/\/acrimat.org.br\/portal\/brasil-deve-ampliar-mercado-para-carne-bovina-com-certificado-de-eliminacao-da-aftosa-diz-ministro\/\"},\"wordCount\":686,\"publisher\":{\"@id\":\"https:\/\/acrimat.org.br\/portal\/#organization\"},\"image\":{\"@id\":\"https:\/\/acrimat.org.br\/portal\/brasil-deve-ampliar-mercado-para-carne-bovina-com-certificado-de-eliminacao-da-aftosa-diz-ministro\/#primaryimage\"},\"thumbnailUrl\":\"https:\/\/acrimat.org.br\/portal\/wp-content\/uploads\/2018\/04\/livre-da-aftosa.png\",\"articleSection\":[\"Destaques\",\"Not\u00edcias\"],\"inLanguage\":\"pt-BR\"},{\"@type\":\"WebPage\",\"@id\":\"https:\/\/acrimat.org.br\/portal\/brasil-deve-ampliar-mercado-para-carne-bovina-com-certificado-de-eliminacao-da-aftosa-diz-ministro\/\",\"url\":\"https:\/\/acrimat.org.br\/portal\/brasil-deve-ampliar-mercado-para-carne-bovina-com-certificado-de-eliminacao-da-aftosa-diz-ministro\/\",\"name\":\"Com certificado de elimina\u00e7\u00e3o da aftosa, Brasil deve ampliar mercado - Acrimat\",\"isPartOf\":{\"@id\":\"https:\/\/acrimat.org.br\/portal\/#website\"},\"primaryImageOfPage\":{\"@id\":\"https:\/\/acrimat.org.br\/portal\/brasil-deve-ampliar-mercado-para-carne-bovina-com-certificado-de-eliminacao-da-aftosa-diz-ministro\/#primaryimage\"},\"image\":{\"@id\":\"https:\/\/acrimat.org.br\/portal\/brasil-deve-ampliar-mercado-para-carne-bovina-com-certificado-de-eliminacao-da-aftosa-diz-ministro\/#primaryimage\"},\"thumbnailUrl\":\"https:\/\/acrimat.org.br\/portal\/wp-content\/uploads\/2018\/04\/livre-da-aftosa.png\",\"datePublished\":\"2018-04-06T14:32:44+00:00\",\"dateModified\":\"2018-04-06T14:50:20+00:00\",\"breadcrumb\":{\"@id\":\"https:\/\/acrimat.org.br\/portal\/brasil-deve-ampliar-mercado-para-carne-bovina-com-certificado-de-eliminacao-da-aftosa-diz-ministro\/#breadcrumb\"},\"inLanguage\":\"pt-BR\",\"potentialAction\":[{\"@type\":\"ReadAction\",\"target\":[\"https:\/\/acrimat.org.br\/portal\/brasil-deve-ampliar-mercado-para-carne-bovina-com-certificado-de-eliminacao-da-aftosa-diz-ministro\/\"]}]},{\"@type\":\"ImageObject\",\"inLanguage\":\"pt-BR\",\"@id\":\"https:\/\/acrimat.org.br\/portal\/brasil-deve-ampliar-mercado-para-carne-bovina-com-certificado-de-eliminacao-da-aftosa-diz-ministro\/#primaryimage\",\"url\":\"https:\/\/acrimat.org.br\/portal\/wp-content\/uploads\/2018\/04\/livre-da-aftosa.png\",\"contentUrl\":\"https:\/\/acrimat.org.br\/portal\/wp-content\/uploads\/2018\/04\/livre-da-aftosa.png\",\"width\":960,\"height\":760},{\"@type\":\"BreadcrumbList\",\"@id\":\"https:\/\/acrimat.org.br\/portal\/brasil-deve-ampliar-mercado-para-carne-bovina-com-certificado-de-eliminacao-da-aftosa-diz-ministro\/#breadcrumb\",\"itemListElement\":[{\"@type\":\"ListItem\",\"position\":1,\"name\":\"In\u00edcio\",\"item\":\"https:\/\/acrimat.org.br\/portal\/\"},{\"@type\":\"ListItem\",\"position\":2,\"name\":\"Com certificado de elimina\u00e7\u00e3o da aftosa, Brasil deve ampliar mercado\"}]},{\"@type\":\"WebSite\",\"@id\":\"https:\/\/acrimat.org.br\/portal\/#website\",\"url\":\"https:\/\/acrimat.org.br\/portal\/\",\"name\":\"Acrimat\",\"description\":\"Associa\u00e7\u00e3o dos Criadores de Mato Grosso\",\"publisher\":{\"@id\":\"https:\/\/acrimat.org.br\/portal\/#organization\"},\"potentialAction\":[{\"@type\":\"SearchAction\",\"target\":{\"@type\":\"EntryPoint\",\"urlTemplate\":\"https:\/\/acrimat.org.br\/portal\/?s={search_term_string}\"},\"query-input\":{\"@type\":\"PropertyValueSpecification\",\"valueRequired\":true,\"valueName\":\"search_term_string\"}}],\"inLanguage\":\"pt-BR\"},{\"@type\":\"Organization\",\"@id\":\"https:\/\/acrimat.org.br\/portal\/#organization\",\"name\":\"Associa\u00e7\u00e3o dos Criadores de Mato Grosso\",\"url\":\"https:\/\/acrimat.org.br\/portal\/\",\"logo\":{\"@type\":\"ImageObject\",\"inLanguage\":\"pt-BR\",\"@id\":\"https:\/\/acrimat.org.br\/portal\/#\/schema\/logo\/image\/\",\"url\":\"https:\/\/acrimat.org.br\/portal\/wp-content\/uploads\/2018\/03\/logo-peq-original.png\",\"contentUrl\":\"https:\/\/acrimat.org.br\/portal\/wp-content\/uploads\/2018\/03\/logo-peq-original.png\",\"width\":174,\"height\":171,\"caption\":\"Associa\u00e7\u00e3o dos Criadores de Mato Grosso\"},\"image\":{\"@id\":\"https:\/\/acrimat.org.br\/portal\/#\/schema\/logo\/image\/\"}},{\"@type\":\"Person\",\"@id\":\"https:\/\/acrimat.org.br\/portal\/#\/schema\/person\/a309b9496344ff991e8e1b1d751fdd7b\",\"name\":\"Assessoria de comunica\u00e7\u00e3o ACRIMAT\",\"image\":{\"@type\":\"ImageObject\",\"inLanguage\":\"pt-BR\",\"@id\":\"https:\/\/acrimat.org.br\/portal\/#\/schema\/person\/image\/\",\"url\":\"https:\/\/secure.gravatar.com\/avatar\/2f9c28e64c317bcd762b25cb1575f1b4?s=96&d=mm&r=g\",\"contentUrl\":\"https:\/\/secure.gravatar.com\/avatar\/2f9c28e64c317bcd762b25cb1575f1b4?s=96&d=mm&r=g\",\"caption\":\"Assessoria de comunica\u00e7\u00e3o ACRIMAT\"},\"sameAs\":[\"http:\/\/acrimat.org.br\/\"],\"url\":\"https:\/\/acrimat.org.br\/portal\/author\/ascom\/\"}]}<\/script>\n<!-- \/ Yoast SEO plugin. -->","yoast_head_json":{"title":"Com certificado de elimina\u00e7\u00e3o da aftosa, Brasil deve ampliar mercado - Acrimat","robots":{"index":"index","follow":"follow","max-snippet":"max-snippet:-1","max-image-preview":"max-image-preview:large","max-video-preview":"max-video-preview:-1"},"canonical":"https:\/\/acrimat.org.br\/portal\/brasil-deve-ampliar-mercado-para-carne-bovina-com-certificado-de-eliminacao-da-aftosa-diz-ministro\/","og_locale":"pt_BR","og_type":"article","og_title":"Com certificado de elimina\u00e7\u00e3o da aftosa, Brasil deve ampliar mercado - Acrimat","og_description":"T\u00edtulo de pa\u00eds livre de aftosa com vacina\u00e7\u00e3o ser\u00e1 entregue ao Brasil em maio pela Organiza\u00e7\u00e3o Mundial de Sa\u00fade Animal (OIE).","og_url":"https:\/\/acrimat.org.br\/portal\/brasil-deve-ampliar-mercado-para-carne-bovina-com-certificado-de-eliminacao-da-aftosa-diz-ministro\/","og_site_name":"Acrimat","article_published_time":"2018-04-06T14:32:44+00:00","article_modified_time":"2018-04-06T14:50:20+00:00","og_image":[{"width":960,"height":760,"url":"https:\/\/acrimat.org.br\/portal\/wp-content\/uploads\/2018\/04\/livre-da-aftosa.png","type":"image\/png"}],"author":"Assessoria de comunica\u00e7\u00e3o ACRIMAT","twitter_card":"summary_large_image","twitter_misc":{"Escrito por":"Assessoria de comunica\u00e7\u00e3o ACRIMAT","Est. tempo de leitura":"3 minutos"},"schema":{"@context":"https:\/\/schema.org","@graph":[{"@type":"Article","@id":"https:\/\/acrimat.org.br\/portal\/brasil-deve-ampliar-mercado-para-carne-bovina-com-certificado-de-eliminacao-da-aftosa-diz-ministro\/#article","isPartOf":{"@id":"https:\/\/acrimat.org.br\/portal\/brasil-deve-ampliar-mercado-para-carne-bovina-com-certificado-de-eliminacao-da-aftosa-diz-ministro\/"},"author":{"name":"Assessoria de comunica\u00e7\u00e3o ACRIMAT","@id":"https:\/\/acrimat.org.br\/portal\/#\/schema\/person\/a309b9496344ff991e8e1b1d751fdd7b"},"headline":"Com certificado de elimina\u00e7\u00e3o da aftosa, Brasil deve ampliar mercado","datePublished":"2018-04-06T14:32:44+00:00","dateModified":"2018-04-06T14:50:20+00:00","mainEntityOfPage":{"@id":"https:\/\/acrimat.org.br\/portal\/brasil-deve-ampliar-mercado-para-carne-bovina-com-certificado-de-eliminacao-da-aftosa-diz-ministro\/"},"wordCount":686,"publisher":{"@id":"https:\/\/acrimat.org.br\/portal\/#organization"},"image":{"@id":"https:\/\/acrimat.org.br\/portal\/brasil-deve-ampliar-mercado-para-carne-bovina-com-certificado-de-eliminacao-da-aftosa-diz-ministro\/#primaryimage"},"thumbnailUrl":"https:\/\/acrimat.org.br\/portal\/wp-content\/uploads\/2018\/04\/livre-da-aftosa.png","articleSection":["Destaques","Not\u00edcias"],"inLanguage":"pt-BR"},{"@type":"WebPage","@id":"https:\/\/acrimat.org.br\/portal\/brasil-deve-ampliar-mercado-para-carne-bovina-com-certificado-de-eliminacao-da-aftosa-diz-ministro\/","url":"https:\/\/acrimat.org.br\/portal\/brasil-deve-ampliar-mercado-para-carne-bovina-com-certificado-de-eliminacao-da-aftosa-diz-ministro\/","name":"Com certificado de elimina\u00e7\u00e3o da aftosa, Brasil deve ampliar mercado - Acrimat","isPartOf":{"@id":"https:\/\/acrimat.org.br\/portal\/#website"},"primaryImageOfPage":{"@id":"https:\/\/acrimat.org.br\/portal\/brasil-deve-ampliar-mercado-para-carne-bovina-com-certificado-de-eliminacao-da-aftosa-diz-ministro\/#primaryimage"},"image":{"@id":"https:\/\/acrimat.org.br\/portal\/brasil-deve-ampliar-mercado-para-carne-bovina-com-certificado-de-eliminacao-da-aftosa-diz-ministro\/#primaryimage"},"thumbnailUrl":"https:\/\/acrimat.org.br\/portal\/wp-content\/uploads\/2018\/04\/livre-da-aftosa.png","datePublished":"2018-04-06T14:32:44+00:00","dateModified":"2018-04-06T14:50:20+00:00","breadcrumb":{"@id":"https:\/\/acrimat.org.br\/portal\/brasil-deve-ampliar-mercado-para-carne-bovina-com-certificado-de-eliminacao-da-aftosa-diz-ministro\/#breadcrumb"},"inLanguage":"pt-BR","potentialAction":[{"@type":"ReadAction","target":["https:\/\/acrimat.org.br\/portal\/brasil-deve-ampliar-mercado-para-carne-bovina-com-certificado-de-eliminacao-da-aftosa-diz-ministro\/"]}]},{"@type":"ImageObject","inLanguage":"pt-BR","@id":"https:\/\/acrimat.org.br\/portal\/brasil-deve-ampliar-mercado-para-carne-bovina-com-certificado-de-eliminacao-da-aftosa-diz-ministro\/#primaryimage","url":"https:\/\/acrimat.org.br\/portal\/wp-content\/uploads\/2018\/04\/livre-da-aftosa.png","contentUrl":"https:\/\/acrimat.org.br\/portal\/wp-content\/uploads\/2018\/04\/livre-da-aftosa.png","width":960,"height":760},{"@type":"BreadcrumbList","@id":"https:\/\/acrimat.org.br\/portal\/brasil-deve-ampliar-mercado-para-carne-bovina-com-certificado-de-eliminacao-da-aftosa-diz-ministro\/#breadcrumb","itemListElement":[{"@type":"ListItem","position":1,"name":"In\u00edcio","item":"https:\/\/acrimat.org.br\/portal\/"},{"@type":"ListItem","position":2,"name":"Com certificado de elimina\u00e7\u00e3o da aftosa, Brasil deve ampliar mercado"}]},{"@type":"WebSite","@id":"https:\/\/acrimat.org.br\/portal\/#website","url":"https:\/\/acrimat.org.br\/portal\/","name":"Acrimat","description":"Associa\u00e7\u00e3o dos Criadores de Mato Grosso","publisher":{"@id":"https:\/\/acrimat.org.br\/portal\/#organization"},"potentialAction":[{"@type":"SearchAction","target":{"@type":"EntryPoint","urlTemplate":"https:\/\/acrimat.org.br\/portal\/?s={search_term_string}"},"query-input":{"@type":"PropertyValueSpecification","valueRequired":true,"valueName":"search_term_string"}}],"inLanguage":"pt-BR"},{"@type":"Organization","@id":"https:\/\/acrimat.org.br\/portal\/#organization","name":"Associa\u00e7\u00e3o dos Criadores de Mato Grosso","url":"https:\/\/acrimat.org.br\/portal\/","logo":{"@type":"ImageObject","inLanguage":"pt-BR","@id":"https:\/\/acrimat.org.br\/portal\/#\/schema\/logo\/image\/","url":"https:\/\/acrimat.org.br\/portal\/wp-content\/uploads\/2018\/03\/logo-peq-original.png","contentUrl":"https:\/\/acrimat.org.br\/portal\/wp-content\/uploads\/2018\/03\/logo-peq-original.png","width":174,"height":171,"caption":"Associa\u00e7\u00e3o dos Criadores de Mato Grosso"},"image":{"@id":"https:\/\/acrimat.org.br\/portal\/#\/schema\/logo\/image\/"}},{"@type":"Person","@id":"https:\/\/acrimat.org.br\/portal\/#\/schema\/person\/a309b9496344ff991e8e1b1d751fdd7b","name":"Assessoria de comunica\u00e7\u00e3o ACRIMAT","image":{"@type":"ImageObject","inLanguage":"pt-BR","@id":"https:\/\/acrimat.org.br\/portal\/#\/schema\/person\/image\/","url":"https:\/\/secure.gravatar.com\/avatar\/2f9c28e64c317bcd762b25cb1575f1b4?s=96&d=mm&r=g","contentUrl":"https:\/\/secure.gravatar.com\/avatar\/2f9c28e64c317bcd762b25cb1575f1b4?s=96&d=mm&r=g","caption":"Assessoria de comunica\u00e7\u00e3o ACRIMAT"},"sameAs":["http:\/\/acrimat.org.br\/"],"url":"https:\/\/acrimat.org.br\/portal\/author\/ascom\/"}]}},"_links":{"self":[{"href":"https:\/\/acrimat.org.br\/portal\/wp-json\/wp\/v2\/posts\/97986976","targetHints":{"allow":["GET"]}}],"collection":[{"href":"https:\/\/acrimat.org.br\/portal\/wp-json\/wp\/v2\/posts"}],"about":[{"href":"https:\/\/acrimat.org.br\/portal\/wp-json\/wp\/v2\/types\/post"}],"author":[{"embeddable":true,"href":"https:\/\/acrimat.org.br\/portal\/wp-json\/wp\/v2\/users\/7"}],"replies":[{"embeddable":true,"href":"https:\/\/acrimat.org.br\/portal\/wp-json\/wp\/v2\/comments?post=97986976"}],"version-history":[{"count":2,"href":"https:\/\/acrimat.org.br\/portal\/wp-json\/wp\/v2\/posts\/97986976\/revisions"}],"predecessor-version":[{"id":97986989,"href":"https:\/\/acrimat.org.br\/portal\/wp-json\/wp\/v2\/posts\/97986976\/revisions\/97986989"}],"wp:featuredmedia":[{"embeddable":true,"href":"https:\/\/acrimat.org.br\/portal\/wp-json\/wp\/v2\/media\/97986977"}],"wp:attachment":[{"href":"https:\/\/acrimat.org.br\/portal\/wp-json\/wp\/v2\/media?parent=97986976"}],"wp:term":[{"taxonomy":"category","embeddable":true,"href":"https:\/\/acrimat.org.br\/portal\/wp-json\/wp\/v2\/categories?post=97986976"},{"taxonomy":"post_tag","embeddable":true,"href":"https:\/\/acrimat.org.br\/portal\/wp-json\/wp\/v2\/tags?post=97986976"}],"curies":[{"name":"wp","href":"https:\/\/api.w.org\/{rel}","templated":true}]}}