{"id":97986979,"date":"2018-04-06T11:39:49","date_gmt":"2018-04-06T14:39:49","guid":{"rendered":"http:\/\/acrimat.org.br\/portal\/?p=97986979"},"modified":"2018-04-06T11:49:25","modified_gmt":"2018-04-06T14:49:25","slug":"retirada-da-vacina-contra-a-febre-aftosa-fara-produtores-e-orgaos-de-defesa-animal-redobrarem-a-atencao","status":"publish","type":"post","link":"https:\/\/acrimat.org.br\/portal\/retirada-da-vacina-contra-a-febre-aftosa-fara-produtores-e-orgaos-de-defesa-animal-redobrarem-a-atencao\/","title":{"rendered":"Produtores redobrarem a aten\u00e7\u00e3o com a retirada da vacina contra a febre aftosa"},"content":{"rendered":"<p>Apesar de proporcionar um \u201cal\u00edvio\u201d para o bolso dos pecuaristas, a retirada da vacina contra a febre aftosa no Brasil a partir de 2021 requer que os produtores rurais e os \u00f3rg\u00e3os de defesa animal redobrem a aten\u00e7\u00e3o em cima das mais de 219 milh\u00f5es de cabe\u00e7as de bovinos e bubalinos existentes no pa\u00eds. Nesta quinta-feira, 05 de abril, foi celebrado no Brasil os 12 anos sem a incid\u00eancia da doen\u00e7a com vacina\u00e7\u00e3o e lan\u00e7ado em Bras\u00edlia (DF) o selo e carimbo comemorativos dos Correios \u201cBrasil Livre da Aftosa\u201d.<\/p>\n<p>O Brasil em 2018 completa 12 anos sem a incid\u00eancia da febre aftosa com vacina\u00e7\u00e3o e Mato Grosso 22 anos.<\/p>\n<p>Mato Grosso foi um dos estados que nesta quinta-feira, 05 de abril, comemorou o \u201cBrasil Livre da Aftosa\u201d. A celebra\u00e7\u00e3o ocorreu nesta tarde em Cuiab\u00e1 com homenagens a servidores do Instituto de Defesa Agropecu\u00e1ria de Mato Grosso (Indea-MT), do Minist\u00e9rio da Agricultura, Pecu\u00e1ria e Abastecimento (Mapa) que fazem da superintend\u00eancia estadual e produtores rurais pelo trabalho desempenhado pela erradica\u00e7\u00e3o da doen\u00e7a.<\/p>\n<p>Hoje no Brasil apenas o estado de Santa Catarina possui o status de estado livre da febre aftosa sem vacina\u00e7\u00e3o. O pa\u00eds caminha agora para em 2023 conquistar o status de livre da doen\u00e7a sem vacina\u00e7\u00e3o em todo o seu territ\u00f3rio.<\/p>\n<p>\u201cA caminhada n\u00e3o para. Agora n\u00e3o \u00e9 cuidar apenas para que a doen\u00e7a n\u00e3o apare\u00e7a mesmo com a vacina\u00e7\u00e3o, mas sim sem a imuniza\u00e7\u00e3o\u201d, disse o superintendente do Mapa em Mato Grosso, Jos\u00e9 Guaresqui.<\/p>\n<p>Os trabalhos para a retirada da vacina no pa\u00eds est\u00e3o sendo realizados conforme o Programa Nacional de Erradica\u00e7\u00e3o e Preven\u00e7\u00e3o da Febre Aftosa (PNEFA) 2017-2026. A previs\u00e3o \u00e9 que a partir de 2021 a vacina comece a ser retirada , sendo conclu\u00eddo o trabalho em 2023.<\/p>\n<p>\u201cA nossa evolu\u00e7\u00e3o est\u00e1 marcada com o Programa Nacional de Erradica\u00e7\u00e3o. Em 2023 iremos comemorar juntos a erradica\u00e7\u00e3o da doen\u00e7a em todo o pa\u00eds sem vacina\u201d, pontuou Daniela Soares, presidente do Indea-MT.<\/p>\n<p>De acordo com o superintendente do Minist\u00e9rio da Agricultura, Pecu\u00e1ria e Abastecimento em Mato Grosso, Jos\u00e9 Guaresqui, n\u00e3o \u00e9 apenas o Minist\u00e9rio quem comemora esse resultado. \u201c\u00c9 o povo brasileiro. S\u00e3o os produtores e todos aqueles que trabalharam para erradicar a doen\u00e7a\u201d.<\/p>\n<p>O presidente da Associa\u00e7\u00e3o dos Criadores de Nelore de Mato Grosso (ACNMT), M\u00e1rio Candia, destacou que \u201cHoje, estamos abrindo as portas para o mercado internacional. Esse resultado \u00e9 o carimbo para a abertura de novos mercados\u201d. Ainda conforme M\u00e1rio Candia, \u201c\u00c0s vezes d\u00e1 at\u00e9 um arrepio falar que em 2021 vamos deixar de vacinar. Mas, sabemos da consci\u00eancia dos produtores e cuidados que devem ser tomados para evitar que a doen\u00e7a volte\u201d.<\/p>\n<p>O vice-presidente da Associa\u00e7\u00e3o dos Criadores de Mato Grosso (Acrimat), Amarildo Merotti, lembrou que \u201cIsso n\u00e3o foi barato para n\u00f3s produtores. Duas doses por ano, cerca de R$ 3 por animal e ainda tendo que auxiliar os \u00f3rg\u00e3os de defesa animal, atrav\u00e9s do Fesa-MT\u201d, mas \u201cPara n\u00f3s \u00e9 uma honra estar comemorando isso hoje\u201d.<\/p>\n<p>O superintendente do Mapa em Mato Grosso, Jos\u00e9 Guaresqui, frisou que \u201cTalvez iremos economizar cerca de R$ 3, R$ 4 por animal, mas teremos que investir para evitar que a doen\u00e7a volte a nos assombrar\u201d.<\/p>\n<p><strong>Trabalho a v\u00e1rias m\u00e3os<\/strong><\/p>\n<p>De acordo com o presidente do Sindicato Rural de Cuiab\u00e1, Jorge Pires de Miranda, \u201cN\u00f3s tivemos um grande trabalho. O Brasil conseguiu avan\u00e7ar nessa \u00e1rea devido o trabalho de muitas pessoas\u201d. Segundo o diretor-executivo da Associa\u00e7\u00e3o dos Criadores de Su\u00ednos de Mato Grosso (Acrismat), Cust\u00f3dio Rodrigues, \u201cTemos visto a cada dia a luta dos profissionais de defesa animal e dos produtores para conquistar esse resultado\u201d.<\/p>\n<p>Para o presidente do Sistema Famato, Normando Corral, a \u201cuni\u00e3o dos servidores do Indea-MT, do Mapa e dos produtores foi essencial. O empenho, rigor e fiscaliza\u00e7\u00e3o do Indea-MT foi fundamental para esse resultado\u201d.<\/p>\n<p><strong>Selo \u201cBrasil Livre da Aftosa\u201d<\/strong><\/p>\n<p>Na manh\u00e3 desta quinta-feira, 05 de abril, o presidente Michel Temer e o ministro da Agricultura, Blairo Maggi, lan\u00e7aram o selo e carimbo comemorativos dos Correios \u201cBrasil Livre da Aftosa\u201d.<\/p>\n<p>Em seu discurso o presidente Michel Temer confirmou que dever\u00e1 comparecer no dia 24 de maio na 86\u00aa Sess\u00e3o Geral da Assembleia Mundial da OIE, em Paris, data em que est\u00e1 prevista a entrega ao governo brasileiro do certificado internacional de zona livre de febre aftosa com vacina\u00e7\u00e3o.<\/p>\n<p>Conforme o ministro da Agricultura, Blairo Maggi, com o certificado internacional de zona livre de febre aftosa com vacina\u00e7\u00e3o \u201cvamos frequentar outros mercados, mais exigentes, que pagam melhor. E n\u00e3o s\u00f3 mercados de bovinos, mas de su\u00ednos e outros\u201d.<\/p>\n<p>Maggi ainda frisou em evento em Bras\u00edlia que o reconhecimento internacional \u201c\u00e9 de simbolismo muito grande, que vai trazer um novos status ao Pa\u00eds daqui para a frente\u201d.<\/p>\n<p><strong>Vacina\u00e7\u00e3o em maio<\/strong><\/p>\n<p>Entre os dias 1\u00ba e 31 de maio ocorre \u00e0 primeira etapa da vacina\u00e7\u00e3o contra a febre aftosa no Brasil. Segundo o Minist\u00e9rio da Agricultura, Pecu\u00e1ria e Abastecimento (Mapa), &#8220;Todo o rebanho de bovinos e b\u00fafalos, de todas as idades, dever\u00e1 ser vacinado no pr\u00f3ximo m\u00eas, com exce\u00e7\u00e3o dos estados do Acre, Esp\u00edrito Santo e Paran\u00e1, que imunizar\u00e3o apenas os animais de at\u00e9 24 meses. Em novembro, a maioria dos estados vacinar\u00e1 os animais de at\u00e9 24 meses&#8221;.<\/p>\n<p><strong>Febre Aftosa no Brasil<\/strong><\/p>\n<p>O primeiro caso de febre aftosa registrado no Brasil ocorreu em 1985 no Tri\u00e2ngulo Mineiro, ap\u00f3s ocorr\u00eancias na Argentina, Chile e Uruguai. Os focos na Am\u00e9rica do Sul, explica o Minist\u00e9rio da Agricultura, coincidiram com a importa\u00e7\u00e3o de animais da Europa \u00e0 \u00e9poca do surgimento da ind\u00fastria frigor\u00edfica no Brasil. O surgimento da doen\u00e7a foi um fator contribuinte para a reestrutura\u00e7\u00e3o do Minist\u00e9rio da Agricultura em 1909 e a aprova\u00e7\u00e3o em 1934 do Regulamento do Servi\u00e7o de Defesa Sanit\u00e1ria Animal contendo medidas de profilaxia (Decreto n\u00ba 24.548, de 3 de julho de 1934).<\/p>\n<p>O Programa Nacional de Erradica\u00e7\u00e3o da Febre Aftosa (PNEFA) foi criado em 1992 pelo Mapa com a ado\u00e7\u00e3o de uma pol\u00edtica baseada na regionaliza\u00e7\u00e3o das a\u00e7\u00f5es (cria\u00e7\u00e3o dos circuitos pecu\u00e1rios), al\u00e9m do envolvimento do setor privado e no uso massivo e sistem\u00e1tico da vacina\u00e7\u00e3o.<\/p>\n<p>O \u00faltimo foco de aftosa foi registrado no Brasil foi no munic\u00edpio de Japor\u00e3, Mato Grosso do Sul, em 14 abril de 2006.<\/p>\n<p>A primeira zona livre da aftosa com vacina\u00e7\u00e3o foi reconhecida pela OIE em 1998. Em 2007, o Estado de Santa Catarina foi reconhecido pela OIE como a primeira zona livre da aftosa sem vacina\u00e7\u00e3o.<\/p>\n","protected":false},"excerpt":{"rendered":"<p>Apesar de proporcionar um \u201cal\u00edvio\u201d para o bolso dos pecuaristas, a retirada da vacina contra a febre aftosa no Brasil a partir de 2021 requer que os produtores rurais e os \u00f3rg\u00e3os de defesa animal redobrem a aten\u00e7\u00e3o em cima das mais de 219 milh\u00f5es de cabe\u00e7as de bovinos e bubalinos existentes no pa\u00eds<\/p>\n","protected":false},"author":7,"featured_media":97985474,"comment_status":"closed","ping_status":"closed","sticky":false,"template":"","format":"standard","meta":{"footnotes":""},"categories":[6,1],"tags":[],"class_list":["post-97986979","post","type-post","status-publish","format-standard","has-post-thumbnail","hentry","category-destaque","category-noticia"],"yoast_head":"<!-- This site is optimized with the Yoast SEO plugin v24.8.1 - https:\/\/yoast.com\/wordpress\/plugins\/seo\/ -->\n<title>Produtores redobrarem a aten\u00e7\u00e3o com a retirada da vacina contra a febre aftosa - Acrimat<\/title>\n<meta name=\"robots\" content=\"index, follow, max-snippet:-1, max-image-preview:large, max-video-preview:-1\" \/>\n<link rel=\"canonical\" href=\"https:\/\/acrimat.org.br\/portal\/retirada-da-vacina-contra-a-febre-aftosa-fara-produtores-e-orgaos-de-defesa-animal-redobrarem-a-atencao\/\" \/>\n<meta property=\"og:locale\" content=\"pt_BR\" \/>\n<meta property=\"og:type\" content=\"article\" \/>\n<meta property=\"og:title\" content=\"Produtores redobrarem a aten\u00e7\u00e3o com a retirada da vacina contra a febre aftosa - Acrimat\" \/>\n<meta property=\"og:description\" content=\"Apesar de proporcionar um \u201cal\u00edvio\u201d para o bolso dos pecuaristas, a retirada da vacina contra a febre aftosa no Brasil a partir de 2021 requer que os produtores rurais e os \u00f3rg\u00e3os de defesa animal redobrem a aten\u00e7\u00e3o em cima das mais de 219 milh\u00f5es de cabe\u00e7as de bovinos e bubalinos existentes no pa\u00eds\" \/>\n<meta property=\"og:url\" content=\"https:\/\/acrimat.org.br\/portal\/retirada-da-vacina-contra-a-febre-aftosa-fara-produtores-e-orgaos-de-defesa-animal-redobrarem-a-atencao\/\" \/>\n<meta property=\"og:site_name\" content=\"Acrimat\" \/>\n<meta property=\"article:published_time\" content=\"2018-04-06T14:39:49+00:00\" \/>\n<meta property=\"article:modified_time\" content=\"2018-04-06T14:49:25+00:00\" \/>\n<meta property=\"og:image\" content=\"https:\/\/acrimat.org.br\/portal\/wp-content\/uploads\/2018\/01\/boi.jpg\" \/>\n\t<meta property=\"og:image:width\" content=\"600\" \/>\n\t<meta property=\"og:image:height\" content=\"390\" \/>\n\t<meta property=\"og:image:type\" content=\"image\/jpeg\" \/>\n<meta name=\"author\" content=\"Assessoria de comunica\u00e7\u00e3o ACRIMAT\" \/>\n<meta name=\"twitter:card\" content=\"summary_large_image\" \/>\n<meta name=\"twitter:label1\" content=\"Escrito por\" \/>\n\t<meta name=\"twitter:data1\" content=\"Assessoria de comunica\u00e7\u00e3o ACRIMAT\" \/>\n\t<meta name=\"twitter:label2\" content=\"Est. tempo de leitura\" \/>\n\t<meta name=\"twitter:data2\" content=\"6 minutos\" \/>\n<script type=\"application\/ld+json\" class=\"yoast-schema-graph\">{\"@context\":\"https:\/\/schema.org\",\"@graph\":[{\"@type\":\"Article\",\"@id\":\"https:\/\/acrimat.org.br\/portal\/retirada-da-vacina-contra-a-febre-aftosa-fara-produtores-e-orgaos-de-defesa-animal-redobrarem-a-atencao\/#article\",\"isPartOf\":{\"@id\":\"https:\/\/acrimat.org.br\/portal\/retirada-da-vacina-contra-a-febre-aftosa-fara-produtores-e-orgaos-de-defesa-animal-redobrarem-a-atencao\/\"},\"author\":{\"name\":\"Assessoria de comunica\u00e7\u00e3o ACRIMAT\",\"@id\":\"https:\/\/acrimat.org.br\/portal\/#\/schema\/person\/a309b9496344ff991e8e1b1d751fdd7b\"},\"headline\":\"Produtores redobrarem a aten\u00e7\u00e3o com a retirada da vacina contra a febre aftosa\",\"datePublished\":\"2018-04-06T14:39:49+00:00\",\"dateModified\":\"2018-04-06T14:49:25+00:00\",\"mainEntityOfPage\":{\"@id\":\"https:\/\/acrimat.org.br\/portal\/retirada-da-vacina-contra-a-febre-aftosa-fara-produtores-e-orgaos-de-defesa-animal-redobrarem-a-atencao\/\"},\"wordCount\":1142,\"publisher\":{\"@id\":\"https:\/\/acrimat.org.br\/portal\/#organization\"},\"image\":{\"@id\":\"https:\/\/acrimat.org.br\/portal\/retirada-da-vacina-contra-a-febre-aftosa-fara-produtores-e-orgaos-de-defesa-animal-redobrarem-a-atencao\/#primaryimage\"},\"thumbnailUrl\":\"https:\/\/acrimat.org.br\/portal\/wp-content\/uploads\/2018\/01\/boi.jpg\",\"articleSection\":[\"Destaques\",\"Not\u00edcias\"],\"inLanguage\":\"pt-BR\"},{\"@type\":\"WebPage\",\"@id\":\"https:\/\/acrimat.org.br\/portal\/retirada-da-vacina-contra-a-febre-aftosa-fara-produtores-e-orgaos-de-defesa-animal-redobrarem-a-atencao\/\",\"url\":\"https:\/\/acrimat.org.br\/portal\/retirada-da-vacina-contra-a-febre-aftosa-fara-produtores-e-orgaos-de-defesa-animal-redobrarem-a-atencao\/\",\"name\":\"Produtores redobrarem a aten\u00e7\u00e3o com a retirada da vacina contra a febre aftosa - Acrimat\",\"isPartOf\":{\"@id\":\"https:\/\/acrimat.org.br\/portal\/#website\"},\"primaryImageOfPage\":{\"@id\":\"https:\/\/acrimat.org.br\/portal\/retirada-da-vacina-contra-a-febre-aftosa-fara-produtores-e-orgaos-de-defesa-animal-redobrarem-a-atencao\/#primaryimage\"},\"image\":{\"@id\":\"https:\/\/acrimat.org.br\/portal\/retirada-da-vacina-contra-a-febre-aftosa-fara-produtores-e-orgaos-de-defesa-animal-redobrarem-a-atencao\/#primaryimage\"},\"thumbnailUrl\":\"https:\/\/acrimat.org.br\/portal\/wp-content\/uploads\/2018\/01\/boi.jpg\",\"datePublished\":\"2018-04-06T14:39:49+00:00\",\"dateModified\":\"2018-04-06T14:49:25+00:00\",\"breadcrumb\":{\"@id\":\"https:\/\/acrimat.org.br\/portal\/retirada-da-vacina-contra-a-febre-aftosa-fara-produtores-e-orgaos-de-defesa-animal-redobrarem-a-atencao\/#breadcrumb\"},\"inLanguage\":\"pt-BR\",\"potentialAction\":[{\"@type\":\"ReadAction\",\"target\":[\"https:\/\/acrimat.org.br\/portal\/retirada-da-vacina-contra-a-febre-aftosa-fara-produtores-e-orgaos-de-defesa-animal-redobrarem-a-atencao\/\"]}]},{\"@type\":\"ImageObject\",\"inLanguage\":\"pt-BR\",\"@id\":\"https:\/\/acrimat.org.br\/portal\/retirada-da-vacina-contra-a-febre-aftosa-fara-produtores-e-orgaos-de-defesa-animal-redobrarem-a-atencao\/#primaryimage\",\"url\":\"https:\/\/acrimat.org.br\/portal\/wp-content\/uploads\/2018\/01\/boi.jpg\",\"contentUrl\":\"https:\/\/acrimat.org.br\/portal\/wp-content\/uploads\/2018\/01\/boi.jpg\",\"width\":600,\"height\":390},{\"@type\":\"BreadcrumbList\",\"@id\":\"https:\/\/acrimat.org.br\/portal\/retirada-da-vacina-contra-a-febre-aftosa-fara-produtores-e-orgaos-de-defesa-animal-redobrarem-a-atencao\/#breadcrumb\",\"itemListElement\":[{\"@type\":\"ListItem\",\"position\":1,\"name\":\"In\u00edcio\",\"item\":\"https:\/\/acrimat.org.br\/portal\/\"},{\"@type\":\"ListItem\",\"position\":2,\"name\":\"Produtores redobrarem a aten\u00e7\u00e3o com a retirada da vacina contra a febre aftosa\"}]},{\"@type\":\"WebSite\",\"@id\":\"https:\/\/acrimat.org.br\/portal\/#website\",\"url\":\"https:\/\/acrimat.org.br\/portal\/\",\"name\":\"Acrimat\",\"description\":\"Associa\u00e7\u00e3o dos Criadores de Mato Grosso\",\"publisher\":{\"@id\":\"https:\/\/acrimat.org.br\/portal\/#organization\"},\"potentialAction\":[{\"@type\":\"SearchAction\",\"target\":{\"@type\":\"EntryPoint\",\"urlTemplate\":\"https:\/\/acrimat.org.br\/portal\/?s={search_term_string}\"},\"query-input\":{\"@type\":\"PropertyValueSpecification\",\"valueRequired\":true,\"valueName\":\"search_term_string\"}}],\"inLanguage\":\"pt-BR\"},{\"@type\":\"Organization\",\"@id\":\"https:\/\/acrimat.org.br\/portal\/#organization\",\"name\":\"Associa\u00e7\u00e3o dos Criadores de Mato Grosso\",\"url\":\"https:\/\/acrimat.org.br\/portal\/\",\"logo\":{\"@type\":\"ImageObject\",\"inLanguage\":\"pt-BR\",\"@id\":\"https:\/\/acrimat.org.br\/portal\/#\/schema\/logo\/image\/\",\"url\":\"https:\/\/acrimat.org.br\/portal\/wp-content\/uploads\/2018\/03\/logo-peq-original.png\",\"contentUrl\":\"https:\/\/acrimat.org.br\/portal\/wp-content\/uploads\/2018\/03\/logo-peq-original.png\",\"width\":174,\"height\":171,\"caption\":\"Associa\u00e7\u00e3o dos Criadores de Mato Grosso\"},\"image\":{\"@id\":\"https:\/\/acrimat.org.br\/portal\/#\/schema\/logo\/image\/\"}},{\"@type\":\"Person\",\"@id\":\"https:\/\/acrimat.org.br\/portal\/#\/schema\/person\/a309b9496344ff991e8e1b1d751fdd7b\",\"name\":\"Assessoria de comunica\u00e7\u00e3o ACRIMAT\",\"image\":{\"@type\":\"ImageObject\",\"inLanguage\":\"pt-BR\",\"@id\":\"https:\/\/acrimat.org.br\/portal\/#\/schema\/person\/image\/\",\"url\":\"https:\/\/secure.gravatar.com\/avatar\/2f9c28e64c317bcd762b25cb1575f1b4?s=96&d=mm&r=g\",\"contentUrl\":\"https:\/\/secure.gravatar.com\/avatar\/2f9c28e64c317bcd762b25cb1575f1b4?s=96&d=mm&r=g\",\"caption\":\"Assessoria de comunica\u00e7\u00e3o ACRIMAT\"},\"sameAs\":[\"http:\/\/acrimat.org.br\/\"],\"url\":\"https:\/\/acrimat.org.br\/portal\/author\/ascom\/\"}]}<\/script>\n<!-- \/ Yoast SEO plugin. -->","yoast_head_json":{"title":"Produtores redobrarem a aten\u00e7\u00e3o com a retirada da vacina contra a febre aftosa - Acrimat","robots":{"index":"index","follow":"follow","max-snippet":"max-snippet:-1","max-image-preview":"max-image-preview:large","max-video-preview":"max-video-preview:-1"},"canonical":"https:\/\/acrimat.org.br\/portal\/retirada-da-vacina-contra-a-febre-aftosa-fara-produtores-e-orgaos-de-defesa-animal-redobrarem-a-atencao\/","og_locale":"pt_BR","og_type":"article","og_title":"Produtores redobrarem a aten\u00e7\u00e3o com a retirada da vacina contra a febre aftosa - Acrimat","og_description":"Apesar de proporcionar um \u201cal\u00edvio\u201d para o bolso dos pecuaristas, a retirada da vacina contra a febre aftosa no Brasil a partir de 2021 requer que os produtores rurais e os \u00f3rg\u00e3os de defesa animal redobrem a aten\u00e7\u00e3o em cima das mais de 219 milh\u00f5es de cabe\u00e7as de bovinos e bubalinos existentes no pa\u00eds","og_url":"https:\/\/acrimat.org.br\/portal\/retirada-da-vacina-contra-a-febre-aftosa-fara-produtores-e-orgaos-de-defesa-animal-redobrarem-a-atencao\/","og_site_name":"Acrimat","article_published_time":"2018-04-06T14:39:49+00:00","article_modified_time":"2018-04-06T14:49:25+00:00","og_image":[{"width":600,"height":390,"url":"https:\/\/acrimat.org.br\/portal\/wp-content\/uploads\/2018\/01\/boi.jpg","type":"image\/jpeg"}],"author":"Assessoria de comunica\u00e7\u00e3o ACRIMAT","twitter_card":"summary_large_image","twitter_misc":{"Escrito por":"Assessoria de comunica\u00e7\u00e3o ACRIMAT","Est. tempo de leitura":"6 minutos"},"schema":{"@context":"https:\/\/schema.org","@graph":[{"@type":"Article","@id":"https:\/\/acrimat.org.br\/portal\/retirada-da-vacina-contra-a-febre-aftosa-fara-produtores-e-orgaos-de-defesa-animal-redobrarem-a-atencao\/#article","isPartOf":{"@id":"https:\/\/acrimat.org.br\/portal\/retirada-da-vacina-contra-a-febre-aftosa-fara-produtores-e-orgaos-de-defesa-animal-redobrarem-a-atencao\/"},"author":{"name":"Assessoria de comunica\u00e7\u00e3o ACRIMAT","@id":"https:\/\/acrimat.org.br\/portal\/#\/schema\/person\/a309b9496344ff991e8e1b1d751fdd7b"},"headline":"Produtores redobrarem a aten\u00e7\u00e3o com a retirada da vacina contra a febre aftosa","datePublished":"2018-04-06T14:39:49+00:00","dateModified":"2018-04-06T14:49:25+00:00","mainEntityOfPage":{"@id":"https:\/\/acrimat.org.br\/portal\/retirada-da-vacina-contra-a-febre-aftosa-fara-produtores-e-orgaos-de-defesa-animal-redobrarem-a-atencao\/"},"wordCount":1142,"publisher":{"@id":"https:\/\/acrimat.org.br\/portal\/#organization"},"image":{"@id":"https:\/\/acrimat.org.br\/portal\/retirada-da-vacina-contra-a-febre-aftosa-fara-produtores-e-orgaos-de-defesa-animal-redobrarem-a-atencao\/#primaryimage"},"thumbnailUrl":"https:\/\/acrimat.org.br\/portal\/wp-content\/uploads\/2018\/01\/boi.jpg","articleSection":["Destaques","Not\u00edcias"],"inLanguage":"pt-BR"},{"@type":"WebPage","@id":"https:\/\/acrimat.org.br\/portal\/retirada-da-vacina-contra-a-febre-aftosa-fara-produtores-e-orgaos-de-defesa-animal-redobrarem-a-atencao\/","url":"https:\/\/acrimat.org.br\/portal\/retirada-da-vacina-contra-a-febre-aftosa-fara-produtores-e-orgaos-de-defesa-animal-redobrarem-a-atencao\/","name":"Produtores redobrarem a aten\u00e7\u00e3o com a retirada da vacina contra a febre aftosa - Acrimat","isPartOf":{"@id":"https:\/\/acrimat.org.br\/portal\/#website"},"primaryImageOfPage":{"@id":"https:\/\/acrimat.org.br\/portal\/retirada-da-vacina-contra-a-febre-aftosa-fara-produtores-e-orgaos-de-defesa-animal-redobrarem-a-atencao\/#primaryimage"},"image":{"@id":"https:\/\/acrimat.org.br\/portal\/retirada-da-vacina-contra-a-febre-aftosa-fara-produtores-e-orgaos-de-defesa-animal-redobrarem-a-atencao\/#primaryimage"},"thumbnailUrl":"https:\/\/acrimat.org.br\/portal\/wp-content\/uploads\/2018\/01\/boi.jpg","datePublished":"2018-04-06T14:39:49+00:00","dateModified":"2018-04-06T14:49:25+00:00","breadcrumb":{"@id":"https:\/\/acrimat.org.br\/portal\/retirada-da-vacina-contra-a-febre-aftosa-fara-produtores-e-orgaos-de-defesa-animal-redobrarem-a-atencao\/#breadcrumb"},"inLanguage":"pt-BR","potentialAction":[{"@type":"ReadAction","target":["https:\/\/acrimat.org.br\/portal\/retirada-da-vacina-contra-a-febre-aftosa-fara-produtores-e-orgaos-de-defesa-animal-redobrarem-a-atencao\/"]}]},{"@type":"ImageObject","inLanguage":"pt-BR","@id":"https:\/\/acrimat.org.br\/portal\/retirada-da-vacina-contra-a-febre-aftosa-fara-produtores-e-orgaos-de-defesa-animal-redobrarem-a-atencao\/#primaryimage","url":"https:\/\/acrimat.org.br\/portal\/wp-content\/uploads\/2018\/01\/boi.jpg","contentUrl":"https:\/\/acrimat.org.br\/portal\/wp-content\/uploads\/2018\/01\/boi.jpg","width":600,"height":390},{"@type":"BreadcrumbList","@id":"https:\/\/acrimat.org.br\/portal\/retirada-da-vacina-contra-a-febre-aftosa-fara-produtores-e-orgaos-de-defesa-animal-redobrarem-a-atencao\/#breadcrumb","itemListElement":[{"@type":"ListItem","position":1,"name":"In\u00edcio","item":"https:\/\/acrimat.org.br\/portal\/"},{"@type":"ListItem","position":2,"name":"Produtores redobrarem a aten\u00e7\u00e3o com a retirada da vacina contra a febre aftosa"}]},{"@type":"WebSite","@id":"https:\/\/acrimat.org.br\/portal\/#website","url":"https:\/\/acrimat.org.br\/portal\/","name":"Acrimat","description":"Associa\u00e7\u00e3o dos Criadores de Mato Grosso","publisher":{"@id":"https:\/\/acrimat.org.br\/portal\/#organization"},"potentialAction":[{"@type":"SearchAction","target":{"@type":"EntryPoint","urlTemplate":"https:\/\/acrimat.org.br\/portal\/?s={search_term_string}"},"query-input":{"@type":"PropertyValueSpecification","valueRequired":true,"valueName":"search_term_string"}}],"inLanguage":"pt-BR"},{"@type":"Organization","@id":"https:\/\/acrimat.org.br\/portal\/#organization","name":"Associa\u00e7\u00e3o dos Criadores de Mato Grosso","url":"https:\/\/acrimat.org.br\/portal\/","logo":{"@type":"ImageObject","inLanguage":"pt-BR","@id":"https:\/\/acrimat.org.br\/portal\/#\/schema\/logo\/image\/","url":"https:\/\/acrimat.org.br\/portal\/wp-content\/uploads\/2018\/03\/logo-peq-original.png","contentUrl":"https:\/\/acrimat.org.br\/portal\/wp-content\/uploads\/2018\/03\/logo-peq-original.png","width":174,"height":171,"caption":"Associa\u00e7\u00e3o dos Criadores de Mato Grosso"},"image":{"@id":"https:\/\/acrimat.org.br\/portal\/#\/schema\/logo\/image\/"}},{"@type":"Person","@id":"https:\/\/acrimat.org.br\/portal\/#\/schema\/person\/a309b9496344ff991e8e1b1d751fdd7b","name":"Assessoria de comunica\u00e7\u00e3o ACRIMAT","image":{"@type":"ImageObject","inLanguage":"pt-BR","@id":"https:\/\/acrimat.org.br\/portal\/#\/schema\/person\/image\/","url":"https:\/\/secure.gravatar.com\/avatar\/2f9c28e64c317bcd762b25cb1575f1b4?s=96&d=mm&r=g","contentUrl":"https:\/\/secure.gravatar.com\/avatar\/2f9c28e64c317bcd762b25cb1575f1b4?s=96&d=mm&r=g","caption":"Assessoria de comunica\u00e7\u00e3o ACRIMAT"},"sameAs":["http:\/\/acrimat.org.br\/"],"url":"https:\/\/acrimat.org.br\/portal\/author\/ascom\/"}]}},"_links":{"self":[{"href":"https:\/\/acrimat.org.br\/portal\/wp-json\/wp\/v2\/posts\/97986979","targetHints":{"allow":["GET"]}}],"collection":[{"href":"https:\/\/acrimat.org.br\/portal\/wp-json\/wp\/v2\/posts"}],"about":[{"href":"https:\/\/acrimat.org.br\/portal\/wp-json\/wp\/v2\/types\/post"}],"author":[{"embeddable":true,"href":"https:\/\/acrimat.org.br\/portal\/wp-json\/wp\/v2\/users\/7"}],"replies":[{"embeddable":true,"href":"https:\/\/acrimat.org.br\/portal\/wp-json\/wp\/v2\/comments?post=97986979"}],"version-history":[{"count":3,"href":"https:\/\/acrimat.org.br\/portal\/wp-json\/wp\/v2\/posts\/97986979\/revisions"}],"predecessor-version":[{"id":97986988,"href":"https:\/\/acrimat.org.br\/portal\/wp-json\/wp\/v2\/posts\/97986979\/revisions\/97986988"}],"wp:featuredmedia":[{"embeddable":true,"href":"https:\/\/acrimat.org.br\/portal\/wp-json\/wp\/v2\/media\/97985474"}],"wp:attachment":[{"href":"https:\/\/acrimat.org.br\/portal\/wp-json\/wp\/v2\/media?parent=97986979"}],"wp:term":[{"taxonomy":"category","embeddable":true,"href":"https:\/\/acrimat.org.br\/portal\/wp-json\/wp\/v2\/categories?post=97986979"},{"taxonomy":"post_tag","embeddable":true,"href":"https:\/\/acrimat.org.br\/portal\/wp-json\/wp\/v2\/tags?post=97986979"}],"curies":[{"name":"wp","href":"https:\/\/api.w.org\/{rel}","templated":true}]}}