{"id":97986981,"date":"2018-04-06T11:42:01","date_gmt":"2018-04-06T14:42:01","guid":{"rendered":"http:\/\/acrimat.org.br\/portal\/?p=97986981"},"modified":"2018-04-06T11:45:51","modified_gmt":"2018-04-06T14:45:51","slug":"producao-de-carne-em-mt-e-discutida-com-representantes-do-parlamento-europeu","status":"publish","type":"post","link":"https:\/\/acrimat.org.br\/portal\/producao-de-carne-em-mt-e-discutida-com-representantes-do-parlamento-europeu\/","title":{"rendered":"Produ\u00e7\u00e3o de carne em MT \u00e9 discutida com parlamentares europeus"},"content":{"rendered":"<div id=\"attachment_97986982\" style=\"width: 650px\" class=\"wp-caption aligncenter\"><a href=\"http:\/\/acrimat.org.br\/portal\/wp-content\/uploads\/2018\/04\/242c94931ba5adc2d3e26ab2ccdc209b.jpg\"><img fetchpriority=\"high\" decoding=\"async\" aria-describedby=\"caption-attachment-97986982\" class=\"wp-image-97986982 size-full\" src=\"http:\/\/acrimat.org.br\/portal\/wp-content\/uploads\/2018\/04\/242c94931ba5adc2d3e26ab2ccdc209b.jpg\" alt=\"\" width=\"640\" height=\"427\" srcset=\"https:\/\/acrimat.org.br\/portal\/wp-content\/uploads\/2018\/04\/242c94931ba5adc2d3e26ab2ccdc209b.jpg 640w, https:\/\/acrimat.org.br\/portal\/wp-content\/uploads\/2018\/04\/242c94931ba5adc2d3e26ab2ccdc209b-300x200.jpg 300w, https:\/\/acrimat.org.br\/portal\/wp-content\/uploads\/2018\/04\/242c94931ba5adc2d3e26ab2ccdc209b-250x167.jpg 250w, https:\/\/acrimat.org.br\/portal\/wp-content\/uploads\/2018\/04\/242c94931ba5adc2d3e26ab2ccdc209b-550x367.jpg 550w, https:\/\/acrimat.org.br\/portal\/wp-content\/uploads\/2018\/04\/242c94931ba5adc2d3e26ab2ccdc209b-270x180.jpg 270w, https:\/\/acrimat.org.br\/portal\/wp-content\/uploads\/2018\/04\/242c94931ba5adc2d3e26ab2ccdc209b-450x300.jpg 450w, https:\/\/acrimat.org.br\/portal\/wp-content\/uploads\/2018\/04\/242c94931ba5adc2d3e26ab2ccdc209b-272x182.jpg 272w\" sizes=\"(max-width: 640px) 100vw, 640px\" \/><\/a><p id=\"caption-attachment-97986982\" class=\"wp-caption-text\">Foto: Mayke Toscano<\/p><\/div>\n<p>O governador Pedro Taques recebeu, nesta quinta (5), membros do Parlamento Europeu para discutir o modelo produtivo da carne em Mato Grosso. Secret\u00e1rios de Estado e entidades ligadas \u00e0 pecu\u00e1ria tamb\u00e9m participaram do encontro, realizado no Pal\u00e1cio Paiagu\u00e1s, em Cuiab\u00e1.\u00a0\u201cPassamos a manh\u00e3 toda discutindo com nossos t\u00e9cnicos e com os parlamentares europeus para que eles pudessem tirar todas as d\u00favidas a respeito da nossa produ\u00e7\u00e3o\u201d, explicou o governador.<\/p>\n<div class=\"img-wrapper img-left\">\n<p>\u00a0O Estado \u00e9 respons\u00e1vel por 25% de todas as fazendas do Brasil habilitadas a exportar carne para a Uni\u00e3o Europeia, segundo o diretor executivo da Associa\u00e7\u00e3o dos Criadores de Mato Grosso (Acrimat), Luciano Vacari, que ressaltou que a discuss\u00e3o \u00e9 v\u00e1lida, pois o tema trata de sanidade animal e de consumo humano.\u201cFicamos satisfeitos com a visita para conhecer o modelo produtivo de Mato Grosso, a maneira como fazemos o controle sanit\u00e1rio e como \u00e9 compartilhada a responsabilidade entre o governo estadual, governo federal e produtores. Isso d\u00e1 tranquilidade e transpar\u00eancia para todos\u201d, afirma Vacari.<\/p>\n<p>No encontro, o Parlamento Europeu aproveitou para tirar d\u00favidas a respeito da Opera\u00e7\u00e3o Carne Fraca, deflagrada pela Pol\u00edcia Federal no ano passado.<\/p>\n<div id=\"hybs-slot-82253610-1\">\u00a0\u201cA opera\u00e7\u00e3o Carne Fraca tratou de corrup\u00e7\u00e3o no sistema de inspe\u00e7\u00e3o. N\u00e3o foi um problema de qualidade do produto. Dos 11 mil agentes federais do Minist\u00e9rio da Agricultura, apenas 30 foram investigados e somente cinco foram afastados. Dos cinco mil estabelecimentos comerciais com inspe\u00e7\u00e3o federal do Brasil, apenas 20 foram investigados e apenas tr\u00eas interditados. Nenhum destes agentes e nenhuma destas ind\u00fastrias s\u00e3o de Mato Grosso, o que mostra nosso comprometimento com a qualidade e com a produ\u00e7\u00e3o sustent\u00e1vel no Estado\u201d, explicou o diretor \u00e0 comitiva.<\/div>\n<p>A presidente do Instituto de Defesa Agropecu\u00e1ria (Indea), Daniela Soares, explica que, do total de 105 mil propriedades rurais de Mato Grosso, apenas 455 est\u00e3o habilitadas \u00e1 exporta\u00e7\u00e3o para a Uni\u00e3o Europeia.<\/p>\n<p>\u201cTemos hoje, dentro dessas 455 propriedades, mais de cinco milh\u00f5es de cabe\u00e7as. Ontem a comitiva teve a oportunidade de conhecer dois desses locais, duas das maiores que exportam para a Uni\u00e3o Europeia. L\u00e1, conseguiram verificar toda a qualidade, tanto do rebanho, quanto sanit\u00e1ria, e os controles feitos pelo produtor rural e pelo servi\u00e7o oficial. Sa\u00edram de l\u00e1 satisfeitos com o que viram, porque realmente o Estado est\u00e1 cumprindo a legisla\u00e7\u00e3o na pr\u00e1tica.\u201d<\/p>\n<p>Outro destaque da reuni\u00e3o, foi a Estrat\u00e9gia PCI &#8211; Produzir, Conservar e Incluir, lan\u00e7ado pelo Governo do Estado na Conven\u00e7\u00e3o do Clima (COP 21), em Paris, com o objetivo de fortalecer a produ\u00e7\u00e3o agr\u00edcula e a presevan\u00e7\u00e3o ambiental no Estado. (<em>Com Assessoria<\/em>)<\/p>\n<\/div>\n","protected":false},"excerpt":{"rendered":"<p>O governador Pedro Taques recebeu, nesta quinta (5), membros do Parlamento Europeu para discutir o modelo produtivo da carne em MT<\/p>\n","protected":false},"author":7,"featured_media":97986982,"comment_status":"closed","ping_status":"closed","sticky":false,"template":"","format":"standard","meta":{"footnotes":""},"categories":[6,1],"tags":[],"class_list":["post-97986981","post","type-post","status-publish","format-standard","has-post-thumbnail","hentry","category-destaque","category-noticia"],"yoast_head":"<!-- This site is optimized with the Yoast SEO plugin v24.8.1 - https:\/\/yoast.com\/wordpress\/plugins\/seo\/ -->\n<title>Produ\u00e7\u00e3o de carne em MT \u00e9 discutida com parlamentares europeus - Acrimat<\/title>\n<meta name=\"robots\" content=\"index, follow, max-snippet:-1, max-image-preview:large, max-video-preview:-1\" \/>\n<link rel=\"canonical\" href=\"https:\/\/acrimat.org.br\/portal\/producao-de-carne-em-mt-e-discutida-com-representantes-do-parlamento-europeu\/\" \/>\n<meta property=\"og:locale\" content=\"pt_BR\" \/>\n<meta property=\"og:type\" content=\"article\" \/>\n<meta property=\"og:title\" content=\"Produ\u00e7\u00e3o de carne em MT \u00e9 discutida com parlamentares europeus - Acrimat\" \/>\n<meta property=\"og:description\" content=\"O governador Pedro Taques recebeu, nesta quinta (5), membros do Parlamento Europeu para discutir o modelo produtivo da carne em MT\" \/>\n<meta property=\"og:url\" content=\"https:\/\/acrimat.org.br\/portal\/producao-de-carne-em-mt-e-discutida-com-representantes-do-parlamento-europeu\/\" \/>\n<meta property=\"og:site_name\" content=\"Acrimat\" \/>\n<meta property=\"article:published_time\" content=\"2018-04-06T14:42:01+00:00\" \/>\n<meta property=\"article:modified_time\" content=\"2018-04-06T14:45:51+00:00\" \/>\n<meta property=\"og:image\" content=\"https:\/\/acrimat.org.br\/portal\/wp-content\/uploads\/2018\/04\/242c94931ba5adc2d3e26ab2ccdc209b.jpg\" \/>\n\t<meta property=\"og:image:width\" content=\"640\" \/>\n\t<meta property=\"og:image:height\" content=\"427\" \/>\n\t<meta property=\"og:image:type\" content=\"image\/jpeg\" \/>\n<meta name=\"author\" content=\"Assessoria de comunica\u00e7\u00e3o ACRIMAT\" \/>\n<meta name=\"twitter:card\" content=\"summary_large_image\" \/>\n<meta name=\"twitter:label1\" content=\"Escrito por\" \/>\n\t<meta name=\"twitter:data1\" content=\"Assessoria de comunica\u00e7\u00e3o ACRIMAT\" \/>\n\t<meta name=\"twitter:label2\" content=\"Est. tempo de leitura\" \/>\n\t<meta name=\"twitter:data2\" content=\"2 minutos\" \/>\n<script type=\"application\/ld+json\" class=\"yoast-schema-graph\">{\"@context\":\"https:\/\/schema.org\",\"@graph\":[{\"@type\":\"Article\",\"@id\":\"https:\/\/acrimat.org.br\/portal\/producao-de-carne-em-mt-e-discutida-com-representantes-do-parlamento-europeu\/#article\",\"isPartOf\":{\"@id\":\"https:\/\/acrimat.org.br\/portal\/producao-de-carne-em-mt-e-discutida-com-representantes-do-parlamento-europeu\/\"},\"author\":{\"name\":\"Assessoria de comunica\u00e7\u00e3o ACRIMAT\",\"@id\":\"https:\/\/acrimat.org.br\/portal\/#\/schema\/person\/a309b9496344ff991e8e1b1d751fdd7b\"},\"headline\":\"Produ\u00e7\u00e3o de carne em MT \u00e9 discutida com parlamentares europeus\",\"datePublished\":\"2018-04-06T14:42:01+00:00\",\"dateModified\":\"2018-04-06T14:45:51+00:00\",\"mainEntityOfPage\":{\"@id\":\"https:\/\/acrimat.org.br\/portal\/producao-de-carne-em-mt-e-discutida-com-representantes-do-parlamento-europeu\/\"},\"wordCount\":471,\"publisher\":{\"@id\":\"https:\/\/acrimat.org.br\/portal\/#organization\"},\"image\":{\"@id\":\"https:\/\/acrimat.org.br\/portal\/producao-de-carne-em-mt-e-discutida-com-representantes-do-parlamento-europeu\/#primaryimage\"},\"thumbnailUrl\":\"https:\/\/acrimat.org.br\/portal\/wp-content\/uploads\/2018\/04\/242c94931ba5adc2d3e26ab2ccdc209b.jpg\",\"articleSection\":[\"Destaques\",\"Not\u00edcias\"],\"inLanguage\":\"pt-BR\"},{\"@type\":\"WebPage\",\"@id\":\"https:\/\/acrimat.org.br\/portal\/producao-de-carne-em-mt-e-discutida-com-representantes-do-parlamento-europeu\/\",\"url\":\"https:\/\/acrimat.org.br\/portal\/producao-de-carne-em-mt-e-discutida-com-representantes-do-parlamento-europeu\/\",\"name\":\"Produ\u00e7\u00e3o de carne em MT \u00e9 discutida com parlamentares europeus - Acrimat\",\"isPartOf\":{\"@id\":\"https:\/\/acrimat.org.br\/portal\/#website\"},\"primaryImageOfPage\":{\"@id\":\"https:\/\/acrimat.org.br\/portal\/producao-de-carne-em-mt-e-discutida-com-representantes-do-parlamento-europeu\/#primaryimage\"},\"image\":{\"@id\":\"https:\/\/acrimat.org.br\/portal\/producao-de-carne-em-mt-e-discutida-com-representantes-do-parlamento-europeu\/#primaryimage\"},\"thumbnailUrl\":\"https:\/\/acrimat.org.br\/portal\/wp-content\/uploads\/2018\/04\/242c94931ba5adc2d3e26ab2ccdc209b.jpg\",\"datePublished\":\"2018-04-06T14:42:01+00:00\",\"dateModified\":\"2018-04-06T14:45:51+00:00\",\"breadcrumb\":{\"@id\":\"https:\/\/acrimat.org.br\/portal\/producao-de-carne-em-mt-e-discutida-com-representantes-do-parlamento-europeu\/#breadcrumb\"},\"inLanguage\":\"pt-BR\",\"potentialAction\":[{\"@type\":\"ReadAction\",\"target\":[\"https:\/\/acrimat.org.br\/portal\/producao-de-carne-em-mt-e-discutida-com-representantes-do-parlamento-europeu\/\"]}]},{\"@type\":\"ImageObject\",\"inLanguage\":\"pt-BR\",\"@id\":\"https:\/\/acrimat.org.br\/portal\/producao-de-carne-em-mt-e-discutida-com-representantes-do-parlamento-europeu\/#primaryimage\",\"url\":\"https:\/\/acrimat.org.br\/portal\/wp-content\/uploads\/2018\/04\/242c94931ba5adc2d3e26ab2ccdc209b.jpg\",\"contentUrl\":\"https:\/\/acrimat.org.br\/portal\/wp-content\/uploads\/2018\/04\/242c94931ba5adc2d3e26ab2ccdc209b.jpg\",\"width\":640,\"height\":427},{\"@type\":\"BreadcrumbList\",\"@id\":\"https:\/\/acrimat.org.br\/portal\/producao-de-carne-em-mt-e-discutida-com-representantes-do-parlamento-europeu\/#breadcrumb\",\"itemListElement\":[{\"@type\":\"ListItem\",\"position\":1,\"name\":\"In\u00edcio\",\"item\":\"https:\/\/acrimat.org.br\/portal\/\"},{\"@type\":\"ListItem\",\"position\":2,\"name\":\"Produ\u00e7\u00e3o de carne em MT \u00e9 discutida com parlamentares europeus\"}]},{\"@type\":\"WebSite\",\"@id\":\"https:\/\/acrimat.org.br\/portal\/#website\",\"url\":\"https:\/\/acrimat.org.br\/portal\/\",\"name\":\"Acrimat\",\"description\":\"Associa\u00e7\u00e3o dos Criadores de Mato Grosso\",\"publisher\":{\"@id\":\"https:\/\/acrimat.org.br\/portal\/#organization\"},\"potentialAction\":[{\"@type\":\"SearchAction\",\"target\":{\"@type\":\"EntryPoint\",\"urlTemplate\":\"https:\/\/acrimat.org.br\/portal\/?s={search_term_string}\"},\"query-input\":{\"@type\":\"PropertyValueSpecification\",\"valueRequired\":true,\"valueName\":\"search_term_string\"}}],\"inLanguage\":\"pt-BR\"},{\"@type\":\"Organization\",\"@id\":\"https:\/\/acrimat.org.br\/portal\/#organization\",\"name\":\"Associa\u00e7\u00e3o dos Criadores de Mato Grosso\",\"url\":\"https:\/\/acrimat.org.br\/portal\/\",\"logo\":{\"@type\":\"ImageObject\",\"inLanguage\":\"pt-BR\",\"@id\":\"https:\/\/acrimat.org.br\/portal\/#\/schema\/logo\/image\/\",\"url\":\"https:\/\/acrimat.org.br\/portal\/wp-content\/uploads\/2018\/03\/logo-peq-original.png\",\"contentUrl\":\"https:\/\/acrimat.org.br\/portal\/wp-content\/uploads\/2018\/03\/logo-peq-original.png\",\"width\":174,\"height\":171,\"caption\":\"Associa\u00e7\u00e3o dos Criadores de Mato Grosso\"},\"image\":{\"@id\":\"https:\/\/acrimat.org.br\/portal\/#\/schema\/logo\/image\/\"}},{\"@type\":\"Person\",\"@id\":\"https:\/\/acrimat.org.br\/portal\/#\/schema\/person\/a309b9496344ff991e8e1b1d751fdd7b\",\"name\":\"Assessoria de comunica\u00e7\u00e3o ACRIMAT\",\"image\":{\"@type\":\"ImageObject\",\"inLanguage\":\"pt-BR\",\"@id\":\"https:\/\/acrimat.org.br\/portal\/#\/schema\/person\/image\/\",\"url\":\"https:\/\/secure.gravatar.com\/avatar\/2f9c28e64c317bcd762b25cb1575f1b4?s=96&d=mm&r=g\",\"contentUrl\":\"https:\/\/secure.gravatar.com\/avatar\/2f9c28e64c317bcd762b25cb1575f1b4?s=96&d=mm&r=g\",\"caption\":\"Assessoria de comunica\u00e7\u00e3o ACRIMAT\"},\"sameAs\":[\"http:\/\/acrimat.org.br\/\"],\"url\":\"https:\/\/acrimat.org.br\/portal\/author\/ascom\/\"}]}<\/script>\n<!-- \/ Yoast SEO plugin. -->","yoast_head_json":{"title":"Produ\u00e7\u00e3o de carne em MT \u00e9 discutida com parlamentares europeus - Acrimat","robots":{"index":"index","follow":"follow","max-snippet":"max-snippet:-1","max-image-preview":"max-image-preview:large","max-video-preview":"max-video-preview:-1"},"canonical":"https:\/\/acrimat.org.br\/portal\/producao-de-carne-em-mt-e-discutida-com-representantes-do-parlamento-europeu\/","og_locale":"pt_BR","og_type":"article","og_title":"Produ\u00e7\u00e3o de carne em MT \u00e9 discutida com parlamentares europeus - Acrimat","og_description":"O governador Pedro Taques recebeu, nesta quinta (5), membros do Parlamento Europeu para discutir o modelo produtivo da carne em MT","og_url":"https:\/\/acrimat.org.br\/portal\/producao-de-carne-em-mt-e-discutida-com-representantes-do-parlamento-europeu\/","og_site_name":"Acrimat","article_published_time":"2018-04-06T14:42:01+00:00","article_modified_time":"2018-04-06T14:45:51+00:00","og_image":[{"width":640,"height":427,"url":"https:\/\/acrimat.org.br\/portal\/wp-content\/uploads\/2018\/04\/242c94931ba5adc2d3e26ab2ccdc209b.jpg","type":"image\/jpeg"}],"author":"Assessoria de comunica\u00e7\u00e3o ACRIMAT","twitter_card":"summary_large_image","twitter_misc":{"Escrito por":"Assessoria de comunica\u00e7\u00e3o ACRIMAT","Est. tempo de leitura":"2 minutos"},"schema":{"@context":"https:\/\/schema.org","@graph":[{"@type":"Article","@id":"https:\/\/acrimat.org.br\/portal\/producao-de-carne-em-mt-e-discutida-com-representantes-do-parlamento-europeu\/#article","isPartOf":{"@id":"https:\/\/acrimat.org.br\/portal\/producao-de-carne-em-mt-e-discutida-com-representantes-do-parlamento-europeu\/"},"author":{"name":"Assessoria de comunica\u00e7\u00e3o ACRIMAT","@id":"https:\/\/acrimat.org.br\/portal\/#\/schema\/person\/a309b9496344ff991e8e1b1d751fdd7b"},"headline":"Produ\u00e7\u00e3o de carne em MT \u00e9 discutida com parlamentares europeus","datePublished":"2018-04-06T14:42:01+00:00","dateModified":"2018-04-06T14:45:51+00:00","mainEntityOfPage":{"@id":"https:\/\/acrimat.org.br\/portal\/producao-de-carne-em-mt-e-discutida-com-representantes-do-parlamento-europeu\/"},"wordCount":471,"publisher":{"@id":"https:\/\/acrimat.org.br\/portal\/#organization"},"image":{"@id":"https:\/\/acrimat.org.br\/portal\/producao-de-carne-em-mt-e-discutida-com-representantes-do-parlamento-europeu\/#primaryimage"},"thumbnailUrl":"https:\/\/acrimat.org.br\/portal\/wp-content\/uploads\/2018\/04\/242c94931ba5adc2d3e26ab2ccdc209b.jpg","articleSection":["Destaques","Not\u00edcias"],"inLanguage":"pt-BR"},{"@type":"WebPage","@id":"https:\/\/acrimat.org.br\/portal\/producao-de-carne-em-mt-e-discutida-com-representantes-do-parlamento-europeu\/","url":"https:\/\/acrimat.org.br\/portal\/producao-de-carne-em-mt-e-discutida-com-representantes-do-parlamento-europeu\/","name":"Produ\u00e7\u00e3o de carne em MT \u00e9 discutida com parlamentares europeus - Acrimat","isPartOf":{"@id":"https:\/\/acrimat.org.br\/portal\/#website"},"primaryImageOfPage":{"@id":"https:\/\/acrimat.org.br\/portal\/producao-de-carne-em-mt-e-discutida-com-representantes-do-parlamento-europeu\/#primaryimage"},"image":{"@id":"https:\/\/acrimat.org.br\/portal\/producao-de-carne-em-mt-e-discutida-com-representantes-do-parlamento-europeu\/#primaryimage"},"thumbnailUrl":"https:\/\/acrimat.org.br\/portal\/wp-content\/uploads\/2018\/04\/242c94931ba5adc2d3e26ab2ccdc209b.jpg","datePublished":"2018-04-06T14:42:01+00:00","dateModified":"2018-04-06T14:45:51+00:00","breadcrumb":{"@id":"https:\/\/acrimat.org.br\/portal\/producao-de-carne-em-mt-e-discutida-com-representantes-do-parlamento-europeu\/#breadcrumb"},"inLanguage":"pt-BR","potentialAction":[{"@type":"ReadAction","target":["https:\/\/acrimat.org.br\/portal\/producao-de-carne-em-mt-e-discutida-com-representantes-do-parlamento-europeu\/"]}]},{"@type":"ImageObject","inLanguage":"pt-BR","@id":"https:\/\/acrimat.org.br\/portal\/producao-de-carne-em-mt-e-discutida-com-representantes-do-parlamento-europeu\/#primaryimage","url":"https:\/\/acrimat.org.br\/portal\/wp-content\/uploads\/2018\/04\/242c94931ba5adc2d3e26ab2ccdc209b.jpg","contentUrl":"https:\/\/acrimat.org.br\/portal\/wp-content\/uploads\/2018\/04\/242c94931ba5adc2d3e26ab2ccdc209b.jpg","width":640,"height":427},{"@type":"BreadcrumbList","@id":"https:\/\/acrimat.org.br\/portal\/producao-de-carne-em-mt-e-discutida-com-representantes-do-parlamento-europeu\/#breadcrumb","itemListElement":[{"@type":"ListItem","position":1,"name":"In\u00edcio","item":"https:\/\/acrimat.org.br\/portal\/"},{"@type":"ListItem","position":2,"name":"Produ\u00e7\u00e3o de carne em MT \u00e9 discutida com parlamentares europeus"}]},{"@type":"WebSite","@id":"https:\/\/acrimat.org.br\/portal\/#website","url":"https:\/\/acrimat.org.br\/portal\/","name":"Acrimat","description":"Associa\u00e7\u00e3o dos Criadores de Mato Grosso","publisher":{"@id":"https:\/\/acrimat.org.br\/portal\/#organization"},"potentialAction":[{"@type":"SearchAction","target":{"@type":"EntryPoint","urlTemplate":"https:\/\/acrimat.org.br\/portal\/?s={search_term_string}"},"query-input":{"@type":"PropertyValueSpecification","valueRequired":true,"valueName":"search_term_string"}}],"inLanguage":"pt-BR"},{"@type":"Organization","@id":"https:\/\/acrimat.org.br\/portal\/#organization","name":"Associa\u00e7\u00e3o dos Criadores de Mato Grosso","url":"https:\/\/acrimat.org.br\/portal\/","logo":{"@type":"ImageObject","inLanguage":"pt-BR","@id":"https:\/\/acrimat.org.br\/portal\/#\/schema\/logo\/image\/","url":"https:\/\/acrimat.org.br\/portal\/wp-content\/uploads\/2018\/03\/logo-peq-original.png","contentUrl":"https:\/\/acrimat.org.br\/portal\/wp-content\/uploads\/2018\/03\/logo-peq-original.png","width":174,"height":171,"caption":"Associa\u00e7\u00e3o dos Criadores de Mato Grosso"},"image":{"@id":"https:\/\/acrimat.org.br\/portal\/#\/schema\/logo\/image\/"}},{"@type":"Person","@id":"https:\/\/acrimat.org.br\/portal\/#\/schema\/person\/a309b9496344ff991e8e1b1d751fdd7b","name":"Assessoria de comunica\u00e7\u00e3o ACRIMAT","image":{"@type":"ImageObject","inLanguage":"pt-BR","@id":"https:\/\/acrimat.org.br\/portal\/#\/schema\/person\/image\/","url":"https:\/\/secure.gravatar.com\/avatar\/2f9c28e64c317bcd762b25cb1575f1b4?s=96&d=mm&r=g","contentUrl":"https:\/\/secure.gravatar.com\/avatar\/2f9c28e64c317bcd762b25cb1575f1b4?s=96&d=mm&r=g","caption":"Assessoria de comunica\u00e7\u00e3o ACRIMAT"},"sameAs":["http:\/\/acrimat.org.br\/"],"url":"https:\/\/acrimat.org.br\/portal\/author\/ascom\/"}]}},"_links":{"self":[{"href":"https:\/\/acrimat.org.br\/portal\/wp-json\/wp\/v2\/posts\/97986981","targetHints":{"allow":["GET"]}}],"collection":[{"href":"https:\/\/acrimat.org.br\/portal\/wp-json\/wp\/v2\/posts"}],"about":[{"href":"https:\/\/acrimat.org.br\/portal\/wp-json\/wp\/v2\/types\/post"}],"author":[{"embeddable":true,"href":"https:\/\/acrimat.org.br\/portal\/wp-json\/wp\/v2\/users\/7"}],"replies":[{"embeddable":true,"href":"https:\/\/acrimat.org.br\/portal\/wp-json\/wp\/v2\/comments?post=97986981"}],"version-history":[{"count":4,"href":"https:\/\/acrimat.org.br\/portal\/wp-json\/wp\/v2\/posts\/97986981\/revisions"}],"predecessor-version":[{"id":97986986,"href":"https:\/\/acrimat.org.br\/portal\/wp-json\/wp\/v2\/posts\/97986981\/revisions\/97986986"}],"wp:featuredmedia":[{"embeddable":true,"href":"https:\/\/acrimat.org.br\/portal\/wp-json\/wp\/v2\/media\/97986982"}],"wp:attachment":[{"href":"https:\/\/acrimat.org.br\/portal\/wp-json\/wp\/v2\/media?parent=97986981"}],"wp:term":[{"taxonomy":"category","embeddable":true,"href":"https:\/\/acrimat.org.br\/portal\/wp-json\/wp\/v2\/categories?post=97986981"},{"taxonomy":"post_tag","embeddable":true,"href":"https:\/\/acrimat.org.br\/portal\/wp-json\/wp\/v2\/tags?post=97986981"}],"curies":[{"name":"wp","href":"https:\/\/api.w.org\/{rel}","templated":true}]}}