{"id":97987009,"date":"2018-04-09T11:14:09","date_gmt":"2018-04-09T14:14:09","guid":{"rendered":"http:\/\/acrimat.org.br\/portal\/?p=97987009"},"modified":"2018-04-09T11:15:13","modified_gmt":"2018-04-09T14:15:13","slug":"marfrig-adquire-controle-de-processadora-de-carne-bovina","status":"publish","type":"post","link":"https:\/\/acrimat.org.br\/portal\/marfrig-adquire-controle-de-processadora-de-carne-bovina\/","title":{"rendered":"Marfrig adquire controle de processadora de carne bovina"},"content":{"rendered":"<p>A Marfrig (SA:<span class=\"aqPopupWrapper js-hover-me-wrapper\"><a id=\"5acb74c5b0432\" class=\"aqlink js-hover-me\" href=\"https:\/\/br.investing.com\/equities\/marfrig-on-nm\" data-pairid=\"18736\">MRFG3<\/a><\/span>) Global Foods anunciou nesta segunda-feira acordo para aquisi\u00e7\u00e3o de 51 por cento da norte-americana National Beef Packing Company, quarta maior processadora de carne bovina dos Estados Unidos, por 969 milh\u00f5es de d\u00f3lares.<\/p>\n<p>A opera\u00e7\u00e3o, segundo a Marfrig, visa consolidar sua for\u00e7a no segmento de carne bovina e melhorar os indicadores de alavancagem.<\/p>\n<p>Com a opera\u00e7\u00e3o, a Marfrig passar\u00e1 a ser &#8220;a segunda maior processadora de carne bovina do mundo, com uma plataforma global de produ\u00e7\u00e3o e um faturamento consolidado de 43 bilh\u00f5es de reais&#8221;, disse a empresa brasileira em comunicado.<\/p>\n<p>A National Beef tem capacidade de abate de 12.000 cabe\u00e7as ao dia, \u00e9 sediada em Kansas City, no estado do Missouri, e possui duas unidades de processamento em Dodge City e Liberal, no Kansas, que respondem por cerca de 13 por cento da capacidade total de abate do mercado norte-americano. A empresa exporta para 40 pa\u00edses, incluindo o Jap\u00e3o e a Coreia do Sul, mercados atualmente fechados \u00e0s exporta\u00e7\u00f5es de carne brasileira.<\/p>\n<p>&#8220;Com a transa\u00e7\u00e3o, teremos opera\u00e7\u00f5es nos dois maiores mercados de carne bovina do mundo, chegaremos a pa\u00edses consumidores extremamente sofisticados e conseguimos crescer mantendo uma rigorosa disciplina financeira&#8221;, disse o presidente-executivo da Marfrig, Mart\u00edn Secco, em comunicado.<\/p>\n<p>Os resultados da National Beef ser\u00e3o consolidados pela Marfrig, reduzindo o n\u00edvel de alavancagem da empresa brasileira para 3,35 vezes o lucro antes de juros, impostos, deprecia\u00e7\u00e3o e amortiza\u00e7\u00e3o (Ebitda), ante 4,55 vezes no fim do ano passado, disse a Marfrig.<\/p>\n<p>A Marfrig disse que, com a aquisi\u00e7\u00e3o da National Beef e a planejada venda da Keystone Food, espera que a sua alavancagem caia para 2,5 vezes at\u00e9 o fim de 2018. O JP Morgan est\u00e1 ajudando a Mafrig na venda da Keystone.<\/p>\n<p>A aquisi\u00e7\u00e3o da National Beef ser\u00e1 integralmente financiada pelo banco Rabobank. A empresa disse que vai tomar dois empr\u00e9stimos ponte, no valor total de 1 bilh\u00e3o de d\u00f3lares, que ser\u00e3o pagos com a receita com a venda da Keystone.<\/p>\n<p>A National Beef, que faturou no ano passado 7,3 bilh\u00f5es de d\u00f3lares, ou 24,3 bilh\u00f5es de reais, \u00e9 controlada pela holding de investimento norte-americana Leucadia National Corportation, desde 2011, com 79 por cento de participa\u00e7\u00e3o.<\/p>\n<p>A Leucadia transferir\u00e1 o controle acion\u00e1rio para a Marfrig e se manter\u00e1 como acionista minorit\u00e1ria da empresa, com uma fatia de 31 por cento do capital total. A US Premium Beef, associa\u00e7\u00e3o de produtores norte-americanos, ficar\u00e1 com 15 por cento e outros acionistas com os 3 por cento restantes.<\/p>\n<p>&#8220;Tanto a Leucadia quanto os demais investidores se comprometeram a manter suas a\u00e7\u00f5es da National Beef por um per\u00edodo m\u00ednimo de cinco anos&#8221;, disse a Marfrig.<\/p>\n<p>Os principais executivos da National Beef permanecer\u00e3o na empresa, que segue sob a gest\u00e3o de Tim (SA:<span class=\"aqPopupWrapper js-hover-me-wrapper\"><a id=\"5acb74c5b0a08\" class=\"aqlink js-hover-me\" href=\"https:\/\/br.investing.com\/equities\/tim-part-s-a-on-nm\" data-pairid=\"18797\">TIMP3<\/a><\/span>) Klein, atual CEO e presidente, disse a Mafrig. O conselho de administra\u00e7\u00e3o da National Beef ser\u00e1 composto por nove membros, dos quais cinco ser\u00e3o indicados pela Marfrig, dois pela Leucadia e dois por outros acionistas minorit\u00e1rios.<\/p>\n<p>A Marfrig disse que espera concluir a aquisi\u00e7\u00e3o da National Beef at\u00e9 o fim do primeiro semestre deste ano.<\/p>\n","protected":false},"excerpt":{"rendered":"<p>A Marfrig Global Foods anunciou nesta segunda-feira acordo para aquisi\u00e7\u00e3o de 51 por cento da norte-americana National Beef Packing Company<\/p>\n","protected":false},"author":7,"featured_media":97985533,"comment_status":"closed","ping_status":"closed","sticky":false,"template":"","format":"standard","meta":{"footnotes":""},"categories":[6,1],"tags":[],"class_list":["post-97987009","post","type-post","status-publish","format-standard","has-post-thumbnail","hentry","category-destaque","category-noticia"],"yoast_head":"<!-- This site is optimized with the Yoast SEO plugin v24.8.1 - https:\/\/yoast.com\/wordpress\/plugins\/seo\/ -->\n<title>Marfrig adquire controle de processadora de carne bovina - Acrimat<\/title>\n<meta name=\"robots\" content=\"index, follow, max-snippet:-1, max-image-preview:large, max-video-preview:-1\" \/>\n<link rel=\"canonical\" href=\"https:\/\/acrimat.org.br\/portal\/marfrig-adquire-controle-de-processadora-de-carne-bovina\/\" \/>\n<meta property=\"og:locale\" content=\"pt_BR\" \/>\n<meta property=\"og:type\" content=\"article\" \/>\n<meta property=\"og:title\" content=\"Marfrig adquire controle de processadora de carne bovina - Acrimat\" \/>\n<meta property=\"og:description\" content=\"A Marfrig Global Foods anunciou nesta segunda-feira acordo para aquisi\u00e7\u00e3o de 51 por cento da norte-americana National Beef Packing Company\" \/>\n<meta property=\"og:url\" content=\"https:\/\/acrimat.org.br\/portal\/marfrig-adquire-controle-de-processadora-de-carne-bovina\/\" \/>\n<meta property=\"og:site_name\" content=\"Acrimat\" \/>\n<meta property=\"article:published_time\" content=\"2018-04-09T14:14:09+00:00\" \/>\n<meta property=\"article:modified_time\" content=\"2018-04-09T14:15:13+00:00\" \/>\n<meta property=\"og:image\" content=\"https:\/\/acrimat.org.br\/portal\/wp-content\/uploads\/2018\/01\/marfrig.jpg\" \/>\n\t<meta property=\"og:image:width\" content=\"640\" \/>\n\t<meta property=\"og:image:height\" content=\"426\" \/>\n\t<meta property=\"og:image:type\" content=\"image\/jpeg\" \/>\n<meta name=\"author\" content=\"Assessoria de comunica\u00e7\u00e3o ACRIMAT\" \/>\n<meta name=\"twitter:card\" content=\"summary_large_image\" \/>\n<meta name=\"twitter:label1\" content=\"Escrito por\" \/>\n\t<meta name=\"twitter:data1\" content=\"Assessoria de comunica\u00e7\u00e3o ACRIMAT\" \/>\n\t<meta name=\"twitter:label2\" content=\"Est. tempo de leitura\" \/>\n\t<meta name=\"twitter:data2\" content=\"3 minutos\" \/>\n<script type=\"application\/ld+json\" class=\"yoast-schema-graph\">{\"@context\":\"https:\/\/schema.org\",\"@graph\":[{\"@type\":\"Article\",\"@id\":\"https:\/\/acrimat.org.br\/portal\/marfrig-adquire-controle-de-processadora-de-carne-bovina\/#article\",\"isPartOf\":{\"@id\":\"https:\/\/acrimat.org.br\/portal\/marfrig-adquire-controle-de-processadora-de-carne-bovina\/\"},\"author\":{\"name\":\"Assessoria de comunica\u00e7\u00e3o ACRIMAT\",\"@id\":\"https:\/\/acrimat.org.br\/portal\/#\/schema\/person\/a309b9496344ff991e8e1b1d751fdd7b\"},\"headline\":\"Marfrig adquire controle de processadora de carne bovina\",\"datePublished\":\"2018-04-09T14:14:09+00:00\",\"dateModified\":\"2018-04-09T14:15:13+00:00\",\"mainEntityOfPage\":{\"@id\":\"https:\/\/acrimat.org.br\/portal\/marfrig-adquire-controle-de-processadora-de-carne-bovina\/\"},\"wordCount\":538,\"publisher\":{\"@id\":\"https:\/\/acrimat.org.br\/portal\/#organization\"},\"image\":{\"@id\":\"https:\/\/acrimat.org.br\/portal\/marfrig-adquire-controle-de-processadora-de-carne-bovina\/#primaryimage\"},\"thumbnailUrl\":\"https:\/\/acrimat.org.br\/portal\/wp-content\/uploads\/2018\/01\/marfrig.jpg\",\"articleSection\":[\"Destaques\",\"Not\u00edcias\"],\"inLanguage\":\"pt-BR\"},{\"@type\":\"WebPage\",\"@id\":\"https:\/\/acrimat.org.br\/portal\/marfrig-adquire-controle-de-processadora-de-carne-bovina\/\",\"url\":\"https:\/\/acrimat.org.br\/portal\/marfrig-adquire-controle-de-processadora-de-carne-bovina\/\",\"name\":\"Marfrig adquire controle de processadora de carne bovina - Acrimat\",\"isPartOf\":{\"@id\":\"https:\/\/acrimat.org.br\/portal\/#website\"},\"primaryImageOfPage\":{\"@id\":\"https:\/\/acrimat.org.br\/portal\/marfrig-adquire-controle-de-processadora-de-carne-bovina\/#primaryimage\"},\"image\":{\"@id\":\"https:\/\/acrimat.org.br\/portal\/marfrig-adquire-controle-de-processadora-de-carne-bovina\/#primaryimage\"},\"thumbnailUrl\":\"https:\/\/acrimat.org.br\/portal\/wp-content\/uploads\/2018\/01\/marfrig.jpg\",\"datePublished\":\"2018-04-09T14:14:09+00:00\",\"dateModified\":\"2018-04-09T14:15:13+00:00\",\"breadcrumb\":{\"@id\":\"https:\/\/acrimat.org.br\/portal\/marfrig-adquire-controle-de-processadora-de-carne-bovina\/#breadcrumb\"},\"inLanguage\":\"pt-BR\",\"potentialAction\":[{\"@type\":\"ReadAction\",\"target\":[\"https:\/\/acrimat.org.br\/portal\/marfrig-adquire-controle-de-processadora-de-carne-bovina\/\"]}]},{\"@type\":\"ImageObject\",\"inLanguage\":\"pt-BR\",\"@id\":\"https:\/\/acrimat.org.br\/portal\/marfrig-adquire-controle-de-processadora-de-carne-bovina\/#primaryimage\",\"url\":\"https:\/\/acrimat.org.br\/portal\/wp-content\/uploads\/2018\/01\/marfrig.jpg\",\"contentUrl\":\"https:\/\/acrimat.org.br\/portal\/wp-content\/uploads\/2018\/01\/marfrig.jpg\",\"width\":640,\"height\":426},{\"@type\":\"BreadcrumbList\",\"@id\":\"https:\/\/acrimat.org.br\/portal\/marfrig-adquire-controle-de-processadora-de-carne-bovina\/#breadcrumb\",\"itemListElement\":[{\"@type\":\"ListItem\",\"position\":1,\"name\":\"In\u00edcio\",\"item\":\"https:\/\/acrimat.org.br\/portal\/\"},{\"@type\":\"ListItem\",\"position\":2,\"name\":\"Marfrig adquire controle de processadora de carne bovina\"}]},{\"@type\":\"WebSite\",\"@id\":\"https:\/\/acrimat.org.br\/portal\/#website\",\"url\":\"https:\/\/acrimat.org.br\/portal\/\",\"name\":\"Acrimat\",\"description\":\"Associa\u00e7\u00e3o dos Criadores de Mato Grosso\",\"publisher\":{\"@id\":\"https:\/\/acrimat.org.br\/portal\/#organization\"},\"potentialAction\":[{\"@type\":\"SearchAction\",\"target\":{\"@type\":\"EntryPoint\",\"urlTemplate\":\"https:\/\/acrimat.org.br\/portal\/?s={search_term_string}\"},\"query-input\":{\"@type\":\"PropertyValueSpecification\",\"valueRequired\":true,\"valueName\":\"search_term_string\"}}],\"inLanguage\":\"pt-BR\"},{\"@type\":\"Organization\",\"@id\":\"https:\/\/acrimat.org.br\/portal\/#organization\",\"name\":\"Associa\u00e7\u00e3o dos Criadores de Mato Grosso\",\"url\":\"https:\/\/acrimat.org.br\/portal\/\",\"logo\":{\"@type\":\"ImageObject\",\"inLanguage\":\"pt-BR\",\"@id\":\"https:\/\/acrimat.org.br\/portal\/#\/schema\/logo\/image\/\",\"url\":\"https:\/\/acrimat.org.br\/portal\/wp-content\/uploads\/2018\/03\/logo-peq-original.png\",\"contentUrl\":\"https:\/\/acrimat.org.br\/portal\/wp-content\/uploads\/2018\/03\/logo-peq-original.png\",\"width\":174,\"height\":171,\"caption\":\"Associa\u00e7\u00e3o dos Criadores de Mato Grosso\"},\"image\":{\"@id\":\"https:\/\/acrimat.org.br\/portal\/#\/schema\/logo\/image\/\"}},{\"@type\":\"Person\",\"@id\":\"https:\/\/acrimat.org.br\/portal\/#\/schema\/person\/a309b9496344ff991e8e1b1d751fdd7b\",\"name\":\"Assessoria de comunica\u00e7\u00e3o ACRIMAT\",\"image\":{\"@type\":\"ImageObject\",\"inLanguage\":\"pt-BR\",\"@id\":\"https:\/\/acrimat.org.br\/portal\/#\/schema\/person\/image\/\",\"url\":\"https:\/\/secure.gravatar.com\/avatar\/2f9c28e64c317bcd762b25cb1575f1b4?s=96&d=mm&r=g\",\"contentUrl\":\"https:\/\/secure.gravatar.com\/avatar\/2f9c28e64c317bcd762b25cb1575f1b4?s=96&d=mm&r=g\",\"caption\":\"Assessoria de comunica\u00e7\u00e3o ACRIMAT\"},\"sameAs\":[\"http:\/\/acrimat.org.br\/\"],\"url\":\"https:\/\/acrimat.org.br\/portal\/author\/ascom\/\"}]}<\/script>\n<!-- \/ Yoast SEO plugin. -->","yoast_head_json":{"title":"Marfrig adquire controle de processadora de carne bovina - Acrimat","robots":{"index":"index","follow":"follow","max-snippet":"max-snippet:-1","max-image-preview":"max-image-preview:large","max-video-preview":"max-video-preview:-1"},"canonical":"https:\/\/acrimat.org.br\/portal\/marfrig-adquire-controle-de-processadora-de-carne-bovina\/","og_locale":"pt_BR","og_type":"article","og_title":"Marfrig adquire controle de processadora de carne bovina - Acrimat","og_description":"A Marfrig Global Foods anunciou nesta segunda-feira acordo para aquisi\u00e7\u00e3o de 51 por cento da norte-americana National Beef Packing Company","og_url":"https:\/\/acrimat.org.br\/portal\/marfrig-adquire-controle-de-processadora-de-carne-bovina\/","og_site_name":"Acrimat","article_published_time":"2018-04-09T14:14:09+00:00","article_modified_time":"2018-04-09T14:15:13+00:00","og_image":[{"width":640,"height":426,"url":"https:\/\/acrimat.org.br\/portal\/wp-content\/uploads\/2018\/01\/marfrig.jpg","type":"image\/jpeg"}],"author":"Assessoria de comunica\u00e7\u00e3o ACRIMAT","twitter_card":"summary_large_image","twitter_misc":{"Escrito por":"Assessoria de comunica\u00e7\u00e3o ACRIMAT","Est. tempo de leitura":"3 minutos"},"schema":{"@context":"https:\/\/schema.org","@graph":[{"@type":"Article","@id":"https:\/\/acrimat.org.br\/portal\/marfrig-adquire-controle-de-processadora-de-carne-bovina\/#article","isPartOf":{"@id":"https:\/\/acrimat.org.br\/portal\/marfrig-adquire-controle-de-processadora-de-carne-bovina\/"},"author":{"name":"Assessoria de comunica\u00e7\u00e3o ACRIMAT","@id":"https:\/\/acrimat.org.br\/portal\/#\/schema\/person\/a309b9496344ff991e8e1b1d751fdd7b"},"headline":"Marfrig adquire controle de processadora de carne bovina","datePublished":"2018-04-09T14:14:09+00:00","dateModified":"2018-04-09T14:15:13+00:00","mainEntityOfPage":{"@id":"https:\/\/acrimat.org.br\/portal\/marfrig-adquire-controle-de-processadora-de-carne-bovina\/"},"wordCount":538,"publisher":{"@id":"https:\/\/acrimat.org.br\/portal\/#organization"},"image":{"@id":"https:\/\/acrimat.org.br\/portal\/marfrig-adquire-controle-de-processadora-de-carne-bovina\/#primaryimage"},"thumbnailUrl":"https:\/\/acrimat.org.br\/portal\/wp-content\/uploads\/2018\/01\/marfrig.jpg","articleSection":["Destaques","Not\u00edcias"],"inLanguage":"pt-BR"},{"@type":"WebPage","@id":"https:\/\/acrimat.org.br\/portal\/marfrig-adquire-controle-de-processadora-de-carne-bovina\/","url":"https:\/\/acrimat.org.br\/portal\/marfrig-adquire-controle-de-processadora-de-carne-bovina\/","name":"Marfrig adquire controle de processadora de carne bovina - Acrimat","isPartOf":{"@id":"https:\/\/acrimat.org.br\/portal\/#website"},"primaryImageOfPage":{"@id":"https:\/\/acrimat.org.br\/portal\/marfrig-adquire-controle-de-processadora-de-carne-bovina\/#primaryimage"},"image":{"@id":"https:\/\/acrimat.org.br\/portal\/marfrig-adquire-controle-de-processadora-de-carne-bovina\/#primaryimage"},"thumbnailUrl":"https:\/\/acrimat.org.br\/portal\/wp-content\/uploads\/2018\/01\/marfrig.jpg","datePublished":"2018-04-09T14:14:09+00:00","dateModified":"2018-04-09T14:15:13+00:00","breadcrumb":{"@id":"https:\/\/acrimat.org.br\/portal\/marfrig-adquire-controle-de-processadora-de-carne-bovina\/#breadcrumb"},"inLanguage":"pt-BR","potentialAction":[{"@type":"ReadAction","target":["https:\/\/acrimat.org.br\/portal\/marfrig-adquire-controle-de-processadora-de-carne-bovina\/"]}]},{"@type":"ImageObject","inLanguage":"pt-BR","@id":"https:\/\/acrimat.org.br\/portal\/marfrig-adquire-controle-de-processadora-de-carne-bovina\/#primaryimage","url":"https:\/\/acrimat.org.br\/portal\/wp-content\/uploads\/2018\/01\/marfrig.jpg","contentUrl":"https:\/\/acrimat.org.br\/portal\/wp-content\/uploads\/2018\/01\/marfrig.jpg","width":640,"height":426},{"@type":"BreadcrumbList","@id":"https:\/\/acrimat.org.br\/portal\/marfrig-adquire-controle-de-processadora-de-carne-bovina\/#breadcrumb","itemListElement":[{"@type":"ListItem","position":1,"name":"In\u00edcio","item":"https:\/\/acrimat.org.br\/portal\/"},{"@type":"ListItem","position":2,"name":"Marfrig adquire controle de processadora de carne bovina"}]},{"@type":"WebSite","@id":"https:\/\/acrimat.org.br\/portal\/#website","url":"https:\/\/acrimat.org.br\/portal\/","name":"Acrimat","description":"Associa\u00e7\u00e3o dos Criadores de Mato Grosso","publisher":{"@id":"https:\/\/acrimat.org.br\/portal\/#organization"},"potentialAction":[{"@type":"SearchAction","target":{"@type":"EntryPoint","urlTemplate":"https:\/\/acrimat.org.br\/portal\/?s={search_term_string}"},"query-input":{"@type":"PropertyValueSpecification","valueRequired":true,"valueName":"search_term_string"}}],"inLanguage":"pt-BR"},{"@type":"Organization","@id":"https:\/\/acrimat.org.br\/portal\/#organization","name":"Associa\u00e7\u00e3o dos Criadores de Mato Grosso","url":"https:\/\/acrimat.org.br\/portal\/","logo":{"@type":"ImageObject","inLanguage":"pt-BR","@id":"https:\/\/acrimat.org.br\/portal\/#\/schema\/logo\/image\/","url":"https:\/\/acrimat.org.br\/portal\/wp-content\/uploads\/2018\/03\/logo-peq-original.png","contentUrl":"https:\/\/acrimat.org.br\/portal\/wp-content\/uploads\/2018\/03\/logo-peq-original.png","width":174,"height":171,"caption":"Associa\u00e7\u00e3o dos Criadores de Mato Grosso"},"image":{"@id":"https:\/\/acrimat.org.br\/portal\/#\/schema\/logo\/image\/"}},{"@type":"Person","@id":"https:\/\/acrimat.org.br\/portal\/#\/schema\/person\/a309b9496344ff991e8e1b1d751fdd7b","name":"Assessoria de comunica\u00e7\u00e3o ACRIMAT","image":{"@type":"ImageObject","inLanguage":"pt-BR","@id":"https:\/\/acrimat.org.br\/portal\/#\/schema\/person\/image\/","url":"https:\/\/secure.gravatar.com\/avatar\/2f9c28e64c317bcd762b25cb1575f1b4?s=96&d=mm&r=g","contentUrl":"https:\/\/secure.gravatar.com\/avatar\/2f9c28e64c317bcd762b25cb1575f1b4?s=96&d=mm&r=g","caption":"Assessoria de comunica\u00e7\u00e3o ACRIMAT"},"sameAs":["http:\/\/acrimat.org.br\/"],"url":"https:\/\/acrimat.org.br\/portal\/author\/ascom\/"}]}},"_links":{"self":[{"href":"https:\/\/acrimat.org.br\/portal\/wp-json\/wp\/v2\/posts\/97987009","targetHints":{"allow":["GET"]}}],"collection":[{"href":"https:\/\/acrimat.org.br\/portal\/wp-json\/wp\/v2\/posts"}],"about":[{"href":"https:\/\/acrimat.org.br\/portal\/wp-json\/wp\/v2\/types\/post"}],"author":[{"embeddable":true,"href":"https:\/\/acrimat.org.br\/portal\/wp-json\/wp\/v2\/users\/7"}],"replies":[{"embeddable":true,"href":"https:\/\/acrimat.org.br\/portal\/wp-json\/wp\/v2\/comments?post=97987009"}],"version-history":[{"count":1,"href":"https:\/\/acrimat.org.br\/portal\/wp-json\/wp\/v2\/posts\/97987009\/revisions"}],"predecessor-version":[{"id":97987010,"href":"https:\/\/acrimat.org.br\/portal\/wp-json\/wp\/v2\/posts\/97987009\/revisions\/97987010"}],"wp:featuredmedia":[{"embeddable":true,"href":"https:\/\/acrimat.org.br\/portal\/wp-json\/wp\/v2\/media\/97985533"}],"wp:attachment":[{"href":"https:\/\/acrimat.org.br\/portal\/wp-json\/wp\/v2\/media?parent=97987009"}],"wp:term":[{"taxonomy":"category","embeddable":true,"href":"https:\/\/acrimat.org.br\/portal\/wp-json\/wp\/v2\/categories?post=97987009"},{"taxonomy":"post_tag","embeddable":true,"href":"https:\/\/acrimat.org.br\/portal\/wp-json\/wp\/v2\/tags?post=97987009"}],"curies":[{"name":"wp","href":"https:\/\/api.w.org\/{rel}","templated":true}]}}