{"id":97987011,"date":"2018-04-09T11:16:41","date_gmt":"2018-04-09T14:16:41","guid":{"rendered":"http:\/\/acrimat.org.br\/portal\/?p=97987011"},"modified":"2018-04-09T11:16:41","modified_gmt":"2018-04-09T14:16:41","slug":"receita-2018-deve-ser-recorde-em-mt","status":"publish","type":"post","link":"https:\/\/acrimat.org.br\/portal\/receita-2018-deve-ser-recorde-em-mt\/","title":{"rendered":"Receita 2018 deve ser recorde em MT"},"content":{"rendered":"<p><span style=\"font-family: Arial, Helvetica; font-size: small;\">A receita gerada pela produ\u00e7\u00e3o agropecu\u00e1ria de Mato Grosso em 2018 dever\u00e1 crescer 2,5% na compara\u00e7\u00e3o com 2017, conforme dados do Instituto Mato-grossense de Economia Agropecu\u00e1ria (Imea), com o faturamento passando de R$ 63,52 bilh\u00f5es para R$ 65,14 bilh\u00f5es.<\/p>\n<p>O Valor Bruto da Produ\u00e7\u00e3o Agropecu\u00e1ria (VBP) &#8211; que afere o ganho de receita dentro das propriedades &#8211; se confirmado, ser\u00e1 recorde dentro da s\u00e9rie hist\u00f3rica do Imea iniciada em 2012. Essa atualiza\u00e7\u00e3o demonstra ainda um avan\u00e7o maior, de 3,1%, quando comparadas a primeira e esse segunda estimativas para 2018. O ganho anual de 2,5% se refere aos valores de receita apurados pelo s\u00e9timo levantamento do ciclo agropecu\u00e1rio 2017 ante os dessa segunda avalia\u00e7\u00e3o de perspectivas para 2018. As estimativas (2017 e 2018) fazem parte da atualiza\u00e7\u00e3o realizada pelo \u00f3rg\u00e3o e divulgada ontem.<\/p>\n<p>As revis\u00f5es positivas nas estimativas para as culturas de soja, milho e algod\u00e3o foram uns dos principais fatores para esta eleva\u00e7\u00e3o, bem como a maior perspectiva de abate no setor de aves para o ano. Os analistas do Imea chamam \u00e0 aten\u00e7\u00e3o tamb\u00e9m para a performance de outras culturas e atividades &#8211; na compara\u00e7\u00e3o entre 2017 e 2018 \u2013 como o algod\u00e3o (+18,9%) no segmento da agricultura e a bovinocultura de corte (+9,7%) no segmento da pecu\u00e1ria. \u201cNo caso do algod\u00e3o, a alta se deu devido \u00e0 revis\u00e3o para cima da estimativa de produ\u00e7\u00e3o de pluma e caro\u00e7o na safra 2017\/18, enquanto que na bovinocultura de corte a perspectiva \u00e9 de maior abate e de pre\u00e7os melhores na m\u00e9dia anual, se comparados aos pre\u00e7os recebidos pelo produtor rural no \u00faltimo ano\u201d, apontam.<\/p>\n<p>Em rela\u00e7\u00e3o \u00e0 soja, cultura que possui maior representatividade no VBP estadual \u2013 representando sozinha 49% do VBP agropecu\u00e1rio &#8211; \u00e9 esperada uma leve queda de 2,1%, pois os pre\u00e7os praticados na comercializa\u00e7\u00e3o desta safra v\u00eam se apresentando ligeiramente menores at\u00e9 o momento quando comparados aos pre\u00e7os da safra passada.<\/p>\n<p>Para avalia\u00e7\u00e3o do VBP o Imea considera as seguintes atividades e \u2018grupos\u2019: soja, milho, algod\u00e3o, cana-de-a\u00e7\u00facar, arroz, produtos florestais e lenha, e, girassol. Todas essas integram o VBP Agricultura e Floresta, \u2018grupo\u2019 que dever\u00e1 somar receita de R$ 50,12 bilh\u00f5es, ou 1,3% a mais que o apurado no ano passado, e 77% do total de R$ 65,14 bilh\u00f5es da receita prevista para 2018.<\/p>\n<p>J\u00e1 o restante do VBP vem do \u2018grupo\u2019 pecu\u00e1ria, formado pela bovinocultura, avicultura, suinocultura e leite, respondendo por 23% do total do VBP estadual de 2018, ou, R$ 15 bilh\u00f5es.<\/p>\n<p>De todas as atividades, na compara\u00e7\u00e3o anual, apresentam perdas de VBP a soja (-2,1%), cana (-10,1%), arroz (-19%), su\u00ednos (-5,4%) e leite (-7,2%), todas as outras apresentam ganhos sendo os maiores deles para o algod\u00e3o (18,9%) e a bovinocultura com outros 9,7%.<\/p>\n<p>Na rela\u00e7\u00e3o produ\u00e7\u00e3o e pre\u00e7o para 2018, o Imea mostra as estimativas para cada atividade. Por exemplo, a soja dever\u00e1 ter aumento de 1,7% na produ\u00e7\u00e3o (volume de gr\u00e3os), mas dever\u00e1 contabilizar queda de 3,7% no pre\u00e7o. O milho -14,9% de produ\u00e7\u00e3o e +22,1% no pre\u00e7o. O algod\u00e3o em pluma, +20,9% em volume, sem ganhos em pre\u00e7os. A cana, -1,4% em produ\u00e7\u00e3o e -14,5% no pre\u00e7o. O arroz, -23,6% em produ\u00e7\u00e3o e +5,9% em pre\u00e7o.<\/p>\n<p>Na pecu\u00e1ria as estimativas s\u00e3o, por exemplo, de ganhos para o boi, 3,9% e 5,4%, respectivamente em produ\u00e7\u00e3o e receita e de 2,9% e de -8,3%, respectivamente, para su\u00ednos.<\/p>\n<p>2017 &#8211; Na atualiza\u00e7\u00e3o da sexta estimativa para 2017 houve uma estabiliza\u00e7\u00e3o sobre o VBP com varia\u00e7\u00e3o de -0,3% perante a quinta estimativa. O valor total foi de R$ 63,52 bilh\u00f5es com as maiores mudan\u00e7as observadas nos setores de arroz e aves, ambos em queda devido aos pre\u00e7os mais baixos praticados nos \u00faltimos tr\u00eas meses.<\/p>\n<p>O Imea vem consolidando h\u00e1 seis trimestres o VBP do ano de 2017.<\/span><\/p>\n","protected":false},"excerpt":{"rendered":"<p>Conforme dados do Imea, a produ\u00e7\u00e3o agropecu\u00e1ria e de floresta deve passar de R$ 65 bilh\u00f5es, cifras que se confirmadas, ser\u00e3o hist\u00f3ricas para o Estado <\/p>\n","protected":false},"author":7,"featured_media":97985175,"comment_status":"closed","ping_status":"closed","sticky":false,"template":"","format":"standard","meta":{"footnotes":""},"categories":[6,1],"tags":[],"class_list":["post-97987011","post","type-post","status-publish","format-standard","has-post-thumbnail","hentry","category-destaque","category-noticia"],"yoast_head":"<!-- This site is optimized with the Yoast SEO plugin v24.8.1 - https:\/\/yoast.com\/wordpress\/plugins\/seo\/ -->\n<title>Receita 2018 deve ser recorde em MT - Acrimat<\/title>\n<meta name=\"robots\" content=\"index, follow, max-snippet:-1, max-image-preview:large, max-video-preview:-1\" \/>\n<link rel=\"canonical\" href=\"https:\/\/acrimat.org.br\/portal\/receita-2018-deve-ser-recorde-em-mt\/\" \/>\n<meta property=\"og:locale\" content=\"pt_BR\" \/>\n<meta property=\"og:type\" content=\"article\" \/>\n<meta property=\"og:title\" content=\"Receita 2018 deve ser recorde em MT - Acrimat\" \/>\n<meta property=\"og:description\" content=\"Conforme dados do Imea, a produ\u00e7\u00e3o agropecu\u00e1ria e de floresta deve passar de R$ 65 bilh\u00f5es, cifras que se confirmadas, ser\u00e3o hist\u00f3ricas para o Estado\" \/>\n<meta property=\"og:url\" content=\"https:\/\/acrimat.org.br\/portal\/receita-2018-deve-ser-recorde-em-mt\/\" \/>\n<meta property=\"og:site_name\" content=\"Acrimat\" \/>\n<meta property=\"article:published_time\" content=\"2018-04-09T14:16:41+00:00\" \/>\n<meta property=\"og:image\" content=\"https:\/\/acrimat.org.br\/portal\/wp-content\/uploads\/2017\/12\/agric_money1.jpg\" \/>\n\t<meta property=\"og:image:width\" content=\"500\" \/>\n\t<meta property=\"og:image:height\" content=\"341\" \/>\n\t<meta property=\"og:image:type\" content=\"image\/jpeg\" \/>\n<meta name=\"author\" content=\"Assessoria de comunica\u00e7\u00e3o ACRIMAT\" \/>\n<meta name=\"twitter:card\" content=\"summary_large_image\" \/>\n<meta name=\"twitter:label1\" content=\"Escrito por\" \/>\n\t<meta name=\"twitter:data1\" content=\"Assessoria de comunica\u00e7\u00e3o ACRIMAT\" \/>\n\t<meta name=\"twitter:label2\" content=\"Est. tempo de leitura\" \/>\n\t<meta name=\"twitter:data2\" content=\"3 minutos\" \/>\n<script type=\"application\/ld+json\" class=\"yoast-schema-graph\">{\"@context\":\"https:\/\/schema.org\",\"@graph\":[{\"@type\":\"Article\",\"@id\":\"https:\/\/acrimat.org.br\/portal\/receita-2018-deve-ser-recorde-em-mt\/#article\",\"isPartOf\":{\"@id\":\"https:\/\/acrimat.org.br\/portal\/receita-2018-deve-ser-recorde-em-mt\/\"},\"author\":{\"name\":\"Assessoria de comunica\u00e7\u00e3o ACRIMAT\",\"@id\":\"https:\/\/acrimat.org.br\/portal\/#\/schema\/person\/a309b9496344ff991e8e1b1d751fdd7b\"},\"headline\":\"Receita 2018 deve ser recorde em MT\",\"datePublished\":\"2018-04-09T14:16:41+00:00\",\"mainEntityOfPage\":{\"@id\":\"https:\/\/acrimat.org.br\/portal\/receita-2018-deve-ser-recorde-em-mt\/\"},\"wordCount\":650,\"publisher\":{\"@id\":\"https:\/\/acrimat.org.br\/portal\/#organization\"},\"image\":{\"@id\":\"https:\/\/acrimat.org.br\/portal\/receita-2018-deve-ser-recorde-em-mt\/#primaryimage\"},\"thumbnailUrl\":\"https:\/\/acrimat.org.br\/portal\/wp-content\/uploads\/2017\/12\/agric_money1.jpg\",\"articleSection\":[\"Destaques\",\"Not\u00edcias\"],\"inLanguage\":\"pt-BR\"},{\"@type\":\"WebPage\",\"@id\":\"https:\/\/acrimat.org.br\/portal\/receita-2018-deve-ser-recorde-em-mt\/\",\"url\":\"https:\/\/acrimat.org.br\/portal\/receita-2018-deve-ser-recorde-em-mt\/\",\"name\":\"Receita 2018 deve ser recorde em MT - Acrimat\",\"isPartOf\":{\"@id\":\"https:\/\/acrimat.org.br\/portal\/#website\"},\"primaryImageOfPage\":{\"@id\":\"https:\/\/acrimat.org.br\/portal\/receita-2018-deve-ser-recorde-em-mt\/#primaryimage\"},\"image\":{\"@id\":\"https:\/\/acrimat.org.br\/portal\/receita-2018-deve-ser-recorde-em-mt\/#primaryimage\"},\"thumbnailUrl\":\"https:\/\/acrimat.org.br\/portal\/wp-content\/uploads\/2017\/12\/agric_money1.jpg\",\"datePublished\":\"2018-04-09T14:16:41+00:00\",\"breadcrumb\":{\"@id\":\"https:\/\/acrimat.org.br\/portal\/receita-2018-deve-ser-recorde-em-mt\/#breadcrumb\"},\"inLanguage\":\"pt-BR\",\"potentialAction\":[{\"@type\":\"ReadAction\",\"target\":[\"https:\/\/acrimat.org.br\/portal\/receita-2018-deve-ser-recorde-em-mt\/\"]}]},{\"@type\":\"ImageObject\",\"inLanguage\":\"pt-BR\",\"@id\":\"https:\/\/acrimat.org.br\/portal\/receita-2018-deve-ser-recorde-em-mt\/#primaryimage\",\"url\":\"https:\/\/acrimat.org.br\/portal\/wp-content\/uploads\/2017\/12\/agric_money1.jpg\",\"contentUrl\":\"https:\/\/acrimat.org.br\/portal\/wp-content\/uploads\/2017\/12\/agric_money1.jpg\",\"width\":500,\"height\":341},{\"@type\":\"BreadcrumbList\",\"@id\":\"https:\/\/acrimat.org.br\/portal\/receita-2018-deve-ser-recorde-em-mt\/#breadcrumb\",\"itemListElement\":[{\"@type\":\"ListItem\",\"position\":1,\"name\":\"In\u00edcio\",\"item\":\"https:\/\/acrimat.org.br\/portal\/\"},{\"@type\":\"ListItem\",\"position\":2,\"name\":\"Receita 2018 deve ser recorde em MT\"}]},{\"@type\":\"WebSite\",\"@id\":\"https:\/\/acrimat.org.br\/portal\/#website\",\"url\":\"https:\/\/acrimat.org.br\/portal\/\",\"name\":\"Acrimat\",\"description\":\"Associa\u00e7\u00e3o dos Criadores de Mato Grosso\",\"publisher\":{\"@id\":\"https:\/\/acrimat.org.br\/portal\/#organization\"},\"potentialAction\":[{\"@type\":\"SearchAction\",\"target\":{\"@type\":\"EntryPoint\",\"urlTemplate\":\"https:\/\/acrimat.org.br\/portal\/?s={search_term_string}\"},\"query-input\":{\"@type\":\"PropertyValueSpecification\",\"valueRequired\":true,\"valueName\":\"search_term_string\"}}],\"inLanguage\":\"pt-BR\"},{\"@type\":\"Organization\",\"@id\":\"https:\/\/acrimat.org.br\/portal\/#organization\",\"name\":\"Associa\u00e7\u00e3o dos Criadores de Mato Grosso\",\"url\":\"https:\/\/acrimat.org.br\/portal\/\",\"logo\":{\"@type\":\"ImageObject\",\"inLanguage\":\"pt-BR\",\"@id\":\"https:\/\/acrimat.org.br\/portal\/#\/schema\/logo\/image\/\",\"url\":\"https:\/\/acrimat.org.br\/portal\/wp-content\/uploads\/2018\/03\/logo-peq-original.png\",\"contentUrl\":\"https:\/\/acrimat.org.br\/portal\/wp-content\/uploads\/2018\/03\/logo-peq-original.png\",\"width\":174,\"height\":171,\"caption\":\"Associa\u00e7\u00e3o dos Criadores de Mato Grosso\"},\"image\":{\"@id\":\"https:\/\/acrimat.org.br\/portal\/#\/schema\/logo\/image\/\"}},{\"@type\":\"Person\",\"@id\":\"https:\/\/acrimat.org.br\/portal\/#\/schema\/person\/a309b9496344ff991e8e1b1d751fdd7b\",\"name\":\"Assessoria de comunica\u00e7\u00e3o ACRIMAT\",\"image\":{\"@type\":\"ImageObject\",\"inLanguage\":\"pt-BR\",\"@id\":\"https:\/\/acrimat.org.br\/portal\/#\/schema\/person\/image\/\",\"url\":\"https:\/\/secure.gravatar.com\/avatar\/2f9c28e64c317bcd762b25cb1575f1b4?s=96&d=mm&r=g\",\"contentUrl\":\"https:\/\/secure.gravatar.com\/avatar\/2f9c28e64c317bcd762b25cb1575f1b4?s=96&d=mm&r=g\",\"caption\":\"Assessoria de comunica\u00e7\u00e3o ACRIMAT\"},\"sameAs\":[\"http:\/\/acrimat.org.br\/\"],\"url\":\"https:\/\/acrimat.org.br\/portal\/author\/ascom\/\"}]}<\/script>\n<!-- \/ Yoast SEO plugin. -->","yoast_head_json":{"title":"Receita 2018 deve ser recorde em MT - Acrimat","robots":{"index":"index","follow":"follow","max-snippet":"max-snippet:-1","max-image-preview":"max-image-preview:large","max-video-preview":"max-video-preview:-1"},"canonical":"https:\/\/acrimat.org.br\/portal\/receita-2018-deve-ser-recorde-em-mt\/","og_locale":"pt_BR","og_type":"article","og_title":"Receita 2018 deve ser recorde em MT - Acrimat","og_description":"Conforme dados do Imea, a produ\u00e7\u00e3o agropecu\u00e1ria e de floresta deve passar de R$ 65 bilh\u00f5es, cifras que se confirmadas, ser\u00e3o hist\u00f3ricas para o Estado","og_url":"https:\/\/acrimat.org.br\/portal\/receita-2018-deve-ser-recorde-em-mt\/","og_site_name":"Acrimat","article_published_time":"2018-04-09T14:16:41+00:00","og_image":[{"width":500,"height":341,"url":"https:\/\/acrimat.org.br\/portal\/wp-content\/uploads\/2017\/12\/agric_money1.jpg","type":"image\/jpeg"}],"author":"Assessoria de comunica\u00e7\u00e3o ACRIMAT","twitter_card":"summary_large_image","twitter_misc":{"Escrito por":"Assessoria de comunica\u00e7\u00e3o ACRIMAT","Est. tempo de leitura":"3 minutos"},"schema":{"@context":"https:\/\/schema.org","@graph":[{"@type":"Article","@id":"https:\/\/acrimat.org.br\/portal\/receita-2018-deve-ser-recorde-em-mt\/#article","isPartOf":{"@id":"https:\/\/acrimat.org.br\/portal\/receita-2018-deve-ser-recorde-em-mt\/"},"author":{"name":"Assessoria de comunica\u00e7\u00e3o ACRIMAT","@id":"https:\/\/acrimat.org.br\/portal\/#\/schema\/person\/a309b9496344ff991e8e1b1d751fdd7b"},"headline":"Receita 2018 deve ser recorde em MT","datePublished":"2018-04-09T14:16:41+00:00","mainEntityOfPage":{"@id":"https:\/\/acrimat.org.br\/portal\/receita-2018-deve-ser-recorde-em-mt\/"},"wordCount":650,"publisher":{"@id":"https:\/\/acrimat.org.br\/portal\/#organization"},"image":{"@id":"https:\/\/acrimat.org.br\/portal\/receita-2018-deve-ser-recorde-em-mt\/#primaryimage"},"thumbnailUrl":"https:\/\/acrimat.org.br\/portal\/wp-content\/uploads\/2017\/12\/agric_money1.jpg","articleSection":["Destaques","Not\u00edcias"],"inLanguage":"pt-BR"},{"@type":"WebPage","@id":"https:\/\/acrimat.org.br\/portal\/receita-2018-deve-ser-recorde-em-mt\/","url":"https:\/\/acrimat.org.br\/portal\/receita-2018-deve-ser-recorde-em-mt\/","name":"Receita 2018 deve ser recorde em MT - Acrimat","isPartOf":{"@id":"https:\/\/acrimat.org.br\/portal\/#website"},"primaryImageOfPage":{"@id":"https:\/\/acrimat.org.br\/portal\/receita-2018-deve-ser-recorde-em-mt\/#primaryimage"},"image":{"@id":"https:\/\/acrimat.org.br\/portal\/receita-2018-deve-ser-recorde-em-mt\/#primaryimage"},"thumbnailUrl":"https:\/\/acrimat.org.br\/portal\/wp-content\/uploads\/2017\/12\/agric_money1.jpg","datePublished":"2018-04-09T14:16:41+00:00","breadcrumb":{"@id":"https:\/\/acrimat.org.br\/portal\/receita-2018-deve-ser-recorde-em-mt\/#breadcrumb"},"inLanguage":"pt-BR","potentialAction":[{"@type":"ReadAction","target":["https:\/\/acrimat.org.br\/portal\/receita-2018-deve-ser-recorde-em-mt\/"]}]},{"@type":"ImageObject","inLanguage":"pt-BR","@id":"https:\/\/acrimat.org.br\/portal\/receita-2018-deve-ser-recorde-em-mt\/#primaryimage","url":"https:\/\/acrimat.org.br\/portal\/wp-content\/uploads\/2017\/12\/agric_money1.jpg","contentUrl":"https:\/\/acrimat.org.br\/portal\/wp-content\/uploads\/2017\/12\/agric_money1.jpg","width":500,"height":341},{"@type":"BreadcrumbList","@id":"https:\/\/acrimat.org.br\/portal\/receita-2018-deve-ser-recorde-em-mt\/#breadcrumb","itemListElement":[{"@type":"ListItem","position":1,"name":"In\u00edcio","item":"https:\/\/acrimat.org.br\/portal\/"},{"@type":"ListItem","position":2,"name":"Receita 2018 deve ser recorde em MT"}]},{"@type":"WebSite","@id":"https:\/\/acrimat.org.br\/portal\/#website","url":"https:\/\/acrimat.org.br\/portal\/","name":"Acrimat","description":"Associa\u00e7\u00e3o dos Criadores de Mato Grosso","publisher":{"@id":"https:\/\/acrimat.org.br\/portal\/#organization"},"potentialAction":[{"@type":"SearchAction","target":{"@type":"EntryPoint","urlTemplate":"https:\/\/acrimat.org.br\/portal\/?s={search_term_string}"},"query-input":{"@type":"PropertyValueSpecification","valueRequired":true,"valueName":"search_term_string"}}],"inLanguage":"pt-BR"},{"@type":"Organization","@id":"https:\/\/acrimat.org.br\/portal\/#organization","name":"Associa\u00e7\u00e3o dos Criadores de Mato Grosso","url":"https:\/\/acrimat.org.br\/portal\/","logo":{"@type":"ImageObject","inLanguage":"pt-BR","@id":"https:\/\/acrimat.org.br\/portal\/#\/schema\/logo\/image\/","url":"https:\/\/acrimat.org.br\/portal\/wp-content\/uploads\/2018\/03\/logo-peq-original.png","contentUrl":"https:\/\/acrimat.org.br\/portal\/wp-content\/uploads\/2018\/03\/logo-peq-original.png","width":174,"height":171,"caption":"Associa\u00e7\u00e3o dos Criadores de Mato Grosso"},"image":{"@id":"https:\/\/acrimat.org.br\/portal\/#\/schema\/logo\/image\/"}},{"@type":"Person","@id":"https:\/\/acrimat.org.br\/portal\/#\/schema\/person\/a309b9496344ff991e8e1b1d751fdd7b","name":"Assessoria de comunica\u00e7\u00e3o ACRIMAT","image":{"@type":"ImageObject","inLanguage":"pt-BR","@id":"https:\/\/acrimat.org.br\/portal\/#\/schema\/person\/image\/","url":"https:\/\/secure.gravatar.com\/avatar\/2f9c28e64c317bcd762b25cb1575f1b4?s=96&d=mm&r=g","contentUrl":"https:\/\/secure.gravatar.com\/avatar\/2f9c28e64c317bcd762b25cb1575f1b4?s=96&d=mm&r=g","caption":"Assessoria de comunica\u00e7\u00e3o ACRIMAT"},"sameAs":["http:\/\/acrimat.org.br\/"],"url":"https:\/\/acrimat.org.br\/portal\/author\/ascom\/"}]}},"_links":{"self":[{"href":"https:\/\/acrimat.org.br\/portal\/wp-json\/wp\/v2\/posts\/97987011","targetHints":{"allow":["GET"]}}],"collection":[{"href":"https:\/\/acrimat.org.br\/portal\/wp-json\/wp\/v2\/posts"}],"about":[{"href":"https:\/\/acrimat.org.br\/portal\/wp-json\/wp\/v2\/types\/post"}],"author":[{"embeddable":true,"href":"https:\/\/acrimat.org.br\/portal\/wp-json\/wp\/v2\/users\/7"}],"replies":[{"embeddable":true,"href":"https:\/\/acrimat.org.br\/portal\/wp-json\/wp\/v2\/comments?post=97987011"}],"version-history":[{"count":1,"href":"https:\/\/acrimat.org.br\/portal\/wp-json\/wp\/v2\/posts\/97987011\/revisions"}],"predecessor-version":[{"id":97987012,"href":"https:\/\/acrimat.org.br\/portal\/wp-json\/wp\/v2\/posts\/97987011\/revisions\/97987012"}],"wp:featuredmedia":[{"embeddable":true,"href":"https:\/\/acrimat.org.br\/portal\/wp-json\/wp\/v2\/media\/97985175"}],"wp:attachment":[{"href":"https:\/\/acrimat.org.br\/portal\/wp-json\/wp\/v2\/media?parent=97987011"}],"wp:term":[{"taxonomy":"category","embeddable":true,"href":"https:\/\/acrimat.org.br\/portal\/wp-json\/wp\/v2\/categories?post=97987011"},{"taxonomy":"post_tag","embeddable":true,"href":"https:\/\/acrimat.org.br\/portal\/wp-json\/wp\/v2\/tags?post=97987011"}],"curies":[{"name":"wp","href":"https:\/\/api.w.org\/{rel}","templated":true}]}}