{"id":97987013,"date":"2018-04-09T11:27:18","date_gmt":"2018-04-09T14:27:18","guid":{"rendered":"http:\/\/acrimat.org.br\/portal\/?p=97987013"},"modified":"2018-04-09T11:27:18","modified_gmt":"2018-04-09T14:27:18","slug":"mato-grosso-e-europa-discutem-modelo-produtivo-de-carne","status":"publish","type":"post","link":"https:\/\/acrimat.org.br\/portal\/mato-grosso-e-europa-discutem-modelo-produtivo-de-carne\/","title":{"rendered":"Mato Grosso e Europa discutem modelo produtivo de carne"},"content":{"rendered":"<p>Membros do Parlamento Europeu estiveram em Cuiab\u00e1 nesta quinta-feira, 05 de abril, para discutir o modelo produtivo da carne em Mato Grosso. Hoje, o estado \u00e9 respons\u00e1vel por 25% das fazendas de carne bovina habilitadas para exportar para a Europa.<\/p>\n<p>O grupo est\u00e1 em Mato Grosso, ap\u00f3s passagem na \u00faltima ter\u00e7a-feira, 03 de abril, por Bras\u00edlia (DF) onde encontrou-se com o ministro da Agricultura, Blairo Maggi, o presidente da Embrapa, Maur\u00edcio Lopes, e o presidente da Confedera\u00e7\u00e3o Nacional da Agricultura (CNA), Jo\u00e3o Martins.<\/p>\n<p>A reuni\u00e3o em Cuiab\u00e1 ocorreu no per\u00edodo da manh\u00e3 de quinta-feira, 05, no Pal\u00e1cio Paiagu\u00e1s com o governador Pedro Taques, secret\u00e1rios, parlamentares e representantes de entidades ligadas ao setor produtivo.<\/p>\n<p>De acordo com Taques, a reuni\u00e3o entre os t\u00e9cnicos do Governo do Estado e os parlamentares europeus serviu para que os visitantes pudesse tirar suas d\u00favidas \u00e0 respeito da produ\u00e7\u00e3o de carne mato-grossense.<\/p>\n<p>Na ocasi\u00e3o o diretor executivo da Associa\u00e7\u00e3o dos Criadores de Mato Grosso (Acrimat), Luciano Vacari, destacou que Mato Grosso \u00e9 respons\u00e1vel por 25% das propriedades rurais do Brasil habilitadas para exportar carne \u00e0 Uni\u00e3o Europeia. Vacari ainda ressaltou que a discuss\u00e3o realizada em Cuiab\u00e1 \u00e9 v\u00e1lida, pois trata-se de sanidade animal e consumo humano.<\/p>\n<p>Um dos pontos tratados no encontro em Cuiab\u00e1 foi a Opera\u00e7\u00e3o Carne Fraca, deflagrada pela Pol\u00edcia Federal em 17 de mar\u00e7o de 2017. O encontrou foi uma oportunidade para que os parlamentares europeus pudessem tirar d\u00favidas a respeito da a\u00e7\u00e3o policial.<\/p>\n<p>&#8220;A opera\u00e7\u00e3o Carne Fraca tratou de corrup\u00e7\u00e3o no sistema de inspe\u00e7\u00e3o. N\u00e3o foi um problema de qualidade do produto. Dos 11 mil agentes federais do Minist\u00e9rio da Agricultura, apenas 30 foram investigados e somente cinco foram afastados. Dos cinco mil estabelecimentos comerciais com inspe\u00e7\u00e3o federal do Brasil, apenas 20 foram investigados e apenas tr\u00eas interditados. Nenhum destes agentes e nenhuma destas ind\u00fastrias s\u00e3o de Mato Grosso, o que mostra nosso comprometimento com a qualidade e com a produ\u00e7\u00e3o sustent\u00e1vel no Estado&#8221;, pontuou Vacari \u00e0 comita europeia.<\/p>\n<p>Segundo a presidente do Instituto de Defesa Agropecu\u00e1ria de Mato Grosso (Indea-MT), Daniela Soares, das 105 mil propriedades rurais existentes em Mato Grosso, apenas 455 est\u00e3o habilitadas para exportar para a Uni\u00e3o Europeia. &#8220;Temos hoje, dentro dessas 455 propriedades, mais de cinco milh\u00f5es de cabe\u00e7as&#8221;.<\/p>\n<p>Ainda conforme a presidente do Indea-MT, na quarta-feira, 04 de abril, o grupo europeu teve a oportunidade de conhecer duas das maiores propriedades rurais que exportam para a Uni\u00e3o Europeia. &#8220;L\u00e1, conseguiram verificar toda a qualidade, tanto do rebanho, quanto sanit\u00e1ria, e os controles feitos pelo produtor rural e pelo servi\u00e7o oficial. Sa\u00edram de l\u00e1 satisfeitos com o que viram, porque realmente o Estado est\u00e1 cumprindo a legisla\u00e7\u00e3o na pr\u00e1tica&#8221;.<\/p>\n","protected":false},"excerpt":{"rendered":"<p>Membros do Parlamento Europeu estiveram em Cuiab\u00e1 para discutir o modelo produtivo da carne em Mato Grosso<\/p>\n","protected":false},"author":7,"featured_media":97985206,"comment_status":"closed","ping_status":"closed","sticky":false,"template":"","format":"standard","meta":{"footnotes":""},"categories":[6,1],"tags":[],"class_list":["post-97987013","post","type-post","status-publish","format-standard","has-post-thumbnail","hentry","category-destaque","category-noticia"],"yoast_head":"<!-- This site is optimized with the Yoast SEO plugin v24.8.1 - https:\/\/yoast.com\/wordpress\/plugins\/seo\/ -->\n<title>Mato Grosso e Europa discutem modelo produtivo de carne - Acrimat<\/title>\n<meta name=\"robots\" content=\"index, follow, max-snippet:-1, max-image-preview:large, max-video-preview:-1\" \/>\n<link rel=\"canonical\" href=\"https:\/\/acrimat.org.br\/portal\/mato-grosso-e-europa-discutem-modelo-produtivo-de-carne\/\" \/>\n<meta property=\"og:locale\" content=\"pt_BR\" \/>\n<meta property=\"og:type\" content=\"article\" \/>\n<meta property=\"og:title\" content=\"Mato Grosso e Europa discutem modelo produtivo de carne - Acrimat\" \/>\n<meta property=\"og:description\" content=\"Membros do Parlamento Europeu estiveram em Cuiab\u00e1 para discutir o modelo produtivo da carne em Mato Grosso\" \/>\n<meta property=\"og:url\" content=\"https:\/\/acrimat.org.br\/portal\/mato-grosso-e-europa-discutem-modelo-produtivo-de-carne\/\" \/>\n<meta property=\"og:site_name\" content=\"Acrimat\" \/>\n<meta property=\"article:published_time\" content=\"2018-04-09T14:27:18+00:00\" \/>\n<meta property=\"og:image\" content=\"https:\/\/acrimat.org.br\/portal\/wp-content\/uploads\/2017\/12\/boi-gordo.jpg\" \/>\n\t<meta property=\"og:image:width\" content=\"730\" \/>\n\t<meta property=\"og:image:height\" content=\"502\" \/>\n\t<meta property=\"og:image:type\" content=\"image\/jpeg\" \/>\n<meta name=\"author\" content=\"Assessoria de comunica\u00e7\u00e3o ACRIMAT\" \/>\n<meta name=\"twitter:card\" content=\"summary_large_image\" \/>\n<meta name=\"twitter:label1\" content=\"Escrito por\" \/>\n\t<meta name=\"twitter:data1\" content=\"Assessoria de comunica\u00e7\u00e3o ACRIMAT\" \/>\n\t<meta name=\"twitter:label2\" content=\"Est. tempo de leitura\" \/>\n\t<meta name=\"twitter:data2\" content=\"2 minutos\" \/>\n<script type=\"application\/ld+json\" class=\"yoast-schema-graph\">{\"@context\":\"https:\/\/schema.org\",\"@graph\":[{\"@type\":\"Article\",\"@id\":\"https:\/\/acrimat.org.br\/portal\/mato-grosso-e-europa-discutem-modelo-produtivo-de-carne\/#article\",\"isPartOf\":{\"@id\":\"https:\/\/acrimat.org.br\/portal\/mato-grosso-e-europa-discutem-modelo-produtivo-de-carne\/\"},\"author\":{\"name\":\"Assessoria de comunica\u00e7\u00e3o ACRIMAT\",\"@id\":\"https:\/\/acrimat.org.br\/portal\/#\/schema\/person\/a309b9496344ff991e8e1b1d751fdd7b\"},\"headline\":\"Mato Grosso e Europa discutem modelo produtivo de carne\",\"datePublished\":\"2018-04-09T14:27:18+00:00\",\"mainEntityOfPage\":{\"@id\":\"https:\/\/acrimat.org.br\/portal\/mato-grosso-e-europa-discutem-modelo-produtivo-de-carne\/\"},\"wordCount\":480,\"publisher\":{\"@id\":\"https:\/\/acrimat.org.br\/portal\/#organization\"},\"image\":{\"@id\":\"https:\/\/acrimat.org.br\/portal\/mato-grosso-e-europa-discutem-modelo-produtivo-de-carne\/#primaryimage\"},\"thumbnailUrl\":\"https:\/\/acrimat.org.br\/portal\/wp-content\/uploads\/2017\/12\/boi-gordo.jpg\",\"articleSection\":[\"Destaques\",\"Not\u00edcias\"],\"inLanguage\":\"pt-BR\"},{\"@type\":\"WebPage\",\"@id\":\"https:\/\/acrimat.org.br\/portal\/mato-grosso-e-europa-discutem-modelo-produtivo-de-carne\/\",\"url\":\"https:\/\/acrimat.org.br\/portal\/mato-grosso-e-europa-discutem-modelo-produtivo-de-carne\/\",\"name\":\"Mato Grosso e Europa discutem modelo produtivo de carne - Acrimat\",\"isPartOf\":{\"@id\":\"https:\/\/acrimat.org.br\/portal\/#website\"},\"primaryImageOfPage\":{\"@id\":\"https:\/\/acrimat.org.br\/portal\/mato-grosso-e-europa-discutem-modelo-produtivo-de-carne\/#primaryimage\"},\"image\":{\"@id\":\"https:\/\/acrimat.org.br\/portal\/mato-grosso-e-europa-discutem-modelo-produtivo-de-carne\/#primaryimage\"},\"thumbnailUrl\":\"https:\/\/acrimat.org.br\/portal\/wp-content\/uploads\/2017\/12\/boi-gordo.jpg\",\"datePublished\":\"2018-04-09T14:27:18+00:00\",\"breadcrumb\":{\"@id\":\"https:\/\/acrimat.org.br\/portal\/mato-grosso-e-europa-discutem-modelo-produtivo-de-carne\/#breadcrumb\"},\"inLanguage\":\"pt-BR\",\"potentialAction\":[{\"@type\":\"ReadAction\",\"target\":[\"https:\/\/acrimat.org.br\/portal\/mato-grosso-e-europa-discutem-modelo-produtivo-de-carne\/\"]}]},{\"@type\":\"ImageObject\",\"inLanguage\":\"pt-BR\",\"@id\":\"https:\/\/acrimat.org.br\/portal\/mato-grosso-e-europa-discutem-modelo-produtivo-de-carne\/#primaryimage\",\"url\":\"https:\/\/acrimat.org.br\/portal\/wp-content\/uploads\/2017\/12\/boi-gordo.jpg\",\"contentUrl\":\"https:\/\/acrimat.org.br\/portal\/wp-content\/uploads\/2017\/12\/boi-gordo.jpg\",\"width\":730,\"height\":502},{\"@type\":\"BreadcrumbList\",\"@id\":\"https:\/\/acrimat.org.br\/portal\/mato-grosso-e-europa-discutem-modelo-produtivo-de-carne\/#breadcrumb\",\"itemListElement\":[{\"@type\":\"ListItem\",\"position\":1,\"name\":\"In\u00edcio\",\"item\":\"https:\/\/acrimat.org.br\/portal\/\"},{\"@type\":\"ListItem\",\"position\":2,\"name\":\"Mato Grosso e Europa discutem modelo produtivo de carne\"}]},{\"@type\":\"WebSite\",\"@id\":\"https:\/\/acrimat.org.br\/portal\/#website\",\"url\":\"https:\/\/acrimat.org.br\/portal\/\",\"name\":\"Acrimat\",\"description\":\"Associa\u00e7\u00e3o dos Criadores de Mato Grosso\",\"publisher\":{\"@id\":\"https:\/\/acrimat.org.br\/portal\/#organization\"},\"potentialAction\":[{\"@type\":\"SearchAction\",\"target\":{\"@type\":\"EntryPoint\",\"urlTemplate\":\"https:\/\/acrimat.org.br\/portal\/?s={search_term_string}\"},\"query-input\":{\"@type\":\"PropertyValueSpecification\",\"valueRequired\":true,\"valueName\":\"search_term_string\"}}],\"inLanguage\":\"pt-BR\"},{\"@type\":\"Organization\",\"@id\":\"https:\/\/acrimat.org.br\/portal\/#organization\",\"name\":\"Associa\u00e7\u00e3o dos Criadores de Mato Grosso\",\"url\":\"https:\/\/acrimat.org.br\/portal\/\",\"logo\":{\"@type\":\"ImageObject\",\"inLanguage\":\"pt-BR\",\"@id\":\"https:\/\/acrimat.org.br\/portal\/#\/schema\/logo\/image\/\",\"url\":\"https:\/\/acrimat.org.br\/portal\/wp-content\/uploads\/2018\/03\/logo-peq-original.png\",\"contentUrl\":\"https:\/\/acrimat.org.br\/portal\/wp-content\/uploads\/2018\/03\/logo-peq-original.png\",\"width\":174,\"height\":171,\"caption\":\"Associa\u00e7\u00e3o dos Criadores de Mato Grosso\"},\"image\":{\"@id\":\"https:\/\/acrimat.org.br\/portal\/#\/schema\/logo\/image\/\"}},{\"@type\":\"Person\",\"@id\":\"https:\/\/acrimat.org.br\/portal\/#\/schema\/person\/a309b9496344ff991e8e1b1d751fdd7b\",\"name\":\"Assessoria de comunica\u00e7\u00e3o ACRIMAT\",\"image\":{\"@type\":\"ImageObject\",\"inLanguage\":\"pt-BR\",\"@id\":\"https:\/\/acrimat.org.br\/portal\/#\/schema\/person\/image\/\",\"url\":\"https:\/\/secure.gravatar.com\/avatar\/2f9c28e64c317bcd762b25cb1575f1b4?s=96&d=mm&r=g\",\"contentUrl\":\"https:\/\/secure.gravatar.com\/avatar\/2f9c28e64c317bcd762b25cb1575f1b4?s=96&d=mm&r=g\",\"caption\":\"Assessoria de comunica\u00e7\u00e3o ACRIMAT\"},\"sameAs\":[\"http:\/\/acrimat.org.br\/\"],\"url\":\"https:\/\/acrimat.org.br\/portal\/author\/ascom\/\"}]}<\/script>\n<!-- \/ Yoast SEO plugin. -->","yoast_head_json":{"title":"Mato Grosso e Europa discutem modelo produtivo de carne - Acrimat","robots":{"index":"index","follow":"follow","max-snippet":"max-snippet:-1","max-image-preview":"max-image-preview:large","max-video-preview":"max-video-preview:-1"},"canonical":"https:\/\/acrimat.org.br\/portal\/mato-grosso-e-europa-discutem-modelo-produtivo-de-carne\/","og_locale":"pt_BR","og_type":"article","og_title":"Mato Grosso e Europa discutem modelo produtivo de carne - Acrimat","og_description":"Membros do Parlamento Europeu estiveram em Cuiab\u00e1 para discutir o modelo produtivo da carne em Mato Grosso","og_url":"https:\/\/acrimat.org.br\/portal\/mato-grosso-e-europa-discutem-modelo-produtivo-de-carne\/","og_site_name":"Acrimat","article_published_time":"2018-04-09T14:27:18+00:00","og_image":[{"width":730,"height":502,"url":"https:\/\/acrimat.org.br\/portal\/wp-content\/uploads\/2017\/12\/boi-gordo.jpg","type":"image\/jpeg"}],"author":"Assessoria de comunica\u00e7\u00e3o ACRIMAT","twitter_card":"summary_large_image","twitter_misc":{"Escrito por":"Assessoria de comunica\u00e7\u00e3o ACRIMAT","Est. tempo de leitura":"2 minutos"},"schema":{"@context":"https:\/\/schema.org","@graph":[{"@type":"Article","@id":"https:\/\/acrimat.org.br\/portal\/mato-grosso-e-europa-discutem-modelo-produtivo-de-carne\/#article","isPartOf":{"@id":"https:\/\/acrimat.org.br\/portal\/mato-grosso-e-europa-discutem-modelo-produtivo-de-carne\/"},"author":{"name":"Assessoria de comunica\u00e7\u00e3o ACRIMAT","@id":"https:\/\/acrimat.org.br\/portal\/#\/schema\/person\/a309b9496344ff991e8e1b1d751fdd7b"},"headline":"Mato Grosso e Europa discutem modelo produtivo de carne","datePublished":"2018-04-09T14:27:18+00:00","mainEntityOfPage":{"@id":"https:\/\/acrimat.org.br\/portal\/mato-grosso-e-europa-discutem-modelo-produtivo-de-carne\/"},"wordCount":480,"publisher":{"@id":"https:\/\/acrimat.org.br\/portal\/#organization"},"image":{"@id":"https:\/\/acrimat.org.br\/portal\/mato-grosso-e-europa-discutem-modelo-produtivo-de-carne\/#primaryimage"},"thumbnailUrl":"https:\/\/acrimat.org.br\/portal\/wp-content\/uploads\/2017\/12\/boi-gordo.jpg","articleSection":["Destaques","Not\u00edcias"],"inLanguage":"pt-BR"},{"@type":"WebPage","@id":"https:\/\/acrimat.org.br\/portal\/mato-grosso-e-europa-discutem-modelo-produtivo-de-carne\/","url":"https:\/\/acrimat.org.br\/portal\/mato-grosso-e-europa-discutem-modelo-produtivo-de-carne\/","name":"Mato Grosso e Europa discutem modelo produtivo de carne - Acrimat","isPartOf":{"@id":"https:\/\/acrimat.org.br\/portal\/#website"},"primaryImageOfPage":{"@id":"https:\/\/acrimat.org.br\/portal\/mato-grosso-e-europa-discutem-modelo-produtivo-de-carne\/#primaryimage"},"image":{"@id":"https:\/\/acrimat.org.br\/portal\/mato-grosso-e-europa-discutem-modelo-produtivo-de-carne\/#primaryimage"},"thumbnailUrl":"https:\/\/acrimat.org.br\/portal\/wp-content\/uploads\/2017\/12\/boi-gordo.jpg","datePublished":"2018-04-09T14:27:18+00:00","breadcrumb":{"@id":"https:\/\/acrimat.org.br\/portal\/mato-grosso-e-europa-discutem-modelo-produtivo-de-carne\/#breadcrumb"},"inLanguage":"pt-BR","potentialAction":[{"@type":"ReadAction","target":["https:\/\/acrimat.org.br\/portal\/mato-grosso-e-europa-discutem-modelo-produtivo-de-carne\/"]}]},{"@type":"ImageObject","inLanguage":"pt-BR","@id":"https:\/\/acrimat.org.br\/portal\/mato-grosso-e-europa-discutem-modelo-produtivo-de-carne\/#primaryimage","url":"https:\/\/acrimat.org.br\/portal\/wp-content\/uploads\/2017\/12\/boi-gordo.jpg","contentUrl":"https:\/\/acrimat.org.br\/portal\/wp-content\/uploads\/2017\/12\/boi-gordo.jpg","width":730,"height":502},{"@type":"BreadcrumbList","@id":"https:\/\/acrimat.org.br\/portal\/mato-grosso-e-europa-discutem-modelo-produtivo-de-carne\/#breadcrumb","itemListElement":[{"@type":"ListItem","position":1,"name":"In\u00edcio","item":"https:\/\/acrimat.org.br\/portal\/"},{"@type":"ListItem","position":2,"name":"Mato Grosso e Europa discutem modelo produtivo de carne"}]},{"@type":"WebSite","@id":"https:\/\/acrimat.org.br\/portal\/#website","url":"https:\/\/acrimat.org.br\/portal\/","name":"Acrimat","description":"Associa\u00e7\u00e3o dos Criadores de Mato Grosso","publisher":{"@id":"https:\/\/acrimat.org.br\/portal\/#organization"},"potentialAction":[{"@type":"SearchAction","target":{"@type":"EntryPoint","urlTemplate":"https:\/\/acrimat.org.br\/portal\/?s={search_term_string}"},"query-input":{"@type":"PropertyValueSpecification","valueRequired":true,"valueName":"search_term_string"}}],"inLanguage":"pt-BR"},{"@type":"Organization","@id":"https:\/\/acrimat.org.br\/portal\/#organization","name":"Associa\u00e7\u00e3o dos Criadores de Mato Grosso","url":"https:\/\/acrimat.org.br\/portal\/","logo":{"@type":"ImageObject","inLanguage":"pt-BR","@id":"https:\/\/acrimat.org.br\/portal\/#\/schema\/logo\/image\/","url":"https:\/\/acrimat.org.br\/portal\/wp-content\/uploads\/2018\/03\/logo-peq-original.png","contentUrl":"https:\/\/acrimat.org.br\/portal\/wp-content\/uploads\/2018\/03\/logo-peq-original.png","width":174,"height":171,"caption":"Associa\u00e7\u00e3o dos Criadores de Mato Grosso"},"image":{"@id":"https:\/\/acrimat.org.br\/portal\/#\/schema\/logo\/image\/"}},{"@type":"Person","@id":"https:\/\/acrimat.org.br\/portal\/#\/schema\/person\/a309b9496344ff991e8e1b1d751fdd7b","name":"Assessoria de comunica\u00e7\u00e3o ACRIMAT","image":{"@type":"ImageObject","inLanguage":"pt-BR","@id":"https:\/\/acrimat.org.br\/portal\/#\/schema\/person\/image\/","url":"https:\/\/secure.gravatar.com\/avatar\/2f9c28e64c317bcd762b25cb1575f1b4?s=96&d=mm&r=g","contentUrl":"https:\/\/secure.gravatar.com\/avatar\/2f9c28e64c317bcd762b25cb1575f1b4?s=96&d=mm&r=g","caption":"Assessoria de comunica\u00e7\u00e3o ACRIMAT"},"sameAs":["http:\/\/acrimat.org.br\/"],"url":"https:\/\/acrimat.org.br\/portal\/author\/ascom\/"}]}},"_links":{"self":[{"href":"https:\/\/acrimat.org.br\/portal\/wp-json\/wp\/v2\/posts\/97987013","targetHints":{"allow":["GET"]}}],"collection":[{"href":"https:\/\/acrimat.org.br\/portal\/wp-json\/wp\/v2\/posts"}],"about":[{"href":"https:\/\/acrimat.org.br\/portal\/wp-json\/wp\/v2\/types\/post"}],"author":[{"embeddable":true,"href":"https:\/\/acrimat.org.br\/portal\/wp-json\/wp\/v2\/users\/7"}],"replies":[{"embeddable":true,"href":"https:\/\/acrimat.org.br\/portal\/wp-json\/wp\/v2\/comments?post=97987013"}],"version-history":[{"count":1,"href":"https:\/\/acrimat.org.br\/portal\/wp-json\/wp\/v2\/posts\/97987013\/revisions"}],"predecessor-version":[{"id":97987014,"href":"https:\/\/acrimat.org.br\/portal\/wp-json\/wp\/v2\/posts\/97987013\/revisions\/97987014"}],"wp:featuredmedia":[{"embeddable":true,"href":"https:\/\/acrimat.org.br\/portal\/wp-json\/wp\/v2\/media\/97985206"}],"wp:attachment":[{"href":"https:\/\/acrimat.org.br\/portal\/wp-json\/wp\/v2\/media?parent=97987013"}],"wp:term":[{"taxonomy":"category","embeddable":true,"href":"https:\/\/acrimat.org.br\/portal\/wp-json\/wp\/v2\/categories?post=97987013"},{"taxonomy":"post_tag","embeddable":true,"href":"https:\/\/acrimat.org.br\/portal\/wp-json\/wp\/v2\/tags?post=97987013"}],"curies":[{"name":"wp","href":"https:\/\/api.w.org\/{rel}","templated":true}]}}