{"id":97987021,"date":"2018-04-09T11:51:23","date_gmt":"2018-04-09T14:51:23","guid":{"rendered":"http:\/\/acrimat.org.br\/portal\/?p=97987021"},"modified":"2018-04-09T11:51:23","modified_gmt":"2018-04-09T14:51:23","slug":"11a-parecis-superagro-comeca-hoje-com-meta-de-atingir-r-180-milhoes-em-negocios","status":"publish","type":"post","link":"https:\/\/acrimat.org.br\/portal\/11a-parecis-superagro-comeca-hoje-com-meta-de-atingir-r-180-milhoes-em-negocios\/","title":{"rendered":"11\u00aa Parecis SuperAgro come\u00e7a hoje com meta de atingir R$ 180 milh\u00f5es em neg\u00f3cios"},"content":{"rendered":"<p>Come\u00e7a nesta segunda-feira (09.04) a feira de tecnologia e neg\u00f3cios, do setor agropecu\u00e1rio, mais esperada do ano. A 11\u00aa Parecis SuperAgro tem expectativa de superar os R$ 180 milh\u00f5es em neg\u00f3cios. Ao longo de onze anos, a feira se consolidou como uma das principais do pa\u00eds e tem agregado produtores de diversos outros estados. Mais de 130 marcas expressivas no setor agropecu\u00e1rio estar\u00e3o com seus estandes expondo o que h\u00e1 de mais moderno em produtos e servi\u00e7os para o produtor rural.<\/p>\n<p>A primeira a\u00e7\u00e3o na abertura da programa\u00e7\u00e3o ser\u00e1 o Dia de Campo &#8220;Tecnologias de Produ\u00e7\u00e3o Agropecu\u00e1ria Sustent\u00e1veis&#8221;, uma parceria in\u00e9dita com a Embrapa &#8211; por meio do projeto de Transfer\u00eancia de Tecnologia em ILPF. O evento ser\u00e1 realizado na Fazenda S\u00e3o Paulo, de propriedade de Vit\u00f3rio Herklotz, localizada no munic\u00edpio de Brasnorte e que fica h\u00e1 60 km de Campo Novo do Parecis.<\/p>\n<p>A propriedade buscou nos sistemas integrados alternativas para diversificar as fontes de renda, melhorar os atributos do solo e para reduzir problemas causados por nematoides e possui uma Unidade de Refer\u00eancia Tecnol\u00f3gica e Econ\u00f4mica (URTE) acompanhada pela Embrapa e pelo Imea. Os resultados parciais desse trabalho de monitoramento ser\u00e3o um dos temas apresentados durante o dia de campo.<\/p>\n<p>A Parecis SuperAgro \u00e9 uma realiza\u00e7\u00e3o do Sindicato Rural de Campo Novo do Parecis e do Servi\u00e7o Nacional de Aprendizagem Rural (Senar-MT), e conta com o apoio da Prefeitura Municipal de Campo Novo, do Sistema Famato, da C\u00e2mara Municipal de Campo Novo, Lindolfo Reinheimer &#8211; Fertilizantes Heringer, Associa\u00e7\u00e3o dos Criadores de Mato Grosso (Acrimat), Embrapa, Sindicatos do Chapad\u00e3o do Parecis e Est\u00e2ncia Bahi<\/p>\n<p>O tema central da feira neste ano \u00e9 &#8220;Revolu\u00e7\u00e3o Digital no Campo: Como acompanhar essa transforma\u00e7\u00e3o&#8221; e, em toda programa\u00e7\u00e3o do evento, a meta \u00e9 construir um ambiente que proporcione conhecimento, troca de informa\u00e7\u00f5es e, principalmente, tornar a feira a grande oportunidade para que os produtores fechem bons neg\u00f3cios, como afirma a presidente do Sindicato Rural de Campo Novo, Giovana Velke.<\/p>\n<p>Tamb\u00e9m nesta segunda-feira, a partir das 16h, o p\u00fablico poder\u00e1 visitar o Parque de Exposi\u00e7\u00f5es Odenir Ortolan, sede da Parecis SuperAgro. A visita\u00e7\u00e3o segue at\u00e9 \u00e0s 19h. J\u00e1 a partir das 16h30 a organiza\u00e7\u00e3o da feira inicia o Ciclo de Palestras com destaque para a pecu\u00e1ria. Com o tema &#8220;Do pasto ao prato &#8211; agrega\u00e7\u00e3o de valor na pecu\u00e1ria de corte&#8221;, o diretor-executivo da Associa\u00e7\u00e3o dos Criadores de Mato Grosso, Luciano Vacari, que vai abordar como o produtor pode acessar mais mercados e conquistar melhor remunera\u00e7\u00e3o com o investimento na qualidade do produto ofertado.<\/p>\n<p>&#8220;Al\u00e9m da sustentabilidade econ\u00f4mica e ambiental do neg\u00f3cio, o produtor tamb\u00e9m busca aumentar a rentabilidade com a agrega\u00e7\u00e3o de valor ao produto final. Para isso, trabalha para oferecer carne cada vez melhor e para mercados que paguem por este diferencial&#8221;, afirma Luciano Vacari.<\/p>\n<p>O palestrante \u00e9 graduado em gest\u00e3o de agroneg\u00f3cios, foi operador de mercado de derivativos agropecu\u00e1rios da BMF&amp;Bovespa, coordenador do CentroBoi na Federa\u00e7\u00e3o de Agricultura e Pecu\u00e1ria de Mato Grosso (Famato), membro da C\u00e2mara Setorial da Carne do Minist\u00e9rio da Agricultura, Pecu\u00e1ria e Abastecimento (Mapa), membro do conselho diretor do Grupo de Trabalho da Pecu\u00e1ria Sustent\u00e1vel (GTPS), ex-presidente do Instituto Mato-Grossense da Carne (Imac). Atualmente \u00e9 membro do conselho deliberativo do IMAC e diretor-executivo da Associa\u00e7\u00e3o dos Criadores de Mato Grosso (Acrimat).<\/p>\n<p>LEIL\u00c3O &#8211; Tamb\u00e9m no primeiro dia da Parecis SuperAgro ser\u00e1 realizado o Leil\u00e3o Parecis SuperAgro, a partir das 18h. Com a expectativa de superar os R$ 3 milh\u00f5es em comercializa\u00e7\u00e3o feira em 2017, o leil\u00e3o ser\u00e1 realizado em parceria com a Est\u00e2ncia Bahia. Segundo um levantamento do Instituto de Defesa Agropecu\u00e1ria de Mato Grosso, somente o rebanho da Regi\u00e3o Oeste est\u00e1 estimado em 4.798.298 cabe\u00e7as de gado. De acordo o diretor comercial da Est\u00e2ncia Bahia, Guilherme Tonh\u00e1, estar\u00e3o dispon\u00edveis durante o leil\u00e3o quatro mil animais, entre Nelore e cruzamento industrial, para cria, recria e engorda. O Leil\u00e3o Parecis SuperAgro ter\u00e1 transmiss\u00e3o pelo Canal Terra Viva.<\/p>\n<p>SERVI\u00c7O &#8211; A Parecis SuperAgro &#8211; Feira de Tecnologia e Neg\u00f3cios ser\u00e1 realizada entre os dias 9 e 12 de abril, em Campo Novo do Parecis, e tem como patrocinadores Aprosoja, Ast\u00e9r, Baldan, Parecis M\u00e1quinas Agr\u00edcolas, Sicoob Uni\u00e3o, Syngenta, Kiko Tecnologia Agr\u00edcola. O objetivo dos organizadores \u00e9 manter a feira como uma grande vitrine ao proporcionar oportunidades para demonstra\u00e7\u00e3o de produtos e servi\u00e7os, difus\u00e3o de tecnologias e informa\u00e7\u00f5es e realiza\u00e7\u00e3o de neg\u00f3cios.<\/p>\n","protected":false},"excerpt":{"rendered":"<p>Feira segue at\u00e9 o dia 12 de abril<\/p>\n","protected":false},"author":7,"featured_media":97987022,"comment_status":"closed","ping_status":"closed","sticky":false,"template":"","format":"standard","meta":{"footnotes":""},"categories":[6,1],"tags":[],"class_list":["post-97987021","post","type-post","status-publish","format-standard","has-post-thumbnail","hentry","category-destaque","category-noticia"],"yoast_head":"<!-- This site is optimized with the Yoast SEO plugin v24.8.1 - https:\/\/yoast.com\/wordpress\/plugins\/seo\/ -->\n<title>11\u00aa Parecis SuperAgro come\u00e7a hoje com meta de atingir R$ 180 milh\u00f5es em neg\u00f3cios - Acrimat<\/title>\n<meta name=\"robots\" content=\"index, follow, max-snippet:-1, max-image-preview:large, max-video-preview:-1\" \/>\n<link rel=\"canonical\" href=\"https:\/\/acrimat.org.br\/portal\/11a-parecis-superagro-comeca-hoje-com-meta-de-atingir-r-180-milhoes-em-negocios\/\" \/>\n<meta property=\"og:locale\" content=\"pt_BR\" \/>\n<meta property=\"og:type\" content=\"article\" \/>\n<meta property=\"og:title\" content=\"11\u00aa Parecis SuperAgro come\u00e7a hoje com meta de atingir R$ 180 milh\u00f5es em neg\u00f3cios - Acrimat\" \/>\n<meta property=\"og:description\" content=\"Feira segue at\u00e9 o dia 12 de abril\" \/>\n<meta property=\"og:url\" content=\"https:\/\/acrimat.org.br\/portal\/11a-parecis-superagro-comeca-hoje-com-meta-de-atingir-r-180-milhoes-em-negocios\/\" \/>\n<meta property=\"og:site_name\" content=\"Acrimat\" \/>\n<meta property=\"article:published_time\" content=\"2018-04-09T14:51:23+00:00\" \/>\n<meta property=\"og:image\" content=\"https:\/\/acrimat.org.br\/portal\/wp-content\/uploads\/2018\/04\/feira-parecis-super-agro.png\" \/>\n\t<meta property=\"og:image:width\" content=\"800\" \/>\n\t<meta property=\"og:image:height\" content=\"800\" \/>\n\t<meta property=\"og:image:type\" content=\"image\/png\" \/>\n<meta name=\"author\" content=\"Assessoria de comunica\u00e7\u00e3o ACRIMAT\" \/>\n<meta name=\"twitter:card\" content=\"summary_large_image\" \/>\n<meta name=\"twitter:label1\" content=\"Escrito por\" \/>\n\t<meta name=\"twitter:data1\" content=\"Assessoria de comunica\u00e7\u00e3o ACRIMAT\" \/>\n\t<meta name=\"twitter:label2\" content=\"Est. tempo de leitura\" \/>\n\t<meta name=\"twitter:data2\" content=\"4 minutos\" \/>\n<script type=\"application\/ld+json\" class=\"yoast-schema-graph\">{\"@context\":\"https:\/\/schema.org\",\"@graph\":[{\"@type\":\"Article\",\"@id\":\"https:\/\/acrimat.org.br\/portal\/11a-parecis-superagro-comeca-hoje-com-meta-de-atingir-r-180-milhoes-em-negocios\/#article\",\"isPartOf\":{\"@id\":\"https:\/\/acrimat.org.br\/portal\/11a-parecis-superagro-comeca-hoje-com-meta-de-atingir-r-180-milhoes-em-negocios\/\"},\"author\":{\"name\":\"Assessoria de comunica\u00e7\u00e3o ACRIMAT\",\"@id\":\"https:\/\/acrimat.org.br\/portal\/#\/schema\/person\/a309b9496344ff991e8e1b1d751fdd7b\"},\"headline\":\"11\u00aa Parecis SuperAgro come\u00e7a hoje com meta de atingir R$ 180 milh\u00f5es em neg\u00f3cios\",\"datePublished\":\"2018-04-09T14:51:23+00:00\",\"mainEntityOfPage\":{\"@id\":\"https:\/\/acrimat.org.br\/portal\/11a-parecis-superagro-comeca-hoje-com-meta-de-atingir-r-180-milhoes-em-negocios\/\"},\"wordCount\":811,\"publisher\":{\"@id\":\"https:\/\/acrimat.org.br\/portal\/#organization\"},\"image\":{\"@id\":\"https:\/\/acrimat.org.br\/portal\/11a-parecis-superagro-comeca-hoje-com-meta-de-atingir-r-180-milhoes-em-negocios\/#primaryimage\"},\"thumbnailUrl\":\"https:\/\/acrimat.org.br\/portal\/wp-content\/uploads\/2018\/04\/feira-parecis-super-agro.png\",\"articleSection\":[\"Destaques\",\"Not\u00edcias\"],\"inLanguage\":\"pt-BR\"},{\"@type\":\"WebPage\",\"@id\":\"https:\/\/acrimat.org.br\/portal\/11a-parecis-superagro-comeca-hoje-com-meta-de-atingir-r-180-milhoes-em-negocios\/\",\"url\":\"https:\/\/acrimat.org.br\/portal\/11a-parecis-superagro-comeca-hoje-com-meta-de-atingir-r-180-milhoes-em-negocios\/\",\"name\":\"11\u00aa Parecis SuperAgro come\u00e7a hoje com meta de atingir R$ 180 milh\u00f5es em neg\u00f3cios - Acrimat\",\"isPartOf\":{\"@id\":\"https:\/\/acrimat.org.br\/portal\/#website\"},\"primaryImageOfPage\":{\"@id\":\"https:\/\/acrimat.org.br\/portal\/11a-parecis-superagro-comeca-hoje-com-meta-de-atingir-r-180-milhoes-em-negocios\/#primaryimage\"},\"image\":{\"@id\":\"https:\/\/acrimat.org.br\/portal\/11a-parecis-superagro-comeca-hoje-com-meta-de-atingir-r-180-milhoes-em-negocios\/#primaryimage\"},\"thumbnailUrl\":\"https:\/\/acrimat.org.br\/portal\/wp-content\/uploads\/2018\/04\/feira-parecis-super-agro.png\",\"datePublished\":\"2018-04-09T14:51:23+00:00\",\"breadcrumb\":{\"@id\":\"https:\/\/acrimat.org.br\/portal\/11a-parecis-superagro-comeca-hoje-com-meta-de-atingir-r-180-milhoes-em-negocios\/#breadcrumb\"},\"inLanguage\":\"pt-BR\",\"potentialAction\":[{\"@type\":\"ReadAction\",\"target\":[\"https:\/\/acrimat.org.br\/portal\/11a-parecis-superagro-comeca-hoje-com-meta-de-atingir-r-180-milhoes-em-negocios\/\"]}]},{\"@type\":\"ImageObject\",\"inLanguage\":\"pt-BR\",\"@id\":\"https:\/\/acrimat.org.br\/portal\/11a-parecis-superagro-comeca-hoje-com-meta-de-atingir-r-180-milhoes-em-negocios\/#primaryimage\",\"url\":\"https:\/\/acrimat.org.br\/portal\/wp-content\/uploads\/2018\/04\/feira-parecis-super-agro.png\",\"contentUrl\":\"https:\/\/acrimat.org.br\/portal\/wp-content\/uploads\/2018\/04\/feira-parecis-super-agro.png\",\"width\":800,\"height\":800},{\"@type\":\"BreadcrumbList\",\"@id\":\"https:\/\/acrimat.org.br\/portal\/11a-parecis-superagro-comeca-hoje-com-meta-de-atingir-r-180-milhoes-em-negocios\/#breadcrumb\",\"itemListElement\":[{\"@type\":\"ListItem\",\"position\":1,\"name\":\"In\u00edcio\",\"item\":\"https:\/\/acrimat.org.br\/portal\/\"},{\"@type\":\"ListItem\",\"position\":2,\"name\":\"11\u00aa Parecis SuperAgro come\u00e7a hoje com meta de atingir R$ 180 milh\u00f5es em neg\u00f3cios\"}]},{\"@type\":\"WebSite\",\"@id\":\"https:\/\/acrimat.org.br\/portal\/#website\",\"url\":\"https:\/\/acrimat.org.br\/portal\/\",\"name\":\"Acrimat\",\"description\":\"Associa\u00e7\u00e3o dos Criadores de Mato Grosso\",\"publisher\":{\"@id\":\"https:\/\/acrimat.org.br\/portal\/#organization\"},\"potentialAction\":[{\"@type\":\"SearchAction\",\"target\":{\"@type\":\"EntryPoint\",\"urlTemplate\":\"https:\/\/acrimat.org.br\/portal\/?s={search_term_string}\"},\"query-input\":{\"@type\":\"PropertyValueSpecification\",\"valueRequired\":true,\"valueName\":\"search_term_string\"}}],\"inLanguage\":\"pt-BR\"},{\"@type\":\"Organization\",\"@id\":\"https:\/\/acrimat.org.br\/portal\/#organization\",\"name\":\"Associa\u00e7\u00e3o dos Criadores de Mato Grosso\",\"url\":\"https:\/\/acrimat.org.br\/portal\/\",\"logo\":{\"@type\":\"ImageObject\",\"inLanguage\":\"pt-BR\",\"@id\":\"https:\/\/acrimat.org.br\/portal\/#\/schema\/logo\/image\/\",\"url\":\"https:\/\/acrimat.org.br\/portal\/wp-content\/uploads\/2018\/03\/logo-peq-original.png\",\"contentUrl\":\"https:\/\/acrimat.org.br\/portal\/wp-content\/uploads\/2018\/03\/logo-peq-original.png\",\"width\":174,\"height\":171,\"caption\":\"Associa\u00e7\u00e3o dos Criadores de Mato Grosso\"},\"image\":{\"@id\":\"https:\/\/acrimat.org.br\/portal\/#\/schema\/logo\/image\/\"}},{\"@type\":\"Person\",\"@id\":\"https:\/\/acrimat.org.br\/portal\/#\/schema\/person\/a309b9496344ff991e8e1b1d751fdd7b\",\"name\":\"Assessoria de comunica\u00e7\u00e3o ACRIMAT\",\"image\":{\"@type\":\"ImageObject\",\"inLanguage\":\"pt-BR\",\"@id\":\"https:\/\/acrimat.org.br\/portal\/#\/schema\/person\/image\/\",\"url\":\"https:\/\/secure.gravatar.com\/avatar\/2f9c28e64c317bcd762b25cb1575f1b4?s=96&d=mm&r=g\",\"contentUrl\":\"https:\/\/secure.gravatar.com\/avatar\/2f9c28e64c317bcd762b25cb1575f1b4?s=96&d=mm&r=g\",\"caption\":\"Assessoria de comunica\u00e7\u00e3o ACRIMAT\"},\"sameAs\":[\"http:\/\/acrimat.org.br\/\"],\"url\":\"https:\/\/acrimat.org.br\/portal\/author\/ascom\/\"}]}<\/script>\n<!-- \/ Yoast SEO plugin. -->","yoast_head_json":{"title":"11\u00aa Parecis SuperAgro come\u00e7a hoje com meta de atingir R$ 180 milh\u00f5es em neg\u00f3cios - Acrimat","robots":{"index":"index","follow":"follow","max-snippet":"max-snippet:-1","max-image-preview":"max-image-preview:large","max-video-preview":"max-video-preview:-1"},"canonical":"https:\/\/acrimat.org.br\/portal\/11a-parecis-superagro-comeca-hoje-com-meta-de-atingir-r-180-milhoes-em-negocios\/","og_locale":"pt_BR","og_type":"article","og_title":"11\u00aa Parecis SuperAgro come\u00e7a hoje com meta de atingir R$ 180 milh\u00f5es em neg\u00f3cios - Acrimat","og_description":"Feira segue at\u00e9 o dia 12 de abril","og_url":"https:\/\/acrimat.org.br\/portal\/11a-parecis-superagro-comeca-hoje-com-meta-de-atingir-r-180-milhoes-em-negocios\/","og_site_name":"Acrimat","article_published_time":"2018-04-09T14:51:23+00:00","og_image":[{"width":800,"height":800,"url":"https:\/\/acrimat.org.br\/portal\/wp-content\/uploads\/2018\/04\/feira-parecis-super-agro.png","type":"image\/png"}],"author":"Assessoria de comunica\u00e7\u00e3o ACRIMAT","twitter_card":"summary_large_image","twitter_misc":{"Escrito por":"Assessoria de comunica\u00e7\u00e3o ACRIMAT","Est. tempo de leitura":"4 minutos"},"schema":{"@context":"https:\/\/schema.org","@graph":[{"@type":"Article","@id":"https:\/\/acrimat.org.br\/portal\/11a-parecis-superagro-comeca-hoje-com-meta-de-atingir-r-180-milhoes-em-negocios\/#article","isPartOf":{"@id":"https:\/\/acrimat.org.br\/portal\/11a-parecis-superagro-comeca-hoje-com-meta-de-atingir-r-180-milhoes-em-negocios\/"},"author":{"name":"Assessoria de comunica\u00e7\u00e3o ACRIMAT","@id":"https:\/\/acrimat.org.br\/portal\/#\/schema\/person\/a309b9496344ff991e8e1b1d751fdd7b"},"headline":"11\u00aa Parecis SuperAgro come\u00e7a hoje com meta de atingir R$ 180 milh\u00f5es em neg\u00f3cios","datePublished":"2018-04-09T14:51:23+00:00","mainEntityOfPage":{"@id":"https:\/\/acrimat.org.br\/portal\/11a-parecis-superagro-comeca-hoje-com-meta-de-atingir-r-180-milhoes-em-negocios\/"},"wordCount":811,"publisher":{"@id":"https:\/\/acrimat.org.br\/portal\/#organization"},"image":{"@id":"https:\/\/acrimat.org.br\/portal\/11a-parecis-superagro-comeca-hoje-com-meta-de-atingir-r-180-milhoes-em-negocios\/#primaryimage"},"thumbnailUrl":"https:\/\/acrimat.org.br\/portal\/wp-content\/uploads\/2018\/04\/feira-parecis-super-agro.png","articleSection":["Destaques","Not\u00edcias"],"inLanguage":"pt-BR"},{"@type":"WebPage","@id":"https:\/\/acrimat.org.br\/portal\/11a-parecis-superagro-comeca-hoje-com-meta-de-atingir-r-180-milhoes-em-negocios\/","url":"https:\/\/acrimat.org.br\/portal\/11a-parecis-superagro-comeca-hoje-com-meta-de-atingir-r-180-milhoes-em-negocios\/","name":"11\u00aa Parecis SuperAgro come\u00e7a hoje com meta de atingir R$ 180 milh\u00f5es em neg\u00f3cios - Acrimat","isPartOf":{"@id":"https:\/\/acrimat.org.br\/portal\/#website"},"primaryImageOfPage":{"@id":"https:\/\/acrimat.org.br\/portal\/11a-parecis-superagro-comeca-hoje-com-meta-de-atingir-r-180-milhoes-em-negocios\/#primaryimage"},"image":{"@id":"https:\/\/acrimat.org.br\/portal\/11a-parecis-superagro-comeca-hoje-com-meta-de-atingir-r-180-milhoes-em-negocios\/#primaryimage"},"thumbnailUrl":"https:\/\/acrimat.org.br\/portal\/wp-content\/uploads\/2018\/04\/feira-parecis-super-agro.png","datePublished":"2018-04-09T14:51:23+00:00","breadcrumb":{"@id":"https:\/\/acrimat.org.br\/portal\/11a-parecis-superagro-comeca-hoje-com-meta-de-atingir-r-180-milhoes-em-negocios\/#breadcrumb"},"inLanguage":"pt-BR","potentialAction":[{"@type":"ReadAction","target":["https:\/\/acrimat.org.br\/portal\/11a-parecis-superagro-comeca-hoje-com-meta-de-atingir-r-180-milhoes-em-negocios\/"]}]},{"@type":"ImageObject","inLanguage":"pt-BR","@id":"https:\/\/acrimat.org.br\/portal\/11a-parecis-superagro-comeca-hoje-com-meta-de-atingir-r-180-milhoes-em-negocios\/#primaryimage","url":"https:\/\/acrimat.org.br\/portal\/wp-content\/uploads\/2018\/04\/feira-parecis-super-agro.png","contentUrl":"https:\/\/acrimat.org.br\/portal\/wp-content\/uploads\/2018\/04\/feira-parecis-super-agro.png","width":800,"height":800},{"@type":"BreadcrumbList","@id":"https:\/\/acrimat.org.br\/portal\/11a-parecis-superagro-comeca-hoje-com-meta-de-atingir-r-180-milhoes-em-negocios\/#breadcrumb","itemListElement":[{"@type":"ListItem","position":1,"name":"In\u00edcio","item":"https:\/\/acrimat.org.br\/portal\/"},{"@type":"ListItem","position":2,"name":"11\u00aa Parecis SuperAgro come\u00e7a hoje com meta de atingir R$ 180 milh\u00f5es em neg\u00f3cios"}]},{"@type":"WebSite","@id":"https:\/\/acrimat.org.br\/portal\/#website","url":"https:\/\/acrimat.org.br\/portal\/","name":"Acrimat","description":"Associa\u00e7\u00e3o dos Criadores de Mato Grosso","publisher":{"@id":"https:\/\/acrimat.org.br\/portal\/#organization"},"potentialAction":[{"@type":"SearchAction","target":{"@type":"EntryPoint","urlTemplate":"https:\/\/acrimat.org.br\/portal\/?s={search_term_string}"},"query-input":{"@type":"PropertyValueSpecification","valueRequired":true,"valueName":"search_term_string"}}],"inLanguage":"pt-BR"},{"@type":"Organization","@id":"https:\/\/acrimat.org.br\/portal\/#organization","name":"Associa\u00e7\u00e3o dos Criadores de Mato Grosso","url":"https:\/\/acrimat.org.br\/portal\/","logo":{"@type":"ImageObject","inLanguage":"pt-BR","@id":"https:\/\/acrimat.org.br\/portal\/#\/schema\/logo\/image\/","url":"https:\/\/acrimat.org.br\/portal\/wp-content\/uploads\/2018\/03\/logo-peq-original.png","contentUrl":"https:\/\/acrimat.org.br\/portal\/wp-content\/uploads\/2018\/03\/logo-peq-original.png","width":174,"height":171,"caption":"Associa\u00e7\u00e3o dos Criadores de Mato Grosso"},"image":{"@id":"https:\/\/acrimat.org.br\/portal\/#\/schema\/logo\/image\/"}},{"@type":"Person","@id":"https:\/\/acrimat.org.br\/portal\/#\/schema\/person\/a309b9496344ff991e8e1b1d751fdd7b","name":"Assessoria de comunica\u00e7\u00e3o ACRIMAT","image":{"@type":"ImageObject","inLanguage":"pt-BR","@id":"https:\/\/acrimat.org.br\/portal\/#\/schema\/person\/image\/","url":"https:\/\/secure.gravatar.com\/avatar\/2f9c28e64c317bcd762b25cb1575f1b4?s=96&d=mm&r=g","contentUrl":"https:\/\/secure.gravatar.com\/avatar\/2f9c28e64c317bcd762b25cb1575f1b4?s=96&d=mm&r=g","caption":"Assessoria de comunica\u00e7\u00e3o ACRIMAT"},"sameAs":["http:\/\/acrimat.org.br\/"],"url":"https:\/\/acrimat.org.br\/portal\/author\/ascom\/"}]}},"_links":{"self":[{"href":"https:\/\/acrimat.org.br\/portal\/wp-json\/wp\/v2\/posts\/97987021","targetHints":{"allow":["GET"]}}],"collection":[{"href":"https:\/\/acrimat.org.br\/portal\/wp-json\/wp\/v2\/posts"}],"about":[{"href":"https:\/\/acrimat.org.br\/portal\/wp-json\/wp\/v2\/types\/post"}],"author":[{"embeddable":true,"href":"https:\/\/acrimat.org.br\/portal\/wp-json\/wp\/v2\/users\/7"}],"replies":[{"embeddable":true,"href":"https:\/\/acrimat.org.br\/portal\/wp-json\/wp\/v2\/comments?post=97987021"}],"version-history":[{"count":1,"href":"https:\/\/acrimat.org.br\/portal\/wp-json\/wp\/v2\/posts\/97987021\/revisions"}],"predecessor-version":[{"id":97987024,"href":"https:\/\/acrimat.org.br\/portal\/wp-json\/wp\/v2\/posts\/97987021\/revisions\/97987024"}],"wp:featuredmedia":[{"embeddable":true,"href":"https:\/\/acrimat.org.br\/portal\/wp-json\/wp\/v2\/media\/97987022"}],"wp:attachment":[{"href":"https:\/\/acrimat.org.br\/portal\/wp-json\/wp\/v2\/media?parent=97987021"}],"wp:term":[{"taxonomy":"category","embeddable":true,"href":"https:\/\/acrimat.org.br\/portal\/wp-json\/wp\/v2\/categories?post=97987021"},{"taxonomy":"post_tag","embeddable":true,"href":"https:\/\/acrimat.org.br\/portal\/wp-json\/wp\/v2\/tags?post=97987021"}],"curies":[{"name":"wp","href":"https:\/\/api.w.org\/{rel}","templated":true}]}}