{"id":97987042,"date":"2018-04-10T09:35:47","date_gmt":"2018-04-10T12:35:47","guid":{"rendered":"http:\/\/acrimat.org.br\/portal\/?p=97987042"},"modified":"2018-04-10T09:36:41","modified_gmt":"2018-04-10T12:36:41","slug":"custos-do-confinamento-crescem-em-marco","status":"publish","type":"post","link":"https:\/\/acrimat.org.br\/portal\/custos-do-confinamento-crescem-em-marco\/","title":{"rendered":"Custos do confinamento crescem em mar\u00e7o"},"content":{"rendered":"<p>Os custos da di\u00e1ria-boi (CDB) cresceram em mar\u00e7o para as propriedades representativas de S\u00e3o Paulo e Goi\u00e1s do\u00a0Informativo do \u00cdndice de Custo de Produ\u00e7\u00e3o de Bovinos Confinados (ICBC). Os CDB em mar\u00e7o foram de R$ 9,47 para o confinamento m\u00e9dio de S\u00e3o Paulo (3 mil animais\/ano), alta de 9,48%, e de R$ 9,32 para a unidade grande paulista (27 mil animais\/ano), aumento de 9,65%. J\u00e1 a propriedade de Goi\u00e1s (16.500 animais\/ano) teve custo da di\u00e1ria-boi de R$ 8,22 no m\u00eas, crescimento de 9,16%.<\/p>\n<p>De acordo com o indicador da Faculdade de Medicina Veterin\u00e1ria e Zootecnia da Universidade de S\u00e3o Paulo, o aumento dos pre\u00e7os dos itens alimentares contribu\u00edram para esse cen\u00e1rio de avan\u00e7o das CDB. &#8220;O pre\u00e7o do milho gr\u00e3o aumentou em m\u00e9dia 12% em SP e 27% em GO. Houve maior oferta de coprodutos, mas os pre\u00e7os inviabilizaram o uso de alguns deles nas dietas formuladas&#8221;.<\/p>\n<p>O indicador ainda recomenda cautela para os confinadores, pois para garantir lucro econ\u00f4mico, a receita total deve ser superior ao custo total, que foi de R$ 151,14 para a m\u00e9dia de SP, de R$ 150,09 para a grande e de R$ 139,48 para a de Goi\u00e1s. &#8220;O monitoramento peri\u00f3dico dos custos se faz necess\u00e1rio para delinear estrat\u00e9gias e para tomar decis\u00f5es&#8221;. Veja abaixo o gr\u00e1fico de varia\u00e7\u00e3o dos \u00edndices de custo dos \u00faltimos 12 meses. O boletim completo pode ser visualizado em\u00a0<a href=\"https:\/\/bit.ly\/2uV0gZQ\">https:\/\/bit.ly\/2uV0gZQ<\/a>.<\/p>\n<p><strong>Entenda o Indicador &#8211;\u00a0<\/strong>Para desenvolver o \u00cdndice, o pesquisador Gustavo Sartorello entrevistou 10 confinadores de S\u00e3o Paulo e nove de Goi\u00e1s para, ent\u00e3o, criar tr\u00eas propriedades confinadoras representativas: duas em SP (m\u00e9dia e grande capacidade) e uma em GO. \u201cCriei essas fazendas com caracter\u00edsticas reais. Por exemplo, quais maquin\u00e1rios s\u00e3o usados, a pot\u00eancia, n\u00famero de funcion\u00e1rios, mas n\u00e3o \u00e9 uma m\u00e9dia das propriedades\u201d. Todos os meses, o Laborat\u00f3rio de An\u00e1lises Socioecon\u00f4micas e Ci\u00eancia Animal faz o levantamento de pre\u00e7os de insumos para atualizar os dados do indicador, que tem periodicidade mensal. \u201cMinhas bases s\u00e3o Pirassununga, SP, e Acre\u00fana, GO. Meus fornecedores s\u00e3o voltados para essas regi\u00f5es. Tudo que est\u00e1 inclu\u00eddo na atividade, como palanque para cerca, arame liso, polpa c\u00edtrica, cordoalha, cocho, para tudo n\u00f3s pesquisamos valores em pelo menos tr\u00eas empresas\u201d, explica.<\/p>\n<p><strong>Planilha de custos &#8211;<\/strong>\u00a0A FMVZ-USP tamb\u00e9m tem uma planilha de c\u00e1lculo de custos de produ\u00e7\u00e3o do confinamento (<a href=\"http:\/\/www.portaldbo.com.br\/Revista-DBO\/Noticias\/Ferramenta-calcula-custos-de-producao-do-confinamento\/22263\">Entenda melhor o m\u00e9todo e o indicador aqui<\/a>). Quem quiser ter acesso \u00e0 ferramenta e ao indicador pode acessar o site do LAE (http:\/\/paineira.usp.br\/lae) ou mandar e-mail para lae-indicadores@usp.br ou gsartorello@gmail.com pedindo para receber o modelo de c\u00e1lculo de custos e o boletim. Fornecedores que quiserem colaborar com o levantamento de pre\u00e7os de insumos tamb\u00e9m podem se cadastrar pelos e-mails acima.<\/p>\n<div id=\"attachment_97987043\" style=\"width: 360px\" class=\"wp-caption aligncenter\"><a href=\"http:\/\/acrimat.org.br\/portal\/wp-content\/uploads\/2018\/04\/13333.jpg\"><img fetchpriority=\"high\" decoding=\"async\" aria-describedby=\"caption-attachment-97987043\" class=\"wp-image-97987043 size-full\" src=\"http:\/\/acrimat.org.br\/portal\/wp-content\/uploads\/2018\/04\/13333.jpg\" alt=\"\" width=\"350\" height=\"189\" srcset=\"https:\/\/acrimat.org.br\/portal\/wp-content\/uploads\/2018\/04\/13333.jpg 350w, https:\/\/acrimat.org.br\/portal\/wp-content\/uploads\/2018\/04\/13333-300x162.jpg 300w, https:\/\/acrimat.org.br\/portal\/wp-content\/uploads\/2018\/04\/13333-250x135.jpg 250w, https:\/\/acrimat.org.br\/portal\/wp-content\/uploads\/2018\/04\/13333-333x180.jpg 333w\" sizes=\"(max-width: 350px) 100vw, 350px\" \/><\/a><p id=\"caption-attachment-97987043\" class=\"wp-caption-text\">Fonte:\u00a0Portal DBO com FMVZ-USP<\/p><\/div>\n<div id=\"newsContent\" class=\"newsContent Corte\">\n<div class=\"row\">\n<div class=\"row\"><\/div>\n<\/div>\n<\/div>\n","protected":false},"excerpt":{"rendered":"<p>Valores das di\u00e1rias-boi aumentaram mais de 9% em S\u00e3o Paulo e Goi\u00e1s, de acordo com indicador da USP<\/p>\n","protected":false},"author":7,"featured_media":97985457,"comment_status":"closed","ping_status":"closed","sticky":false,"template":"","format":"standard","meta":{"footnotes":""},"categories":[6,1],"tags":[],"class_list":["post-97987042","post","type-post","status-publish","format-standard","has-post-thumbnail","hentry","category-destaque","category-noticia"],"yoast_head":"<!-- This site is optimized with the Yoast SEO plugin v24.8.1 - https:\/\/yoast.com\/wordpress\/plugins\/seo\/ -->\n<title>Custos do confinamento crescem em mar\u00e7o - Acrimat<\/title>\n<meta name=\"robots\" content=\"index, follow, max-snippet:-1, max-image-preview:large, max-video-preview:-1\" \/>\n<link rel=\"canonical\" href=\"https:\/\/acrimat.org.br\/portal\/custos-do-confinamento-crescem-em-marco\/\" \/>\n<meta property=\"og:locale\" content=\"pt_BR\" \/>\n<meta property=\"og:type\" content=\"article\" \/>\n<meta property=\"og:title\" content=\"Custos do confinamento crescem em mar\u00e7o - Acrimat\" \/>\n<meta property=\"og:description\" content=\"Valores das di\u00e1rias-boi aumentaram mais de 9% em S\u00e3o Paulo e Goi\u00e1s, de acordo com indicador da USP\" \/>\n<meta property=\"og:url\" content=\"https:\/\/acrimat.org.br\/portal\/custos-do-confinamento-crescem-em-marco\/\" \/>\n<meta property=\"og:site_name\" content=\"Acrimat\" \/>\n<meta property=\"article:published_time\" content=\"2018-04-10T12:35:47+00:00\" \/>\n<meta property=\"article:modified_time\" content=\"2018-04-10T12:36:41+00:00\" \/>\n<meta property=\"og:image\" content=\"https:\/\/acrimat.org.br\/portal\/wp-content\/uploads\/2018\/01\/confinamento2.jpg\" \/>\n\t<meta property=\"og:image:width\" content=\"730\" \/>\n\t<meta property=\"og:image:height\" content=\"502\" \/>\n\t<meta property=\"og:image:type\" content=\"image\/jpeg\" \/>\n<meta name=\"author\" content=\"Assessoria de comunica\u00e7\u00e3o ACRIMAT\" \/>\n<meta name=\"twitter:card\" content=\"summary_large_image\" \/>\n<meta name=\"twitter:label1\" content=\"Escrito por\" \/>\n\t<meta name=\"twitter:data1\" content=\"Assessoria de comunica\u00e7\u00e3o ACRIMAT\" \/>\n\t<meta name=\"twitter:label2\" content=\"Est. tempo de leitura\" \/>\n\t<meta name=\"twitter:data2\" content=\"3 minutos\" \/>\n<script type=\"application\/ld+json\" class=\"yoast-schema-graph\">{\"@context\":\"https:\/\/schema.org\",\"@graph\":[{\"@type\":\"Article\",\"@id\":\"https:\/\/acrimat.org.br\/portal\/custos-do-confinamento-crescem-em-marco\/#article\",\"isPartOf\":{\"@id\":\"https:\/\/acrimat.org.br\/portal\/custos-do-confinamento-crescem-em-marco\/\"},\"author\":{\"name\":\"Assessoria de comunica\u00e7\u00e3o ACRIMAT\",\"@id\":\"https:\/\/acrimat.org.br\/portal\/#\/schema\/person\/a309b9496344ff991e8e1b1d751fdd7b\"},\"headline\":\"Custos do confinamento crescem em mar\u00e7o\",\"datePublished\":\"2018-04-10T12:35:47+00:00\",\"dateModified\":\"2018-04-10T12:36:41+00:00\",\"mainEntityOfPage\":{\"@id\":\"https:\/\/acrimat.org.br\/portal\/custos-do-confinamento-crescem-em-marco\/\"},\"wordCount\":523,\"publisher\":{\"@id\":\"https:\/\/acrimat.org.br\/portal\/#organization\"},\"image\":{\"@id\":\"https:\/\/acrimat.org.br\/portal\/custos-do-confinamento-crescem-em-marco\/#primaryimage\"},\"thumbnailUrl\":\"https:\/\/acrimat.org.br\/portal\/wp-content\/uploads\/2018\/01\/confinamento2.jpg\",\"articleSection\":[\"Destaques\",\"Not\u00edcias\"],\"inLanguage\":\"pt-BR\"},{\"@type\":\"WebPage\",\"@id\":\"https:\/\/acrimat.org.br\/portal\/custos-do-confinamento-crescem-em-marco\/\",\"url\":\"https:\/\/acrimat.org.br\/portal\/custos-do-confinamento-crescem-em-marco\/\",\"name\":\"Custos do confinamento crescem em mar\u00e7o - Acrimat\",\"isPartOf\":{\"@id\":\"https:\/\/acrimat.org.br\/portal\/#website\"},\"primaryImageOfPage\":{\"@id\":\"https:\/\/acrimat.org.br\/portal\/custos-do-confinamento-crescem-em-marco\/#primaryimage\"},\"image\":{\"@id\":\"https:\/\/acrimat.org.br\/portal\/custos-do-confinamento-crescem-em-marco\/#primaryimage\"},\"thumbnailUrl\":\"https:\/\/acrimat.org.br\/portal\/wp-content\/uploads\/2018\/01\/confinamento2.jpg\",\"datePublished\":\"2018-04-10T12:35:47+00:00\",\"dateModified\":\"2018-04-10T12:36:41+00:00\",\"breadcrumb\":{\"@id\":\"https:\/\/acrimat.org.br\/portal\/custos-do-confinamento-crescem-em-marco\/#breadcrumb\"},\"inLanguage\":\"pt-BR\",\"potentialAction\":[{\"@type\":\"ReadAction\",\"target\":[\"https:\/\/acrimat.org.br\/portal\/custos-do-confinamento-crescem-em-marco\/\"]}]},{\"@type\":\"ImageObject\",\"inLanguage\":\"pt-BR\",\"@id\":\"https:\/\/acrimat.org.br\/portal\/custos-do-confinamento-crescem-em-marco\/#primaryimage\",\"url\":\"https:\/\/acrimat.org.br\/portal\/wp-content\/uploads\/2018\/01\/confinamento2.jpg\",\"contentUrl\":\"https:\/\/acrimat.org.br\/portal\/wp-content\/uploads\/2018\/01\/confinamento2.jpg\",\"width\":730,\"height\":502},{\"@type\":\"BreadcrumbList\",\"@id\":\"https:\/\/acrimat.org.br\/portal\/custos-do-confinamento-crescem-em-marco\/#breadcrumb\",\"itemListElement\":[{\"@type\":\"ListItem\",\"position\":1,\"name\":\"In\u00edcio\",\"item\":\"https:\/\/acrimat.org.br\/portal\/\"},{\"@type\":\"ListItem\",\"position\":2,\"name\":\"Custos do confinamento crescem em mar\u00e7o\"}]},{\"@type\":\"WebSite\",\"@id\":\"https:\/\/acrimat.org.br\/portal\/#website\",\"url\":\"https:\/\/acrimat.org.br\/portal\/\",\"name\":\"Acrimat\",\"description\":\"Associa\u00e7\u00e3o dos Criadores de Mato Grosso\",\"publisher\":{\"@id\":\"https:\/\/acrimat.org.br\/portal\/#organization\"},\"potentialAction\":[{\"@type\":\"SearchAction\",\"target\":{\"@type\":\"EntryPoint\",\"urlTemplate\":\"https:\/\/acrimat.org.br\/portal\/?s={search_term_string}\"},\"query-input\":{\"@type\":\"PropertyValueSpecification\",\"valueRequired\":true,\"valueName\":\"search_term_string\"}}],\"inLanguage\":\"pt-BR\"},{\"@type\":\"Organization\",\"@id\":\"https:\/\/acrimat.org.br\/portal\/#organization\",\"name\":\"Associa\u00e7\u00e3o dos Criadores de Mato Grosso\",\"url\":\"https:\/\/acrimat.org.br\/portal\/\",\"logo\":{\"@type\":\"ImageObject\",\"inLanguage\":\"pt-BR\",\"@id\":\"https:\/\/acrimat.org.br\/portal\/#\/schema\/logo\/image\/\",\"url\":\"https:\/\/acrimat.org.br\/portal\/wp-content\/uploads\/2018\/03\/logo-peq-original.png\",\"contentUrl\":\"https:\/\/acrimat.org.br\/portal\/wp-content\/uploads\/2018\/03\/logo-peq-original.png\",\"width\":174,\"height\":171,\"caption\":\"Associa\u00e7\u00e3o dos Criadores de Mato Grosso\"},\"image\":{\"@id\":\"https:\/\/acrimat.org.br\/portal\/#\/schema\/logo\/image\/\"}},{\"@type\":\"Person\",\"@id\":\"https:\/\/acrimat.org.br\/portal\/#\/schema\/person\/a309b9496344ff991e8e1b1d751fdd7b\",\"name\":\"Assessoria de comunica\u00e7\u00e3o ACRIMAT\",\"image\":{\"@type\":\"ImageObject\",\"inLanguage\":\"pt-BR\",\"@id\":\"https:\/\/acrimat.org.br\/portal\/#\/schema\/person\/image\/\",\"url\":\"https:\/\/secure.gravatar.com\/avatar\/2f9c28e64c317bcd762b25cb1575f1b4?s=96&d=mm&r=g\",\"contentUrl\":\"https:\/\/secure.gravatar.com\/avatar\/2f9c28e64c317bcd762b25cb1575f1b4?s=96&d=mm&r=g\",\"caption\":\"Assessoria de comunica\u00e7\u00e3o ACRIMAT\"},\"sameAs\":[\"http:\/\/acrimat.org.br\/\"],\"url\":\"https:\/\/acrimat.org.br\/portal\/author\/ascom\/\"}]}<\/script>\n<!-- \/ Yoast SEO plugin. -->","yoast_head_json":{"title":"Custos do confinamento crescem em mar\u00e7o - Acrimat","robots":{"index":"index","follow":"follow","max-snippet":"max-snippet:-1","max-image-preview":"max-image-preview:large","max-video-preview":"max-video-preview:-1"},"canonical":"https:\/\/acrimat.org.br\/portal\/custos-do-confinamento-crescem-em-marco\/","og_locale":"pt_BR","og_type":"article","og_title":"Custos do confinamento crescem em mar\u00e7o - Acrimat","og_description":"Valores das di\u00e1rias-boi aumentaram mais de 9% em S\u00e3o Paulo e Goi\u00e1s, de acordo com indicador da USP","og_url":"https:\/\/acrimat.org.br\/portal\/custos-do-confinamento-crescem-em-marco\/","og_site_name":"Acrimat","article_published_time":"2018-04-10T12:35:47+00:00","article_modified_time":"2018-04-10T12:36:41+00:00","og_image":[{"width":730,"height":502,"url":"https:\/\/acrimat.org.br\/portal\/wp-content\/uploads\/2018\/01\/confinamento2.jpg","type":"image\/jpeg"}],"author":"Assessoria de comunica\u00e7\u00e3o ACRIMAT","twitter_card":"summary_large_image","twitter_misc":{"Escrito por":"Assessoria de comunica\u00e7\u00e3o ACRIMAT","Est. tempo de leitura":"3 minutos"},"schema":{"@context":"https:\/\/schema.org","@graph":[{"@type":"Article","@id":"https:\/\/acrimat.org.br\/portal\/custos-do-confinamento-crescem-em-marco\/#article","isPartOf":{"@id":"https:\/\/acrimat.org.br\/portal\/custos-do-confinamento-crescem-em-marco\/"},"author":{"name":"Assessoria de comunica\u00e7\u00e3o ACRIMAT","@id":"https:\/\/acrimat.org.br\/portal\/#\/schema\/person\/a309b9496344ff991e8e1b1d751fdd7b"},"headline":"Custos do confinamento crescem em mar\u00e7o","datePublished":"2018-04-10T12:35:47+00:00","dateModified":"2018-04-10T12:36:41+00:00","mainEntityOfPage":{"@id":"https:\/\/acrimat.org.br\/portal\/custos-do-confinamento-crescem-em-marco\/"},"wordCount":523,"publisher":{"@id":"https:\/\/acrimat.org.br\/portal\/#organization"},"image":{"@id":"https:\/\/acrimat.org.br\/portal\/custos-do-confinamento-crescem-em-marco\/#primaryimage"},"thumbnailUrl":"https:\/\/acrimat.org.br\/portal\/wp-content\/uploads\/2018\/01\/confinamento2.jpg","articleSection":["Destaques","Not\u00edcias"],"inLanguage":"pt-BR"},{"@type":"WebPage","@id":"https:\/\/acrimat.org.br\/portal\/custos-do-confinamento-crescem-em-marco\/","url":"https:\/\/acrimat.org.br\/portal\/custos-do-confinamento-crescem-em-marco\/","name":"Custos do confinamento crescem em mar\u00e7o - Acrimat","isPartOf":{"@id":"https:\/\/acrimat.org.br\/portal\/#website"},"primaryImageOfPage":{"@id":"https:\/\/acrimat.org.br\/portal\/custos-do-confinamento-crescem-em-marco\/#primaryimage"},"image":{"@id":"https:\/\/acrimat.org.br\/portal\/custos-do-confinamento-crescem-em-marco\/#primaryimage"},"thumbnailUrl":"https:\/\/acrimat.org.br\/portal\/wp-content\/uploads\/2018\/01\/confinamento2.jpg","datePublished":"2018-04-10T12:35:47+00:00","dateModified":"2018-04-10T12:36:41+00:00","breadcrumb":{"@id":"https:\/\/acrimat.org.br\/portal\/custos-do-confinamento-crescem-em-marco\/#breadcrumb"},"inLanguage":"pt-BR","potentialAction":[{"@type":"ReadAction","target":["https:\/\/acrimat.org.br\/portal\/custos-do-confinamento-crescem-em-marco\/"]}]},{"@type":"ImageObject","inLanguage":"pt-BR","@id":"https:\/\/acrimat.org.br\/portal\/custos-do-confinamento-crescem-em-marco\/#primaryimage","url":"https:\/\/acrimat.org.br\/portal\/wp-content\/uploads\/2018\/01\/confinamento2.jpg","contentUrl":"https:\/\/acrimat.org.br\/portal\/wp-content\/uploads\/2018\/01\/confinamento2.jpg","width":730,"height":502},{"@type":"BreadcrumbList","@id":"https:\/\/acrimat.org.br\/portal\/custos-do-confinamento-crescem-em-marco\/#breadcrumb","itemListElement":[{"@type":"ListItem","position":1,"name":"In\u00edcio","item":"https:\/\/acrimat.org.br\/portal\/"},{"@type":"ListItem","position":2,"name":"Custos do confinamento crescem em mar\u00e7o"}]},{"@type":"WebSite","@id":"https:\/\/acrimat.org.br\/portal\/#website","url":"https:\/\/acrimat.org.br\/portal\/","name":"Acrimat","description":"Associa\u00e7\u00e3o dos Criadores de Mato Grosso","publisher":{"@id":"https:\/\/acrimat.org.br\/portal\/#organization"},"potentialAction":[{"@type":"SearchAction","target":{"@type":"EntryPoint","urlTemplate":"https:\/\/acrimat.org.br\/portal\/?s={search_term_string}"},"query-input":{"@type":"PropertyValueSpecification","valueRequired":true,"valueName":"search_term_string"}}],"inLanguage":"pt-BR"},{"@type":"Organization","@id":"https:\/\/acrimat.org.br\/portal\/#organization","name":"Associa\u00e7\u00e3o dos Criadores de Mato Grosso","url":"https:\/\/acrimat.org.br\/portal\/","logo":{"@type":"ImageObject","inLanguage":"pt-BR","@id":"https:\/\/acrimat.org.br\/portal\/#\/schema\/logo\/image\/","url":"https:\/\/acrimat.org.br\/portal\/wp-content\/uploads\/2018\/03\/logo-peq-original.png","contentUrl":"https:\/\/acrimat.org.br\/portal\/wp-content\/uploads\/2018\/03\/logo-peq-original.png","width":174,"height":171,"caption":"Associa\u00e7\u00e3o dos Criadores de Mato Grosso"},"image":{"@id":"https:\/\/acrimat.org.br\/portal\/#\/schema\/logo\/image\/"}},{"@type":"Person","@id":"https:\/\/acrimat.org.br\/portal\/#\/schema\/person\/a309b9496344ff991e8e1b1d751fdd7b","name":"Assessoria de comunica\u00e7\u00e3o ACRIMAT","image":{"@type":"ImageObject","inLanguage":"pt-BR","@id":"https:\/\/acrimat.org.br\/portal\/#\/schema\/person\/image\/","url":"https:\/\/secure.gravatar.com\/avatar\/2f9c28e64c317bcd762b25cb1575f1b4?s=96&d=mm&r=g","contentUrl":"https:\/\/secure.gravatar.com\/avatar\/2f9c28e64c317bcd762b25cb1575f1b4?s=96&d=mm&r=g","caption":"Assessoria de comunica\u00e7\u00e3o ACRIMAT"},"sameAs":["http:\/\/acrimat.org.br\/"],"url":"https:\/\/acrimat.org.br\/portal\/author\/ascom\/"}]}},"_links":{"self":[{"href":"https:\/\/acrimat.org.br\/portal\/wp-json\/wp\/v2\/posts\/97987042","targetHints":{"allow":["GET"]}}],"collection":[{"href":"https:\/\/acrimat.org.br\/portal\/wp-json\/wp\/v2\/posts"}],"about":[{"href":"https:\/\/acrimat.org.br\/portal\/wp-json\/wp\/v2\/types\/post"}],"author":[{"embeddable":true,"href":"https:\/\/acrimat.org.br\/portal\/wp-json\/wp\/v2\/users\/7"}],"replies":[{"embeddable":true,"href":"https:\/\/acrimat.org.br\/portal\/wp-json\/wp\/v2\/comments?post=97987042"}],"version-history":[{"count":2,"href":"https:\/\/acrimat.org.br\/portal\/wp-json\/wp\/v2\/posts\/97987042\/revisions"}],"predecessor-version":[{"id":97987045,"href":"https:\/\/acrimat.org.br\/portal\/wp-json\/wp\/v2\/posts\/97987042\/revisions\/97987045"}],"wp:featuredmedia":[{"embeddable":true,"href":"https:\/\/acrimat.org.br\/portal\/wp-json\/wp\/v2\/media\/97985457"}],"wp:attachment":[{"href":"https:\/\/acrimat.org.br\/portal\/wp-json\/wp\/v2\/media?parent=97987042"}],"wp:term":[{"taxonomy":"category","embeddable":true,"href":"https:\/\/acrimat.org.br\/portal\/wp-json\/wp\/v2\/categories?post=97987042"},{"taxonomy":"post_tag","embeddable":true,"href":"https:\/\/acrimat.org.br\/portal\/wp-json\/wp\/v2\/tags?post=97987042"}],"curies":[{"name":"wp","href":"https:\/\/api.w.org\/{rel}","templated":true}]}}