{"id":97987050,"date":"2018-04-10T10:07:51","date_gmt":"2018-04-10T13:07:51","guid":{"rendered":"http:\/\/acrimat.org.br\/portal\/?p=97987050"},"modified":"2018-04-10T10:07:51","modified_gmt":"2018-04-10T13:07:51","slug":"sistema-famato-e-parceiro-da-intercorte-2018-etapa-cuiaba","status":"publish","type":"post","link":"https:\/\/acrimat.org.br\/portal\/sistema-famato-e-parceiro-da-intercorte-2018-etapa-cuiaba\/","title":{"rendered":"Sistema Famato \u00e9 parceiro da InterCorte 2018 etapa Cuiab\u00e1"},"content":{"rendered":"<p>O Sistema Famato \u00e9 parceiro na realiza\u00e7\u00e3o da etapa Cuiab\u00e1 da InterCorte 2018, de 12 a 13 de abril, no Cenarium Rural. A iniciativa consiste em fomentar o desenvolvimento da cadeia produtiva da carne bovina brasileira. O evento percorre, desde 2012, os principais polos de produ\u00e7\u00e3o pecu\u00e1ria do Brasil para levar conhecimentos, discuss\u00f5es e tecnologias para os pecuaristas. A InterCorte \u00e9 uma realiza\u00e7\u00e3o do Terraviva Eventos, do Grupo Bandeirantes de Comunica\u00e7\u00e3o, e faz parte do &#8220;Integrar para Crescer&#8221;, plataforma de comunica\u00e7\u00e3o que envolve eventos e a\u00e7\u00f5es com o intuito de disseminar informa\u00e7\u00e3o de qualidade.<\/p>\n<p>O Sistema Famato orienta os pecuaristas mato-grossenses a participarem dos dois dias de programa\u00e7\u00e3o com palestras e debates. &#8220;A InterCorte \u00e9 uma grande oportunidade para os pecuaristas de Mato Grosso se atualizarem sobre as tend\u00eancias da pecu\u00e1ria brasileira. \u00c9 tamb\u00e9m um momento de encontro entre os pecuaristas para troca de informa\u00e7\u00f5es e conhecimentos. O Sistema Famato apoia o evento por acreditar que \u00e9 por meio dessa troca de experi\u00eancias que teremos condi\u00e7\u00f5es de produzir mais e contribuir para o desenvolvimento econ\u00f4mico e sustent\u00e1vel do pa\u00eds&#8221;, afirma o presidente do Sistema Famato Normando Corral.<\/p>\n<p>Com 32 palestrantes, o evento ser\u00e1 dividido em quatro blocos tem\u00e1ticos: Produzir Mais Carne, que ir\u00e1 demonstrar que a efici\u00eancia t\u00e9cnica gera maiores ganhos, tendo o conceito de produzir mais em menos; Inova\u00e7\u00e3o, que pretende abordar com o produtor m\u00e9todos e t\u00e9cnicas novas da chamada quarta revolu\u00e7\u00e3o; Vender Mais e Vender Melhor, que apresentar\u00e1 ao produtor meios e subs\u00eddios para melhorar o mercado da carne; e Comunica\u00e7\u00e3o, que promover\u00e1 o debate com o produtor sobre a habilidade de comunica\u00e7\u00e3o, como o produtor divulga seus resultados e a\u00e7\u00f5es, e como a sociedade enxerga o Agroneg\u00f3cio.<\/p>\n<p>Entre os palestrantes est\u00e1 o superintendente do Servi\u00e7o Nacional de aprendizagem Rural (Senar-MT), entidade do Sistema Famato, Ot\u00e1vio Celidonio. No painel &#8220;Inova\u00e7\u00e3o&#8221;, no dia 12 de abril, das 14h40 \u00e0s 14h55, Celidonio apresentar\u00e1 a plataforma do projeto AgriHub.<\/p>\n<p>O AgriHub, de iniciativa da Federa\u00e7\u00e3o da Agricultura e Pecu\u00e1ria de Mato Grosso (Famato), Senar-MT e Instituto Mato-grossense de Economia Agropecu\u00e1ria (Imea-MT), \u00e9 uma rede de inova\u00e7\u00e3o em agricultura e pecu\u00e1ria que identifica os problemas dos produtores rurais e os conectam a startups, mentores, empresas de tecnologia, pesquisadores e investidores para desenvolver solu\u00e7\u00f5es e promover o melhor ajuste de tecnologia no campo.<\/p>\n<p>Os pecuaristas ainda ter\u00e3o a oportunidade de conferir as principais novidades tecnol\u00f3gicas apresentadas por empresas de refer\u00eancia no setor. Em um momento de integra\u00e7\u00e3o e troca de experi\u00eancias ser\u00e3o apresentados os resultados do trabalho da InterCorte no campo com a Beef Hour.<\/p>\n<p>Do Sistema Famato devem participar da InterCorte membros da diretoria e a equipe t\u00e9cnica da Famato, Senar e Imea.<\/p>\n<p>A Associa\u00e7\u00e3o dos Criadores de Mato Grosso (Acrimat) tamb\u00e9m \u00e9 parceria do evento.<\/p>\n<p>INSCRI\u00c7\u00d5ES: Podem ser feitas no site:\u00a0<a href=\"http:\/\/intercorte.com.br\/cuiaba2018\">http:\/\/intercorte.com.br\/cuiaba2018<\/a>. Os visitantes ter\u00e3o acesso gratuito aos estandes, mas as vagas s\u00e3o limitadas. Para participar do workshop, com palestras, acesso aos estandes e certifica\u00e7\u00e3o de participa\u00e7\u00e3o, o investimento \u00e9 de R$ 500 (inteira) e R$ 250 (meia).<\/p>\n<p>A programa\u00e7\u00e3o completa est\u00e1 dispon\u00edvel em:\u00a0<a href=\"http:\/\/intercorte.com.br\/cuiaba2018\">http:\/\/intercorte.com.br\/cuiaba2018<\/a><\/p>\n","protected":false},"excerpt":{"rendered":"<p>O Sistema Famato \u00e9 parceiro na realiza\u00e7\u00e3o da etapa Cuiab\u00e1 da InterCorte 2018, de 12 a 13 de abril, no Cenarium Rural.<\/p>\n","protected":false},"author":7,"featured_media":97986201,"comment_status":"closed","ping_status":"closed","sticky":false,"template":"","format":"standard","meta":{"footnotes":""},"categories":[6,1],"tags":[],"class_list":["post-97987050","post","type-post","status-publish","format-standard","has-post-thumbnail","hentry","category-destaque","category-noticia"],"yoast_head":"<!-- This site is optimized with the Yoast SEO plugin v24.8.1 - https:\/\/yoast.com\/wordpress\/plugins\/seo\/ -->\n<title>Sistema Famato \u00e9 parceiro da InterCorte 2018 etapa Cuiab\u00e1 - Acrimat<\/title>\n<meta name=\"robots\" content=\"index, follow, max-snippet:-1, max-image-preview:large, max-video-preview:-1\" \/>\n<link rel=\"canonical\" href=\"https:\/\/acrimat.org.br\/portal\/sistema-famato-e-parceiro-da-intercorte-2018-etapa-cuiaba\/\" \/>\n<meta property=\"og:locale\" content=\"pt_BR\" \/>\n<meta property=\"og:type\" content=\"article\" \/>\n<meta property=\"og:title\" content=\"Sistema Famato \u00e9 parceiro da InterCorte 2018 etapa Cuiab\u00e1 - Acrimat\" \/>\n<meta property=\"og:description\" content=\"O Sistema Famato \u00e9 parceiro na realiza\u00e7\u00e3o da etapa Cuiab\u00e1 da InterCorte 2018, de 12 a 13 de abril, no Cenarium Rural.\" \/>\n<meta property=\"og:url\" content=\"https:\/\/acrimat.org.br\/portal\/sistema-famato-e-parceiro-da-intercorte-2018-etapa-cuiaba\/\" \/>\n<meta property=\"og:site_name\" content=\"Acrimat\" \/>\n<meta property=\"article:published_time\" content=\"2018-04-10T13:07:51+00:00\" \/>\n<meta property=\"og:image\" content=\"https:\/\/acrimat.org.br\/portal\/wp-content\/uploads\/2018\/03\/elf2421-e1519929424313.jpg\" \/>\n\t<meta property=\"og:image:width\" content=\"2016\" \/>\n\t<meta property=\"og:image:height\" content=\"1346\" \/>\n\t<meta property=\"og:image:type\" content=\"image\/jpeg\" \/>\n<meta name=\"author\" content=\"Assessoria de comunica\u00e7\u00e3o ACRIMAT\" \/>\n<meta name=\"twitter:card\" content=\"summary_large_image\" \/>\n<meta name=\"twitter:label1\" content=\"Escrito por\" \/>\n\t<meta name=\"twitter:data1\" content=\"Assessoria de comunica\u00e7\u00e3o ACRIMAT\" \/>\n\t<meta name=\"twitter:label2\" content=\"Est. tempo de leitura\" \/>\n\t<meta name=\"twitter:data2\" content=\"3 minutos\" \/>\n<script type=\"application\/ld+json\" class=\"yoast-schema-graph\">{\"@context\":\"https:\/\/schema.org\",\"@graph\":[{\"@type\":\"Article\",\"@id\":\"https:\/\/acrimat.org.br\/portal\/sistema-famato-e-parceiro-da-intercorte-2018-etapa-cuiaba\/#article\",\"isPartOf\":{\"@id\":\"https:\/\/acrimat.org.br\/portal\/sistema-famato-e-parceiro-da-intercorte-2018-etapa-cuiaba\/\"},\"author\":{\"name\":\"Assessoria de comunica\u00e7\u00e3o ACRIMAT\",\"@id\":\"https:\/\/acrimat.org.br\/portal\/#\/schema\/person\/a309b9496344ff991e8e1b1d751fdd7b\"},\"headline\":\"Sistema Famato \u00e9 parceiro da InterCorte 2018 etapa Cuiab\u00e1\",\"datePublished\":\"2018-04-10T13:07:51+00:00\",\"mainEntityOfPage\":{\"@id\":\"https:\/\/acrimat.org.br\/portal\/sistema-famato-e-parceiro-da-intercorte-2018-etapa-cuiaba\/\"},\"wordCount\":560,\"publisher\":{\"@id\":\"https:\/\/acrimat.org.br\/portal\/#organization\"},\"image\":{\"@id\":\"https:\/\/acrimat.org.br\/portal\/sistema-famato-e-parceiro-da-intercorte-2018-etapa-cuiaba\/#primaryimage\"},\"thumbnailUrl\":\"https:\/\/acrimat.org.br\/portal\/wp-content\/uploads\/2018\/03\/elf2421-e1519929424313.jpg\",\"articleSection\":[\"Destaques\",\"Not\u00edcias\"],\"inLanguage\":\"pt-BR\"},{\"@type\":\"WebPage\",\"@id\":\"https:\/\/acrimat.org.br\/portal\/sistema-famato-e-parceiro-da-intercorte-2018-etapa-cuiaba\/\",\"url\":\"https:\/\/acrimat.org.br\/portal\/sistema-famato-e-parceiro-da-intercorte-2018-etapa-cuiaba\/\",\"name\":\"Sistema Famato \u00e9 parceiro da InterCorte 2018 etapa Cuiab\u00e1 - Acrimat\",\"isPartOf\":{\"@id\":\"https:\/\/acrimat.org.br\/portal\/#website\"},\"primaryImageOfPage\":{\"@id\":\"https:\/\/acrimat.org.br\/portal\/sistema-famato-e-parceiro-da-intercorte-2018-etapa-cuiaba\/#primaryimage\"},\"image\":{\"@id\":\"https:\/\/acrimat.org.br\/portal\/sistema-famato-e-parceiro-da-intercorte-2018-etapa-cuiaba\/#primaryimage\"},\"thumbnailUrl\":\"https:\/\/acrimat.org.br\/portal\/wp-content\/uploads\/2018\/03\/elf2421-e1519929424313.jpg\",\"datePublished\":\"2018-04-10T13:07:51+00:00\",\"breadcrumb\":{\"@id\":\"https:\/\/acrimat.org.br\/portal\/sistema-famato-e-parceiro-da-intercorte-2018-etapa-cuiaba\/#breadcrumb\"},\"inLanguage\":\"pt-BR\",\"potentialAction\":[{\"@type\":\"ReadAction\",\"target\":[\"https:\/\/acrimat.org.br\/portal\/sistema-famato-e-parceiro-da-intercorte-2018-etapa-cuiaba\/\"]}]},{\"@type\":\"ImageObject\",\"inLanguage\":\"pt-BR\",\"@id\":\"https:\/\/acrimat.org.br\/portal\/sistema-famato-e-parceiro-da-intercorte-2018-etapa-cuiaba\/#primaryimage\",\"url\":\"https:\/\/acrimat.org.br\/portal\/wp-content\/uploads\/2018\/03\/elf2421-e1519929424313.jpg\",\"contentUrl\":\"https:\/\/acrimat.org.br\/portal\/wp-content\/uploads\/2018\/03\/elf2421-e1519929424313.jpg\",\"width\":2016,\"height\":1346},{\"@type\":\"BreadcrumbList\",\"@id\":\"https:\/\/acrimat.org.br\/portal\/sistema-famato-e-parceiro-da-intercorte-2018-etapa-cuiaba\/#breadcrumb\",\"itemListElement\":[{\"@type\":\"ListItem\",\"position\":1,\"name\":\"In\u00edcio\",\"item\":\"https:\/\/acrimat.org.br\/portal\/\"},{\"@type\":\"ListItem\",\"position\":2,\"name\":\"Sistema Famato \u00e9 parceiro da InterCorte 2018 etapa Cuiab\u00e1\"}]},{\"@type\":\"WebSite\",\"@id\":\"https:\/\/acrimat.org.br\/portal\/#website\",\"url\":\"https:\/\/acrimat.org.br\/portal\/\",\"name\":\"Acrimat\",\"description\":\"Associa\u00e7\u00e3o dos Criadores de Mato Grosso\",\"publisher\":{\"@id\":\"https:\/\/acrimat.org.br\/portal\/#organization\"},\"potentialAction\":[{\"@type\":\"SearchAction\",\"target\":{\"@type\":\"EntryPoint\",\"urlTemplate\":\"https:\/\/acrimat.org.br\/portal\/?s={search_term_string}\"},\"query-input\":{\"@type\":\"PropertyValueSpecification\",\"valueRequired\":true,\"valueName\":\"search_term_string\"}}],\"inLanguage\":\"pt-BR\"},{\"@type\":\"Organization\",\"@id\":\"https:\/\/acrimat.org.br\/portal\/#organization\",\"name\":\"Associa\u00e7\u00e3o dos Criadores de Mato Grosso\",\"url\":\"https:\/\/acrimat.org.br\/portal\/\",\"logo\":{\"@type\":\"ImageObject\",\"inLanguage\":\"pt-BR\",\"@id\":\"https:\/\/acrimat.org.br\/portal\/#\/schema\/logo\/image\/\",\"url\":\"https:\/\/acrimat.org.br\/portal\/wp-content\/uploads\/2018\/03\/logo-peq-original.png\",\"contentUrl\":\"https:\/\/acrimat.org.br\/portal\/wp-content\/uploads\/2018\/03\/logo-peq-original.png\",\"width\":174,\"height\":171,\"caption\":\"Associa\u00e7\u00e3o dos Criadores de Mato Grosso\"},\"image\":{\"@id\":\"https:\/\/acrimat.org.br\/portal\/#\/schema\/logo\/image\/\"}},{\"@type\":\"Person\",\"@id\":\"https:\/\/acrimat.org.br\/portal\/#\/schema\/person\/a309b9496344ff991e8e1b1d751fdd7b\",\"name\":\"Assessoria de comunica\u00e7\u00e3o ACRIMAT\",\"image\":{\"@type\":\"ImageObject\",\"inLanguage\":\"pt-BR\",\"@id\":\"https:\/\/acrimat.org.br\/portal\/#\/schema\/person\/image\/\",\"url\":\"https:\/\/secure.gravatar.com\/avatar\/2f9c28e64c317bcd762b25cb1575f1b4?s=96&d=mm&r=g\",\"contentUrl\":\"https:\/\/secure.gravatar.com\/avatar\/2f9c28e64c317bcd762b25cb1575f1b4?s=96&d=mm&r=g\",\"caption\":\"Assessoria de comunica\u00e7\u00e3o ACRIMAT\"},\"sameAs\":[\"http:\/\/acrimat.org.br\/\"],\"url\":\"https:\/\/acrimat.org.br\/portal\/author\/ascom\/\"}]}<\/script>\n<!-- \/ Yoast SEO plugin. -->","yoast_head_json":{"title":"Sistema Famato \u00e9 parceiro da InterCorte 2018 etapa Cuiab\u00e1 - Acrimat","robots":{"index":"index","follow":"follow","max-snippet":"max-snippet:-1","max-image-preview":"max-image-preview:large","max-video-preview":"max-video-preview:-1"},"canonical":"https:\/\/acrimat.org.br\/portal\/sistema-famato-e-parceiro-da-intercorte-2018-etapa-cuiaba\/","og_locale":"pt_BR","og_type":"article","og_title":"Sistema Famato \u00e9 parceiro da InterCorte 2018 etapa Cuiab\u00e1 - Acrimat","og_description":"O Sistema Famato \u00e9 parceiro na realiza\u00e7\u00e3o da etapa Cuiab\u00e1 da InterCorte 2018, de 12 a 13 de abril, no Cenarium Rural.","og_url":"https:\/\/acrimat.org.br\/portal\/sistema-famato-e-parceiro-da-intercorte-2018-etapa-cuiaba\/","og_site_name":"Acrimat","article_published_time":"2018-04-10T13:07:51+00:00","og_image":[{"width":2016,"height":1346,"url":"https:\/\/acrimat.org.br\/portal\/wp-content\/uploads\/2018\/03\/elf2421-e1519929424313.jpg","type":"image\/jpeg"}],"author":"Assessoria de comunica\u00e7\u00e3o ACRIMAT","twitter_card":"summary_large_image","twitter_misc":{"Escrito por":"Assessoria de comunica\u00e7\u00e3o ACRIMAT","Est. tempo de leitura":"3 minutos"},"schema":{"@context":"https:\/\/schema.org","@graph":[{"@type":"Article","@id":"https:\/\/acrimat.org.br\/portal\/sistema-famato-e-parceiro-da-intercorte-2018-etapa-cuiaba\/#article","isPartOf":{"@id":"https:\/\/acrimat.org.br\/portal\/sistema-famato-e-parceiro-da-intercorte-2018-etapa-cuiaba\/"},"author":{"name":"Assessoria de comunica\u00e7\u00e3o ACRIMAT","@id":"https:\/\/acrimat.org.br\/portal\/#\/schema\/person\/a309b9496344ff991e8e1b1d751fdd7b"},"headline":"Sistema Famato \u00e9 parceiro da InterCorte 2018 etapa Cuiab\u00e1","datePublished":"2018-04-10T13:07:51+00:00","mainEntityOfPage":{"@id":"https:\/\/acrimat.org.br\/portal\/sistema-famato-e-parceiro-da-intercorte-2018-etapa-cuiaba\/"},"wordCount":560,"publisher":{"@id":"https:\/\/acrimat.org.br\/portal\/#organization"},"image":{"@id":"https:\/\/acrimat.org.br\/portal\/sistema-famato-e-parceiro-da-intercorte-2018-etapa-cuiaba\/#primaryimage"},"thumbnailUrl":"https:\/\/acrimat.org.br\/portal\/wp-content\/uploads\/2018\/03\/elf2421-e1519929424313.jpg","articleSection":["Destaques","Not\u00edcias"],"inLanguage":"pt-BR"},{"@type":"WebPage","@id":"https:\/\/acrimat.org.br\/portal\/sistema-famato-e-parceiro-da-intercorte-2018-etapa-cuiaba\/","url":"https:\/\/acrimat.org.br\/portal\/sistema-famato-e-parceiro-da-intercorte-2018-etapa-cuiaba\/","name":"Sistema Famato \u00e9 parceiro da InterCorte 2018 etapa Cuiab\u00e1 - Acrimat","isPartOf":{"@id":"https:\/\/acrimat.org.br\/portal\/#website"},"primaryImageOfPage":{"@id":"https:\/\/acrimat.org.br\/portal\/sistema-famato-e-parceiro-da-intercorte-2018-etapa-cuiaba\/#primaryimage"},"image":{"@id":"https:\/\/acrimat.org.br\/portal\/sistema-famato-e-parceiro-da-intercorte-2018-etapa-cuiaba\/#primaryimage"},"thumbnailUrl":"https:\/\/acrimat.org.br\/portal\/wp-content\/uploads\/2018\/03\/elf2421-e1519929424313.jpg","datePublished":"2018-04-10T13:07:51+00:00","breadcrumb":{"@id":"https:\/\/acrimat.org.br\/portal\/sistema-famato-e-parceiro-da-intercorte-2018-etapa-cuiaba\/#breadcrumb"},"inLanguage":"pt-BR","potentialAction":[{"@type":"ReadAction","target":["https:\/\/acrimat.org.br\/portal\/sistema-famato-e-parceiro-da-intercorte-2018-etapa-cuiaba\/"]}]},{"@type":"ImageObject","inLanguage":"pt-BR","@id":"https:\/\/acrimat.org.br\/portal\/sistema-famato-e-parceiro-da-intercorte-2018-etapa-cuiaba\/#primaryimage","url":"https:\/\/acrimat.org.br\/portal\/wp-content\/uploads\/2018\/03\/elf2421-e1519929424313.jpg","contentUrl":"https:\/\/acrimat.org.br\/portal\/wp-content\/uploads\/2018\/03\/elf2421-e1519929424313.jpg","width":2016,"height":1346},{"@type":"BreadcrumbList","@id":"https:\/\/acrimat.org.br\/portal\/sistema-famato-e-parceiro-da-intercorte-2018-etapa-cuiaba\/#breadcrumb","itemListElement":[{"@type":"ListItem","position":1,"name":"In\u00edcio","item":"https:\/\/acrimat.org.br\/portal\/"},{"@type":"ListItem","position":2,"name":"Sistema Famato \u00e9 parceiro da InterCorte 2018 etapa Cuiab\u00e1"}]},{"@type":"WebSite","@id":"https:\/\/acrimat.org.br\/portal\/#website","url":"https:\/\/acrimat.org.br\/portal\/","name":"Acrimat","description":"Associa\u00e7\u00e3o dos Criadores de Mato Grosso","publisher":{"@id":"https:\/\/acrimat.org.br\/portal\/#organization"},"potentialAction":[{"@type":"SearchAction","target":{"@type":"EntryPoint","urlTemplate":"https:\/\/acrimat.org.br\/portal\/?s={search_term_string}"},"query-input":{"@type":"PropertyValueSpecification","valueRequired":true,"valueName":"search_term_string"}}],"inLanguage":"pt-BR"},{"@type":"Organization","@id":"https:\/\/acrimat.org.br\/portal\/#organization","name":"Associa\u00e7\u00e3o dos Criadores de Mato Grosso","url":"https:\/\/acrimat.org.br\/portal\/","logo":{"@type":"ImageObject","inLanguage":"pt-BR","@id":"https:\/\/acrimat.org.br\/portal\/#\/schema\/logo\/image\/","url":"https:\/\/acrimat.org.br\/portal\/wp-content\/uploads\/2018\/03\/logo-peq-original.png","contentUrl":"https:\/\/acrimat.org.br\/portal\/wp-content\/uploads\/2018\/03\/logo-peq-original.png","width":174,"height":171,"caption":"Associa\u00e7\u00e3o dos Criadores de Mato Grosso"},"image":{"@id":"https:\/\/acrimat.org.br\/portal\/#\/schema\/logo\/image\/"}},{"@type":"Person","@id":"https:\/\/acrimat.org.br\/portal\/#\/schema\/person\/a309b9496344ff991e8e1b1d751fdd7b","name":"Assessoria de comunica\u00e7\u00e3o ACRIMAT","image":{"@type":"ImageObject","inLanguage":"pt-BR","@id":"https:\/\/acrimat.org.br\/portal\/#\/schema\/person\/image\/","url":"https:\/\/secure.gravatar.com\/avatar\/2f9c28e64c317bcd762b25cb1575f1b4?s=96&d=mm&r=g","contentUrl":"https:\/\/secure.gravatar.com\/avatar\/2f9c28e64c317bcd762b25cb1575f1b4?s=96&d=mm&r=g","caption":"Assessoria de comunica\u00e7\u00e3o ACRIMAT"},"sameAs":["http:\/\/acrimat.org.br\/"],"url":"https:\/\/acrimat.org.br\/portal\/author\/ascom\/"}]}},"_links":{"self":[{"href":"https:\/\/acrimat.org.br\/portal\/wp-json\/wp\/v2\/posts\/97987050","targetHints":{"allow":["GET"]}}],"collection":[{"href":"https:\/\/acrimat.org.br\/portal\/wp-json\/wp\/v2\/posts"}],"about":[{"href":"https:\/\/acrimat.org.br\/portal\/wp-json\/wp\/v2\/types\/post"}],"author":[{"embeddable":true,"href":"https:\/\/acrimat.org.br\/portal\/wp-json\/wp\/v2\/users\/7"}],"replies":[{"embeddable":true,"href":"https:\/\/acrimat.org.br\/portal\/wp-json\/wp\/v2\/comments?post=97987050"}],"version-history":[{"count":1,"href":"https:\/\/acrimat.org.br\/portal\/wp-json\/wp\/v2\/posts\/97987050\/revisions"}],"predecessor-version":[{"id":97987051,"href":"https:\/\/acrimat.org.br\/portal\/wp-json\/wp\/v2\/posts\/97987050\/revisions\/97987051"}],"wp:featuredmedia":[{"embeddable":true,"href":"https:\/\/acrimat.org.br\/portal\/wp-json\/wp\/v2\/media\/97986201"}],"wp:attachment":[{"href":"https:\/\/acrimat.org.br\/portal\/wp-json\/wp\/v2\/media?parent=97987050"}],"wp:term":[{"taxonomy":"category","embeddable":true,"href":"https:\/\/acrimat.org.br\/portal\/wp-json\/wp\/v2\/categories?post=97987050"},{"taxonomy":"post_tag","embeddable":true,"href":"https:\/\/acrimat.org.br\/portal\/wp-json\/wp\/v2\/tags?post=97987050"}],"curies":[{"name":"wp","href":"https:\/\/api.w.org\/{rel}","templated":true}]}}