{"id":97987052,"date":"2018-04-10T10:09:03","date_gmt":"2018-04-10T13:09:03","guid":{"rendered":"http:\/\/acrimat.org.br\/portal\/?p=97987052"},"modified":"2018-04-10T10:10:49","modified_gmt":"2018-04-10T13:10:49","slug":"vitrine-de-novos-negocios-11a-edicao-da-parecis-superagro-conta-com-novidades","status":"publish","type":"post","link":"https:\/\/acrimat.org.br\/portal\/vitrine-de-novos-negocios-11a-edicao-da-parecis-superagro-conta-com-novidades\/","title":{"rendered":"Vitrine de novos neg\u00f3cios, 11\u00aa edi\u00e7\u00e3o da &#8216;Parecis SuperAgro&#8217; conta com novidades"},"content":{"rendered":"<p>Campo Novo do Parecis recebe a 11\u00aa edi\u00e7\u00e3o da \u2018Parecis SuperAgro\u2019, que come\u00e7a nesta segunda-feira (9) e segue at\u00e9 a pr\u00f3xima quarta-feira (12). O evento \u00e9 uma feira que serve como grande vitrine para demonstra\u00e7\u00e3o de produtos e servi\u00e7os, difus\u00e3o de tecnologias, informa\u00e7\u00f5es e realiza\u00e7\u00f5es de neg\u00f3cios.<\/p>\n<p>A feira \u00e9 uma realiza\u00e7\u00e3o do Sindicato Rural de Campo Novo do Parecis e do Servi\u00e7o Nacional de Aprendizagem Rural (Senar-MT), e conta com o apoio da Prefeitura Municipal de Campo Novo, do Sistema Famato, da C\u00e2mara Municipal de Campo Novo, Lindolfo Reinheimer \u2013 Fertilizantes Heringer, Associa\u00e7\u00e3o dos Criadores de Mato Grosso (Acrimat), Embrapa, Sindicatos do Chapad\u00e3o do Parecis e Est\u00e2ncia Bahia.<\/p>\n<p>Entre as novidades desta edi\u00e7\u00e3o, a Parecis SuperAgro realiza o sorteio de uma moto zero quil\u00f4metro para quem participar da feira. Para concorrer basta fazer o credenciamento online e realizar o check-in na entrada do Parque de Exposi\u00e7\u00e3o Odenir Ortolan, sede da 11\u00aa Parecis SuperAgro.<\/p>\n<p>De acordo com a organiza\u00e7\u00e3o da feira, o credenciamento online poder\u00e1 ser feito antecipadamente ou durante a realiza\u00e7\u00e3o da Parecis SuperAgro por meio do link\u00a0<a href=\"http:\/\/parecis2018.tmeventos.com.br\/login.php\">http:\/\/parecis2018.tmeventos.com.br\/login.php<\/a><\/p>\n<p>&#8220;Vale ressaltar que s\u00f3 ir\u00e3o concorrer ao sorteio da moto as pessoas que estiverem com o cupom em m\u00e3os, que ser\u00e1 adquirido na entrada do Parque de Exposi\u00e7\u00e3o logo ap\u00f3s o credenciamento online&#8221;, refor\u00e7a a presidente do Sindicato Rural de Campo Novo do Parecis, Giovana Velke. Para participar da feira o credenciamento n\u00e3o \u00e9 obrigat\u00f3rio.<\/p>\n<p>A ParecisSuperAgro conta ainda com os patrocinadores Aprosoja, Ast\u00e9r, Baldan, Parecis M\u00e1quinas Agr\u00edcolas, Sicoob Uni\u00e3o, Syngenta e Kiko Tecnologia Agr\u00edcola.<br \/>\nConfira a programa\u00e7\u00e3o completa:<\/p>\n<p><strong>Dia 09\/04<\/strong><\/p>\n<p>8h \u2013 Dia de Campo | Tecnologias de produ\u00e7\u00e3o agropecu\u00e1ria sustent\u00e1veis \u2013 EMBRAPA \u2013 Fazenda S\u00e3o Paulo \u2013 Brasnorte-MT (propriedade da Fam\u00edlia Herklotz)<\/p>\n<p>16h \u00e0s 19h \u2013 Visita\u00e7\u00e3o \u00e0 feira<\/p>\n<p>16h30 \u00e0s 17h30 \u2013 Palestra &#8220;Do pasto ao prato \u2013 agrega\u00e7\u00e3o de valor na pecu\u00e1ria de corte&#8221; \u2013 Palestrante: Luciano Vacari \u2013 Diretor executivo da Acrimat<\/p>\n<p>18h \u2013 Leil\u00e3o Parecis SuperAgro<\/p>\n<p><strong>Dia 10\/04<\/strong><\/p>\n<p>8h \u00e0s 19h \u2013 Visita\u00e7\u00e3o \u00e0 feira<\/p>\n<p>9h \u2013 Solenidade de abertura<\/p>\n<p>10h30 \u00e0s 12h \u2013 Painel &#8220;Problemas de conectividade na regi\u00e3o do Parecis&#8221; Apresenta\u00e7\u00e3o do estudo realizado sobre conectividade<\/p>\n<p>13h45 \u00e0s 15h30 \u2013 Painel &#8220;Solu\u00e7\u00f5es para a falta de internet na regi\u00e3o do Parecis&#8221;<\/p>\n<p>15h45 \u00e0s 17h30 \u2013 F\u00f3rum de desenvolvimento econ\u00f4mico da regi\u00e3o do Parecis<\/p>\n<p>16h30 \u00e0s 17h30 \u2013 Din\u00e2mica de M\u00e1quinas<br \/>\n<strong>Dia 11\/04<\/strong><\/p>\n<p>8h \u00e0s 19h \u2013 Visita\u00e7\u00e3o \u00e0 feira<\/p>\n<p>8h \u00e0s 10h30 \u2013 Conex\u00e3o AgriHub<\/p>\n<p>9h45 \u00e0s 10h45 \u2013 Palestra &#8220;A M\u00e1gica dos resultados&#8221; \u2013 Palestrante: Eduardo Peres<\/p>\n<p>11h \u00e0s 12h \u2013 Palestra &#8220;Sucess\u00e3o e governan\u00e7a&#8221; Palestrante: Fabiana Alves \u2013 Diretora do Rural Banking do Rabobank<\/p>\n<p>14h \u00e0s 15h \u2013 Palestra &#8220;Intensifica\u00e7\u00e3o da pecu\u00e1ria de corte&#8221; \u2013 Palestrante: Marco Antonio Balsalobre \u2013 Consultor<\/p>\n<p>14h \u00e0s 15h30 \u2013 Painel &#8220;Tenha uma ideia: como come\u00e7ar a empreender no Agro&#8221; \u2013 Participa\u00e7\u00e3o das startups que fazem parte do Conex\u00e3o Agrihub<\/p>\n<p>16h30 \u00e0s 17h30 \u2013 Din\u00e2mica de M\u00e1quinas<\/p>\n<p><strong>Dia 12\/04<\/strong><\/p>\n<p>8h \u00e0s 19h \u2013 Visita\u00e7\u00e3o \u00e0 feira<\/p>\n<p>9h \u00e0s 13h \u2013 F\u00f3rum Mais Milho<\/p>\n<p>15h \u00e0s 16h \u2013 Palestra de encerramento &#8220;A 4\u00aa revolu\u00e7\u00e3o industrial e a transforma\u00e7\u00e3o digital&#8221; Palestrante: Gil Giardelli<\/p>\n<p><strong>PROGRAMA\u00c7\u00c3O F\u00d3RUM MAIS MILHO<br \/>\n<\/strong><br \/>\n<strong>Dia 12\/04<\/strong><\/p>\n<p>9h \u2013 Painel de abertura \u2013 O Atual Cen\u00e1rio Econ\u00f4mico e Pol\u00edtico do Pa\u00eds Com Mauro Zanatta, jornalista e comentarista do Canal Rural<\/p>\n<p>10h \u2013 Painel 2 \u2013 Etanol de Milho: Cen\u00e1rio Pol\u00edtico e Demanda \u2013 Com Ricardo Tomczyk, presidente-executivo da Uni\u00e3o Nacional do Etanol de Milho \u2013 UNEM<\/p>\n<p>11h \u2013 Painel 3 \u2013 Etanol de Milho: Uma Oportunidade Regional \u2013 Com Glauber Silveira, vice-presidente Associa\u00e7\u00e3o Brasileira dos Produtores de Milho \u2013 Abramilho<\/p>\n","protected":false},"excerpt":{"rendered":"<p>O evento \u00e9 uma feira que serve como grande vitrine para demonstra\u00e7\u00e3o de produtos e servi\u00e7os, difus\u00e3o de tecnologias, informa\u00e7\u00f5es e realiza\u00e7\u00f5es de neg\u00f3cios.<\/p>\n","protected":false},"author":7,"featured_media":97987022,"comment_status":"closed","ping_status":"closed","sticky":false,"template":"","format":"standard","meta":{"footnotes":""},"categories":[6,1],"tags":[],"class_list":["post-97987052","post","type-post","status-publish","format-standard","has-post-thumbnail","hentry","category-destaque","category-noticia"],"yoast_head":"<!-- This site is optimized with the Yoast SEO plugin v24.8.1 - https:\/\/yoast.com\/wordpress\/plugins\/seo\/ -->\n<title>Vitrine de novos neg\u00f3cios, 11\u00aa edi\u00e7\u00e3o da &#039;Parecis SuperAgro&#039; conta com novidades - Acrimat<\/title>\n<meta name=\"robots\" content=\"index, follow, max-snippet:-1, max-image-preview:large, max-video-preview:-1\" \/>\n<link rel=\"canonical\" href=\"https:\/\/acrimat.org.br\/portal\/vitrine-de-novos-negocios-11a-edicao-da-parecis-superagro-conta-com-novidades\/\" \/>\n<meta property=\"og:locale\" content=\"pt_BR\" \/>\n<meta property=\"og:type\" content=\"article\" \/>\n<meta property=\"og:title\" content=\"Vitrine de novos neg\u00f3cios, 11\u00aa edi\u00e7\u00e3o da &#039;Parecis SuperAgro&#039; conta com novidades - Acrimat\" \/>\n<meta property=\"og:description\" content=\"O evento \u00e9 uma feira que serve como grande vitrine para demonstra\u00e7\u00e3o de produtos e servi\u00e7os, difus\u00e3o de tecnologias, informa\u00e7\u00f5es e realiza\u00e7\u00f5es de neg\u00f3cios.\" \/>\n<meta property=\"og:url\" content=\"https:\/\/acrimat.org.br\/portal\/vitrine-de-novos-negocios-11a-edicao-da-parecis-superagro-conta-com-novidades\/\" \/>\n<meta property=\"og:site_name\" content=\"Acrimat\" \/>\n<meta property=\"article:published_time\" content=\"2018-04-10T13:09:03+00:00\" \/>\n<meta property=\"article:modified_time\" content=\"2018-04-10T13:10:49+00:00\" \/>\n<meta property=\"og:image\" content=\"https:\/\/acrimat.org.br\/portal\/wp-content\/uploads\/2018\/04\/feira-parecis-super-agro.png\" \/>\n\t<meta property=\"og:image:width\" content=\"800\" \/>\n\t<meta property=\"og:image:height\" content=\"800\" \/>\n\t<meta property=\"og:image:type\" content=\"image\/png\" \/>\n<meta name=\"author\" content=\"Assessoria de comunica\u00e7\u00e3o ACRIMAT\" \/>\n<meta name=\"twitter:card\" content=\"summary_large_image\" \/>\n<meta name=\"twitter:label1\" content=\"Escrito por\" \/>\n\t<meta name=\"twitter:data1\" content=\"Assessoria de comunica\u00e7\u00e3o ACRIMAT\" \/>\n\t<meta name=\"twitter:label2\" content=\"Est. tempo de leitura\" \/>\n\t<meta name=\"twitter:data2\" content=\"3 minutos\" \/>\n<script type=\"application\/ld+json\" class=\"yoast-schema-graph\">{\"@context\":\"https:\/\/schema.org\",\"@graph\":[{\"@type\":\"Article\",\"@id\":\"https:\/\/acrimat.org.br\/portal\/vitrine-de-novos-negocios-11a-edicao-da-parecis-superagro-conta-com-novidades\/#article\",\"isPartOf\":{\"@id\":\"https:\/\/acrimat.org.br\/portal\/vitrine-de-novos-negocios-11a-edicao-da-parecis-superagro-conta-com-novidades\/\"},\"author\":{\"name\":\"Assessoria de comunica\u00e7\u00e3o ACRIMAT\",\"@id\":\"https:\/\/acrimat.org.br\/portal\/#\/schema\/person\/a309b9496344ff991e8e1b1d751fdd7b\"},\"headline\":\"Vitrine de novos neg\u00f3cios, 11\u00aa edi\u00e7\u00e3o da &#8216;Parecis SuperAgro&#8217; conta com novidades\",\"datePublished\":\"2018-04-10T13:09:03+00:00\",\"dateModified\":\"2018-04-10T13:10:49+00:00\",\"mainEntityOfPage\":{\"@id\":\"https:\/\/acrimat.org.br\/portal\/vitrine-de-novos-negocios-11a-edicao-da-parecis-superagro-conta-com-novidades\/\"},\"wordCount\":630,\"publisher\":{\"@id\":\"https:\/\/acrimat.org.br\/portal\/#organization\"},\"image\":{\"@id\":\"https:\/\/acrimat.org.br\/portal\/vitrine-de-novos-negocios-11a-edicao-da-parecis-superagro-conta-com-novidades\/#primaryimage\"},\"thumbnailUrl\":\"https:\/\/acrimat.org.br\/portal\/wp-content\/uploads\/2018\/04\/feira-parecis-super-agro.png\",\"articleSection\":[\"Destaques\",\"Not\u00edcias\"],\"inLanguage\":\"pt-BR\"},{\"@type\":\"WebPage\",\"@id\":\"https:\/\/acrimat.org.br\/portal\/vitrine-de-novos-negocios-11a-edicao-da-parecis-superagro-conta-com-novidades\/\",\"url\":\"https:\/\/acrimat.org.br\/portal\/vitrine-de-novos-negocios-11a-edicao-da-parecis-superagro-conta-com-novidades\/\",\"name\":\"Vitrine de novos neg\u00f3cios, 11\u00aa edi\u00e7\u00e3o da 'Parecis SuperAgro' conta com novidades - Acrimat\",\"isPartOf\":{\"@id\":\"https:\/\/acrimat.org.br\/portal\/#website\"},\"primaryImageOfPage\":{\"@id\":\"https:\/\/acrimat.org.br\/portal\/vitrine-de-novos-negocios-11a-edicao-da-parecis-superagro-conta-com-novidades\/#primaryimage\"},\"image\":{\"@id\":\"https:\/\/acrimat.org.br\/portal\/vitrine-de-novos-negocios-11a-edicao-da-parecis-superagro-conta-com-novidades\/#primaryimage\"},\"thumbnailUrl\":\"https:\/\/acrimat.org.br\/portal\/wp-content\/uploads\/2018\/04\/feira-parecis-super-agro.png\",\"datePublished\":\"2018-04-10T13:09:03+00:00\",\"dateModified\":\"2018-04-10T13:10:49+00:00\",\"breadcrumb\":{\"@id\":\"https:\/\/acrimat.org.br\/portal\/vitrine-de-novos-negocios-11a-edicao-da-parecis-superagro-conta-com-novidades\/#breadcrumb\"},\"inLanguage\":\"pt-BR\",\"potentialAction\":[{\"@type\":\"ReadAction\",\"target\":[\"https:\/\/acrimat.org.br\/portal\/vitrine-de-novos-negocios-11a-edicao-da-parecis-superagro-conta-com-novidades\/\"]}]},{\"@type\":\"ImageObject\",\"inLanguage\":\"pt-BR\",\"@id\":\"https:\/\/acrimat.org.br\/portal\/vitrine-de-novos-negocios-11a-edicao-da-parecis-superagro-conta-com-novidades\/#primaryimage\",\"url\":\"https:\/\/acrimat.org.br\/portal\/wp-content\/uploads\/2018\/04\/feira-parecis-super-agro.png\",\"contentUrl\":\"https:\/\/acrimat.org.br\/portal\/wp-content\/uploads\/2018\/04\/feira-parecis-super-agro.png\",\"width\":800,\"height\":800},{\"@type\":\"BreadcrumbList\",\"@id\":\"https:\/\/acrimat.org.br\/portal\/vitrine-de-novos-negocios-11a-edicao-da-parecis-superagro-conta-com-novidades\/#breadcrumb\",\"itemListElement\":[{\"@type\":\"ListItem\",\"position\":1,\"name\":\"In\u00edcio\",\"item\":\"https:\/\/acrimat.org.br\/portal\/\"},{\"@type\":\"ListItem\",\"position\":2,\"name\":\"Vitrine de novos neg\u00f3cios, 11\u00aa edi\u00e7\u00e3o da &#8216;Parecis SuperAgro&#8217; conta com novidades\"}]},{\"@type\":\"WebSite\",\"@id\":\"https:\/\/acrimat.org.br\/portal\/#website\",\"url\":\"https:\/\/acrimat.org.br\/portal\/\",\"name\":\"Acrimat\",\"description\":\"Associa\u00e7\u00e3o dos Criadores de Mato Grosso\",\"publisher\":{\"@id\":\"https:\/\/acrimat.org.br\/portal\/#organization\"},\"potentialAction\":[{\"@type\":\"SearchAction\",\"target\":{\"@type\":\"EntryPoint\",\"urlTemplate\":\"https:\/\/acrimat.org.br\/portal\/?s={search_term_string}\"},\"query-input\":{\"@type\":\"PropertyValueSpecification\",\"valueRequired\":true,\"valueName\":\"search_term_string\"}}],\"inLanguage\":\"pt-BR\"},{\"@type\":\"Organization\",\"@id\":\"https:\/\/acrimat.org.br\/portal\/#organization\",\"name\":\"Associa\u00e7\u00e3o dos Criadores de Mato Grosso\",\"url\":\"https:\/\/acrimat.org.br\/portal\/\",\"logo\":{\"@type\":\"ImageObject\",\"inLanguage\":\"pt-BR\",\"@id\":\"https:\/\/acrimat.org.br\/portal\/#\/schema\/logo\/image\/\",\"url\":\"https:\/\/acrimat.org.br\/portal\/wp-content\/uploads\/2018\/03\/logo-peq-original.png\",\"contentUrl\":\"https:\/\/acrimat.org.br\/portal\/wp-content\/uploads\/2018\/03\/logo-peq-original.png\",\"width\":174,\"height\":171,\"caption\":\"Associa\u00e7\u00e3o dos Criadores de Mato Grosso\"},\"image\":{\"@id\":\"https:\/\/acrimat.org.br\/portal\/#\/schema\/logo\/image\/\"}},{\"@type\":\"Person\",\"@id\":\"https:\/\/acrimat.org.br\/portal\/#\/schema\/person\/a309b9496344ff991e8e1b1d751fdd7b\",\"name\":\"Assessoria de comunica\u00e7\u00e3o ACRIMAT\",\"image\":{\"@type\":\"ImageObject\",\"inLanguage\":\"pt-BR\",\"@id\":\"https:\/\/acrimat.org.br\/portal\/#\/schema\/person\/image\/\",\"url\":\"https:\/\/secure.gravatar.com\/avatar\/2f9c28e64c317bcd762b25cb1575f1b4?s=96&d=mm&r=g\",\"contentUrl\":\"https:\/\/secure.gravatar.com\/avatar\/2f9c28e64c317bcd762b25cb1575f1b4?s=96&d=mm&r=g\",\"caption\":\"Assessoria de comunica\u00e7\u00e3o ACRIMAT\"},\"sameAs\":[\"http:\/\/acrimat.org.br\/\"],\"url\":\"https:\/\/acrimat.org.br\/portal\/author\/ascom\/\"}]}<\/script>\n<!-- \/ Yoast SEO plugin. -->","yoast_head_json":{"title":"Vitrine de novos neg\u00f3cios, 11\u00aa edi\u00e7\u00e3o da 'Parecis SuperAgro' conta com novidades - Acrimat","robots":{"index":"index","follow":"follow","max-snippet":"max-snippet:-1","max-image-preview":"max-image-preview:large","max-video-preview":"max-video-preview:-1"},"canonical":"https:\/\/acrimat.org.br\/portal\/vitrine-de-novos-negocios-11a-edicao-da-parecis-superagro-conta-com-novidades\/","og_locale":"pt_BR","og_type":"article","og_title":"Vitrine de novos neg\u00f3cios, 11\u00aa edi\u00e7\u00e3o da 'Parecis SuperAgro' conta com novidades - Acrimat","og_description":"O evento \u00e9 uma feira que serve como grande vitrine para demonstra\u00e7\u00e3o de produtos e servi\u00e7os, difus\u00e3o de tecnologias, informa\u00e7\u00f5es e realiza\u00e7\u00f5es de neg\u00f3cios.","og_url":"https:\/\/acrimat.org.br\/portal\/vitrine-de-novos-negocios-11a-edicao-da-parecis-superagro-conta-com-novidades\/","og_site_name":"Acrimat","article_published_time":"2018-04-10T13:09:03+00:00","article_modified_time":"2018-04-10T13:10:49+00:00","og_image":[{"width":800,"height":800,"url":"https:\/\/acrimat.org.br\/portal\/wp-content\/uploads\/2018\/04\/feira-parecis-super-agro.png","type":"image\/png"}],"author":"Assessoria de comunica\u00e7\u00e3o ACRIMAT","twitter_card":"summary_large_image","twitter_misc":{"Escrito por":"Assessoria de comunica\u00e7\u00e3o ACRIMAT","Est. tempo de leitura":"3 minutos"},"schema":{"@context":"https:\/\/schema.org","@graph":[{"@type":"Article","@id":"https:\/\/acrimat.org.br\/portal\/vitrine-de-novos-negocios-11a-edicao-da-parecis-superagro-conta-com-novidades\/#article","isPartOf":{"@id":"https:\/\/acrimat.org.br\/portal\/vitrine-de-novos-negocios-11a-edicao-da-parecis-superagro-conta-com-novidades\/"},"author":{"name":"Assessoria de comunica\u00e7\u00e3o ACRIMAT","@id":"https:\/\/acrimat.org.br\/portal\/#\/schema\/person\/a309b9496344ff991e8e1b1d751fdd7b"},"headline":"Vitrine de novos neg\u00f3cios, 11\u00aa edi\u00e7\u00e3o da &#8216;Parecis SuperAgro&#8217; conta com novidades","datePublished":"2018-04-10T13:09:03+00:00","dateModified":"2018-04-10T13:10:49+00:00","mainEntityOfPage":{"@id":"https:\/\/acrimat.org.br\/portal\/vitrine-de-novos-negocios-11a-edicao-da-parecis-superagro-conta-com-novidades\/"},"wordCount":630,"publisher":{"@id":"https:\/\/acrimat.org.br\/portal\/#organization"},"image":{"@id":"https:\/\/acrimat.org.br\/portal\/vitrine-de-novos-negocios-11a-edicao-da-parecis-superagro-conta-com-novidades\/#primaryimage"},"thumbnailUrl":"https:\/\/acrimat.org.br\/portal\/wp-content\/uploads\/2018\/04\/feira-parecis-super-agro.png","articleSection":["Destaques","Not\u00edcias"],"inLanguage":"pt-BR"},{"@type":"WebPage","@id":"https:\/\/acrimat.org.br\/portal\/vitrine-de-novos-negocios-11a-edicao-da-parecis-superagro-conta-com-novidades\/","url":"https:\/\/acrimat.org.br\/portal\/vitrine-de-novos-negocios-11a-edicao-da-parecis-superagro-conta-com-novidades\/","name":"Vitrine de novos neg\u00f3cios, 11\u00aa edi\u00e7\u00e3o da 'Parecis SuperAgro' conta com novidades - Acrimat","isPartOf":{"@id":"https:\/\/acrimat.org.br\/portal\/#website"},"primaryImageOfPage":{"@id":"https:\/\/acrimat.org.br\/portal\/vitrine-de-novos-negocios-11a-edicao-da-parecis-superagro-conta-com-novidades\/#primaryimage"},"image":{"@id":"https:\/\/acrimat.org.br\/portal\/vitrine-de-novos-negocios-11a-edicao-da-parecis-superagro-conta-com-novidades\/#primaryimage"},"thumbnailUrl":"https:\/\/acrimat.org.br\/portal\/wp-content\/uploads\/2018\/04\/feira-parecis-super-agro.png","datePublished":"2018-04-10T13:09:03+00:00","dateModified":"2018-04-10T13:10:49+00:00","breadcrumb":{"@id":"https:\/\/acrimat.org.br\/portal\/vitrine-de-novos-negocios-11a-edicao-da-parecis-superagro-conta-com-novidades\/#breadcrumb"},"inLanguage":"pt-BR","potentialAction":[{"@type":"ReadAction","target":["https:\/\/acrimat.org.br\/portal\/vitrine-de-novos-negocios-11a-edicao-da-parecis-superagro-conta-com-novidades\/"]}]},{"@type":"ImageObject","inLanguage":"pt-BR","@id":"https:\/\/acrimat.org.br\/portal\/vitrine-de-novos-negocios-11a-edicao-da-parecis-superagro-conta-com-novidades\/#primaryimage","url":"https:\/\/acrimat.org.br\/portal\/wp-content\/uploads\/2018\/04\/feira-parecis-super-agro.png","contentUrl":"https:\/\/acrimat.org.br\/portal\/wp-content\/uploads\/2018\/04\/feira-parecis-super-agro.png","width":800,"height":800},{"@type":"BreadcrumbList","@id":"https:\/\/acrimat.org.br\/portal\/vitrine-de-novos-negocios-11a-edicao-da-parecis-superagro-conta-com-novidades\/#breadcrumb","itemListElement":[{"@type":"ListItem","position":1,"name":"In\u00edcio","item":"https:\/\/acrimat.org.br\/portal\/"},{"@type":"ListItem","position":2,"name":"Vitrine de novos neg\u00f3cios, 11\u00aa edi\u00e7\u00e3o da &#8216;Parecis SuperAgro&#8217; conta com novidades"}]},{"@type":"WebSite","@id":"https:\/\/acrimat.org.br\/portal\/#website","url":"https:\/\/acrimat.org.br\/portal\/","name":"Acrimat","description":"Associa\u00e7\u00e3o dos Criadores de Mato Grosso","publisher":{"@id":"https:\/\/acrimat.org.br\/portal\/#organization"},"potentialAction":[{"@type":"SearchAction","target":{"@type":"EntryPoint","urlTemplate":"https:\/\/acrimat.org.br\/portal\/?s={search_term_string}"},"query-input":{"@type":"PropertyValueSpecification","valueRequired":true,"valueName":"search_term_string"}}],"inLanguage":"pt-BR"},{"@type":"Organization","@id":"https:\/\/acrimat.org.br\/portal\/#organization","name":"Associa\u00e7\u00e3o dos Criadores de Mato Grosso","url":"https:\/\/acrimat.org.br\/portal\/","logo":{"@type":"ImageObject","inLanguage":"pt-BR","@id":"https:\/\/acrimat.org.br\/portal\/#\/schema\/logo\/image\/","url":"https:\/\/acrimat.org.br\/portal\/wp-content\/uploads\/2018\/03\/logo-peq-original.png","contentUrl":"https:\/\/acrimat.org.br\/portal\/wp-content\/uploads\/2018\/03\/logo-peq-original.png","width":174,"height":171,"caption":"Associa\u00e7\u00e3o dos Criadores de Mato Grosso"},"image":{"@id":"https:\/\/acrimat.org.br\/portal\/#\/schema\/logo\/image\/"}},{"@type":"Person","@id":"https:\/\/acrimat.org.br\/portal\/#\/schema\/person\/a309b9496344ff991e8e1b1d751fdd7b","name":"Assessoria de comunica\u00e7\u00e3o ACRIMAT","image":{"@type":"ImageObject","inLanguage":"pt-BR","@id":"https:\/\/acrimat.org.br\/portal\/#\/schema\/person\/image\/","url":"https:\/\/secure.gravatar.com\/avatar\/2f9c28e64c317bcd762b25cb1575f1b4?s=96&d=mm&r=g","contentUrl":"https:\/\/secure.gravatar.com\/avatar\/2f9c28e64c317bcd762b25cb1575f1b4?s=96&d=mm&r=g","caption":"Assessoria de comunica\u00e7\u00e3o ACRIMAT"},"sameAs":["http:\/\/acrimat.org.br\/"],"url":"https:\/\/acrimat.org.br\/portal\/author\/ascom\/"}]}},"_links":{"self":[{"href":"https:\/\/acrimat.org.br\/portal\/wp-json\/wp\/v2\/posts\/97987052","targetHints":{"allow":["GET"]}}],"collection":[{"href":"https:\/\/acrimat.org.br\/portal\/wp-json\/wp\/v2\/posts"}],"about":[{"href":"https:\/\/acrimat.org.br\/portal\/wp-json\/wp\/v2\/types\/post"}],"author":[{"embeddable":true,"href":"https:\/\/acrimat.org.br\/portal\/wp-json\/wp\/v2\/users\/7"}],"replies":[{"embeddable":true,"href":"https:\/\/acrimat.org.br\/portal\/wp-json\/wp\/v2\/comments?post=97987052"}],"version-history":[{"count":2,"href":"https:\/\/acrimat.org.br\/portal\/wp-json\/wp\/v2\/posts\/97987052\/revisions"}],"predecessor-version":[{"id":97987054,"href":"https:\/\/acrimat.org.br\/portal\/wp-json\/wp\/v2\/posts\/97987052\/revisions\/97987054"}],"wp:featuredmedia":[{"embeddable":true,"href":"https:\/\/acrimat.org.br\/portal\/wp-json\/wp\/v2\/media\/97987022"}],"wp:attachment":[{"href":"https:\/\/acrimat.org.br\/portal\/wp-json\/wp\/v2\/media?parent=97987052"}],"wp:term":[{"taxonomy":"category","embeddable":true,"href":"https:\/\/acrimat.org.br\/portal\/wp-json\/wp\/v2\/categories?post=97987052"},{"taxonomy":"post_tag","embeddable":true,"href":"https:\/\/acrimat.org.br\/portal\/wp-json\/wp\/v2\/tags?post=97987052"}],"curies":[{"name":"wp","href":"https:\/\/api.w.org\/{rel}","templated":true}]}}